{"id":52875,"date":"2026-08-28T23:35:19","date_gmt":"2026-08-29T05:35:19","guid":{"rendered":"https:\/\/redeportivamx.com\/?p=52875"},"modified":"2026-09-05T23:44:54","modified_gmt":"2026-09-06T05:44:54","slug":"formula-1-rafael-camara-completa-test-con-haas-en-portimao-y-aviva-los-rumores-para-2027","status":"publish","type":"post","link":"https:\/\/redeportivamx.com\/index.php\/2026\/08\/28\/formula-1-rafael-camara-completa-test-con-haas-en-portimao-y-aviva-los-rumores-para-2027\/","title":{"rendered":"Formula 1: Rafael C\u00e2mara completa test con Haas en Portimao y aviva los rumores para 2027"},"content":{"rendered":"\n<h2 class=\"wp-block-heading\">Rafael C\u00e2mara completa un test con Haas en Portimao en medio de los rumores sobre su salto a la Formula 1.<\/h2>\n\n\n\n<p class=\"wp-block-paragraph\"><strong>El vigente campe\u00f3n de la Formula 3, Rafael C\u00e2mara, complet\u00f3 una sesi\u00f3n de pruebas privadas con el equipo <a href=\"https:\/\/www.haasf1team.com\/\" target=\"_blank\" rel=\"noopener\">Haas<\/a> de <a href=\"https:\/\/redeportivamx.com\/index.php\/category\/formula-1\/\">Formula 1<\/a> en el aut\u00f3dromo de Portimao.<\/strong> El piloto de la academia de Ferrari y actual segundo clasificado en la antesala tom\u00f3 los mandos del monoplaza VF-25 durante una jornada de test TPC en Portugal, compartiendo la pista con el japon\u00e9s Ry\u014d Hirakawa y el italiano Leonardo Fornaroli en un ensayo que ha incrementado los rumores sobre su posible llegada a la parrilla titular en 2027.<\/p>\n\n\n\n<p class=\"wp-block-paragraph\">La prueba se produce en un contexto de incertidumbre para la alineaci\u00f3n del equipo estadounidense. Mientras que Oliver Bearman parece tener asegurada su continuidad tras un inicio prometedor en la nueva era reglamentaria, el futuro de Esteban Ocon luce en duda tras haber perdido terreno dentro de la estructura, lo que abrir\u00eda una puerta inmejorable para que el joven sudamericano aspire a un asiento oficial a corto plazo.<\/p>\n\n\n\n<p class=\"wp-block-paragraph\">La alianza t\u00e9cnica entre Ferrari y Haas ha servido hist\u00f3ricamente como una plataforma de ascenso para los talentos de Maranello, tal como ocurri\u00f3 en su momento con el propio Bearman. El director de la Scuderia Ferrari, Fred Vasseur, confirm\u00f3 recientemente el fuerte respaldo que la f\u00e1brica otorga al proyecto de C\u00e2mara, explicando que han invertido recursos considerables en jornadas de rodaje para garantizar que est\u00e9 plenamente preparado ante cualquier oportunidad en la m\u00e1xima categor\u00eda.<\/p>\n\n\n\n<p class=\"wp-block-paragraph\">El piloto brasile\u00f1o se encuentra a 22 puntos de Nikola Tsolov en la pelea por la corona de la Formula 2 antes de disputar la ronda de Monza este fin de semana. Con actuaciones s\u00f3lidas en la antesala y el respaldo de la estructura italiana, C\u00e2marase consolida como uno de los prospectos m\u00e1s prometedores para representar a Latinoam\u00e9rica en el gran circo en los pr\u00f3ximos a\u00f1os.<\/p>\n","protected":false},"excerpt":{"rendered":"<p>Rafael C\u00e2mara completa un test con Haas en Portimao en medio de los rumores sobre su salto a la Formula 1. El vigente campe\u00f3n de la Formula 3, Rafael C\u00e2mara, complet\u00f3 una sesi\u00f3n de pruebas privadas con el equipo Haas de Formula 1 en el aut\u00f3dromo de Portimao. El piloto de la academia de Ferrari [&hellip;]<\/p>\n","protected":false},"author":9,"featured_media":52878,"comment_status":"open","ping_status":"open","sticky":false,"template":"","format":"standard","meta":{"_monsterinsights_skip_tracking":false,"_jetpack_newsletter_access":"","_jetpack_dont_email_post_to_subs":false,"_jetpack_newsletter_tier_id":0,"_jetpack_memberships_contains_paywalled_content":false,"_jetpack_feature_clip_id":0,"_jetpack_memberships_contains_paid_content":false,"footnotes":"","jetpack_post_was_ever_published":false},"categories":[7],"tags":[67,982,45,3108,1566,2571,1917],"class_list":["post-52875","post","type-post","status-publish","format-standard","has-post-thumbnail","hentry","category-formula-1","tag-f1","tag-ferrari","tag-formula-1","tag-fred-vasseur","tag-haas","tag-motorsport","tag-rafael-camara"],"aioseo_notices":[],"aioseo_head":"\n\t\t<!-- All in One SEO 5.0.1.1 - aioseo.com -->\n\t<meta name=\"description\" content=\"Rafael C\u00e2mara completa un test con Haas en Portimao en medio de los rumores sobre su salto a la Formula 1. El vigente campe\u00f3n de la Formula 3, Rafael C\u00e2mara, complet\u00f3 una sesi\u00f3n de pruebas privadas con el equipo Haas de Formula 1 en el aut\u00f3dromo de Portimao. El piloto de la academia de Ferrari\" \/>\n\t<meta name=\"robots\" content=\"max-image-preview:large\" \/>\n\t<meta name=\"author\" content=\"Emilio Vel\u00e1zquez\"\/>\n\t<link rel=\"canonical\" href=\"https:\/\/redeportivamx.com\/index.php\/2026\/08\/28\/formula-1-rafael-camara-completa-test-con-haas-en-portimao-y-aviva-los-rumores-para-2027\/\" \/>\n\t<meta name=\"generator\" content=\"All in One SEO (AIOSEO) 5.0.1.1\" \/>\n\t\t<meta property=\"og:locale\" content=\"es_MX\" \/>\n\t\t<meta property=\"og:site_name\" content=\"Redeportiva MX - \u00a1Conectando tu pasi\u00f3n!\" \/>\n\t\t<meta property=\"og:type\" content=\"sport\" \/>\n\t\t<meta property=\"og:title\" content=\"Formula 1: Rafael C\u00e2mara completa test con Haas en Portimao y aviva los rumores para 2027 - Redeportiva MX\" \/>\n\t\t<meta property=\"og:description\" content=\"Rafael C\u00e2mara completa un test con Haas en Portimao en medio de los rumores sobre su salto a la Formula 1. El vigente campe\u00f3n de la Formula 3, Rafael C\u00e2mara, complet\u00f3 una sesi\u00f3n de pruebas privadas con el equipo Haas de Formula 1 en el aut\u00f3dromo de Portimao. El piloto de la academia de Ferrari\" \/>\n\t\t<meta property=\"og:url\" content=\"https:\/\/redeportivamx.com\/index.php\/2026\/08\/28\/formula-1-rafael-camara-completa-test-con-haas-en-portimao-y-aviva-los-rumores-para-2027\/\" \/>\n\t\t<meta property=\"og:image\" content=\"https:\/\/redeportivamx.com\/wp-content\/uploads\/2026\/09\/rafael-camara-invicta-racing.webp\" \/>\n\t\t<meta property=\"og:image:secure_url\" content=\"https:\/\/redeportivamx.com\/wp-content\/uploads\/2026\/09\/rafael-camara-invicta-racing.webp\" \/>\n\t\t<meta property=\"og:image:width\" content=\"1000\" \/>\n\t\t<meta property=\"og:image:height\" content=\"666\" \/>\n\t\t<meta name=\"twitter:card\" content=\"summary_large_image\" \/>\n\t\t<meta name=\"twitter:site\" content=\"@Redeportivamx\" \/>\n\t\t<meta name=\"twitter:title\" content=\"Formula 1: Rafael C\u00e2mara completa test con Haas en Portimao y aviva los rumores para 2027 - Redeportiva MX\" \/>\n\t\t<meta name=\"twitter:description\" content=\"Rafael C\u00e2mara completa un test con Haas en Portimao en medio de los rumores sobre su salto a la Formula 1. El vigente campe\u00f3n de la Formula 3, Rafael C\u00e2mara, complet\u00f3 una sesi\u00f3n de pruebas privadas con el equipo Haas de Formula 1 en el aut\u00f3dromo de Portimao. El piloto de la academia de Ferrari\" \/>\n\t\t<meta name=\"twitter:creator\" content=\"@Redeportivamx\" \/>\n\t\t<meta name=\"twitter:image\" content=\"https:\/\/redeportivamx.com\/wp-content\/uploads\/2026\/09\/rafael-camara-invicta-racing.webp\" \/>\n\t\t<script type=\"application\/ld+json\" class=\"aioseo-schema\">\n\t\t\t{\"@context\":\"https:\\\/\\\/schema.org\",\"@graph\":[{\"@type\":\"BlogPosting\",\"@id\":\"https:\\\/\\\/redeportivamx.com\\\/index.php\\\/2026\\\/08\\\/28\\\/formula-1-rafael-camara-completa-test-con-haas-en-portimao-y-aviva-los-rumores-para-2027\\\/#blogposting\",\"name\":\"Formula 1: Rafael C\\u00e2mara completa test con Haas en Portimao y aviva los rumores para 2027 - Redeportiva MX\",\"headline\":\"Formula 1: Rafael C\\u00e2mara completa test con Haas en Portimao y aviva los rumores para 2027\",\"author\":{\"@id\":\"https:\\\/\\\/redeportivamx.com\\\/index.php\\\/author\\\/emilio-velazquez\\\/#author\"},\"publisher\":{\"@id\":\"https:\\\/\\\/redeportivamx.com\\\/#organization\"},\"image\":{\"@type\":\"ImageObject\",\"url\":\"https:\\\/\\\/redeportivamx.com\\\/wp-content\\\/uploads\\\/2026\\\/09\\\/rafael-camara-invicta-racing.webp\",\"width\":1000,\"height\":666,\"caption\":\"Rafael C\\u00e2mara from: @invictaracing\"},\"datePublished\":\"2026-08-28T23:35:19-06:00\",\"dateModified\":\"2026-09-05T23:44:54-06:00\",\"inLanguage\":\"es-MX\",\"mainEntityOfPage\":{\"@id\":\"https:\\\/\\\/redeportivamx.com\\\/index.php\\\/2026\\\/08\\\/28\\\/formula-1-rafael-camara-completa-test-con-haas-en-portimao-y-aviva-los-rumores-para-2027\\\/#webpage\"},\"isPartOf\":{\"@id\":\"https:\\\/\\\/redeportivamx.com\\\/index.php\\\/2026\\\/08\\\/28\\\/formula-1-rafael-camara-completa-test-con-haas-en-portimao-y-aviva-los-rumores-para-2027\\\/#webpage\"},\"articleSection\":\"Formula 1, F1, Ferrari, Formula 1, Fred Vasseur, Haas, Motorsport, Rafael Camara\"},{\"@type\":\"BreadcrumbList\",\"@id\":\"https:\\\/\\\/redeportivamx.com\\\/index.php\\\/2026\\\/08\\\/28\\\/formula-1-rafael-camara-completa-test-con-haas-en-portimao-y-aviva-los-rumores-para-2027\\\/#breadcrumblist\",\"itemListElement\":[{\"@type\":\"ListItem\",\"@id\":\"https:\\\/\\\/redeportivamx.com#listItem\",\"position\":1,\"name\":\"Home\",\"item\":\"https:\\\/\\\/redeportivamx.com\",\"nextItem\":{\"@type\":\"ListItem\",\"@id\":\"https:\\\/\\\/redeportivamx.com\\\/index.php\\\/category\\\/formula-1\\\/#listItem\",\"name\":\"Formula 1\"}},{\"@type\":\"ListItem\",\"@id\":\"https:\\\/\\\/redeportivamx.com\\\/index.php\\\/category\\\/formula-1\\\/#listItem\",\"position\":2,\"name\":\"Formula 1\",\"item\":\"https:\\\/\\\/redeportivamx.com\\\/index.php\\\/category\\\/formula-1\\\/\",\"nextItem\":{\"@type\":\"ListItem\",\"@id\":\"https:\\\/\\\/redeportivamx.com\\\/index.php\\\/2026\\\/08\\\/28\\\/formula-1-rafael-camara-completa-test-con-haas-en-portimao-y-aviva-los-rumores-para-2027\\\/#listItem\",\"name\":\"Formula 1: Rafael C\\u00e2mara completa test con Haas en Portimao y aviva los rumores para 2027\"},\"previousItem\":{\"@type\":\"ListItem\",\"@id\":\"https:\\\/\\\/redeportivamx.com#listItem\",\"name\":\"Home\"}},{\"@type\":\"ListItem\",\"@id\":\"https:\\\/\\\/redeportivamx.com\\\/index.php\\\/2026\\\/08\\\/28\\\/formula-1-rafael-camara-completa-test-con-haas-en-portimao-y-aviva-los-rumores-para-2027\\\/#listItem\",\"position\":3,\"name\":\"Formula 1: Rafael C\\u00e2mara completa test con Haas en Portimao y aviva los rumores para 2027\",\"previousItem\":{\"@type\":\"ListItem\",\"@id\":\"https:\\\/\\\/redeportivamx.com\\\/index.php\\\/category\\\/formula-1\\\/#listItem\",\"name\":\"Formula 1\"}}]},{\"@type\":\"Organization\",\"@id\":\"https:\\\/\\\/redeportivamx.com\\\/#organization\",\"name\":\"redeportivamx.com\",\"description\":\"\\u00a1Conectando tu pasi\\u00f3n!\",\"url\":\"https:\\\/\\\/redeportivamx.com\\\/\",\"sameAs\":[\"https:\\\/\\\/www.facebook.com\\\/profile.php?id=61565592572733\",\"https:\\\/\\\/x.com\\\/Redeportivamx?s=20\",\"https:\\\/\\\/www.instagram.com\\\/redeportivamx\\\/\",\"https:\\\/\\\/www.tiktok.com\\\/@redeportiva.mx\",\"https:\\\/\\\/www.youtube.com\\\/@Redeportiva-MX\"]},{\"@type\":\"Person\",\"@id\":\"https:\\\/\\\/redeportivamx.com\\\/index.php\\\/author\\\/emilio-velazquez\\\/#author\",\"url\":\"https:\\\/\\\/redeportivamx.com\\\/index.php\\\/author\\\/emilio-velazquez\\\/\",\"name\":\"Emilio Vel\\u00e1zquez\",\"image\":{\"@type\":\"ImageObject\",\"@id\":\"https:\\\/\\\/redeportivamx.com\\\/index.php\\\/2026\\\/08\\\/28\\\/formula-1-rafael-camara-completa-test-con-haas-en-portimao-y-aviva-los-rumores-para-2027\\\/#authorImage\",\"url\":\"https:\\\/\\\/secure.gravatar.com\\\/avatar\\\/45b27d1f278cf0ccab389d50c4eac92ca0117f506a2ef5a3ff7a8b376bca6f8a?s=96&d=mm&r=g\",\"width\":96,\"height\":96,\"caption\":\"Emilio Vel\\u00e1zquez\"}},{\"@type\":\"WebPage\",\"@id\":\"https:\\\/\\\/redeportivamx.com\\\/index.php\\\/2026\\\/08\\\/28\\\/formula-1-rafael-camara-completa-test-con-haas-en-portimao-y-aviva-los-rumores-para-2027\\\/#webpage\",\"url\":\"https:\\\/\\\/redeportivamx.com\\\/index.php\\\/2026\\\/08\\\/28\\\/formula-1-rafael-camara-completa-test-con-haas-en-portimao-y-aviva-los-rumores-para-2027\\\/\",\"name\":\"Formula 1: Rafael C\\u00e2mara completa test con Haas en Portimao y aviva los rumores para 2027 - Redeportiva MX\",\"description\":\"Rafael C\\u00e2mara completa un test con Haas en Portimao en medio de los rumores sobre su salto a la Formula 1. El vigente campe\\u00f3n de la Formula 3, Rafael C\\u00e2mara, complet\\u00f3 una sesi\\u00f3n de pruebas privadas con el equipo Haas de Formula 1 en el aut\\u00f3dromo de Portimao. El piloto de la academia de Ferrari\",\"inLanguage\":\"es-MX\",\"isPartOf\":{\"@id\":\"https:\\\/\\\/redeportivamx.com\\\/#website\"},\"breadcrumb\":{\"@id\":\"https:\\\/\\\/redeportivamx.com\\\/index.php\\\/2026\\\/08\\\/28\\\/formula-1-rafael-camara-completa-test-con-haas-en-portimao-y-aviva-los-rumores-para-2027\\\/#breadcrumblist\"},\"author\":{\"@id\":\"https:\\\/\\\/redeportivamx.com\\\/index.php\\\/author\\\/emilio-velazquez\\\/#author\"},\"creator\":{\"@id\":\"https:\\\/\\\/redeportivamx.com\\\/index.php\\\/author\\\/emilio-velazquez\\\/#author\"},\"image\":{\"@type\":\"ImageObject\",\"url\":\"https:\\\/\\\/redeportivamx.com\\\/wp-content\\\/uploads\\\/2026\\\/09\\\/rafael-camara-invicta-racing.webp\",\"@id\":\"https:\\\/\\\/redeportivamx.com\\\/index.php\\\/2026\\\/08\\\/28\\\/formula-1-rafael-camara-completa-test-con-haas-en-portimao-y-aviva-los-rumores-para-2027\\\/#mainImage\",\"width\":1000,\"height\":666,\"caption\":\"Rafael C\\u00e2mara from: @invictaracing\"},\"primaryImageOfPage\":{\"@id\":\"https:\\\/\\\/redeportivamx.com\\\/index.php\\\/2026\\\/08\\\/28\\\/formula-1-rafael-camara-completa-test-con-haas-en-portimao-y-aviva-los-rumores-para-2027\\\/#mainImage\"},\"datePublished\":\"2026-08-28T23:35:19-06:00\",\"dateModified\":\"2026-09-05T23:44:54-06:00\"},{\"@type\":\"WebSite\",\"@id\":\"https:\\\/\\\/redeportivamx.com\\\/#website\",\"url\":\"https:\\\/\\\/redeportivamx.com\\\/\",\"name\":\"redeportivamx.com\",\"description\":\"\\u00a1Conectando tu pasi\\u00f3n!\",\"inLanguage\":\"es-MX\",\"publisher\":{\"@id\":\"https:\\\/\\\/redeportivamx.com\\\/#organization\"}}]}\n\t\t<\/script>\n\t\t<!-- All in One SEO -->\n\n","aioseo_head_json":{"title":"Formula 1: Rafael C\u00e2mara completa test con Haas en Portimao y aviva los rumores para 2027 - Redeportiva MX","description":"Rafael C\u00e2mara completa un test con Haas en Portimao en medio de los rumores sobre su salto a la Formula 1. El vigente campe\u00f3n de la Formula 3, Rafael C\u00e2mara, complet\u00f3 una sesi\u00f3n de pruebas privadas con el equipo Haas de Formula 1 en el aut\u00f3dromo de Portimao. El piloto de la academia de Ferrari","canonical_url":"https:\/\/redeportivamx.com\/index.php\/2026\/08\/28\/formula-1-rafael-camara-completa-test-con-haas-en-portimao-y-aviva-los-rumores-para-2027\/","robots":"max-image-preview:large","keywords":"","webmasterTools":{"miscellaneous":""},"schema":{"@context":"https:\/\/schema.org","@graph":[{"@type":"BlogPosting","@id":"https:\/\/redeportivamx.com\/index.php\/2026\/08\/28\/formula-1-rafael-camara-completa-test-con-haas-en-portimao-y-aviva-los-rumores-para-2027\/#blogposting","name":"Formula 1: Rafael C\u00e2mara completa test con Haas en Portimao y aviva los rumores para 2027 - Redeportiva MX","headline":"Formula 1: Rafael C\u00e2mara completa test con Haas en Portimao y aviva los rumores para 2027","author":{"@id":"https:\/\/redeportivamx.com\/index.php\/author\/emilio-velazquez\/#author"},"publisher":{"@id":"https:\/\/redeportivamx.com\/#organization"},"image":{"@type":"ImageObject","url":"https:\/\/redeportivamx.com\/wp-content\/uploads\/2026\/09\/rafael-camara-invicta-racing.webp","width":1000,"height":666,"caption":"Rafael C\u00e2mara from: @invictaracing"},"datePublished":"2026-08-28T23:35:19-06:00","dateModified":"2026-09-05T23:44:54-06:00","inLanguage":"es-MX","mainEntityOfPage":{"@id":"https:\/\/redeportivamx.com\/index.php\/2026\/08\/28\/formula-1-rafael-camara-completa-test-con-haas-en-portimao-y-aviva-los-rumores-para-2027\/#webpage"},"isPartOf":{"@id":"https:\/\/redeportivamx.com\/index.php\/2026\/08\/28\/formula-1-rafael-camara-completa-test-con-haas-en-portimao-y-aviva-los-rumores-para-2027\/#webpage"},"articleSection":"Formula 1, F1, Ferrari, Formula 1, Fred Vasseur, Haas, Motorsport, Rafael Camara"},{"@type":"BreadcrumbList","@id":"https:\/\/redeportivamx.com\/index.php\/2026\/08\/28\/formula-1-rafael-camara-completa-test-con-haas-en-portimao-y-aviva-los-rumores-para-2027\/#breadcrumblist","itemListElement":[{"@type":"ListItem","@id":"https:\/\/redeportivamx.com#listItem","position":1,"name":"Home","item":"https:\/\/redeportivamx.com","nextItem":{"@type":"ListItem","@id":"https:\/\/redeportivamx.com\/index.php\/category\/formula-1\/#listItem","name":"Formula 1"}},{"@type":"ListItem","@id":"https:\/\/redeportivamx.com\/index.php\/category\/formula-1\/#listItem","position":2,"name":"Formula 1","item":"https:\/\/redeportivamx.com\/index.php\/category\/formula-1\/","nextItem":{"@type":"ListItem","@id":"https:\/\/redeportivamx.com\/index.php\/2026\/08\/28\/formula-1-rafael-camara-completa-test-con-haas-en-portimao-y-aviva-los-rumores-para-2027\/#listItem","name":"Formula 1: Rafael C\u00e2mara completa test con Haas en Portimao y aviva los rumores para 2027"},"previousItem":{"@type":"ListItem","@id":"https:\/\/redeportivamx.com#listItem","name":"Home"}},{"@type":"ListItem","@id":"https:\/\/redeportivamx.com\/index.php\/2026\/08\/28\/formula-1-rafael-camara-completa-test-con-haas-en-portimao-y-aviva-los-rumores-para-2027\/#listItem","position":3,"name":"Formula 1: Rafael C\u00e2mara completa test con Haas en Portimao y aviva los rumores para 2027","previousItem":{"@type":"ListItem","@id":"https:\/\/redeportivamx.com\/index.php\/category\/formula-1\/#listItem","name":"Formula 1"}}]},{"@type":"Organization","@id":"https:\/\/redeportivamx.com\/#organization","name":"redeportivamx.com","description":"\u00a1Conectando tu pasi\u00f3n!","url":"https:\/\/redeportivamx.com\/","sameAs":["https:\/\/www.facebook.com\/profile.php?id=61565592572733","https:\/\/x.com\/Redeportivamx?s=20","https:\/\/www.instagram.com\/redeportivamx\/","https:\/\/www.tiktok.com\/@redeportiva.mx","https:\/\/www.youtube.com\/@Redeportiva-MX"]},{"@type":"Person","@id":"https:\/\/redeportivamx.com\/index.php\/author\/emilio-velazquez\/#author","url":"https:\/\/redeportivamx.com\/index.php\/author\/emilio-velazquez\/","name":"Emilio Vel\u00e1zquez","image":{"@type":"ImageObject","@id":"https:\/\/redeportivamx.com\/index.php\/2026\/08\/28\/formula-1-rafael-camara-completa-test-con-haas-en-portimao-y-aviva-los-rumores-para-2027\/#authorImage","url":"https:\/\/secure.gravatar.com\/avatar\/45b27d1f278cf0ccab389d50c4eac92ca0117f506a2ef5a3ff7a8b376bca6f8a?s=96&d=mm&r=g","width":96,"height":96,"caption":"Emilio Vel\u00e1zquez"}},{"@type":"WebPage","@id":"https:\/\/redeportivamx.com\/index.php\/2026\/08\/28\/formula-1-rafael-camara-completa-test-con-haas-en-portimao-y-aviva-los-rumores-para-2027\/#webpage","url":"https:\/\/redeportivamx.com\/index.php\/2026\/08\/28\/formula-1-rafael-camara-completa-test-con-haas-en-portimao-y-aviva-los-rumores-para-2027\/","name":"Formula 1: Rafael C\u00e2mara completa test con Haas en Portimao y aviva los rumores para 2027 - Redeportiva MX","description":"Rafael C\u00e2mara completa un test con Haas en Portimao en medio de los rumores sobre su salto a la Formula 1. El vigente campe\u00f3n de la Formula 3, Rafael C\u00e2mara, complet\u00f3 una sesi\u00f3n de pruebas privadas con el equipo Haas de Formula 1 en el aut\u00f3dromo de Portimao. El piloto de la academia de Ferrari","inLanguage":"es-MX","isPartOf":{"@id":"https:\/\/redeportivamx.com\/#website"},"breadcrumb":{"@id":"https:\/\/redeportivamx.com\/index.php\/2026\/08\/28\/formula-1-rafael-camara-completa-test-con-haas-en-portimao-y-aviva-los-rumores-para-2027\/#breadcrumblist"},"author":{"@id":"https:\/\/redeportivamx.com\/index.php\/author\/emilio-velazquez\/#author"},"creator":{"@id":"https:\/\/redeportivamx.com\/index.php\/author\/emilio-velazquez\/#author"},"image":{"@type":"ImageObject","url":"https:\/\/redeportivamx.com\/wp-content\/uploads\/2026\/09\/rafael-camara-invicta-racing.webp","@id":"https:\/\/redeportivamx.com\/index.php\/2026\/08\/28\/formula-1-rafael-camara-completa-test-con-haas-en-portimao-y-aviva-los-rumores-para-2027\/#mainImage","width":1000,"height":666,"caption":"Rafael C\u00e2mara from: @invictaracing"},"primaryImageOfPage":{"@id":"https:\/\/redeportivamx.com\/index.php\/2026\/08\/28\/formula-1-rafael-camara-completa-test-con-haas-en-portimao-y-aviva-los-rumores-para-2027\/#mainImage"},"datePublished":"2026-08-28T23:35:19-06:00","dateModified":"2026-09-05T23:44:54-06:00"},{"@type":"WebSite","@id":"https:\/\/redeportivamx.com\/#website","url":"https:\/\/redeportivamx.com\/","name":"redeportivamx.com","description":"\u00a1Conectando tu pasi\u00f3n!","inLanguage":"es-MX","publisher":{"@id":"https:\/\/redeportivamx.com\/#organization"}}]},"og:locale":"es_MX","og:site_name":"Redeportiva MX - \u00a1Conectando tu pasi\u00f3n!","og:type":"sport","og:title":"Formula 1: Rafael C\u00e2mara completa test con Haas en Portimao y aviva los rumores para 2027 - Redeportiva MX","og:description":"Rafael C\u00e2mara completa un test con Haas en Portimao en medio de los rumores sobre su salto a la Formula 1. El vigente campe\u00f3n de la Formula 3, Rafael C\u00e2mara, complet\u00f3 una sesi\u00f3n de pruebas privadas con el equipo Haas de Formula 1 en el aut\u00f3dromo de Portimao. El piloto de la academia de Ferrari","og:url":"https:\/\/redeportivamx.com\/index.php\/2026\/08\/28\/formula-1-rafael-camara-completa-test-con-haas-en-portimao-y-aviva-los-rumores-para-2027\/","og:image":"https:\/\/redeportivamx.com\/wp-content\/uploads\/2026\/09\/rafael-camara-invicta-racing.webp","og:image:secure_url":"https:\/\/redeportivamx.com\/wp-content\/uploads\/2026\/09\/rafael-camara-invicta-racing.webp","og:image:width":1000,"og:image:height":666,"twitter:card":"summary_large_image","twitter:site":"@Redeportivamx","twitter:title":"Formula 1: Rafael C\u00e2mara completa test con Haas en Portimao y aviva los rumores para 2027 - Redeportiva MX","twitter:description":"Rafael C\u00e2mara completa un test con Haas en Portimao en medio de los rumores sobre su salto a la Formula 1. El vigente campe\u00f3n de la Formula 3, Rafael C\u00e2mara, complet\u00f3 una sesi\u00f3n de pruebas privadas con el equipo Haas de Formula 1 en el aut\u00f3dromo de Portimao. El piloto de la academia de Ferrari","twitter:creator":"@Redeportivamx","twitter:image":"https:\/\/redeportivamx.com\/wp-content\/uploads\/2026\/09\/rafael-camara-invicta-racing.webp"},"aioseo_meta_data":{"post_id":"52875","title":null,"description":null,"keywords":null,"keyphrases":{"focus":{"keyphrase":"Rafael Camara","score":0,"analysis":[]},"additional":[]},"primary_term":null,"canonical_url":null,"og_title":null,"og_description":null,"og_object_type":"default","og_image_type":"default","og_image_url":null,"og_image_width":null,"og_image_height":null,"og_image_custom_url":null,"og_image_custom_fields":null,"og_video":"","og_custom_url":null,"og_article_section":null,"og_article_tags":null,"twitter_use_og":false,"twitter_card":"default","twitter_image_type":"default","twitter_image_url":null,"twitter_image_custom_url":null,"twitter_image_custom_fields":null,"twitter_title":null,"twitter_description":null,"schema":{"blockGraphs":[],"customGraphs":[],"default":{"data":{"Article":[],"Course":[],"Dataset":[],"FAQPage":[],"Movie":[],"Person":[],"Product":[],"ProductReview":[],"Car":[],"Recipe":[],"Service":[],"SoftwareApplication":[],"WebPage":[]},"graphName":"BlogPosting","isEnabled":true},"graphs":[]},"schema_type":"default","schema_type_options":null,"pillar_content":false,"robots_default":true,"robots_noindex":false,"robots_noarchive":false,"robots_nosnippet":false,"robots_nofollow":false,"robots_noimageindex":false,"robots_noodp":false,"robots_notranslate":false,"robots_max_snippet":"-1","robots_max_videopreview":"-1","robots_max_imagepreview":"large","priority":null,"frequency":"default","local_seo":null,"breadcrumb_settings":null,"limit_modified_date":false,"ai":{"faqs":[],"keyPoints":[],"schemas":[],"titles":[],"descriptions":[],"socialPosts":{"email":{"subject":"","preview":"","content":""},"linkedin":[],"twitter":[],"facebook":[],"instagram":[]}},"created":"2026-09-06 05:39:14","updated":"2026-09-06 05:44:54","seo_analyzer_scan_date":null,"focus_keyword":"Rafael Camara","additional_keywords":null,"truseo_locale":null},"aioseo_breadcrumb":"<div class=\"aioseo-breadcrumbs\"><span class=\"aioseo-breadcrumb\">\n\t\t\t<a href=\"https:\/\/redeportivamx.com\" title=\"Home\">Home<\/a>\n\t\t<\/span><span class=\"aioseo-breadcrumb-separator\">&raquo;<\/span><span class=\"aioseo-breadcrumb\">\n\t\t\t<a href=\"https:\/\/redeportivamx.com\/index.php\/category\/formula-1\/\" title=\"Formula 1\">Formula 1<\/a>\n\t\t<\/span><span class=\"aioseo-breadcrumb-separator\">&raquo;<\/span><span class=\"aioseo-breadcrumb\">\n\t\t\tFormula 1: Rafael C\u00e2mara completa test con Haas en Portimao y aviva los rumores para 2027\n\t\t<\/span><\/div>","aioseo_breadcrumb_json":[{"label":"Home","link":"https:\/\/redeportivamx.com"},{"label":"Formula 1","link":"https:\/\/redeportivamx.com\/index.php\/category\/formula-1\/"},{"label":"Formula 1: Rafael C\u00e2mara completa test con Haas en Portimao y aviva los rumores para 2027","link":"https:\/\/redeportivamx.com\/index.php\/2026\/08\/28\/formula-1-rafael-camara-completa-test-con-haas-en-portimao-y-aviva-los-rumores-para-2027\/"}],"jetpack_sharing_enabled":true,"jetpack_featured_media_url":"https:\/\/redeportivamx.com\/wp-content\/uploads\/2026\/09\/rafael-camara-invicta-racing.webp","_links":{"self":[{"href":"https:\/\/redeportivamx.com\/index.php\/wp-json\/wp\/v2\/posts\/52875","targetHints":{"allow":["GET"]}}],"collection":[{"href":"https:\/\/redeportivamx.com\/index.php\/wp-json\/wp\/v2\/posts"}],"about":[{"href":"https:\/\/redeportivamx.com\/index.php\/wp-json\/wp\/v2\/types\/post"}],"author":[{"embeddable":true,"href":"https:\/\/redeportivamx.com\/index.php\/wp-json\/wp\/v2\/users\/9"}],"replies":[{"embeddable":true,"href":"https:\/\/redeportivamx.com\/index.php\/wp-json\/wp\/v2\/comments?post=52875"}],"version-history":[{"count":1,"href":"https:\/\/redeportivamx.com\/index.php\/wp-json\/wp\/v2\/posts\/52875\/revisions"}],"predecessor-version":[{"id":52879,"href":"https:\/\/redeportivamx.com\/index.php\/wp-json\/wp\/v2\/posts\/52875\/revisions\/52879"}],"wp:featuredmedia":[{"embeddable":true,"href":"https:\/\/redeportivamx.com\/index.php\/wp-json\/wp\/v2\/media\/52878"}],"wp:attachment":[{"href":"https:\/\/redeportivamx.com\/index.php\/wp-json\/wp\/v2\/media?parent=52875"}],"wp:term":[{"taxonomy":"category","embeddable":true,"href":"https:\/\/redeportivamx.com\/index.php\/wp-json\/wp\/v2\/categories?post=52875"},{"taxonomy":"post_tag","embeddable":true,"href":"https:\/\/redeportivamx.com\/index.php\/wp-json\/wp\/v2\/tags?post=52875"}],"curies":[{"name":"wp","href":"https:\/\/api.w.org\/{rel}","templated":true}]}}