{"id":52870,"date":"2026-08-29T23:35:05","date_gmt":"2026-08-30T05:35:05","guid":{"rendered":"https:\/\/redeportivamx.com\/?p=52870"},"modified":"2026-09-05T23:46:39","modified_gmt":"2026-09-06T05:46:39","slug":"formula-1-laurent-mekies-revela-la-mentalidad-detras-de-la-remontada-de-max-verstappen-en-2025","status":"publish","type":"post","link":"https:\/\/redeportivamx.com\/index.php\/2026\/08\/29\/formula-1-laurent-mekies-revela-la-mentalidad-detras-de-la-remontada-de-max-verstappen-en-2025\/","title":{"rendered":"Formula 1: Laurent Mekies revela la mentalidad detr\u00e1s de la remontada de Max Verstappen en 2025"},"content":{"rendered":"\n<h2 class=\"wp-block-heading\">Laurent Mekies destaca la mentalidad de Red Bull y el nivel de Max Verstappen para pelear el t\u00edtulo de 2025.<\/h2>\n\n\n\n<p class=\"wp-block-paragraph\"><strong>El director del equipo <a href=\"https:\/\/www.redbullracing.com\/int-en\" target=\"_blank\" rel=\"noopener\">Red Bull<\/a>, Laurent Mekies, analiz\u00f3 los factores internos que impulsaron la hist\u00f3rica reacci\u00f3n de Max Verstappen durante la temporada 2025 de la <a href=\"https:\/\/redeportivamx.com\/index.php\/category\/formula-1\/\">Formula 1<\/a>.<\/strong> El directivo franc\u00e9s asumi\u00f3 el mando de la estructura con sede en Milton Keynes en julio de 2025 tras la salida de Christian Horner, llegando en un momento cr\u00edtico donde el piloto neerland\u00e9s arrastraba una desventaja de m\u00e1s de cien unidades frente al liderato del campeonato.<\/p>\n\n\n\n<p class=\"wp-block-paragraph\">Gran parte del calendario de 2025 estuvo ampliamente dominado por el equipo McLaren, perfilando un duelo cerrado por el t\u00edtulo entre Lando Norris y Oscar Piastri. Sin embargo, tras el par\u00f3n veraniego de la temporada, Verstappen y el cuerpo t\u00e9cnico de Red Bull protagonizaron una gran racha de resultados para recortar distancias de forma progresiva, llevando la definici\u00f3n del mundial hasta la \u00faltima fecha del calendario, donde finalmente el piloto neerland\u00e9s se qued\u00f3 a tan solo dos puntos del campeonato ante Norris.<\/p>\n\n\n\n<p class=\"wp-block-paragraph\">En declaraciones concedidas a RACER tras cumplir m\u00e1s de un a\u00f1o al frente de la organizaci\u00f3n, Mekies describi\u00f3 su primer ciclo como una monta\u00f1a rusa de emociones. El l\u00edder del equipo elogi\u00f3 el compromiso del director t\u00e9cnico Pierre Wach\u00e9 y de los ingenieros de chasis y motor, quienes se negaron rotundamente a dar por perdida la campa\u00f1a o a desviar los recursos al desarrollo del auto de 2026 cuando el rendimiento inicial parec\u00eda insuficiente.<\/p>\n\n\n\n<p class=\"wp-block-paragraph\">El esfuerzo constante en la f\u00e1brica permiti\u00f3 introducir paquetes de mejoras determinantes en el RB21 que devolvieron el balance al monoplaza en la segunda mitad del campeonato. Sumado al nivel de manejo mostrado por el tetracampe\u00f3n del mundo en las pistas, Red Bull demostr\u00f3 una \u00e9tica de trabajo intachable para mantenerse en la disputa del t\u00edtulo hasta el \u00faltimo giro, consolidando una de las batallas m\u00e1s cerradas en la historia reciente de la m\u00e1xima categor\u00eda.<\/p>\n","protected":false},"excerpt":{"rendered":"<p>Laurent Mekies destaca la mentalidad de Red Bull y el nivel de Max Verstappen para pelear el t\u00edtulo de 2025. El director del equipo Red Bull, Laurent Mekies, analiz\u00f3 los factores internos que impulsaron la hist\u00f3rica reacci\u00f3n de Max Verstappen durante la temporada 2025 de la Formula 1. El directivo franc\u00e9s asumi\u00f3 el mando de [&hellip;]<\/p>\n","protected":false},"author":9,"featured_media":52880,"comment_status":"open","ping_status":"open","sticky":false,"template":"","format":"standard","meta":{"_monsterinsights_skip_tracking":false,"_jetpack_newsletter_access":"","_jetpack_dont_email_post_to_subs":false,"_jetpack_newsletter_tier_id":0,"_jetpack_memberships_contains_paywalled_content":false,"_jetpack_feature_clip_id":0,"_jetpack_memberships_contains_paid_content":false,"footnotes":"","jetpack_post_was_ever_published":false},"categories":[7],"tags":[67,45,1229,3103,1126,2571,299],"class_list":["post-52870","post","type-post","status-publish","format-standard","has-post-thumbnail","hentry","category-formula-1","tag-f1","tag-formula-1","tag-lando-norris","tag-laurent-mekies","tag-max-verstappen","tag-motorsport","tag-red-bull"],"aioseo_notices":[],"aioseo_head":"\n\t\t<!-- All in One SEO 5.0.1.1 - aioseo.com -->\n\t<meta name=\"description\" content=\"Laurent Mekies destaca la mentalidad de Red Bull y el nivel de Max Verstappen para pelear el t\u00edtulo de 2025. El director del equipo Red Bull, Laurent Mekies, analiz\u00f3 los factores internos que impulsaron la hist\u00f3rica reacci\u00f3n de Max Verstappen durante la temporada 2025 de la Formula 1. El directivo franc\u00e9s asumi\u00f3 el mando de\" \/>\n\t<meta name=\"robots\" content=\"max-image-preview:large\" \/>\n\t<meta name=\"author\" content=\"Emilio Vel\u00e1zquez\"\/>\n\t<link rel=\"canonical\" href=\"https:\/\/redeportivamx.com\/index.php\/2026\/08\/29\/formula-1-laurent-mekies-revela-la-mentalidad-detras-de-la-remontada-de-max-verstappen-en-2025\/\" \/>\n\t<meta name=\"generator\" content=\"All in One SEO (AIOSEO) 5.0.1.1\" \/>\n\t\t<meta property=\"og:locale\" content=\"es_MX\" \/>\n\t\t<meta property=\"og:site_name\" content=\"Redeportiva MX - \u00a1Conectando tu pasi\u00f3n!\" \/>\n\t\t<meta property=\"og:type\" content=\"sport\" \/>\n\t\t<meta property=\"og:title\" content=\"Formula 1: Laurent Mekies revela la mentalidad detr\u00e1s de la remontada de Max Verstappen en 2025 - Redeportiva MX\" \/>\n\t\t<meta property=\"og:description\" content=\"Laurent Mekies destaca la mentalidad de Red Bull y el nivel de Max Verstappen para pelear el t\u00edtulo de 2025. El director del equipo Red Bull, Laurent Mekies, analiz\u00f3 los factores internos que impulsaron la hist\u00f3rica reacci\u00f3n de Max Verstappen durante la temporada 2025 de la Formula 1. El directivo franc\u00e9s asumi\u00f3 el mando de\" \/>\n\t\t<meta property=\"og:url\" content=\"https:\/\/redeportivamx.com\/index.php\/2026\/08\/29\/formula-1-laurent-mekies-revela-la-mentalidad-detras-de-la-remontada-de-max-verstappen-en-2025\/\" \/>\n\t\t<meta property=\"og:image\" content=\"https:\/\/redeportivamx.com\/wp-content\/uploads\/2026\/09\/laurent-mekies-red-bull-racing.jpg\" \/>\n\t\t<meta property=\"og:image:secure_url\" content=\"https:\/\/redeportivamx.com\/wp-content\/uploads\/2026\/09\/laurent-mekies-red-bull-racing.jpg\" \/>\n\t\t<meta property=\"og:image:width\" content=\"1200\" \/>\n\t\t<meta property=\"og:image:height\" content=\"800\" \/>\n\t\t<meta name=\"twitter:card\" content=\"summary_large_image\" \/>\n\t\t<meta name=\"twitter:site\" content=\"@Redeportivamx\" \/>\n\t\t<meta name=\"twitter:title\" content=\"Formula 1: Laurent Mekies revela la mentalidad detr\u00e1s de la remontada de Max Verstappen en 2025 - Redeportiva MX\" \/>\n\t\t<meta name=\"twitter:description\" content=\"Laurent Mekies destaca la mentalidad de Red Bull y el nivel de Max Verstappen para pelear el t\u00edtulo de 2025. El director del equipo Red Bull, Laurent Mekies, analiz\u00f3 los factores internos que impulsaron la hist\u00f3rica reacci\u00f3n de Max Verstappen durante la temporada 2025 de la Formula 1. El directivo franc\u00e9s asumi\u00f3 el mando de\" \/>\n\t\t<meta name=\"twitter:creator\" content=\"@Redeportivamx\" \/>\n\t\t<meta name=\"twitter:image\" content=\"https:\/\/redeportivamx.com\/wp-content\/uploads\/2026\/09\/laurent-mekies-red-bull-racing.jpg\" \/>\n\t\t<script type=\"application\/ld+json\" class=\"aioseo-schema\">\n\t\t\t{\"@context\":\"https:\\\/\\\/schema.org\",\"@graph\":[{\"@type\":\"BlogPosting\",\"@id\":\"https:\\\/\\\/redeportivamx.com\\\/index.php\\\/2026\\\/08\\\/29\\\/formula-1-laurent-mekies-revela-la-mentalidad-detras-de-la-remontada-de-max-verstappen-en-2025\\\/#blogposting\",\"name\":\"Formula 1: Laurent Mekies revela la mentalidad detr\\u00e1s de la remontada de Max Verstappen en 2025 - Redeportiva MX\",\"headline\":\"Formula 1: Laurent Mekies revela la mentalidad detr\\u00e1s de la remontada de Max Verstappen en 2025\",\"author\":{\"@id\":\"https:\\\/\\\/redeportivamx.com\\\/index.php\\\/author\\\/emilio-velazquez\\\/#author\"},\"publisher\":{\"@id\":\"https:\\\/\\\/redeportivamx.com\\\/#organization\"},\"image\":{\"@type\":\"ImageObject\",\"url\":\"https:\\\/\\\/redeportivamx.com\\\/wp-content\\\/uploads\\\/2026\\\/09\\\/laurent-mekies-red-bull-racing.jpg\",\"width\":1200,\"height\":800,\"caption\":\"Laurent Mekies\"},\"datePublished\":\"2026-08-29T23:35:05-06:00\",\"dateModified\":\"2026-09-05T23:46:39-06:00\",\"inLanguage\":\"es-MX\",\"mainEntityOfPage\":{\"@id\":\"https:\\\/\\\/redeportivamx.com\\\/index.php\\\/2026\\\/08\\\/29\\\/formula-1-laurent-mekies-revela-la-mentalidad-detras-de-la-remontada-de-max-verstappen-en-2025\\\/#webpage\"},\"isPartOf\":{\"@id\":\"https:\\\/\\\/redeportivamx.com\\\/index.php\\\/2026\\\/08\\\/29\\\/formula-1-laurent-mekies-revela-la-mentalidad-detras-de-la-remontada-de-max-verstappen-en-2025\\\/#webpage\"},\"articleSection\":\"Formula 1, F1, Formula 1, Lando Norris, Laurent Mekies, Max Verstappen, Motorsport, Red Bull\"},{\"@type\":\"BreadcrumbList\",\"@id\":\"https:\\\/\\\/redeportivamx.com\\\/index.php\\\/2026\\\/08\\\/29\\\/formula-1-laurent-mekies-revela-la-mentalidad-detras-de-la-remontada-de-max-verstappen-en-2025\\\/#breadcrumblist\",\"itemListElement\":[{\"@type\":\"ListItem\",\"@id\":\"https:\\\/\\\/redeportivamx.com#listItem\",\"position\":1,\"name\":\"Home\",\"item\":\"https:\\\/\\\/redeportivamx.com\",\"nextItem\":{\"@type\":\"ListItem\",\"@id\":\"https:\\\/\\\/redeportivamx.com\\\/index.php\\\/category\\\/formula-1\\\/#listItem\",\"name\":\"Formula 1\"}},{\"@type\":\"ListItem\",\"@id\":\"https:\\\/\\\/redeportivamx.com\\\/index.php\\\/category\\\/formula-1\\\/#listItem\",\"position\":2,\"name\":\"Formula 1\",\"item\":\"https:\\\/\\\/redeportivamx.com\\\/index.php\\\/category\\\/formula-1\\\/\",\"nextItem\":{\"@type\":\"ListItem\",\"@id\":\"https:\\\/\\\/redeportivamx.com\\\/index.php\\\/2026\\\/08\\\/29\\\/formula-1-laurent-mekies-revela-la-mentalidad-detras-de-la-remontada-de-max-verstappen-en-2025\\\/#listItem\",\"name\":\"Formula 1: Laurent Mekies revela la mentalidad detr\\u00e1s de la remontada de Max Verstappen en 2025\"},\"previousItem\":{\"@type\":\"ListItem\",\"@id\":\"https:\\\/\\\/redeportivamx.com#listItem\",\"name\":\"Home\"}},{\"@type\":\"ListItem\",\"@id\":\"https:\\\/\\\/redeportivamx.com\\\/index.php\\\/2026\\\/08\\\/29\\\/formula-1-laurent-mekies-revela-la-mentalidad-detras-de-la-remontada-de-max-verstappen-en-2025\\\/#listItem\",\"position\":3,\"name\":\"Formula 1: Laurent Mekies revela la mentalidad detr\\u00e1s de la remontada de Max Verstappen en 2025\",\"previousItem\":{\"@type\":\"ListItem\",\"@id\":\"https:\\\/\\\/redeportivamx.com\\\/index.php\\\/category\\\/formula-1\\\/#listItem\",\"name\":\"Formula 1\"}}]},{\"@type\":\"Organization\",\"@id\":\"https:\\\/\\\/redeportivamx.com\\\/#organization\",\"name\":\"redeportivamx.com\",\"description\":\"\\u00a1Conectando tu pasi\\u00f3n!\",\"url\":\"https:\\\/\\\/redeportivamx.com\\\/\",\"sameAs\":[\"https:\\\/\\\/www.facebook.com\\\/profile.php?id=61565592572733\",\"https:\\\/\\\/x.com\\\/Redeportivamx?s=20\",\"https:\\\/\\\/www.instagram.com\\\/redeportivamx\\\/\",\"https:\\\/\\\/www.tiktok.com\\\/@redeportiva.mx\",\"https:\\\/\\\/www.youtube.com\\\/@Redeportiva-MX\"]},{\"@type\":\"Person\",\"@id\":\"https:\\\/\\\/redeportivamx.com\\\/index.php\\\/author\\\/emilio-velazquez\\\/#author\",\"url\":\"https:\\\/\\\/redeportivamx.com\\\/index.php\\\/author\\\/emilio-velazquez\\\/\",\"name\":\"Emilio Vel\\u00e1zquez\",\"image\":{\"@type\":\"ImageObject\",\"@id\":\"https:\\\/\\\/redeportivamx.com\\\/index.php\\\/2026\\\/08\\\/29\\\/formula-1-laurent-mekies-revela-la-mentalidad-detras-de-la-remontada-de-max-verstappen-en-2025\\\/#authorImage\",\"url\":\"https:\\\/\\\/secure.gravatar.com\\\/avatar\\\/45b27d1f278cf0ccab389d50c4eac92ca0117f506a2ef5a3ff7a8b376bca6f8a?s=96&d=mm&r=g\",\"width\":96,\"height\":96,\"caption\":\"Emilio Vel\\u00e1zquez\"}},{\"@type\":\"WebPage\",\"@id\":\"https:\\\/\\\/redeportivamx.com\\\/index.php\\\/2026\\\/08\\\/29\\\/formula-1-laurent-mekies-revela-la-mentalidad-detras-de-la-remontada-de-max-verstappen-en-2025\\\/#webpage\",\"url\":\"https:\\\/\\\/redeportivamx.com\\\/index.php\\\/2026\\\/08\\\/29\\\/formula-1-laurent-mekies-revela-la-mentalidad-detras-de-la-remontada-de-max-verstappen-en-2025\\\/\",\"name\":\"Formula 1: Laurent Mekies revela la mentalidad detr\\u00e1s de la remontada de Max Verstappen en 2025 - Redeportiva MX\",\"description\":\"Laurent Mekies destaca la mentalidad de Red Bull y el nivel de Max Verstappen para pelear el t\\u00edtulo de 2025. El director del equipo Red Bull, Laurent Mekies, analiz\\u00f3 los factores internos que impulsaron la hist\\u00f3rica reacci\\u00f3n de Max Verstappen durante la temporada 2025 de la Formula 1. El directivo franc\\u00e9s asumi\\u00f3 el mando de\",\"inLanguage\":\"es-MX\",\"isPartOf\":{\"@id\":\"https:\\\/\\\/redeportivamx.com\\\/#website\"},\"breadcrumb\":{\"@id\":\"https:\\\/\\\/redeportivamx.com\\\/index.php\\\/2026\\\/08\\\/29\\\/formula-1-laurent-mekies-revela-la-mentalidad-detras-de-la-remontada-de-max-verstappen-en-2025\\\/#breadcrumblist\"},\"author\":{\"@id\":\"https:\\\/\\\/redeportivamx.com\\\/index.php\\\/author\\\/emilio-velazquez\\\/#author\"},\"creator\":{\"@id\":\"https:\\\/\\\/redeportivamx.com\\\/index.php\\\/author\\\/emilio-velazquez\\\/#author\"},\"image\":{\"@type\":\"ImageObject\",\"url\":\"https:\\\/\\\/redeportivamx.com\\\/wp-content\\\/uploads\\\/2026\\\/09\\\/laurent-mekies-red-bull-racing.jpg\",\"@id\":\"https:\\\/\\\/redeportivamx.com\\\/index.php\\\/2026\\\/08\\\/29\\\/formula-1-laurent-mekies-revela-la-mentalidad-detras-de-la-remontada-de-max-verstappen-en-2025\\\/#mainImage\",\"width\":1200,\"height\":800,\"caption\":\"Laurent Mekies\"},\"primaryImageOfPage\":{\"@id\":\"https:\\\/\\\/redeportivamx.com\\\/index.php\\\/2026\\\/08\\\/29\\\/formula-1-laurent-mekies-revela-la-mentalidad-detras-de-la-remontada-de-max-verstappen-en-2025\\\/#mainImage\"},\"datePublished\":\"2026-08-29T23:35:05-06:00\",\"dateModified\":\"2026-09-05T23:46:39-06:00\"},{\"@type\":\"WebSite\",\"@id\":\"https:\\\/\\\/redeportivamx.com\\\/#website\",\"url\":\"https:\\\/\\\/redeportivamx.com\\\/\",\"name\":\"redeportivamx.com\",\"description\":\"\\u00a1Conectando tu pasi\\u00f3n!\",\"inLanguage\":\"es-MX\",\"publisher\":{\"@id\":\"https:\\\/\\\/redeportivamx.com\\\/#organization\"}}]}\n\t\t<\/script>\n\t\t<!-- All in One SEO -->\n\n","aioseo_head_json":{"title":"Formula 1: Laurent Mekies revela la mentalidad detr\u00e1s de la remontada de Max Verstappen en 2025 - Redeportiva MX","description":"Laurent Mekies destaca la mentalidad de Red Bull y el nivel de Max Verstappen para pelear el t\u00edtulo de 2025. El director del equipo Red Bull, Laurent Mekies, analiz\u00f3 los factores internos que impulsaron la hist\u00f3rica reacci\u00f3n de Max Verstappen durante la temporada 2025 de la Formula 1. El directivo franc\u00e9s asumi\u00f3 el mando de","canonical_url":"https:\/\/redeportivamx.com\/index.php\/2026\/08\/29\/formula-1-laurent-mekies-revela-la-mentalidad-detras-de-la-remontada-de-max-verstappen-en-2025\/","robots":"max-image-preview:large","keywords":"","webmasterTools":{"miscellaneous":""},"schema":{"@context":"https:\/\/schema.org","@graph":[{"@type":"BlogPosting","@id":"https:\/\/redeportivamx.com\/index.php\/2026\/08\/29\/formula-1-laurent-mekies-revela-la-mentalidad-detras-de-la-remontada-de-max-verstappen-en-2025\/#blogposting","name":"Formula 1: Laurent Mekies revela la mentalidad detr\u00e1s de la remontada de Max Verstappen en 2025 - Redeportiva MX","headline":"Formula 1: Laurent Mekies revela la mentalidad detr\u00e1s de la remontada de Max Verstappen en 2025","author":{"@id":"https:\/\/redeportivamx.com\/index.php\/author\/emilio-velazquez\/#author"},"publisher":{"@id":"https:\/\/redeportivamx.com\/#organization"},"image":{"@type":"ImageObject","url":"https:\/\/redeportivamx.com\/wp-content\/uploads\/2026\/09\/laurent-mekies-red-bull-racing.jpg","width":1200,"height":800,"caption":"Laurent Mekies"},"datePublished":"2026-08-29T23:35:05-06:00","dateModified":"2026-09-05T23:46:39-06:00","inLanguage":"es-MX","mainEntityOfPage":{"@id":"https:\/\/redeportivamx.com\/index.php\/2026\/08\/29\/formula-1-laurent-mekies-revela-la-mentalidad-detras-de-la-remontada-de-max-verstappen-en-2025\/#webpage"},"isPartOf":{"@id":"https:\/\/redeportivamx.com\/index.php\/2026\/08\/29\/formula-1-laurent-mekies-revela-la-mentalidad-detras-de-la-remontada-de-max-verstappen-en-2025\/#webpage"},"articleSection":"Formula 1, F1, Formula 1, Lando Norris, Laurent Mekies, Max Verstappen, Motorsport, Red Bull"},{"@type":"BreadcrumbList","@id":"https:\/\/redeportivamx.com\/index.php\/2026\/08\/29\/formula-1-laurent-mekies-revela-la-mentalidad-detras-de-la-remontada-de-max-verstappen-en-2025\/#breadcrumblist","itemListElement":[{"@type":"ListItem","@id":"https:\/\/redeportivamx.com#listItem","position":1,"name":"Home","item":"https:\/\/redeportivamx.com","nextItem":{"@type":"ListItem","@id":"https:\/\/redeportivamx.com\/index.php\/category\/formula-1\/#listItem","name":"Formula 1"}},{"@type":"ListItem","@id":"https:\/\/redeportivamx.com\/index.php\/category\/formula-1\/#listItem","position":2,"name":"Formula 1","item":"https:\/\/redeportivamx.com\/index.php\/category\/formula-1\/","nextItem":{"@type":"ListItem","@id":"https:\/\/redeportivamx.com\/index.php\/2026\/08\/29\/formula-1-laurent-mekies-revela-la-mentalidad-detras-de-la-remontada-de-max-verstappen-en-2025\/#listItem","name":"Formula 1: Laurent Mekies revela la mentalidad detr\u00e1s de la remontada de Max Verstappen en 2025"},"previousItem":{"@type":"ListItem","@id":"https:\/\/redeportivamx.com#listItem","name":"Home"}},{"@type":"ListItem","@id":"https:\/\/redeportivamx.com\/index.php\/2026\/08\/29\/formula-1-laurent-mekies-revela-la-mentalidad-detras-de-la-remontada-de-max-verstappen-en-2025\/#listItem","position":3,"name":"Formula 1: Laurent Mekies revela la mentalidad detr\u00e1s de la remontada de Max Verstappen en 2025","previousItem":{"@type":"ListItem","@id":"https:\/\/redeportivamx.com\/index.php\/category\/formula-1\/#listItem","name":"Formula 1"}}]},{"@type":"Organization","@id":"https:\/\/redeportivamx.com\/#organization","name":"redeportivamx.com","description":"\u00a1Conectando tu pasi\u00f3n!","url":"https:\/\/redeportivamx.com\/","sameAs":["https:\/\/www.facebook.com\/profile.php?id=61565592572733","https:\/\/x.com\/Redeportivamx?s=20","https:\/\/www.instagram.com\/redeportivamx\/","https:\/\/www.tiktok.com\/@redeportiva.mx","https:\/\/www.youtube.com\/@Redeportiva-MX"]},{"@type":"Person","@id":"https:\/\/redeportivamx.com\/index.php\/author\/emilio-velazquez\/#author","url":"https:\/\/redeportivamx.com\/index.php\/author\/emilio-velazquez\/","name":"Emilio Vel\u00e1zquez","image":{"@type":"ImageObject","@id":"https:\/\/redeportivamx.com\/index.php\/2026\/08\/29\/formula-1-laurent-mekies-revela-la-mentalidad-detras-de-la-remontada-de-max-verstappen-en-2025\/#authorImage","url":"https:\/\/secure.gravatar.com\/avatar\/45b27d1f278cf0ccab389d50c4eac92ca0117f506a2ef5a3ff7a8b376bca6f8a?s=96&d=mm&r=g","width":96,"height":96,"caption":"Emilio Vel\u00e1zquez"}},{"@type":"WebPage","@id":"https:\/\/redeportivamx.com\/index.php\/2026\/08\/29\/formula-1-laurent-mekies-revela-la-mentalidad-detras-de-la-remontada-de-max-verstappen-en-2025\/#webpage","url":"https:\/\/redeportivamx.com\/index.php\/2026\/08\/29\/formula-1-laurent-mekies-revela-la-mentalidad-detras-de-la-remontada-de-max-verstappen-en-2025\/","name":"Formula 1: Laurent Mekies revela la mentalidad detr\u00e1s de la remontada de Max Verstappen en 2025 - Redeportiva MX","description":"Laurent Mekies destaca la mentalidad de Red Bull y el nivel de Max Verstappen para pelear el t\u00edtulo de 2025. El director del equipo Red Bull, Laurent Mekies, analiz\u00f3 los factores internos que impulsaron la hist\u00f3rica reacci\u00f3n de Max Verstappen durante la temporada 2025 de la Formula 1. El directivo franc\u00e9s asumi\u00f3 el mando de","inLanguage":"es-MX","isPartOf":{"@id":"https:\/\/redeportivamx.com\/#website"},"breadcrumb":{"@id":"https:\/\/redeportivamx.com\/index.php\/2026\/08\/29\/formula-1-laurent-mekies-revela-la-mentalidad-detras-de-la-remontada-de-max-verstappen-en-2025\/#breadcrumblist"},"author":{"@id":"https:\/\/redeportivamx.com\/index.php\/author\/emilio-velazquez\/#author"},"creator":{"@id":"https:\/\/redeportivamx.com\/index.php\/author\/emilio-velazquez\/#author"},"image":{"@type":"ImageObject","url":"https:\/\/redeportivamx.com\/wp-content\/uploads\/2026\/09\/laurent-mekies-red-bull-racing.jpg","@id":"https:\/\/redeportivamx.com\/index.php\/2026\/08\/29\/formula-1-laurent-mekies-revela-la-mentalidad-detras-de-la-remontada-de-max-verstappen-en-2025\/#mainImage","width":1200,"height":800,"caption":"Laurent Mekies"},"primaryImageOfPage":{"@id":"https:\/\/redeportivamx.com\/index.php\/2026\/08\/29\/formula-1-laurent-mekies-revela-la-mentalidad-detras-de-la-remontada-de-max-verstappen-en-2025\/#mainImage"},"datePublished":"2026-08-29T23:35:05-06:00","dateModified":"2026-09-05T23:46:39-06:00"},{"@type":"WebSite","@id":"https:\/\/redeportivamx.com\/#website","url":"https:\/\/redeportivamx.com\/","name":"redeportivamx.com","description":"\u00a1Conectando tu pasi\u00f3n!","inLanguage":"es-MX","publisher":{"@id":"https:\/\/redeportivamx.com\/#organization"}}]},"og:locale":"es_MX","og:site_name":"Redeportiva MX - \u00a1Conectando tu pasi\u00f3n!","og:type":"sport","og:title":"Formula 1: Laurent Mekies revela la mentalidad detr\u00e1s de la remontada de Max Verstappen en 2025 - Redeportiva MX","og:description":"Laurent Mekies destaca la mentalidad de Red Bull y el nivel de Max Verstappen para pelear el t\u00edtulo de 2025. El director del equipo Red Bull, Laurent Mekies, analiz\u00f3 los factores internos que impulsaron la hist\u00f3rica reacci\u00f3n de Max Verstappen durante la temporada 2025 de la Formula 1. El directivo franc\u00e9s asumi\u00f3 el mando de","og:url":"https:\/\/redeportivamx.com\/index.php\/2026\/08\/29\/formula-1-laurent-mekies-revela-la-mentalidad-detras-de-la-remontada-de-max-verstappen-en-2025\/","og:image":"https:\/\/redeportivamx.com\/wp-content\/uploads\/2026\/09\/laurent-mekies-red-bull-racing.jpg","og:image:secure_url":"https:\/\/redeportivamx.com\/wp-content\/uploads\/2026\/09\/laurent-mekies-red-bull-racing.jpg","og:image:width":1200,"og:image:height":800,"twitter:card":"summary_large_image","twitter:site":"@Redeportivamx","twitter:title":"Formula 1: Laurent Mekies revela la mentalidad detr\u00e1s de la remontada de Max Verstappen en 2025 - Redeportiva MX","twitter:description":"Laurent Mekies destaca la mentalidad de Red Bull y el nivel de Max Verstappen para pelear el t\u00edtulo de 2025. El director del equipo Red Bull, Laurent Mekies, analiz\u00f3 los factores internos que impulsaron la hist\u00f3rica reacci\u00f3n de Max Verstappen durante la temporada 2025 de la Formula 1. El directivo franc\u00e9s asumi\u00f3 el mando de","twitter:creator":"@Redeportivamx","twitter:image":"https:\/\/redeportivamx.com\/wp-content\/uploads\/2026\/09\/laurent-mekies-red-bull-racing.jpg"},"aioseo_meta_data":{"post_id":"52870","title":null,"description":null,"keywords":null,"keyphrases":{"focus":{"keyphrase":"Laurent Mekies","score":0,"analysis":[]},"additional":[]},"primary_term":null,"canonical_url":null,"og_title":null,"og_description":null,"og_object_type":"default","og_image_type":"default","og_image_url":null,"og_image_width":null,"og_image_height":null,"og_image_custom_url":null,"og_image_custom_fields":null,"og_video":"","og_custom_url":null,"og_article_section":null,"og_article_tags":null,"twitter_use_og":false,"twitter_card":"default","twitter_image_type":"default","twitter_image_url":null,"twitter_image_custom_url":null,"twitter_image_custom_fields":null,"twitter_title":null,"twitter_description":null,"schema":{"blockGraphs":[],"customGraphs":[],"default":{"data":{"Article":[],"Course":[],"Dataset":[],"FAQPage":[],"Movie":[],"Person":[],"Product":[],"ProductReview":[],"Car":[],"Recipe":[],"Service":[],"SoftwareApplication":[],"WebPage":[]},"graphName":"BlogPosting","isEnabled":true},"graphs":[]},"schema_type":"default","schema_type_options":null,"pillar_content":false,"robots_default":true,"robots_noindex":false,"robots_noarchive":false,"robots_nosnippet":false,"robots_nofollow":false,"robots_noimageindex":false,"robots_noodp":false,"robots_notranslate":false,"robots_max_snippet":"-1","robots_max_videopreview":"-1","robots_max_imagepreview":"large","priority":null,"frequency":"default","local_seo":null,"breadcrumb_settings":null,"limit_modified_date":false,"ai":{"faqs":[],"keyPoints":[],"schemas":[],"titles":[],"descriptions":[],"socialPosts":{"email":{"subject":"","preview":"","content":""},"linkedin":[],"twitter":[],"facebook":[],"instagram":[]}},"created":"2026-09-06 05:39:14","updated":"2026-09-06 05:46:39","seo_analyzer_scan_date":null,"focus_keyword":"Laurent Mekies","additional_keywords":null,"truseo_locale":null},"aioseo_breadcrumb":"<div class=\"aioseo-breadcrumbs\"><span class=\"aioseo-breadcrumb\">\n\t\t\t<a href=\"https:\/\/redeportivamx.com\" title=\"Home\">Home<\/a>\n\t\t<\/span><span class=\"aioseo-breadcrumb-separator\">&raquo;<\/span><span class=\"aioseo-breadcrumb\">\n\t\t\t<a href=\"https:\/\/redeportivamx.com\/index.php\/category\/formula-1\/\" title=\"Formula 1\">Formula 1<\/a>\n\t\t<\/span><span class=\"aioseo-breadcrumb-separator\">&raquo;<\/span><span class=\"aioseo-breadcrumb\">\n\t\t\tFormula 1: Laurent Mekies revela la mentalidad detr\u00e1s de la remontada de Max Verstappen en 2025\n\t\t<\/span><\/div>","aioseo_breadcrumb_json":[{"label":"Home","link":"https:\/\/redeportivamx.com"},{"label":"Formula 1","link":"https:\/\/redeportivamx.com\/index.php\/category\/formula-1\/"},{"label":"Formula 1: Laurent Mekies revela la mentalidad detr\u00e1s de la remontada de Max Verstappen en 2025","link":"https:\/\/redeportivamx.com\/index.php\/2026\/08\/29\/formula-1-laurent-mekies-revela-la-mentalidad-detras-de-la-remontada-de-max-verstappen-en-2025\/"}],"jetpack_sharing_enabled":true,"jetpack_featured_media_url":"https:\/\/redeportivamx.com\/wp-content\/uploads\/2026\/09\/laurent-mekies-red-bull-racing.jpg","_links":{"self":[{"href":"https:\/\/redeportivamx.com\/index.php\/wp-json\/wp\/v2\/posts\/52870","targetHints":{"allow":["GET"]}}],"collection":[{"href":"https:\/\/redeportivamx.com\/index.php\/wp-json\/wp\/v2\/posts"}],"about":[{"href":"https:\/\/redeportivamx.com\/index.php\/wp-json\/wp\/v2\/types\/post"}],"author":[{"embeddable":true,"href":"https:\/\/redeportivamx.com\/index.php\/wp-json\/wp\/v2\/users\/9"}],"replies":[{"embeddable":true,"href":"https:\/\/redeportivamx.com\/index.php\/wp-json\/wp\/v2\/comments?post=52870"}],"version-history":[{"count":1,"href":"https:\/\/redeportivamx.com\/index.php\/wp-json\/wp\/v2\/posts\/52870\/revisions"}],"predecessor-version":[{"id":52881,"href":"https:\/\/redeportivamx.com\/index.php\/wp-json\/wp\/v2\/posts\/52870\/revisions\/52881"}],"wp:featuredmedia":[{"embeddable":true,"href":"https:\/\/redeportivamx.com\/index.php\/wp-json\/wp\/v2\/media\/52880"}],"wp:attachment":[{"href":"https:\/\/redeportivamx.com\/index.php\/wp-json\/wp\/v2\/media?parent=52870"}],"wp:term":[{"taxonomy":"category","embeddable":true,"href":"https:\/\/redeportivamx.com\/index.php\/wp-json\/wp\/v2\/categories?post=52870"},{"taxonomy":"post_tag","embeddable":true,"href":"https:\/\/redeportivamx.com\/index.php\/wp-json\/wp\/v2\/tags?post=52870"}],"curies":[{"name":"wp","href":"https:\/\/api.w.org\/{rel}","templated":true}]}}