{"id":52869,"date":"2026-08-27T23:35:01","date_gmt":"2026-08-28T05:35:01","guid":{"rendered":"https:\/\/redeportivamx.com\/?p=52869"},"modified":"2026-09-05T23:41:56","modified_gmt":"2026-09-06T05:41:56","slug":"formula-1-stefano-domenicali-respalda-el-posible-regreso-de-los-motores-v8","status":"publish","type":"post","link":"https:\/\/redeportivamx.com\/index.php\/2026\/08\/27\/formula-1-stefano-domenicali-respalda-el-posible-regreso-de-los-motores-v8\/","title":{"rendered":"Formula 1: Stefano Domenicali respalda el posible regreso de los motores V8"},"content":{"rendered":"\n<h2 class=\"wp-block-heading\">Stefano Domenicali apoya la propuesta de la FIA para reintroducir motores V8 sostenibles en 2030.<\/h2>\n\n\n\n<p class=\"wp-block-paragraph\"><strong>El presidente y director ejecutivo de la <a href=\"https:\/\/redeportivamx.com\/index.php\/category\/formula-1\/\">Formula 1<\/a>, Stefano Domenicali, manifest\u00f3 su respaldo a la propuesta de traer de vuelta los motores V8 a partir de la temporada 2030.<\/strong> La iniciativa, impulsada inicialmente por el presidente de la <strong><a href=\"https:\/\/www.fia.com\/\" target=\"_blank\" rel=\"noopener\">FIA<\/a><\/strong>, Mohammed Ben Sulayem, plantea combinar motores V8 atmosf\u00e9ricos de combusti\u00f3n interna con combustibles totalmente sostenibles, una direcci\u00f3n t\u00e9cnica que ha generado una recepci\u00f3n muy favorable entre varios equipos y pilotos de la parrilla actual.<\/p>\n\n\n\n<p class=\"wp-block-paragraph\">El l\u00edder de la federaci\u00f3n internacional ya hab\u00eda expresado en meses recientes su deseo de volver a las unidades de potencia tradicionales, se\u00f1alando durante el Gran Premio de Miami que el retorno de esta arquitectura de propulsi\u00f3n es cuesti\u00f3n de tiempo. Pese a haber defendido activamente el reglamento t\u00e9cnico actual de cara al ciclo de 2026, Domenicali reconoci\u00f3 en declaraciones al diario De Telegraaf que la posibilidad es considerable, asegurando que ambas entidades caminan en la direcci\u00f3n correcta para definir el futuro de la categor\u00eda.<\/p>\n\n\n\n<p class=\"wp-block-paragraph\">Este planteamiento surge en el arranque del debate t\u00e9cnico sobre la viabilidad a largo plazo de las unidades de potencia de 2026, cuyas normas han dividido opiniones en el paddock. Al respecto, el dirigente italiano enfatiz\u00f3 que la voz de los pilotos tendr\u00e1 un peso determinante en la toma de decisiones, calific\u00e1ndolos como el mayor patrimonio del deporte frente a las exigencias que impusieron los fabricantes automotrices a\u00f1os atr\u00e1s.<\/p>\n\n\n\n<p class=\"wp-block-paragraph\">El desaf\u00edo principal para la Formula 1 radicar\u00e1 en encontrar un equilibrio entre la nostalgia de los aficionados que extra\u00f1an el sonido caracter\u00edstico de los ocho cilindros y los intereses comerciales de las marcas constructoras. Con el desarrollo de los combustibles sostenibles como estandarte ecol\u00f3gico, la categor\u00eda busca mantener su relevancia tecnol\u00f3gica mientras recupera la emoci\u00f3n ac\u00fastica que cautiv\u00f3 al p\u00fablico durante d\u00e9cadas.<\/p>\n","protected":false},"excerpt":{"rendered":"<p>Stefano Domenicali apoya la propuesta de la FIA para reintroducir motores V8 sostenibles en 2030. El presidente y director ejecutivo de la Formula 1, Stefano Domenicali, manifest\u00f3 su respaldo a la propuesta de traer de vuelta los motores V8 a partir de la temporada 2030. La iniciativa, impulsada inicialmente por el presidente de la FIA, [&hellip;]<\/p>\n","protected":false},"author":9,"featured_media":52876,"comment_status":"open","ping_status":"open","sticky":false,"template":"","format":"standard","meta":{"_monsterinsights_skip_tracking":false,"_jetpack_newsletter_access":"","_jetpack_dont_email_post_to_subs":false,"_jetpack_newsletter_tier_id":0,"_jetpack_memberships_contains_paywalled_content":false,"_jetpack_feature_clip_id":0,"_jetpack_memberships_contains_paid_content":false,"footnotes":"","jetpack_post_was_ever_published":false},"categories":[7],"tags":[67,45,3102,2571,3101],"class_list":["post-52869","post","type-post","status-publish","format-standard","has-post-thumbnail","hentry","category-formula-1","tag-f1","tag-formula-1","tag-mohammed-ben-sulayem","tag-motorsport","tag-stefano-domenicali"],"aioseo_notices":[],"aioseo_head":"\n\t\t<!-- All in One SEO 5.0.1.1 - aioseo.com -->\n\t<meta name=\"description\" content=\"Stefano Domenicali apoya la propuesta de la FIA para reintroducir motores V8 sostenibles en 2030. El presidente y director ejecutivo de la Formula 1, Stefano Domenicali, manifest\u00f3 su respaldo a la propuesta de traer de vuelta los motores V8 a partir de la temporada 2030. La iniciativa, impulsada inicialmente por el presidente de la FIA,\" \/>\n\t<meta name=\"robots\" content=\"max-image-preview:large\" \/>\n\t<meta name=\"author\" content=\"Emilio Vel\u00e1zquez\"\/>\n\t<link rel=\"canonical\" href=\"https:\/\/redeportivamx.com\/index.php\/2026\/08\/27\/formula-1-stefano-domenicali-respalda-el-posible-regreso-de-los-motores-v8\/\" \/>\n\t<meta name=\"generator\" content=\"All in One SEO (AIOSEO) 5.0.1.1\" \/>\n\t\t<meta property=\"og:locale\" content=\"es_MX\" \/>\n\t\t<meta property=\"og:site_name\" content=\"Redeportiva MX - \u00a1Conectando tu pasi\u00f3n!\" \/>\n\t\t<meta property=\"og:type\" content=\"sport\" \/>\n\t\t<meta property=\"og:title\" content=\"Formula 1: Stefano Domenicali respalda el posible regreso de los motores V8 - Redeportiva MX\" \/>\n\t\t<meta property=\"og:description\" content=\"Stefano Domenicali apoya la propuesta de la FIA para reintroducir motores V8 sostenibles en 2030. El presidente y director ejecutivo de la Formula 1, Stefano Domenicali, manifest\u00f3 su respaldo a la propuesta de traer de vuelta los motores V8 a partir de la temporada 2030. La iniciativa, impulsada inicialmente por el presidente de la FIA,\" \/>\n\t\t<meta property=\"og:url\" content=\"https:\/\/redeportivamx.com\/index.php\/2026\/08\/27\/formula-1-stefano-domenicali-respalda-el-posible-regreso-de-los-motores-v8\/\" \/>\n\t\t<meta property=\"og:image\" content=\"https:\/\/redeportivamx.com\/wp-content\/uploads\/2026\/09\/stefano-domenicali-ceo-de-la-f.webp\" \/>\n\t\t<meta property=\"og:image:secure_url\" content=\"https:\/\/redeportivamx.com\/wp-content\/uploads\/2026\/09\/stefano-domenicali-ceo-de-la-f.webp\" \/>\n\t\t<meta property=\"og:image:width\" content=\"1000\" \/>\n\t\t<meta property=\"og:image:height\" content=\"666\" \/>\n\t\t<meta name=\"twitter:card\" content=\"summary_large_image\" \/>\n\t\t<meta name=\"twitter:site\" content=\"@Redeportivamx\" \/>\n\t\t<meta name=\"twitter:title\" content=\"Formula 1: Stefano Domenicali respalda el posible regreso de los motores V8 - Redeportiva MX\" \/>\n\t\t<meta name=\"twitter:description\" content=\"Stefano Domenicali apoya la propuesta de la FIA para reintroducir motores V8 sostenibles en 2030. El presidente y director ejecutivo de la Formula 1, Stefano Domenicali, manifest\u00f3 su respaldo a la propuesta de traer de vuelta los motores V8 a partir de la temporada 2030. La iniciativa, impulsada inicialmente por el presidente de la FIA,\" \/>\n\t\t<meta name=\"twitter:creator\" content=\"@Redeportivamx\" \/>\n\t\t<meta name=\"twitter:image\" content=\"https:\/\/redeportivamx.com\/wp-content\/uploads\/2026\/09\/stefano-domenicali-ceo-de-la-f.webp\" \/>\n\t\t<script type=\"application\/ld+json\" class=\"aioseo-schema\">\n\t\t\t{\"@context\":\"https:\\\/\\\/schema.org\",\"@graph\":[{\"@type\":\"BlogPosting\",\"@id\":\"https:\\\/\\\/redeportivamx.com\\\/index.php\\\/2026\\\/08\\\/27\\\/formula-1-stefano-domenicali-respalda-el-posible-regreso-de-los-motores-v8\\\/#blogposting\",\"name\":\"Formula 1: Stefano Domenicali respalda el posible regreso de los motores V8 - Redeportiva MX\",\"headline\":\"Formula 1: Stefano Domenicali respalda el posible regreso de los motores V8\",\"author\":{\"@id\":\"https:\\\/\\\/redeportivamx.com\\\/index.php\\\/author\\\/emilio-velazquez\\\/#author\"},\"publisher\":{\"@id\":\"https:\\\/\\\/redeportivamx.com\\\/#organization\"},\"image\":{\"@type\":\"ImageObject\",\"url\":\"https:\\\/\\\/redeportivamx.com\\\/wp-content\\\/uploads\\\/2026\\\/09\\\/stefano-domenicali-ceo-de-la-f.webp\",\"width\":1000,\"height\":666,\"caption\":\"Stefano Domenicali by: Lars Baron\"},\"datePublished\":\"2026-08-27T23:35:01-06:00\",\"dateModified\":\"2026-09-05T23:41:56-06:00\",\"inLanguage\":\"es-MX\",\"mainEntityOfPage\":{\"@id\":\"https:\\\/\\\/redeportivamx.com\\\/index.php\\\/2026\\\/08\\\/27\\\/formula-1-stefano-domenicali-respalda-el-posible-regreso-de-los-motores-v8\\\/#webpage\"},\"isPartOf\":{\"@id\":\"https:\\\/\\\/redeportivamx.com\\\/index.php\\\/2026\\\/08\\\/27\\\/formula-1-stefano-domenicali-respalda-el-posible-regreso-de-los-motores-v8\\\/#webpage\"},\"articleSection\":\"Formula 1, F1, Formula 1, Mohammed Ben Sulayem, Motorsport, Stefano Domenicali\"},{\"@type\":\"BreadcrumbList\",\"@id\":\"https:\\\/\\\/redeportivamx.com\\\/index.php\\\/2026\\\/08\\\/27\\\/formula-1-stefano-domenicali-respalda-el-posible-regreso-de-los-motores-v8\\\/#breadcrumblist\",\"itemListElement\":[{\"@type\":\"ListItem\",\"@id\":\"https:\\\/\\\/redeportivamx.com#listItem\",\"position\":1,\"name\":\"Home\",\"item\":\"https:\\\/\\\/redeportivamx.com\",\"nextItem\":{\"@type\":\"ListItem\",\"@id\":\"https:\\\/\\\/redeportivamx.com\\\/index.php\\\/category\\\/formula-1\\\/#listItem\",\"name\":\"Formula 1\"}},{\"@type\":\"ListItem\",\"@id\":\"https:\\\/\\\/redeportivamx.com\\\/index.php\\\/category\\\/formula-1\\\/#listItem\",\"position\":2,\"name\":\"Formula 1\",\"item\":\"https:\\\/\\\/redeportivamx.com\\\/index.php\\\/category\\\/formula-1\\\/\",\"nextItem\":{\"@type\":\"ListItem\",\"@id\":\"https:\\\/\\\/redeportivamx.com\\\/index.php\\\/2026\\\/08\\\/27\\\/formula-1-stefano-domenicali-respalda-el-posible-regreso-de-los-motores-v8\\\/#listItem\",\"name\":\"Formula 1: Stefano Domenicali respalda el posible regreso de los motores V8\"},\"previousItem\":{\"@type\":\"ListItem\",\"@id\":\"https:\\\/\\\/redeportivamx.com#listItem\",\"name\":\"Home\"}},{\"@type\":\"ListItem\",\"@id\":\"https:\\\/\\\/redeportivamx.com\\\/index.php\\\/2026\\\/08\\\/27\\\/formula-1-stefano-domenicali-respalda-el-posible-regreso-de-los-motores-v8\\\/#listItem\",\"position\":3,\"name\":\"Formula 1: Stefano Domenicali respalda el posible regreso de los motores V8\",\"previousItem\":{\"@type\":\"ListItem\",\"@id\":\"https:\\\/\\\/redeportivamx.com\\\/index.php\\\/category\\\/formula-1\\\/#listItem\",\"name\":\"Formula 1\"}}]},{\"@type\":\"Organization\",\"@id\":\"https:\\\/\\\/redeportivamx.com\\\/#organization\",\"name\":\"redeportivamx.com\",\"description\":\"\\u00a1Conectando tu pasi\\u00f3n!\",\"url\":\"https:\\\/\\\/redeportivamx.com\\\/\",\"sameAs\":[\"https:\\\/\\\/www.facebook.com\\\/profile.php?id=61565592572733\",\"https:\\\/\\\/x.com\\\/Redeportivamx?s=20\",\"https:\\\/\\\/www.instagram.com\\\/redeportivamx\\\/\",\"https:\\\/\\\/www.tiktok.com\\\/@redeportiva.mx\",\"https:\\\/\\\/www.youtube.com\\\/@Redeportiva-MX\"]},{\"@type\":\"Person\",\"@id\":\"https:\\\/\\\/redeportivamx.com\\\/index.php\\\/author\\\/emilio-velazquez\\\/#author\",\"url\":\"https:\\\/\\\/redeportivamx.com\\\/index.php\\\/author\\\/emilio-velazquez\\\/\",\"name\":\"Emilio Vel\\u00e1zquez\",\"image\":{\"@type\":\"ImageObject\",\"@id\":\"https:\\\/\\\/redeportivamx.com\\\/index.php\\\/2026\\\/08\\\/27\\\/formula-1-stefano-domenicali-respalda-el-posible-regreso-de-los-motores-v8\\\/#authorImage\",\"url\":\"https:\\\/\\\/secure.gravatar.com\\\/avatar\\\/45b27d1f278cf0ccab389d50c4eac92ca0117f506a2ef5a3ff7a8b376bca6f8a?s=96&d=mm&r=g\",\"width\":96,\"height\":96,\"caption\":\"Emilio Vel\\u00e1zquez\"}},{\"@type\":\"WebPage\",\"@id\":\"https:\\\/\\\/redeportivamx.com\\\/index.php\\\/2026\\\/08\\\/27\\\/formula-1-stefano-domenicali-respalda-el-posible-regreso-de-los-motores-v8\\\/#webpage\",\"url\":\"https:\\\/\\\/redeportivamx.com\\\/index.php\\\/2026\\\/08\\\/27\\\/formula-1-stefano-domenicali-respalda-el-posible-regreso-de-los-motores-v8\\\/\",\"name\":\"Formula 1: Stefano Domenicali respalda el posible regreso de los motores V8 - Redeportiva MX\",\"description\":\"Stefano Domenicali apoya la propuesta de la FIA para reintroducir motores V8 sostenibles en 2030. El presidente y director ejecutivo de la Formula 1, Stefano Domenicali, manifest\\u00f3 su respaldo a la propuesta de traer de vuelta los motores V8 a partir de la temporada 2030. La iniciativa, impulsada inicialmente por el presidente de la FIA,\",\"inLanguage\":\"es-MX\",\"isPartOf\":{\"@id\":\"https:\\\/\\\/redeportivamx.com\\\/#website\"},\"breadcrumb\":{\"@id\":\"https:\\\/\\\/redeportivamx.com\\\/index.php\\\/2026\\\/08\\\/27\\\/formula-1-stefano-domenicali-respalda-el-posible-regreso-de-los-motores-v8\\\/#breadcrumblist\"},\"author\":{\"@id\":\"https:\\\/\\\/redeportivamx.com\\\/index.php\\\/author\\\/emilio-velazquez\\\/#author\"},\"creator\":{\"@id\":\"https:\\\/\\\/redeportivamx.com\\\/index.php\\\/author\\\/emilio-velazquez\\\/#author\"},\"image\":{\"@type\":\"ImageObject\",\"url\":\"https:\\\/\\\/redeportivamx.com\\\/wp-content\\\/uploads\\\/2026\\\/09\\\/stefano-domenicali-ceo-de-la-f.webp\",\"@id\":\"https:\\\/\\\/redeportivamx.com\\\/index.php\\\/2026\\\/08\\\/27\\\/formula-1-stefano-domenicali-respalda-el-posible-regreso-de-los-motores-v8\\\/#mainImage\",\"width\":1000,\"height\":666,\"caption\":\"Stefano Domenicali by: Lars Baron\"},\"primaryImageOfPage\":{\"@id\":\"https:\\\/\\\/redeportivamx.com\\\/index.php\\\/2026\\\/08\\\/27\\\/formula-1-stefano-domenicali-respalda-el-posible-regreso-de-los-motores-v8\\\/#mainImage\"},\"datePublished\":\"2026-08-27T23:35:01-06:00\",\"dateModified\":\"2026-09-05T23:41:56-06:00\"},{\"@type\":\"WebSite\",\"@id\":\"https:\\\/\\\/redeportivamx.com\\\/#website\",\"url\":\"https:\\\/\\\/redeportivamx.com\\\/\",\"name\":\"redeportivamx.com\",\"description\":\"\\u00a1Conectando tu pasi\\u00f3n!\",\"inLanguage\":\"es-MX\",\"publisher\":{\"@id\":\"https:\\\/\\\/redeportivamx.com\\\/#organization\"}}]}\n\t\t<\/script>\n\t\t<!-- All in One SEO -->\n\n","aioseo_head_json":{"title":"Formula 1: Stefano Domenicali respalda el posible regreso de los motores V8 - Redeportiva MX","description":"Stefano Domenicali apoya la propuesta de la FIA para reintroducir motores V8 sostenibles en 2030. El presidente y director ejecutivo de la Formula 1, Stefano Domenicali, manifest\u00f3 su respaldo a la propuesta de traer de vuelta los motores V8 a partir de la temporada 2030. La iniciativa, impulsada inicialmente por el presidente de la FIA,","canonical_url":"https:\/\/redeportivamx.com\/index.php\/2026\/08\/27\/formula-1-stefano-domenicali-respalda-el-posible-regreso-de-los-motores-v8\/","robots":"max-image-preview:large","keywords":"","webmasterTools":{"miscellaneous":""},"schema":{"@context":"https:\/\/schema.org","@graph":[{"@type":"BlogPosting","@id":"https:\/\/redeportivamx.com\/index.php\/2026\/08\/27\/formula-1-stefano-domenicali-respalda-el-posible-regreso-de-los-motores-v8\/#blogposting","name":"Formula 1: Stefano Domenicali respalda el posible regreso de los motores V8 - Redeportiva MX","headline":"Formula 1: Stefano Domenicali respalda el posible regreso de los motores V8","author":{"@id":"https:\/\/redeportivamx.com\/index.php\/author\/emilio-velazquez\/#author"},"publisher":{"@id":"https:\/\/redeportivamx.com\/#organization"},"image":{"@type":"ImageObject","url":"https:\/\/redeportivamx.com\/wp-content\/uploads\/2026\/09\/stefano-domenicali-ceo-de-la-f.webp","width":1000,"height":666,"caption":"Stefano Domenicali by: Lars Baron"},"datePublished":"2026-08-27T23:35:01-06:00","dateModified":"2026-09-05T23:41:56-06:00","inLanguage":"es-MX","mainEntityOfPage":{"@id":"https:\/\/redeportivamx.com\/index.php\/2026\/08\/27\/formula-1-stefano-domenicali-respalda-el-posible-regreso-de-los-motores-v8\/#webpage"},"isPartOf":{"@id":"https:\/\/redeportivamx.com\/index.php\/2026\/08\/27\/formula-1-stefano-domenicali-respalda-el-posible-regreso-de-los-motores-v8\/#webpage"},"articleSection":"Formula 1, F1, Formula 1, Mohammed Ben Sulayem, Motorsport, Stefano Domenicali"},{"@type":"BreadcrumbList","@id":"https:\/\/redeportivamx.com\/index.php\/2026\/08\/27\/formula-1-stefano-domenicali-respalda-el-posible-regreso-de-los-motores-v8\/#breadcrumblist","itemListElement":[{"@type":"ListItem","@id":"https:\/\/redeportivamx.com#listItem","position":1,"name":"Home","item":"https:\/\/redeportivamx.com","nextItem":{"@type":"ListItem","@id":"https:\/\/redeportivamx.com\/index.php\/category\/formula-1\/#listItem","name":"Formula 1"}},{"@type":"ListItem","@id":"https:\/\/redeportivamx.com\/index.php\/category\/formula-1\/#listItem","position":2,"name":"Formula 1","item":"https:\/\/redeportivamx.com\/index.php\/category\/formula-1\/","nextItem":{"@type":"ListItem","@id":"https:\/\/redeportivamx.com\/index.php\/2026\/08\/27\/formula-1-stefano-domenicali-respalda-el-posible-regreso-de-los-motores-v8\/#listItem","name":"Formula 1: Stefano Domenicali respalda el posible regreso de los motores V8"},"previousItem":{"@type":"ListItem","@id":"https:\/\/redeportivamx.com#listItem","name":"Home"}},{"@type":"ListItem","@id":"https:\/\/redeportivamx.com\/index.php\/2026\/08\/27\/formula-1-stefano-domenicali-respalda-el-posible-regreso-de-los-motores-v8\/#listItem","position":3,"name":"Formula 1: Stefano Domenicali respalda el posible regreso de los motores V8","previousItem":{"@type":"ListItem","@id":"https:\/\/redeportivamx.com\/index.php\/category\/formula-1\/#listItem","name":"Formula 1"}}]},{"@type":"Organization","@id":"https:\/\/redeportivamx.com\/#organization","name":"redeportivamx.com","description":"\u00a1Conectando tu pasi\u00f3n!","url":"https:\/\/redeportivamx.com\/","sameAs":["https:\/\/www.facebook.com\/profile.php?id=61565592572733","https:\/\/x.com\/Redeportivamx?s=20","https:\/\/www.instagram.com\/redeportivamx\/","https:\/\/www.tiktok.com\/@redeportiva.mx","https:\/\/www.youtube.com\/@Redeportiva-MX"]},{"@type":"Person","@id":"https:\/\/redeportivamx.com\/index.php\/author\/emilio-velazquez\/#author","url":"https:\/\/redeportivamx.com\/index.php\/author\/emilio-velazquez\/","name":"Emilio Vel\u00e1zquez","image":{"@type":"ImageObject","@id":"https:\/\/redeportivamx.com\/index.php\/2026\/08\/27\/formula-1-stefano-domenicali-respalda-el-posible-regreso-de-los-motores-v8\/#authorImage","url":"https:\/\/secure.gravatar.com\/avatar\/45b27d1f278cf0ccab389d50c4eac92ca0117f506a2ef5a3ff7a8b376bca6f8a?s=96&d=mm&r=g","width":96,"height":96,"caption":"Emilio Vel\u00e1zquez"}},{"@type":"WebPage","@id":"https:\/\/redeportivamx.com\/index.php\/2026\/08\/27\/formula-1-stefano-domenicali-respalda-el-posible-regreso-de-los-motores-v8\/#webpage","url":"https:\/\/redeportivamx.com\/index.php\/2026\/08\/27\/formula-1-stefano-domenicali-respalda-el-posible-regreso-de-los-motores-v8\/","name":"Formula 1: Stefano Domenicali respalda el posible regreso de los motores V8 - Redeportiva MX","description":"Stefano Domenicali apoya la propuesta de la FIA para reintroducir motores V8 sostenibles en 2030. El presidente y director ejecutivo de la Formula 1, Stefano Domenicali, manifest\u00f3 su respaldo a la propuesta de traer de vuelta los motores V8 a partir de la temporada 2030. La iniciativa, impulsada inicialmente por el presidente de la FIA,","inLanguage":"es-MX","isPartOf":{"@id":"https:\/\/redeportivamx.com\/#website"},"breadcrumb":{"@id":"https:\/\/redeportivamx.com\/index.php\/2026\/08\/27\/formula-1-stefano-domenicali-respalda-el-posible-regreso-de-los-motores-v8\/#breadcrumblist"},"author":{"@id":"https:\/\/redeportivamx.com\/index.php\/author\/emilio-velazquez\/#author"},"creator":{"@id":"https:\/\/redeportivamx.com\/index.php\/author\/emilio-velazquez\/#author"},"image":{"@type":"ImageObject","url":"https:\/\/redeportivamx.com\/wp-content\/uploads\/2026\/09\/stefano-domenicali-ceo-de-la-f.webp","@id":"https:\/\/redeportivamx.com\/index.php\/2026\/08\/27\/formula-1-stefano-domenicali-respalda-el-posible-regreso-de-los-motores-v8\/#mainImage","width":1000,"height":666,"caption":"Stefano Domenicali by: Lars Baron"},"primaryImageOfPage":{"@id":"https:\/\/redeportivamx.com\/index.php\/2026\/08\/27\/formula-1-stefano-domenicali-respalda-el-posible-regreso-de-los-motores-v8\/#mainImage"},"datePublished":"2026-08-27T23:35:01-06:00","dateModified":"2026-09-05T23:41:56-06:00"},{"@type":"WebSite","@id":"https:\/\/redeportivamx.com\/#website","url":"https:\/\/redeportivamx.com\/","name":"redeportivamx.com","description":"\u00a1Conectando tu pasi\u00f3n!","inLanguage":"es-MX","publisher":{"@id":"https:\/\/redeportivamx.com\/#organization"}}]},"og:locale":"es_MX","og:site_name":"Redeportiva MX - \u00a1Conectando tu pasi\u00f3n!","og:type":"sport","og:title":"Formula 1: Stefano Domenicali respalda el posible regreso de los motores V8 - Redeportiva MX","og:description":"Stefano Domenicali apoya la propuesta de la FIA para reintroducir motores V8 sostenibles en 2030. El presidente y director ejecutivo de la Formula 1, Stefano Domenicali, manifest\u00f3 su respaldo a la propuesta de traer de vuelta los motores V8 a partir de la temporada 2030. La iniciativa, impulsada inicialmente por el presidente de la FIA,","og:url":"https:\/\/redeportivamx.com\/index.php\/2026\/08\/27\/formula-1-stefano-domenicali-respalda-el-posible-regreso-de-los-motores-v8\/","og:image":"https:\/\/redeportivamx.com\/wp-content\/uploads\/2026\/09\/stefano-domenicali-ceo-de-la-f.webp","og:image:secure_url":"https:\/\/redeportivamx.com\/wp-content\/uploads\/2026\/09\/stefano-domenicali-ceo-de-la-f.webp","og:image:width":1000,"og:image:height":666,"twitter:card":"summary_large_image","twitter:site":"@Redeportivamx","twitter:title":"Formula 1: Stefano Domenicali respalda el posible regreso de los motores V8 - Redeportiva MX","twitter:description":"Stefano Domenicali apoya la propuesta de la FIA para reintroducir motores V8 sostenibles en 2030. El presidente y director ejecutivo de la Formula 1, Stefano Domenicali, manifest\u00f3 su respaldo a la propuesta de traer de vuelta los motores V8 a partir de la temporada 2030. La iniciativa, impulsada inicialmente por el presidente de la FIA,","twitter:creator":"@Redeportivamx","twitter:image":"https:\/\/redeportivamx.com\/wp-content\/uploads\/2026\/09\/stefano-domenicali-ceo-de-la-f.webp"},"aioseo_meta_data":{"post_id":"52869","title":null,"description":null,"keywords":null,"keyphrases":{"focus":{"keyphrase":"Stefano Domenicali","score":0,"analysis":[]},"additional":[]},"primary_term":null,"canonical_url":null,"og_title":null,"og_description":null,"og_object_type":"default","og_image_type":"default","og_image_url":null,"og_image_width":null,"og_image_height":null,"og_image_custom_url":null,"og_image_custom_fields":null,"og_video":"","og_custom_url":null,"og_article_section":null,"og_article_tags":null,"twitter_use_og":false,"twitter_card":"default","twitter_image_type":"default","twitter_image_url":null,"twitter_image_custom_url":null,"twitter_image_custom_fields":null,"twitter_title":null,"twitter_description":null,"schema":{"blockGraphs":[],"customGraphs":[],"default":{"data":{"Article":[],"Course":[],"Dataset":[],"FAQPage":[],"Movie":[],"Person":[],"Product":[],"ProductReview":[],"Car":[],"Recipe":[],"Service":[],"SoftwareApplication":[],"WebPage":[]},"graphName":"BlogPosting","isEnabled":true},"graphs":[]},"schema_type":"default","schema_type_options":null,"pillar_content":false,"robots_default":true,"robots_noindex":false,"robots_noarchive":false,"robots_nosnippet":false,"robots_nofollow":false,"robots_noimageindex":false,"robots_noodp":false,"robots_notranslate":false,"robots_max_snippet":"-1","robots_max_videopreview":"-1","robots_max_imagepreview":"large","priority":null,"frequency":"default","local_seo":null,"breadcrumb_settings":null,"limit_modified_date":false,"ai":{"faqs":[],"keyPoints":[],"schemas":[],"titles":[],"descriptions":[],"socialPosts":{"email":{"subject":"","preview":"","content":""},"linkedin":[],"twitter":[],"facebook":[],"instagram":[]}},"created":"2026-09-06 05:39:15","updated":"2026-09-06 05:41:57","seo_analyzer_scan_date":null,"focus_keyword":"Stefano Domenicali","additional_keywords":null,"truseo_locale":null},"aioseo_breadcrumb":"<div class=\"aioseo-breadcrumbs\"><span class=\"aioseo-breadcrumb\">\n\t\t\t<a href=\"https:\/\/redeportivamx.com\" title=\"Home\">Home<\/a>\n\t\t<\/span><span class=\"aioseo-breadcrumb-separator\">&raquo;<\/span><span class=\"aioseo-breadcrumb\">\n\t\t\t<a href=\"https:\/\/redeportivamx.com\/index.php\/category\/formula-1\/\" title=\"Formula 1\">Formula 1<\/a>\n\t\t<\/span><span class=\"aioseo-breadcrumb-separator\">&raquo;<\/span><span class=\"aioseo-breadcrumb\">\n\t\t\tFormula 1: Stefano Domenicali respalda el posible regreso de los motores V8\n\t\t<\/span><\/div>","aioseo_breadcrumb_json":[{"label":"Home","link":"https:\/\/redeportivamx.com"},{"label":"Formula 1","link":"https:\/\/redeportivamx.com\/index.php\/category\/formula-1\/"},{"label":"Formula 1: Stefano Domenicali respalda el posible regreso de los motores V8","link":"https:\/\/redeportivamx.com\/index.php\/2026\/08\/27\/formula-1-stefano-domenicali-respalda-el-posible-regreso-de-los-motores-v8\/"}],"jetpack_sharing_enabled":true,"jetpack_featured_media_url":"https:\/\/redeportivamx.com\/wp-content\/uploads\/2026\/09\/stefano-domenicali-ceo-de-la-f.webp","_links":{"self":[{"href":"https:\/\/redeportivamx.com\/index.php\/wp-json\/wp\/v2\/posts\/52869","targetHints":{"allow":["GET"]}}],"collection":[{"href":"https:\/\/redeportivamx.com\/index.php\/wp-json\/wp\/v2\/posts"}],"about":[{"href":"https:\/\/redeportivamx.com\/index.php\/wp-json\/wp\/v2\/types\/post"}],"author":[{"embeddable":true,"href":"https:\/\/redeportivamx.com\/index.php\/wp-json\/wp\/v2\/users\/9"}],"replies":[{"embeddable":true,"href":"https:\/\/redeportivamx.com\/index.php\/wp-json\/wp\/v2\/comments?post=52869"}],"version-history":[{"count":1,"href":"https:\/\/redeportivamx.com\/index.php\/wp-json\/wp\/v2\/posts\/52869\/revisions"}],"predecessor-version":[{"id":52877,"href":"https:\/\/redeportivamx.com\/index.php\/wp-json\/wp\/v2\/posts\/52869\/revisions\/52877"}],"wp:featuredmedia":[{"embeddable":true,"href":"https:\/\/redeportivamx.com\/index.php\/wp-json\/wp\/v2\/media\/52876"}],"wp:attachment":[{"href":"https:\/\/redeportivamx.com\/index.php\/wp-json\/wp\/v2\/media?parent=52869"}],"wp:term":[{"taxonomy":"category","embeddable":true,"href":"https:\/\/redeportivamx.com\/index.php\/wp-json\/wp\/v2\/categories?post=52869"},{"taxonomy":"post_tag","embeddable":true,"href":"https:\/\/redeportivamx.com\/index.php\/wp-json\/wp\/v2\/tags?post=52869"}],"curies":[{"name":"wp","href":"https:\/\/api.w.org\/{rel}","templated":true}]}}