{"id":52823,"date":"2026-09-04T09:37:00","date_gmt":"2026-09-04T15:37:00","guid":{"rendered":"https:\/\/redeportivamx.com\/?p=52823"},"modified":"2026-09-04T23:48:34","modified_gmt":"2026-09-05T05:48:34","slug":"checo-perez-termina-20-en-la-fp2-de-monza","status":"publish","type":"post","link":"https:\/\/redeportivamx.com\/index.php\/2026\/09\/04\/checo-perez-termina-20-en-la-fp2-de-monza\/","title":{"rendered":"&#8216;Checo&#8217; P\u00e9rez termina 20\u00b0 en la FP2 de Monza"},"content":{"rendered":"\n<p class=\"wp-block-paragraph\">Sergio P\u00e9rez tuvo un complicado regreso a la pista durante la segunda pr\u00e1ctica libre del Gran Premio de Italia 2026, al finalizar en la vig\u00e9sima posici\u00f3n con Cadillac. El mexicano registr\u00f3 1:25.082 y qued\u00f3 a m\u00e1s de dos segundos y medio del mejor tiempo de la sesi\u00f3n, marcado por George Russell con Mercedes.<\/p>\n\n\n\n<p class=\"wp-block-paragraph\">La jornada represent\u00f3 el primer contacto de P\u00e9rez con el circuito de Monza, luego de que Colton Herta ocupara su monoplaza durante la FP1 como parte del programa de pilotos j\u00f3venes de Cadillac. Esa ausencia oblig\u00f3 al mexicano a comenzar la segunda sesi\u00f3n con menos informaci\u00f3n acumulada que la mayor\u00eda de sus rivales.<\/p>\n\n\n\n<p class=\"wp-block-paragraph\">P\u00e9rez fue mejorando sus registros conforme avanzaron las vueltas, aunque el rendimiento del Cadillac no le permiti\u00f3 acercarse a la zona media de la clasificaci\u00f3n. Su tiempo lo dej\u00f3 apenas por delante de su compa\u00f1ero Valtteri Bottas, quien termin\u00f3 con 1:25.149. Lance Stroll fue el \u00fanico piloto que qued\u00f3 detr\u00e1s del mexicano, mientras Fernando Alonso ocup\u00f3 la posici\u00f3n 19.<\/p>\n\n\n\n<blockquote class=\"twitter-tweet\"><p lang=\"en\" dir=\"ltr\">That concludes our Friday on track. <a href=\"https:\/\/t.co\/Oai6K1dR6U\">pic.twitter.com\/Oai6K1dR6U<\/a><\/p>&mdash; Cadillac Formula 1 Team (@Cadillac_F1) <a href=\"https:\/\/x.com\/Cadillac_F1\/status\/2095891163488100700?ref_src=twsrc%5Etfw\">September 4, 2026<\/a><\/blockquote> <script async src=\"https:\/\/platform.x.com\/widgets.js\" charset=\"utf-8\"><\/script>\n\n\n\n<p class=\"wp-block-paragraph\">Para Cadillac, la jornada dej\u00f3 trabajo pendiente de cara al s\u00e1bado, especialmente en un trazado donde la velocidad en las rectas y la eficiencia aerodin\u00e1mica tienen un peso importante.<\/p>\n\n\n\n<h3 class=\"wp-block-heading\"><em><em>Russell supera a Ferrari y lidera en la pr\u00e1ctica 2 en Italia<\/em><\/em><\/h3>\n\n\n\n<p class=\"wp-block-paragraph\">George Russell encabez\u00f3 una intensa disputa entre Mercedes y Ferrari al detener el cron\u00f3metro en 1:22.559. Charles Leclerc termin\u00f3 segundo con apenas 0.120 segundos de diferencia, mientras Andrea Kimi Antonelli complet\u00f3 el podio provisional para Mercedes.<\/p>\n\n\n\n<p class=\"wp-block-paragraph\">El resultado signific\u00f3 una respuesta del equipo alem\u00e1n despu\u00e9s de que Ferrari dominara la primera pr\u00e1ctica con Leclerc y Lewis Hamilton. Esta vez, Russell encontr\u00f3 el ritmo necesario para superar al piloto monegasco durante las simulaciones de clasificaci\u00f3n.<\/p>\n\n\n\n<blockquote class=\"twitter-tweet\"><p lang=\"en\" dir=\"ltr\">Our top three in FP2 \ud83d\udc40<br><br>\ud83e\udd47 Russell<br>\ud83e\udd48 Leclerc<br>\ud83e\udd49 Antonelli<a href=\"https:\/\/x.com\/hashtag\/F1?src=hash&amp;ref_src=twsrc%5Etfw\">#F1<\/a> <a href=\"https:\/\/x.com\/hashtag\/ItalianGP?src=hash&amp;ref_src=twsrc%5Etfw\">#ItalianGP<\/a> <a href=\"https:\/\/t.co\/tGVqA45yAN\">pic.twitter.com\/tGVqA45yAN<\/a><\/p>&mdash; Formula 1 (@F1) <a href=\"https:\/\/x.com\/F1\/status\/2095891467726193134?ref_src=twsrc%5Etfw\">September 4, 2026<\/a><\/blockquote> <script async src=\"https:\/\/platform.x.com\/widgets.js\" charset=\"utf-8\"><\/script>\n\n\n\n<p class=\"wp-block-paragraph\">McLaren tambi\u00e9n mostr\u00f3 una evoluci\u00f3n respecto a la ma\u00f1ana. Lando Norris fue cuarto, seguido por Hamilton, mientras Oscar Piastri termin\u00f3 sexto. Arvid Lindblad volvi\u00f3 a destacar con Racing Bulls al colocarse s\u00e9ptimo y superar nuevamente a varios pilotos de mayor experiencia.<\/p>\n\n\n\n<p class=\"wp-block-paragraph\">Max Verstappen termin\u00f3 noveno, despu\u00e9s de trabajar en modificaciones relacionadas con el comportamiento aerodin\u00e1mico de su Red Bull. El neerland\u00e9s hab\u00eda se\u00f1alado dificultades con la carga del monoplaza durante la sesi\u00f3n, mientras Liam Lawson cerr\u00f3 en la duod\u00e9cima posici\u00f3n.<\/p>\n\n\n\n<p class=\"wp-block-paragraph\">La pr\u00e1ctica tambi\u00e9n tuvo algunos incidentes menores. Leclerc perdi\u00f3 el control de su Ferrari en una de las variantes, aunque pudo continuar sin da\u00f1os importantes, mientras Franco Colapinto tuvo una salida ligera hacia la grava.<\/p>\n\n\n\n<p class=\"wp-block-paragraph\">Con la actividad del viernes concluida, Mercedes aparece como una de las principales referencias para la clasificaci\u00f3n. Ferrari y McLaren permanecen cerca, mientras P\u00e9rez tendr\u00e1 la FP3 como \u00faltima oportunidad para encontrar rendimiento antes de enfrentar la sesi\u00f3n clasificatoria.<\/p>\n","protected":false},"excerpt":{"rendered":"<p>Sergio P\u00e9rez tuvo un complicado regreso a la pista durante la segunda pr\u00e1ctica libre del Gran Premio de Italia 2026, al finalizar en la vig\u00e9sima posici\u00f3n con Cadillac. El mexicano registr\u00f3 1:25.082 y qued\u00f3 a m\u00e1s de dos segundos y medio del mejor tiempo de la sesi\u00f3n, marcado por George Russell con Mercedes. La jornada [&hellip;]<\/p>\n","protected":false},"author":12,"featured_media":52824,"comment_status":"open","ping_status":"open","sticky":false,"template":"","format":"standard","meta":{"_monsterinsights_skip_tracking":false,"_jetpack_newsletter_access":"","_jetpack_dont_email_post_to_subs":false,"_jetpack_newsletter_tier_id":0,"_jetpack_memberships_contains_paywalled_content":false,"_jetpack_feature_clip_id":0,"_jetpack_memberships_contains_paid_content":false,"footnotes":"","jetpack_post_was_ever_published":false},"categories":[7],"tags":[],"class_list":["post-52823","post","type-post","status-publish","format-standard","has-post-thumbnail","hentry","category-formula-1"],"aioseo_notices":[],"aioseo_head":"\n\t\t<!-- All in One SEO 5.0.1.1 - aioseo.com -->\n\t<meta name=\"description\" content=\"Sergio P\u00e9rez tuvo un complicado regreso a la pista durante la segunda pr\u00e1ctica libre del Gran Premio de Italia 2026, al finalizar en la vig\u00e9sima posici\u00f3n con Cadillac. El mexicano registr\u00f3 1:25.082 y qued\u00f3 a m\u00e1s de dos segundos y medio del mejor tiempo de la sesi\u00f3n, marcado por George Russell con Mercedes. La jornada\" \/>\n\t<meta name=\"robots\" content=\"max-image-preview:large\" \/>\n\t<meta name=\"author\" content=\"\u00c1ngel Cortez\"\/>\n\t<link rel=\"canonical\" href=\"https:\/\/redeportivamx.com\/index.php\/2026\/09\/04\/checo-perez-termina-20-en-la-fp2-de-monza\/\" \/>\n\t<meta name=\"generator\" content=\"All in One SEO (AIOSEO) 5.0.1.1\" \/>\n\t\t<meta property=\"og:locale\" content=\"es_MX\" \/>\n\t\t<meta property=\"og:site_name\" content=\"Redeportiva MX - \u00a1Conectando tu pasi\u00f3n!\" \/>\n\t\t<meta property=\"og:type\" content=\"sport\" \/>\n\t\t<meta property=\"og:title\" content=\"\u2018Checo\u2019 P\u00e9rez termina 20\u00b0 en la FP2 de Monza - Redeportiva MX\" \/>\n\t\t<meta property=\"og:description\" content=\"Sergio P\u00e9rez tuvo un complicado regreso a la pista durante la segunda pr\u00e1ctica libre del Gran Premio de Italia 2026, al finalizar en la vig\u00e9sima posici\u00f3n con Cadillac. El mexicano registr\u00f3 1:25.082 y qued\u00f3 a m\u00e1s de dos segundos y medio del mejor tiempo de la sesi\u00f3n, marcado por George Russell con Mercedes. La jornada\" \/>\n\t\t<meta property=\"og:url\" content=\"https:\/\/redeportivamx.com\/index.php\/2026\/09\/04\/checo-perez-termina-20-en-la-fp2-de-monza\/\" \/>\n\t\t<meta property=\"og:image\" content=\"https:\/\/redeportivamx.com\/wp-content\/uploads\/2026\/09\/image-4.png\" \/>\n\t\t<meta property=\"og:image:secure_url\" content=\"https:\/\/redeportivamx.com\/wp-content\/uploads\/2026\/09\/image-4.png\" \/>\n\t\t<meta property=\"og:image:width\" content=\"1081\" \/>\n\t\t<meta property=\"og:image:height\" content=\"666\" \/>\n\t\t<meta name=\"twitter:card\" content=\"summary_large_image\" \/>\n\t\t<meta name=\"twitter:site\" content=\"@Redeportivamx\" \/>\n\t\t<meta name=\"twitter:title\" content=\"\u2018Checo\u2019 P\u00e9rez termina 20\u00b0 en la FP2 de Monza - Redeportiva MX\" \/>\n\t\t<meta name=\"twitter:description\" content=\"Sergio P\u00e9rez tuvo un complicado regreso a la pista durante la segunda pr\u00e1ctica libre del Gran Premio de Italia 2026, al finalizar en la vig\u00e9sima posici\u00f3n con Cadillac. El mexicano registr\u00f3 1:25.082 y qued\u00f3 a m\u00e1s de dos segundos y medio del mejor tiempo de la sesi\u00f3n, marcado por George Russell con Mercedes. La jornada\" \/>\n\t\t<meta name=\"twitter:creator\" content=\"@Redeportivamx\" \/>\n\t\t<meta name=\"twitter:image\" content=\"https:\/\/redeportivamx.com\/wp-content\/uploads\/2026\/09\/image-4.png\" \/>\n\t\t<script type=\"application\/ld+json\" class=\"aioseo-schema\">\n\t\t\t{\"@context\":\"https:\\\/\\\/schema.org\",\"@graph\":[{\"@type\":\"BlogPosting\",\"@id\":\"https:\\\/\\\/redeportivamx.com\\\/index.php\\\/2026\\\/09\\\/04\\\/checo-perez-termina-20-en-la-fp2-de-monza\\\/#blogposting\",\"name\":\"\\u2018Checo\\u2019 P\\u00e9rez termina 20\\u00b0 en la FP2 de Monza - Redeportiva MX\",\"headline\":\"&#8216;Checo&#8217; P\\u00e9rez termina 20\\u00b0 en la FP2 de Monza\",\"author\":{\"@id\":\"https:\\\/\\\/redeportivamx.com\\\/index.php\\\/author\\\/angel-cortez\\\/#author\"},\"publisher\":{\"@id\":\"https:\\\/\\\/redeportivamx.com\\\/#organization\"},\"image\":{\"@type\":\"ImageObject\",\"url\":\"https:\\\/\\\/redeportivamx.com\\\/wp-content\\\/uploads\\\/2026\\\/09\\\/image-4.png\",\"width\":1081,\"height\":666,\"caption\":\"Sergio P\\u00e9rez en el Gran Premio de Monza, 2026. Foto: EFE\"},\"datePublished\":\"2026-09-04T09:37:00-06:00\",\"dateModified\":\"2026-09-04T23:48:34-06:00\",\"inLanguage\":\"es-MX\",\"mainEntityOfPage\":{\"@id\":\"https:\\\/\\\/redeportivamx.com\\\/index.php\\\/2026\\\/09\\\/04\\\/checo-perez-termina-20-en-la-fp2-de-monza\\\/#webpage\"},\"isPartOf\":{\"@id\":\"https:\\\/\\\/redeportivamx.com\\\/index.php\\\/2026\\\/09\\\/04\\\/checo-perez-termina-20-en-la-fp2-de-monza\\\/#webpage\"},\"articleSection\":\"Formula 1\"},{\"@type\":\"BreadcrumbList\",\"@id\":\"https:\\\/\\\/redeportivamx.com\\\/index.php\\\/2026\\\/09\\\/04\\\/checo-perez-termina-20-en-la-fp2-de-monza\\\/#breadcrumblist\",\"itemListElement\":[{\"@type\":\"ListItem\",\"@id\":\"https:\\\/\\\/redeportivamx.com#listItem\",\"position\":1,\"name\":\"Home\",\"item\":\"https:\\\/\\\/redeportivamx.com\",\"nextItem\":{\"@type\":\"ListItem\",\"@id\":\"https:\\\/\\\/redeportivamx.com\\\/index.php\\\/category\\\/formula-1\\\/#listItem\",\"name\":\"Formula 1\"}},{\"@type\":\"ListItem\",\"@id\":\"https:\\\/\\\/redeportivamx.com\\\/index.php\\\/category\\\/formula-1\\\/#listItem\",\"position\":2,\"name\":\"Formula 1\",\"item\":\"https:\\\/\\\/redeportivamx.com\\\/index.php\\\/category\\\/formula-1\\\/\",\"nextItem\":{\"@type\":\"ListItem\",\"@id\":\"https:\\\/\\\/redeportivamx.com\\\/index.php\\\/2026\\\/09\\\/04\\\/checo-perez-termina-20-en-la-fp2-de-monza\\\/#listItem\",\"name\":\"&#8216;Checo&#8217; P\\u00e9rez termina 20\\u00b0 en la FP2 de Monza\"},\"previousItem\":{\"@type\":\"ListItem\",\"@id\":\"https:\\\/\\\/redeportivamx.com#listItem\",\"name\":\"Home\"}},{\"@type\":\"ListItem\",\"@id\":\"https:\\\/\\\/redeportivamx.com\\\/index.php\\\/2026\\\/09\\\/04\\\/checo-perez-termina-20-en-la-fp2-de-monza\\\/#listItem\",\"position\":3,\"name\":\"&#8216;Checo&#8217; P\\u00e9rez termina 20\\u00b0 en la FP2 de Monza\",\"previousItem\":{\"@type\":\"ListItem\",\"@id\":\"https:\\\/\\\/redeportivamx.com\\\/index.php\\\/category\\\/formula-1\\\/#listItem\",\"name\":\"Formula 1\"}}]},{\"@type\":\"Organization\",\"@id\":\"https:\\\/\\\/redeportivamx.com\\\/#organization\",\"name\":\"redeportivamx.com\",\"description\":\"\\u00a1Conectando tu pasi\\u00f3n!\",\"url\":\"https:\\\/\\\/redeportivamx.com\\\/\",\"sameAs\":[\"https:\\\/\\\/www.facebook.com\\\/profile.php?id=61565592572733\",\"https:\\\/\\\/x.com\\\/Redeportivamx?s=20\",\"https:\\\/\\\/www.instagram.com\\\/redeportivamx\\\/\",\"https:\\\/\\\/www.tiktok.com\\\/@redeportiva.mx\",\"https:\\\/\\\/www.youtube.com\\\/@Redeportiva-MX\"]},{\"@type\":\"Person\",\"@id\":\"https:\\\/\\\/redeportivamx.com\\\/index.php\\\/author\\\/angel-cortez\\\/#author\",\"url\":\"https:\\\/\\\/redeportivamx.com\\\/index.php\\\/author\\\/angel-cortez\\\/\",\"name\":\"\\u00c1ngel Cortez\",\"image\":{\"@type\":\"ImageObject\",\"@id\":\"https:\\\/\\\/redeportivamx.com\\\/index.php\\\/2026\\\/09\\\/04\\\/checo-perez-termina-20-en-la-fp2-de-monza\\\/#authorImage\",\"url\":\"https:\\\/\\\/secure.gravatar.com\\\/avatar\\\/7a2a1ba429e2adbe816e5f8251d8d6c7a28c9d49b7b2b94e7156e4f797ad86d5?s=96&d=mm&r=g\",\"width\":96,\"height\":96,\"caption\":\"\\u00c1ngel Cortez\"}},{\"@type\":\"WebPage\",\"@id\":\"https:\\\/\\\/redeportivamx.com\\\/index.php\\\/2026\\\/09\\\/04\\\/checo-perez-termina-20-en-la-fp2-de-monza\\\/#webpage\",\"url\":\"https:\\\/\\\/redeportivamx.com\\\/index.php\\\/2026\\\/09\\\/04\\\/checo-perez-termina-20-en-la-fp2-de-monza\\\/\",\"name\":\"\\u2018Checo\\u2019 P\\u00e9rez termina 20\\u00b0 en la FP2 de Monza - Redeportiva MX\",\"description\":\"Sergio P\\u00e9rez tuvo un complicado regreso a la pista durante la segunda pr\\u00e1ctica libre del Gran Premio de Italia 2026, al finalizar en la vig\\u00e9sima posici\\u00f3n con Cadillac. El mexicano registr\\u00f3 1:25.082 y qued\\u00f3 a m\\u00e1s de dos segundos y medio del mejor tiempo de la sesi\\u00f3n, marcado por George Russell con Mercedes. La jornada\",\"inLanguage\":\"es-MX\",\"isPartOf\":{\"@id\":\"https:\\\/\\\/redeportivamx.com\\\/#website\"},\"breadcrumb\":{\"@id\":\"https:\\\/\\\/redeportivamx.com\\\/index.php\\\/2026\\\/09\\\/04\\\/checo-perez-termina-20-en-la-fp2-de-monza\\\/#breadcrumblist\"},\"author\":{\"@id\":\"https:\\\/\\\/redeportivamx.com\\\/index.php\\\/author\\\/angel-cortez\\\/#author\"},\"creator\":{\"@id\":\"https:\\\/\\\/redeportivamx.com\\\/index.php\\\/author\\\/angel-cortez\\\/#author\"},\"image\":{\"@type\":\"ImageObject\",\"url\":\"https:\\\/\\\/redeportivamx.com\\\/wp-content\\\/uploads\\\/2026\\\/09\\\/image-4.png\",\"@id\":\"https:\\\/\\\/redeportivamx.com\\\/index.php\\\/2026\\\/09\\\/04\\\/checo-perez-termina-20-en-la-fp2-de-monza\\\/#mainImage\",\"width\":1081,\"height\":666,\"caption\":\"Sergio P\\u00e9rez en el Gran Premio de Monza, 2026. Foto: EFE\"},\"primaryImageOfPage\":{\"@id\":\"https:\\\/\\\/redeportivamx.com\\\/index.php\\\/2026\\\/09\\\/04\\\/checo-perez-termina-20-en-la-fp2-de-monza\\\/#mainImage\"},\"datePublished\":\"2026-09-04T09:37:00-06:00\",\"dateModified\":\"2026-09-04T23:48:34-06:00\"},{\"@type\":\"WebSite\",\"@id\":\"https:\\\/\\\/redeportivamx.com\\\/#website\",\"url\":\"https:\\\/\\\/redeportivamx.com\\\/\",\"name\":\"redeportivamx.com\",\"description\":\"\\u00a1Conectando tu pasi\\u00f3n!\",\"inLanguage\":\"es-MX\",\"publisher\":{\"@id\":\"https:\\\/\\\/redeportivamx.com\\\/#organization\"}}]}\n\t\t<\/script>\n\t\t<!-- All in One SEO -->\n\n","aioseo_head_json":{"title":"\u2018Checo\u2019 P\u00e9rez termina 20\u00b0 en la FP2 de Monza - Redeportiva MX","description":"Sergio P\u00e9rez tuvo un complicado regreso a la pista durante la segunda pr\u00e1ctica libre del Gran Premio de Italia 2026, al finalizar en la vig\u00e9sima posici\u00f3n con Cadillac. El mexicano registr\u00f3 1:25.082 y qued\u00f3 a m\u00e1s de dos segundos y medio del mejor tiempo de la sesi\u00f3n, marcado por George Russell con Mercedes. La jornada","canonical_url":"https:\/\/redeportivamx.com\/index.php\/2026\/09\/04\/checo-perez-termina-20-en-la-fp2-de-monza\/","robots":"max-image-preview:large","keywords":"","webmasterTools":{"miscellaneous":""},"schema":{"@context":"https:\/\/schema.org","@graph":[{"@type":"BlogPosting","@id":"https:\/\/redeportivamx.com\/index.php\/2026\/09\/04\/checo-perez-termina-20-en-la-fp2-de-monza\/#blogposting","name":"\u2018Checo\u2019 P\u00e9rez termina 20\u00b0 en la FP2 de Monza - Redeportiva MX","headline":"&#8216;Checo&#8217; P\u00e9rez termina 20\u00b0 en la FP2 de Monza","author":{"@id":"https:\/\/redeportivamx.com\/index.php\/author\/angel-cortez\/#author"},"publisher":{"@id":"https:\/\/redeportivamx.com\/#organization"},"image":{"@type":"ImageObject","url":"https:\/\/redeportivamx.com\/wp-content\/uploads\/2026\/09\/image-4.png","width":1081,"height":666,"caption":"Sergio P\u00e9rez en el Gran Premio de Monza, 2026. Foto: EFE"},"datePublished":"2026-09-04T09:37:00-06:00","dateModified":"2026-09-04T23:48:34-06:00","inLanguage":"es-MX","mainEntityOfPage":{"@id":"https:\/\/redeportivamx.com\/index.php\/2026\/09\/04\/checo-perez-termina-20-en-la-fp2-de-monza\/#webpage"},"isPartOf":{"@id":"https:\/\/redeportivamx.com\/index.php\/2026\/09\/04\/checo-perez-termina-20-en-la-fp2-de-monza\/#webpage"},"articleSection":"Formula 1"},{"@type":"BreadcrumbList","@id":"https:\/\/redeportivamx.com\/index.php\/2026\/09\/04\/checo-perez-termina-20-en-la-fp2-de-monza\/#breadcrumblist","itemListElement":[{"@type":"ListItem","@id":"https:\/\/redeportivamx.com#listItem","position":1,"name":"Home","item":"https:\/\/redeportivamx.com","nextItem":{"@type":"ListItem","@id":"https:\/\/redeportivamx.com\/index.php\/category\/formula-1\/#listItem","name":"Formula 1"}},{"@type":"ListItem","@id":"https:\/\/redeportivamx.com\/index.php\/category\/formula-1\/#listItem","position":2,"name":"Formula 1","item":"https:\/\/redeportivamx.com\/index.php\/category\/formula-1\/","nextItem":{"@type":"ListItem","@id":"https:\/\/redeportivamx.com\/index.php\/2026\/09\/04\/checo-perez-termina-20-en-la-fp2-de-monza\/#listItem","name":"&#8216;Checo&#8217; P\u00e9rez termina 20\u00b0 en la FP2 de Monza"},"previousItem":{"@type":"ListItem","@id":"https:\/\/redeportivamx.com#listItem","name":"Home"}},{"@type":"ListItem","@id":"https:\/\/redeportivamx.com\/index.php\/2026\/09\/04\/checo-perez-termina-20-en-la-fp2-de-monza\/#listItem","position":3,"name":"&#8216;Checo&#8217; P\u00e9rez termina 20\u00b0 en la FP2 de Monza","previousItem":{"@type":"ListItem","@id":"https:\/\/redeportivamx.com\/index.php\/category\/formula-1\/#listItem","name":"Formula 1"}}]},{"@type":"Organization","@id":"https:\/\/redeportivamx.com\/#organization","name":"redeportivamx.com","description":"\u00a1Conectando tu pasi\u00f3n!","url":"https:\/\/redeportivamx.com\/","sameAs":["https:\/\/www.facebook.com\/profile.php?id=61565592572733","https:\/\/x.com\/Redeportivamx?s=20","https:\/\/www.instagram.com\/redeportivamx\/","https:\/\/www.tiktok.com\/@redeportiva.mx","https:\/\/www.youtube.com\/@Redeportiva-MX"]},{"@type":"Person","@id":"https:\/\/redeportivamx.com\/index.php\/author\/angel-cortez\/#author","url":"https:\/\/redeportivamx.com\/index.php\/author\/angel-cortez\/","name":"\u00c1ngel Cortez","image":{"@type":"ImageObject","@id":"https:\/\/redeportivamx.com\/index.php\/2026\/09\/04\/checo-perez-termina-20-en-la-fp2-de-monza\/#authorImage","url":"https:\/\/secure.gravatar.com\/avatar\/7a2a1ba429e2adbe816e5f8251d8d6c7a28c9d49b7b2b94e7156e4f797ad86d5?s=96&d=mm&r=g","width":96,"height":96,"caption":"\u00c1ngel Cortez"}},{"@type":"WebPage","@id":"https:\/\/redeportivamx.com\/index.php\/2026\/09\/04\/checo-perez-termina-20-en-la-fp2-de-monza\/#webpage","url":"https:\/\/redeportivamx.com\/index.php\/2026\/09\/04\/checo-perez-termina-20-en-la-fp2-de-monza\/","name":"\u2018Checo\u2019 P\u00e9rez termina 20\u00b0 en la FP2 de Monza - Redeportiva MX","description":"Sergio P\u00e9rez tuvo un complicado regreso a la pista durante la segunda pr\u00e1ctica libre del Gran Premio de Italia 2026, al finalizar en la vig\u00e9sima posici\u00f3n con Cadillac. El mexicano registr\u00f3 1:25.082 y qued\u00f3 a m\u00e1s de dos segundos y medio del mejor tiempo de la sesi\u00f3n, marcado por George Russell con Mercedes. La jornada","inLanguage":"es-MX","isPartOf":{"@id":"https:\/\/redeportivamx.com\/#website"},"breadcrumb":{"@id":"https:\/\/redeportivamx.com\/index.php\/2026\/09\/04\/checo-perez-termina-20-en-la-fp2-de-monza\/#breadcrumblist"},"author":{"@id":"https:\/\/redeportivamx.com\/index.php\/author\/angel-cortez\/#author"},"creator":{"@id":"https:\/\/redeportivamx.com\/index.php\/author\/angel-cortez\/#author"},"image":{"@type":"ImageObject","url":"https:\/\/redeportivamx.com\/wp-content\/uploads\/2026\/09\/image-4.png","@id":"https:\/\/redeportivamx.com\/index.php\/2026\/09\/04\/checo-perez-termina-20-en-la-fp2-de-monza\/#mainImage","width":1081,"height":666,"caption":"Sergio P\u00e9rez en el Gran Premio de Monza, 2026. Foto: EFE"},"primaryImageOfPage":{"@id":"https:\/\/redeportivamx.com\/index.php\/2026\/09\/04\/checo-perez-termina-20-en-la-fp2-de-monza\/#mainImage"},"datePublished":"2026-09-04T09:37:00-06:00","dateModified":"2026-09-04T23:48:34-06:00"},{"@type":"WebSite","@id":"https:\/\/redeportivamx.com\/#website","url":"https:\/\/redeportivamx.com\/","name":"redeportivamx.com","description":"\u00a1Conectando tu pasi\u00f3n!","inLanguage":"es-MX","publisher":{"@id":"https:\/\/redeportivamx.com\/#organization"}}]},"og:locale":"es_MX","og:site_name":"Redeportiva MX - \u00a1Conectando tu pasi\u00f3n!","og:type":"sport","og:title":"\u2018Checo\u2019 P\u00e9rez termina 20\u00b0 en la FP2 de Monza - Redeportiva MX","og:description":"Sergio P\u00e9rez tuvo un complicado regreso a la pista durante la segunda pr\u00e1ctica libre del Gran Premio de Italia 2026, al finalizar en la vig\u00e9sima posici\u00f3n con Cadillac. El mexicano registr\u00f3 1:25.082 y qued\u00f3 a m\u00e1s de dos segundos y medio del mejor tiempo de la sesi\u00f3n, marcado por George Russell con Mercedes. La jornada","og:url":"https:\/\/redeportivamx.com\/index.php\/2026\/09\/04\/checo-perez-termina-20-en-la-fp2-de-monza\/","og:image":"https:\/\/redeportivamx.com\/wp-content\/uploads\/2026\/09\/image-4.png","og:image:secure_url":"https:\/\/redeportivamx.com\/wp-content\/uploads\/2026\/09\/image-4.png","og:image:width":1081,"og:image:height":666,"twitter:card":"summary_large_image","twitter:site":"@Redeportivamx","twitter:title":"\u2018Checo\u2019 P\u00e9rez termina 20\u00b0 en la FP2 de Monza - Redeportiva MX","twitter:description":"Sergio P\u00e9rez tuvo un complicado regreso a la pista durante la segunda pr\u00e1ctica libre del Gran Premio de Italia 2026, al finalizar en la vig\u00e9sima posici\u00f3n con Cadillac. El mexicano registr\u00f3 1:25.082 y qued\u00f3 a m\u00e1s de dos segundos y medio del mejor tiempo de la sesi\u00f3n, marcado por George Russell con Mercedes. La jornada","twitter:creator":"@Redeportivamx","twitter:image":"https:\/\/redeportivamx.com\/wp-content\/uploads\/2026\/09\/image-4.png"},"aioseo_meta_data":{"post_id":"52823","title":null,"description":null,"keywords":null,"keyphrases":{"focus":{"keyphrase":"","score":0,"analysis":{"keyphraseInTitle":{"score":0,"maxScore":9,"error":1}}},"additional":[]},"primary_term":null,"canonical_url":null,"og_title":null,"og_description":null,"og_object_type":"default","og_image_type":"default","og_image_url":null,"og_image_width":null,"og_image_height":null,"og_image_custom_url":null,"og_image_custom_fields":null,"og_video":"","og_custom_url":null,"og_article_section":null,"og_article_tags":null,"twitter_use_og":false,"twitter_card":"default","twitter_image_type":"default","twitter_image_url":null,"twitter_image_custom_url":null,"twitter_image_custom_fields":null,"twitter_title":null,"twitter_description":null,"schema":{"blockGraphs":[],"customGraphs":[],"default":{"data":{"Article":[],"Course":[],"Dataset":[],"FAQPage":[],"Movie":[],"Person":[],"Product":[],"ProductReview":[],"Car":[],"Recipe":[],"Service":[],"SoftwareApplication":[],"WebPage":[]},"graphName":"BlogPosting","isEnabled":true},"graphs":[]},"schema_type":"default","schema_type_options":null,"pillar_content":false,"robots_default":true,"robots_noindex":false,"robots_noarchive":false,"robots_nosnippet":false,"robots_nofollow":false,"robots_noimageindex":false,"robots_noodp":false,"robots_notranslate":false,"robots_max_snippet":"-1","robots_max_videopreview":"-1","robots_max_imagepreview":"large","priority":null,"frequency":"default","local_seo":null,"breadcrumb_settings":null,"limit_modified_date":false,"ai":{"faqs":[],"keyPoints":[],"schemas":[],"titles":[],"descriptions":[],"socialPosts":{"email":{"subject":"","preview":"","content":""},"linkedin":[],"twitter":[],"facebook":[],"instagram":[]}},"created":"2026-09-05 05:47:09","updated":"2026-09-05 05:48:35","seo_analyzer_scan_date":null,"focus_keyword":null,"additional_keywords":null,"truseo_locale":null},"aioseo_breadcrumb":"<div class=\"aioseo-breadcrumbs\"><span class=\"aioseo-breadcrumb\">\n\t\t\t<a href=\"https:\/\/redeportivamx.com\" title=\"Home\">Home<\/a>\n\t\t<\/span><span class=\"aioseo-breadcrumb-separator\">&raquo;<\/span><span class=\"aioseo-breadcrumb\">\n\t\t\t<a href=\"https:\/\/redeportivamx.com\/index.php\/category\/formula-1\/\" title=\"Formula 1\">Formula 1<\/a>\n\t\t<\/span><span class=\"aioseo-breadcrumb-separator\">&raquo;<\/span><span class=\"aioseo-breadcrumb\">\n\t\t\t\u2018Checo\u2019 P\u00e9rez termina 20\u00b0 en la FP2 de Monza\n\t\t<\/span><\/div>","aioseo_breadcrumb_json":[{"label":"Home","link":"https:\/\/redeportivamx.com"},{"label":"Formula 1","link":"https:\/\/redeportivamx.com\/index.php\/category\/formula-1\/"},{"label":"&#8216;Checo&#8217; P\u00e9rez termina 20\u00b0 en la FP2 de Monza","link":"https:\/\/redeportivamx.com\/index.php\/2026\/09\/04\/checo-perez-termina-20-en-la-fp2-de-monza\/"}],"jetpack_sharing_enabled":true,"jetpack_featured_media_url":"https:\/\/redeportivamx.com\/wp-content\/uploads\/2026\/09\/image-4.png","_links":{"self":[{"href":"https:\/\/redeportivamx.com\/index.php\/wp-json\/wp\/v2\/posts\/52823","targetHints":{"allow":["GET"]}}],"collection":[{"href":"https:\/\/redeportivamx.com\/index.php\/wp-json\/wp\/v2\/posts"}],"about":[{"href":"https:\/\/redeportivamx.com\/index.php\/wp-json\/wp\/v2\/types\/post"}],"author":[{"embeddable":true,"href":"https:\/\/redeportivamx.com\/index.php\/wp-json\/wp\/v2\/users\/12"}],"replies":[{"embeddable":true,"href":"https:\/\/redeportivamx.com\/index.php\/wp-json\/wp\/v2\/comments?post=52823"}],"version-history":[{"count":3,"href":"https:\/\/redeportivamx.com\/index.php\/wp-json\/wp\/v2\/posts\/52823\/revisions"}],"predecessor-version":[{"id":52827,"href":"https:\/\/redeportivamx.com\/index.php\/wp-json\/wp\/v2\/posts\/52823\/revisions\/52827"}],"wp:featuredmedia":[{"embeddable":true,"href":"https:\/\/redeportivamx.com\/index.php\/wp-json\/wp\/v2\/media\/52824"}],"wp:attachment":[{"href":"https:\/\/redeportivamx.com\/index.php\/wp-json\/wp\/v2\/media?parent=52823"}],"wp:term":[{"taxonomy":"category","embeddable":true,"href":"https:\/\/redeportivamx.com\/index.php\/wp-json\/wp\/v2\/categories?post=52823"},{"taxonomy":"post_tag","embeddable":true,"href":"https:\/\/redeportivamx.com\/index.php\/wp-json\/wp\/v2\/tags?post=52823"}],"curies":[{"name":"wp","href":"https:\/\/api.w.org\/{rel}","templated":true}]}}