{"id":52814,"date":"2026-09-04T23:27:01","date_gmt":"2026-09-05T05:27:01","guid":{"rendered":"https:\/\/redeportivamx.com\/?p=52814"},"modified":"2026-09-04T23:27:04","modified_gmt":"2026-09-05T05:27:04","slug":"atlas-y-la-seleccion-mexicana-sub-16-toman-el-liderato-tras-la-jornada-2-del-torneo-internacional-de-fuerzas-basicas","status":"publish","type":"post","link":"https:\/\/redeportivamx.com\/index.php\/2026\/09\/04\/atlas-y-la-seleccion-mexicana-sub-16-toman-el-liderato-tras-la-jornada-2-del-torneo-internacional-de-fuerzas-basicas\/","title":{"rendered":"Atlas y la Selecci\u00f3n Mexicana Sub-16 toman el liderato tras la Jornada 2 del Torneo Internacional de Fuerzas B\u00e1sicas"},"content":{"rendered":"\n<p class=\"wp-block-paragraph\"><\/p>\n\n\n\n<p class=\"wp-block-paragraph\">La <strong>Jornada 2 del Torneo Internacional de Fuerzas B\u00e1sicas de la Liga BBVA MX<\/strong> dej\u00f3 movimientos importantes en la tabla de posiciones. <strong>Atlas<\/strong> y la <strong>Selecci\u00f3n Mexicana Sub-16<\/strong> cerraron la fecha como l\u00edderes de sus respectivos grupos, luego de conseguir resultados positivos en una intensa jornada disputada este <strong>4 de septiembre<\/strong> en las instalaciones del <strong>Centro de Alto Rendimiento (CAR)<\/strong>.<\/p>\n\n\n\n<p class=\"wp-block-paragraph\">En el <strong>Grupo 1<\/strong>, Atlas mantuvo el paso perfecto al derrotar <strong>3-1 a Toluca<\/strong>, resultado que le permiti\u00f3 llegar a <strong>seis puntos<\/strong> y afianzarse en la cima del sector con dos victorias en igual n\u00famero de partidos. En el otro encuentro del grupo, <strong>Pachuca rescat\u00f3 un empate de \u00faltimo minuto<\/strong> frente a <strong>Universidad Cat\u00f3lica de Chile<\/strong>, sumando una unidad que lo mantiene en la pelea por el liderato. Tras dos jornadas, los Rojinegros encabezan la clasificaci\u00f3n con seis puntos, seguidos por Pachuca con dos, Toluca con uno y Monterrey, que a\u00fan no suma unidades.<\/p>\n\n\n\n<figure class=\"wp-block-embed is-type-rich is-provider-x wp-block-embed-x\"><div class=\"wp-block-embed__wrapper\">\n<div class=\"embed-x\"><blockquote class=\"twitter-tweet\" data-width=\"550\" data-dnt=\"true\"><p lang=\"es\" dir=\"ltr\">\ud83d\udea8 \u00a1En el \u00daLTIMO MINUTO, Uziel San Mart\u00edn Mart\u00ednez anot\u00f3 el gol del EMPATE para los Tuzos de Pachuca! \ud83d\udd35\u26bd\ufe0f<br><br>\ud83d\udd35 Club Pachuca Fuerzas B\u00e1sicas 1\ufe0f\u20e3 &#8211; 1\ufe0f\u20e3 Universidad Cat\u00f3lica <br><br>Torneo Internacional de Fuerzas B\u00e1sicas organizado por la LIGA BBVA MX <a href=\"https:\/\/x.com\/hashtag\/futbolmexicano?src=hash&amp;ref_src=twsrc%5Etfw\">#futbolmexicano<\/a> <a href=\"https:\/\/x.com\/hashtag\/ligamx?src=hash&amp;ref_src=twsrc%5Etfw\">#ligamx<\/a> <a href=\"https:\/\/x.com\/hashtag\/tuzos?src=hash&amp;ref_src=twsrc%5Etfw\">#tuzos<\/a> <a href=\"https:\/\/t.co\/iUbbrKL6jV\">pic.twitter.com\/iUbbrKL6jV<\/a><\/p>&mdash; Redeportiva MX (@Redeportivamx) <a href=\"https:\/\/x.com\/Redeportivamx\/status\/2095995334082093359?ref_src=twsrc%5Etfw\">September 4, 2026<\/a><\/blockquote><script async src=\"https:\/\/platform.x.com\/widgets.js\" charset=\"utf-8\"><\/script><\/div>\n<\/div><\/figure>\n\n\n\n<p class=\"wp-block-paragraph\">El <strong>Grupo 2<\/strong> vivi\u00f3 un duelo entre equipos de la MLS, donde <strong>LA Galaxy<\/strong> se impuso <strong>1-0 a Seattle Sounders<\/strong>, resultado que apret\u00f3 la lucha por el primer lugar. Por su parte, la <strong>Selecci\u00f3n Mexicana Sub-16<\/strong> derrot\u00f3 <strong>1-0 a Monterrey<\/strong>, sumando una victoria clave para colocarse en la cima del sector gracias a una mejor diferencia de goles.<\/p>\n\n\n\n<figure class=\"wp-block-embed is-type-rich is-provider-x wp-block-embed-x\"><div class=\"wp-block-embed__wrapper\">\n<div class=\"embed-x\"><blockquote class=\"twitter-tweet\" data-width=\"550\" data-dnt=\"true\"><p lang=\"es\" dir=\"ltr\">\ud83c\uddf2\ud83c\uddfd GOOOOOL de la Selecci\u00f3n Mexicana U-16 en el Torneo Internacional de Fuerzas B\u00e1sicas LIGA BBVA MX \ud83d\udd25\u26bd\ufe0f <br><br>\u26bd\ufe0f Benjam\u00edn Maximo Flowers apareci\u00f3 dentro del \u00e1rea para marcar el gol del equipo mexicano en contra de los Rayados \ud83c\uddf2\ud83c\uddfd<a href=\"https:\/\/x.com\/hashtag\/futbolmexicano?src=hash&amp;ref_src=twsrc%5Etfw\">#futbolmexicano<\/a> <a href=\"https:\/\/x.com\/hashtag\/ligamx?src=hash&amp;ref_src=twsrc%5Etfw\">#ligamx<\/a> <a href=\"https:\/\/x.com\/hashtag\/FuerzasBasicas?src=hash&amp;ref_src=twsrc%5Etfw\">#FuerzasBasicas<\/a> <a href=\"https:\/\/t.co\/b1vzU7rANl\">pic.twitter.com\/b1vzU7rANl<\/a><\/p>&mdash; Redeportiva MX (@Redeportivamx) <a href=\"https:\/\/x.com\/Redeportivamx\/status\/2095995714257944767?ref_src=twsrc%5Etfw\">September 4, 2026<\/a><\/blockquote><script async src=\"https:\/\/platform.x.com\/widgets.js\" charset=\"utf-8\"><\/script><\/div>\n<\/div><\/figure>\n\n\n\n<p class=\"wp-block-paragraph\">Con estos resultados, la <strong>Selecci\u00f3n Mexicana Sub-16<\/strong> lidera el Grupo 2 con <strong>cuatro puntos<\/strong>, los mismos que LA Galaxy, aunque el combinado nacional ocupa la primera posici\u00f3n por criterio de diferencia de goles. Seattle Sounders descendi\u00f3 al tercer lugar con tres unidades, mientras que Universidad Cat\u00f3lica de Chile cierra la clasificaci\u00f3n con un punto.<\/p>\n\n\n\n<p class=\"wp-block-paragraph\">A falta de varias jornadas por disputarse, el torneo comienza a perfilar a sus principales candidatos. <strong>Atlas<\/strong> es el \u00fanico equipo con paso perfecto en la competencia, mientras que la lucha por el liderato del Grupo 2 permanece completamente abierta entre la Selecci\u00f3n Mexicana Sub-16, LA Galaxy y Seattle Sounders, en busca del boleto a la gran final del certamen.<\/p>\n\n\n\n<p class=\"wp-block-paragraph\"><\/p>\n","protected":false},"excerpt":{"rendered":"<p>La Jornada 2 del Torneo Internacional de Fuerzas B\u00e1sicas de la Liga BBVA MX dej\u00f3 movimientos importantes en la tabla de posiciones. Atlas y la Selecci\u00f3n Mexicana Sub-16 cerraron la fecha como l\u00edderes de sus respectivos grupos, luego de conseguir resultados positivos en una intensa jornada disputada este 4 de septiembre en las instalaciones del [&hellip;]<\/p>\n","protected":false},"author":1,"featured_media":52815,"comment_status":"open","ping_status":"open","sticky":false,"template":"","format":"standard","meta":{"_monsterinsights_skip_tracking":false,"_jetpack_newsletter_access":"","_jetpack_dont_email_post_to_subs":false,"_jetpack_newsletter_tier_id":0,"_jetpack_memberships_contains_paywalled_content":false,"_jetpack_feature_clip_id":0,"_jetpack_memberships_contains_paid_content":false,"footnotes":"","jetpack_post_was_ever_published":false},"categories":[10],"tags":[],"class_list":["post-52814","post","type-post","status-publish","format-standard","has-post-thumbnail","hentry","category-liga-bbva-mx"],"aioseo_notices":[],"aioseo_head":"\n\t\t<!-- All in One SEO 5.0.1.1 - aioseo.com -->\n\t<meta name=\"description\" content=\"La Jornada 2 del Torneo Internacional de Fuerzas B\u00e1sicas de la Liga BBVA MX dej\u00f3 movimientos importantes en la tabla de posiciones. Atlas y la Selecci\u00f3n Mexicana Sub-16 cerraron la fecha como l\u00edderes de sus respectivos grupos, luego de conseguir resultados positivos en una intensa jornada disputada este 4 de septiembre en las instalaciones del\" \/>\n\t<meta name=\"robots\" content=\"max-image-preview:large\" \/>\n\t<meta name=\"author\" content=\"redeportivamx.com\"\/>\n\t<link rel=\"canonical\" href=\"https:\/\/redeportivamx.com\/index.php\/2026\/09\/04\/atlas-y-la-seleccion-mexicana-sub-16-toman-el-liderato-tras-la-jornada-2-del-torneo-internacional-de-fuerzas-basicas\/\" \/>\n\t<meta name=\"generator\" content=\"All in One SEO (AIOSEO) 5.0.1.1\" \/>\n\t\t<meta property=\"og:locale\" content=\"es_MX\" \/>\n\t\t<meta property=\"og:site_name\" content=\"Redeportiva MX - \u00a1Conectando tu pasi\u00f3n!\" \/>\n\t\t<meta property=\"og:type\" content=\"sport\" \/>\n\t\t<meta property=\"og:title\" content=\"Atlas y la Selecci\u00f3n Mexicana Sub-16 toman el liderato tras la Jornada 2 del Torneo Internacional de Fuerzas B\u00e1sicas - Redeportiva MX\" \/>\n\t\t<meta property=\"og:description\" content=\"La Jornada 2 del Torneo Internacional de Fuerzas B\u00e1sicas de la Liga BBVA MX dej\u00f3 movimientos importantes en la tabla de posiciones. Atlas y la Selecci\u00f3n Mexicana Sub-16 cerraron la fecha como l\u00edderes de sus respectivos grupos, luego de conseguir resultados positivos en una intensa jornada disputada este 4 de septiembre en las instalaciones del\" \/>\n\t\t<meta property=\"og:url\" content=\"https:\/\/redeportivamx.com\/index.php\/2026\/09\/04\/atlas-y-la-seleccion-mexicana-sub-16-toman-el-liderato-tras-la-jornada-2-del-torneo-internacional-de-fuerzas-basicas\/\" \/>\n\t\t<meta property=\"og:image\" content=\"https:\/\/redeportivamx.com\/wp-content\/uploads\/2026\/09\/IMG_5739.jpeg\" \/>\n\t\t<meta property=\"og:image:secure_url\" content=\"https:\/\/redeportivamx.com\/wp-content\/uploads\/2026\/09\/IMG_5739.jpeg\" \/>\n\t\t<meta property=\"og:image:width\" content=\"1206\" \/>\n\t\t<meta property=\"og:image:height\" content=\"708\" \/>\n\t\t<meta name=\"twitter:card\" content=\"summary_large_image\" \/>\n\t\t<meta name=\"twitter:site\" content=\"@Redeportivamx\" \/>\n\t\t<meta name=\"twitter:title\" content=\"Atlas y la Selecci\u00f3n Mexicana Sub-16 toman el liderato tras la Jornada 2 del Torneo Internacional de Fuerzas B\u00e1sicas - Redeportiva MX\" \/>\n\t\t<meta name=\"twitter:description\" content=\"La Jornada 2 del Torneo Internacional de Fuerzas B\u00e1sicas de la Liga BBVA MX dej\u00f3 movimientos importantes en la tabla de posiciones. Atlas y la Selecci\u00f3n Mexicana Sub-16 cerraron la fecha como l\u00edderes de sus respectivos grupos, luego de conseguir resultados positivos en una intensa jornada disputada este 4 de septiembre en las instalaciones del\" \/>\n\t\t<meta name=\"twitter:creator\" content=\"@Redeportivamx\" \/>\n\t\t<meta name=\"twitter:image\" content=\"https:\/\/redeportivamx.com\/wp-content\/uploads\/2026\/09\/IMG_5739.jpeg\" \/>\n\t\t<script type=\"application\/ld+json\" class=\"aioseo-schema\">\n\t\t\t{\"@context\":\"https:\\\/\\\/schema.org\",\"@graph\":[{\"@type\":\"BlogPosting\",\"@id\":\"https:\\\/\\\/redeportivamx.com\\\/index.php\\\/2026\\\/09\\\/04\\\/atlas-y-la-seleccion-mexicana-sub-16-toman-el-liderato-tras-la-jornada-2-del-torneo-internacional-de-fuerzas-basicas\\\/#blogposting\",\"name\":\"Atlas y la Selecci\\u00f3n Mexicana Sub-16 toman el liderato tras la Jornada 2 del Torneo Internacional de Fuerzas B\\u00e1sicas - Redeportiva MX\",\"headline\":\"Atlas y la Selecci\\u00f3n Mexicana Sub-16 toman el liderato tras la Jornada 2 del Torneo Internacional de Fuerzas B\\u00e1sicas\",\"author\":{\"@id\":\"https:\\\/\\\/redeportivamx.com\\\/index.php\\\/author\\\/redeportivamx-com\\\/#author\"},\"publisher\":{\"@id\":\"https:\\\/\\\/redeportivamx.com\\\/#organization\"},\"image\":{\"@type\":\"ImageObject\",\"url\":\"https:\\\/\\\/redeportivamx.com\\\/wp-content\\\/uploads\\\/2026\\\/09\\\/IMG_5739.jpeg\",\"width\":1206,\"height\":708,\"caption\":\"Screenshot\"},\"datePublished\":\"2026-09-04T23:27:01-06:00\",\"dateModified\":\"2026-09-04T23:27:04-06:00\",\"inLanguage\":\"es-MX\",\"mainEntityOfPage\":{\"@id\":\"https:\\\/\\\/redeportivamx.com\\\/index.php\\\/2026\\\/09\\\/04\\\/atlas-y-la-seleccion-mexicana-sub-16-toman-el-liderato-tras-la-jornada-2-del-torneo-internacional-de-fuerzas-basicas\\\/#webpage\"},\"isPartOf\":{\"@id\":\"https:\\\/\\\/redeportivamx.com\\\/index.php\\\/2026\\\/09\\\/04\\\/atlas-y-la-seleccion-mexicana-sub-16-toman-el-liderato-tras-la-jornada-2-del-torneo-internacional-de-fuerzas-basicas\\\/#webpage\"},\"articleSection\":\"Liga BBVA MX\"},{\"@type\":\"BreadcrumbList\",\"@id\":\"https:\\\/\\\/redeportivamx.com\\\/index.php\\\/2026\\\/09\\\/04\\\/atlas-y-la-seleccion-mexicana-sub-16-toman-el-liderato-tras-la-jornada-2-del-torneo-internacional-de-fuerzas-basicas\\\/#breadcrumblist\",\"itemListElement\":[{\"@type\":\"ListItem\",\"@id\":\"https:\\\/\\\/redeportivamx.com#listItem\",\"position\":1,\"name\":\"Home\",\"item\":\"https:\\\/\\\/redeportivamx.com\",\"nextItem\":{\"@type\":\"ListItem\",\"@id\":\"https:\\\/\\\/redeportivamx.com\\\/index.php\\\/category\\\/liga-bbva-mx\\\/#listItem\",\"name\":\"Liga BBVA MX\"}},{\"@type\":\"ListItem\",\"@id\":\"https:\\\/\\\/redeportivamx.com\\\/index.php\\\/category\\\/liga-bbva-mx\\\/#listItem\",\"position\":2,\"name\":\"Liga BBVA MX\",\"item\":\"https:\\\/\\\/redeportivamx.com\\\/index.php\\\/category\\\/liga-bbva-mx\\\/\",\"nextItem\":{\"@type\":\"ListItem\",\"@id\":\"https:\\\/\\\/redeportivamx.com\\\/index.php\\\/2026\\\/09\\\/04\\\/atlas-y-la-seleccion-mexicana-sub-16-toman-el-liderato-tras-la-jornada-2-del-torneo-internacional-de-fuerzas-basicas\\\/#listItem\",\"name\":\"Atlas y la Selecci\\u00f3n Mexicana Sub-16 toman el liderato tras la Jornada 2 del Torneo Internacional de Fuerzas B\\u00e1sicas\"},\"previousItem\":{\"@type\":\"ListItem\",\"@id\":\"https:\\\/\\\/redeportivamx.com#listItem\",\"name\":\"Home\"}},{\"@type\":\"ListItem\",\"@id\":\"https:\\\/\\\/redeportivamx.com\\\/index.php\\\/2026\\\/09\\\/04\\\/atlas-y-la-seleccion-mexicana-sub-16-toman-el-liderato-tras-la-jornada-2-del-torneo-internacional-de-fuerzas-basicas\\\/#listItem\",\"position\":3,\"name\":\"Atlas y la Selecci\\u00f3n Mexicana Sub-16 toman el liderato tras la Jornada 2 del Torneo Internacional de Fuerzas B\\u00e1sicas\",\"previousItem\":{\"@type\":\"ListItem\",\"@id\":\"https:\\\/\\\/redeportivamx.com\\\/index.php\\\/category\\\/liga-bbva-mx\\\/#listItem\",\"name\":\"Liga BBVA MX\"}}]},{\"@type\":\"Organization\",\"@id\":\"https:\\\/\\\/redeportivamx.com\\\/#organization\",\"name\":\"redeportivamx.com\",\"description\":\"\\u00a1Conectando tu pasi\\u00f3n!\",\"url\":\"https:\\\/\\\/redeportivamx.com\\\/\",\"sameAs\":[\"https:\\\/\\\/www.facebook.com\\\/profile.php?id=61565592572733\",\"https:\\\/\\\/x.com\\\/Redeportivamx?s=20\",\"https:\\\/\\\/www.instagram.com\\\/redeportivamx\\\/\",\"https:\\\/\\\/www.tiktok.com\\\/@redeportiva.mx\",\"https:\\\/\\\/www.youtube.com\\\/@Redeportiva-MX\"]},{\"@type\":\"Person\",\"@id\":\"https:\\\/\\\/redeportivamx.com\\\/index.php\\\/author\\\/redeportivamx-com\\\/#author\",\"url\":\"https:\\\/\\\/redeportivamx.com\\\/index.php\\\/author\\\/redeportivamx-com\\\/\",\"name\":\"redeportivamx.com\",\"image\":{\"@type\":\"ImageObject\",\"@id\":\"https:\\\/\\\/redeportivamx.com\\\/index.php\\\/2026\\\/09\\\/04\\\/atlas-y-la-seleccion-mexicana-sub-16-toman-el-liderato-tras-la-jornada-2-del-torneo-internacional-de-fuerzas-basicas\\\/#authorImage\",\"url\":\"https:\\\/\\\/secure.gravatar.com\\\/avatar\\\/790e51587d778de3b4825087e929c433f068100b54d1df7452cba079d8d2b33d?s=96&d=mm&r=g\",\"width\":96,\"height\":96,\"caption\":\"redeportivamx.com\"}},{\"@type\":\"WebPage\",\"@id\":\"https:\\\/\\\/redeportivamx.com\\\/index.php\\\/2026\\\/09\\\/04\\\/atlas-y-la-seleccion-mexicana-sub-16-toman-el-liderato-tras-la-jornada-2-del-torneo-internacional-de-fuerzas-basicas\\\/#webpage\",\"url\":\"https:\\\/\\\/redeportivamx.com\\\/index.php\\\/2026\\\/09\\\/04\\\/atlas-y-la-seleccion-mexicana-sub-16-toman-el-liderato-tras-la-jornada-2-del-torneo-internacional-de-fuerzas-basicas\\\/\",\"name\":\"Atlas y la Selecci\\u00f3n Mexicana Sub-16 toman el liderato tras la Jornada 2 del Torneo Internacional de Fuerzas B\\u00e1sicas - Redeportiva MX\",\"description\":\"La Jornada 2 del Torneo Internacional de Fuerzas B\\u00e1sicas de la Liga BBVA MX dej\\u00f3 movimientos importantes en la tabla de posiciones. Atlas y la Selecci\\u00f3n Mexicana Sub-16 cerraron la fecha como l\\u00edderes de sus respectivos grupos, luego de conseguir resultados positivos en una intensa jornada disputada este 4 de septiembre en las instalaciones del\",\"inLanguage\":\"es-MX\",\"isPartOf\":{\"@id\":\"https:\\\/\\\/redeportivamx.com\\\/#website\"},\"breadcrumb\":{\"@id\":\"https:\\\/\\\/redeportivamx.com\\\/index.php\\\/2026\\\/09\\\/04\\\/atlas-y-la-seleccion-mexicana-sub-16-toman-el-liderato-tras-la-jornada-2-del-torneo-internacional-de-fuerzas-basicas\\\/#breadcrumblist\"},\"author\":{\"@id\":\"https:\\\/\\\/redeportivamx.com\\\/index.php\\\/author\\\/redeportivamx-com\\\/#author\"},\"creator\":{\"@id\":\"https:\\\/\\\/redeportivamx.com\\\/index.php\\\/author\\\/redeportivamx-com\\\/#author\"},\"image\":{\"@type\":\"ImageObject\",\"url\":\"https:\\\/\\\/redeportivamx.com\\\/wp-content\\\/uploads\\\/2026\\\/09\\\/IMG_5739.jpeg\",\"@id\":\"https:\\\/\\\/redeportivamx.com\\\/index.php\\\/2026\\\/09\\\/04\\\/atlas-y-la-seleccion-mexicana-sub-16-toman-el-liderato-tras-la-jornada-2-del-torneo-internacional-de-fuerzas-basicas\\\/#mainImage\",\"width\":1206,\"height\":708,\"caption\":\"Screenshot\"},\"primaryImageOfPage\":{\"@id\":\"https:\\\/\\\/redeportivamx.com\\\/index.php\\\/2026\\\/09\\\/04\\\/atlas-y-la-seleccion-mexicana-sub-16-toman-el-liderato-tras-la-jornada-2-del-torneo-internacional-de-fuerzas-basicas\\\/#mainImage\"},\"datePublished\":\"2026-09-04T23:27:01-06:00\",\"dateModified\":\"2026-09-04T23:27:04-06:00\"},{\"@type\":\"WebSite\",\"@id\":\"https:\\\/\\\/redeportivamx.com\\\/#website\",\"url\":\"https:\\\/\\\/redeportivamx.com\\\/\",\"name\":\"redeportivamx.com\",\"description\":\"\\u00a1Conectando tu pasi\\u00f3n!\",\"inLanguage\":\"es-MX\",\"publisher\":{\"@id\":\"https:\\\/\\\/redeportivamx.com\\\/#organization\"}}]}\n\t\t<\/script>\n\t\t<!-- All in One SEO -->\n\n","aioseo_head_json":{"title":"Atlas y la Selecci\u00f3n Mexicana Sub-16 toman el liderato tras la Jornada 2 del Torneo Internacional de Fuerzas B\u00e1sicas - Redeportiva MX","description":"La Jornada 2 del Torneo Internacional de Fuerzas B\u00e1sicas de la Liga BBVA MX dej\u00f3 movimientos importantes en la tabla de posiciones. Atlas y la Selecci\u00f3n Mexicana Sub-16 cerraron la fecha como l\u00edderes de sus respectivos grupos, luego de conseguir resultados positivos en una intensa jornada disputada este 4 de septiembre en las instalaciones del","canonical_url":"https:\/\/redeportivamx.com\/index.php\/2026\/09\/04\/atlas-y-la-seleccion-mexicana-sub-16-toman-el-liderato-tras-la-jornada-2-del-torneo-internacional-de-fuerzas-basicas\/","robots":"max-image-preview:large","keywords":"","webmasterTools":{"miscellaneous":""},"schema":{"@context":"https:\/\/schema.org","@graph":[{"@type":"BlogPosting","@id":"https:\/\/redeportivamx.com\/index.php\/2026\/09\/04\/atlas-y-la-seleccion-mexicana-sub-16-toman-el-liderato-tras-la-jornada-2-del-torneo-internacional-de-fuerzas-basicas\/#blogposting","name":"Atlas y la Selecci\u00f3n Mexicana Sub-16 toman el liderato tras la Jornada 2 del Torneo Internacional de Fuerzas B\u00e1sicas - Redeportiva MX","headline":"Atlas y la Selecci\u00f3n Mexicana Sub-16 toman el liderato tras la Jornada 2 del Torneo Internacional de Fuerzas B\u00e1sicas","author":{"@id":"https:\/\/redeportivamx.com\/index.php\/author\/redeportivamx-com\/#author"},"publisher":{"@id":"https:\/\/redeportivamx.com\/#organization"},"image":{"@type":"ImageObject","url":"https:\/\/redeportivamx.com\/wp-content\/uploads\/2026\/09\/IMG_5739.jpeg","width":1206,"height":708,"caption":"Screenshot"},"datePublished":"2026-09-04T23:27:01-06:00","dateModified":"2026-09-04T23:27:04-06:00","inLanguage":"es-MX","mainEntityOfPage":{"@id":"https:\/\/redeportivamx.com\/index.php\/2026\/09\/04\/atlas-y-la-seleccion-mexicana-sub-16-toman-el-liderato-tras-la-jornada-2-del-torneo-internacional-de-fuerzas-basicas\/#webpage"},"isPartOf":{"@id":"https:\/\/redeportivamx.com\/index.php\/2026\/09\/04\/atlas-y-la-seleccion-mexicana-sub-16-toman-el-liderato-tras-la-jornada-2-del-torneo-internacional-de-fuerzas-basicas\/#webpage"},"articleSection":"Liga BBVA MX"},{"@type":"BreadcrumbList","@id":"https:\/\/redeportivamx.com\/index.php\/2026\/09\/04\/atlas-y-la-seleccion-mexicana-sub-16-toman-el-liderato-tras-la-jornada-2-del-torneo-internacional-de-fuerzas-basicas\/#breadcrumblist","itemListElement":[{"@type":"ListItem","@id":"https:\/\/redeportivamx.com#listItem","position":1,"name":"Home","item":"https:\/\/redeportivamx.com","nextItem":{"@type":"ListItem","@id":"https:\/\/redeportivamx.com\/index.php\/category\/liga-bbva-mx\/#listItem","name":"Liga BBVA MX"}},{"@type":"ListItem","@id":"https:\/\/redeportivamx.com\/index.php\/category\/liga-bbva-mx\/#listItem","position":2,"name":"Liga BBVA MX","item":"https:\/\/redeportivamx.com\/index.php\/category\/liga-bbva-mx\/","nextItem":{"@type":"ListItem","@id":"https:\/\/redeportivamx.com\/index.php\/2026\/09\/04\/atlas-y-la-seleccion-mexicana-sub-16-toman-el-liderato-tras-la-jornada-2-del-torneo-internacional-de-fuerzas-basicas\/#listItem","name":"Atlas y la Selecci\u00f3n Mexicana Sub-16 toman el liderato tras la Jornada 2 del Torneo Internacional de Fuerzas B\u00e1sicas"},"previousItem":{"@type":"ListItem","@id":"https:\/\/redeportivamx.com#listItem","name":"Home"}},{"@type":"ListItem","@id":"https:\/\/redeportivamx.com\/index.php\/2026\/09\/04\/atlas-y-la-seleccion-mexicana-sub-16-toman-el-liderato-tras-la-jornada-2-del-torneo-internacional-de-fuerzas-basicas\/#listItem","position":3,"name":"Atlas y la Selecci\u00f3n Mexicana Sub-16 toman el liderato tras la Jornada 2 del Torneo Internacional de Fuerzas B\u00e1sicas","previousItem":{"@type":"ListItem","@id":"https:\/\/redeportivamx.com\/index.php\/category\/liga-bbva-mx\/#listItem","name":"Liga BBVA MX"}}]},{"@type":"Organization","@id":"https:\/\/redeportivamx.com\/#organization","name":"redeportivamx.com","description":"\u00a1Conectando tu pasi\u00f3n!","url":"https:\/\/redeportivamx.com\/","sameAs":["https:\/\/www.facebook.com\/profile.php?id=61565592572733","https:\/\/x.com\/Redeportivamx?s=20","https:\/\/www.instagram.com\/redeportivamx\/","https:\/\/www.tiktok.com\/@redeportiva.mx","https:\/\/www.youtube.com\/@Redeportiva-MX"]},{"@type":"Person","@id":"https:\/\/redeportivamx.com\/index.php\/author\/redeportivamx-com\/#author","url":"https:\/\/redeportivamx.com\/index.php\/author\/redeportivamx-com\/","name":"redeportivamx.com","image":{"@type":"ImageObject","@id":"https:\/\/redeportivamx.com\/index.php\/2026\/09\/04\/atlas-y-la-seleccion-mexicana-sub-16-toman-el-liderato-tras-la-jornada-2-del-torneo-internacional-de-fuerzas-basicas\/#authorImage","url":"https:\/\/secure.gravatar.com\/avatar\/790e51587d778de3b4825087e929c433f068100b54d1df7452cba079d8d2b33d?s=96&d=mm&r=g","width":96,"height":96,"caption":"redeportivamx.com"}},{"@type":"WebPage","@id":"https:\/\/redeportivamx.com\/index.php\/2026\/09\/04\/atlas-y-la-seleccion-mexicana-sub-16-toman-el-liderato-tras-la-jornada-2-del-torneo-internacional-de-fuerzas-basicas\/#webpage","url":"https:\/\/redeportivamx.com\/index.php\/2026\/09\/04\/atlas-y-la-seleccion-mexicana-sub-16-toman-el-liderato-tras-la-jornada-2-del-torneo-internacional-de-fuerzas-basicas\/","name":"Atlas y la Selecci\u00f3n Mexicana Sub-16 toman el liderato tras la Jornada 2 del Torneo Internacional de Fuerzas B\u00e1sicas - Redeportiva MX","description":"La Jornada 2 del Torneo Internacional de Fuerzas B\u00e1sicas de la Liga BBVA MX dej\u00f3 movimientos importantes en la tabla de posiciones. Atlas y la Selecci\u00f3n Mexicana Sub-16 cerraron la fecha como l\u00edderes de sus respectivos grupos, luego de conseguir resultados positivos en una intensa jornada disputada este 4 de septiembre en las instalaciones del","inLanguage":"es-MX","isPartOf":{"@id":"https:\/\/redeportivamx.com\/#website"},"breadcrumb":{"@id":"https:\/\/redeportivamx.com\/index.php\/2026\/09\/04\/atlas-y-la-seleccion-mexicana-sub-16-toman-el-liderato-tras-la-jornada-2-del-torneo-internacional-de-fuerzas-basicas\/#breadcrumblist"},"author":{"@id":"https:\/\/redeportivamx.com\/index.php\/author\/redeportivamx-com\/#author"},"creator":{"@id":"https:\/\/redeportivamx.com\/index.php\/author\/redeportivamx-com\/#author"},"image":{"@type":"ImageObject","url":"https:\/\/redeportivamx.com\/wp-content\/uploads\/2026\/09\/IMG_5739.jpeg","@id":"https:\/\/redeportivamx.com\/index.php\/2026\/09\/04\/atlas-y-la-seleccion-mexicana-sub-16-toman-el-liderato-tras-la-jornada-2-del-torneo-internacional-de-fuerzas-basicas\/#mainImage","width":1206,"height":708,"caption":"Screenshot"},"primaryImageOfPage":{"@id":"https:\/\/redeportivamx.com\/index.php\/2026\/09\/04\/atlas-y-la-seleccion-mexicana-sub-16-toman-el-liderato-tras-la-jornada-2-del-torneo-internacional-de-fuerzas-basicas\/#mainImage"},"datePublished":"2026-09-04T23:27:01-06:00","dateModified":"2026-09-04T23:27:04-06:00"},{"@type":"WebSite","@id":"https:\/\/redeportivamx.com\/#website","url":"https:\/\/redeportivamx.com\/","name":"redeportivamx.com","description":"\u00a1Conectando tu pasi\u00f3n!","inLanguage":"es-MX","publisher":{"@id":"https:\/\/redeportivamx.com\/#organization"}}]},"og:locale":"es_MX","og:site_name":"Redeportiva MX - \u00a1Conectando tu pasi\u00f3n!","og:type":"sport","og:title":"Atlas y la Selecci\u00f3n Mexicana Sub-16 toman el liderato tras la Jornada 2 del Torneo Internacional de Fuerzas B\u00e1sicas - Redeportiva MX","og:description":"La Jornada 2 del Torneo Internacional de Fuerzas B\u00e1sicas de la Liga BBVA MX dej\u00f3 movimientos importantes en la tabla de posiciones. Atlas y la Selecci\u00f3n Mexicana Sub-16 cerraron la fecha como l\u00edderes de sus respectivos grupos, luego de conseguir resultados positivos en una intensa jornada disputada este 4 de septiembre en las instalaciones del","og:url":"https:\/\/redeportivamx.com\/index.php\/2026\/09\/04\/atlas-y-la-seleccion-mexicana-sub-16-toman-el-liderato-tras-la-jornada-2-del-torneo-internacional-de-fuerzas-basicas\/","og:image":"https:\/\/redeportivamx.com\/wp-content\/uploads\/2026\/09\/IMG_5739.jpeg","og:image:secure_url":"https:\/\/redeportivamx.com\/wp-content\/uploads\/2026\/09\/IMG_5739.jpeg","og:image:width":1206,"og:image:height":708,"twitter:card":"summary_large_image","twitter:site":"@Redeportivamx","twitter:title":"Atlas y la Selecci\u00f3n Mexicana Sub-16 toman el liderato tras la Jornada 2 del Torneo Internacional de Fuerzas B\u00e1sicas - Redeportiva MX","twitter:description":"La Jornada 2 del Torneo Internacional de Fuerzas B\u00e1sicas de la Liga BBVA MX dej\u00f3 movimientos importantes en la tabla de posiciones. Atlas y la Selecci\u00f3n Mexicana Sub-16 cerraron la fecha como l\u00edderes de sus respectivos grupos, luego de conseguir resultados positivos en una intensa jornada disputada este 4 de septiembre en las instalaciones del","twitter:creator":"@Redeportivamx","twitter:image":"https:\/\/redeportivamx.com\/wp-content\/uploads\/2026\/09\/IMG_5739.jpeg"},"aioseo_meta_data":{"post_id":"52814","title":null,"description":null,"keywords":null,"keyphrases":{"focus":{"keyphrase":"","score":0,"analysis":{"keyphraseInTitle":{"score":0,"maxScore":9,"error":1}}},"additional":[]},"primary_term":null,"canonical_url":null,"og_title":null,"og_description":null,"og_object_type":"default","og_image_type":"default","og_image_url":null,"og_image_width":null,"og_image_height":null,"og_image_custom_url":null,"og_image_custom_fields":null,"og_video":"","og_custom_url":null,"og_article_section":null,"og_article_tags":null,"twitter_use_og":false,"twitter_card":"default","twitter_image_type":"default","twitter_image_url":null,"twitter_image_custom_url":null,"twitter_image_custom_fields":null,"twitter_title":null,"twitter_description":null,"schema":{"blockGraphs":[],"customGraphs":[],"default":{"data":{"Article":[],"Course":[],"Dataset":[],"FAQPage":[],"Movie":[],"Person":[],"Product":[],"ProductReview":[],"Car":[],"Recipe":[],"Service":[],"SoftwareApplication":[],"WebPage":[]},"graphName":"BlogPosting","isEnabled":true},"graphs":[]},"schema_type":"default","schema_type_options":null,"pillar_content":false,"robots_default":true,"robots_noindex":false,"robots_noarchive":false,"robots_nosnippet":false,"robots_nofollow":false,"robots_noimageindex":false,"robots_noodp":false,"robots_notranslate":false,"robots_max_snippet":"-1","robots_max_videopreview":"-1","robots_max_imagepreview":"large","priority":null,"frequency":"default","local_seo":null,"breadcrumb_settings":null,"limit_modified_date":false,"ai":{"faqs":[],"keyPoints":[],"schemas":[],"titles":[],"descriptions":[],"socialPosts":{"email":{"subject":"","preview":"","content":""},"linkedin":[],"twitter":[],"facebook":[],"instagram":[]}},"created":"2026-09-05 05:27:04","updated":"2026-09-05 05:27:04","seo_analyzer_scan_date":null,"focus_keyword":null,"additional_keywords":null,"truseo_locale":null},"aioseo_breadcrumb":"<div class=\"aioseo-breadcrumbs\"><span class=\"aioseo-breadcrumb\">\n\t\t\t<a href=\"https:\/\/redeportivamx.com\" title=\"Home\">Home<\/a>\n\t\t<\/span><span class=\"aioseo-breadcrumb-separator\">&raquo;<\/span><span class=\"aioseo-breadcrumb\">\n\t\t\t<a href=\"https:\/\/redeportivamx.com\/index.php\/category\/liga-bbva-mx\/\" title=\"Liga BBVA MX\">Liga BBVA MX<\/a>\n\t\t<\/span><span class=\"aioseo-breadcrumb-separator\">&raquo;<\/span><span class=\"aioseo-breadcrumb\">\n\t\t\tAtlas y la Selecci\u00f3n Mexicana Sub-16 toman el liderato tras la Jornada 2 del Torneo Internacional de Fuerzas B\u00e1sicas\n\t\t<\/span><\/div>","aioseo_breadcrumb_json":[{"label":"Home","link":"https:\/\/redeportivamx.com"},{"label":"Liga BBVA MX","link":"https:\/\/redeportivamx.com\/index.php\/category\/liga-bbva-mx\/"},{"label":"Atlas y la Selecci\u00f3n Mexicana Sub-16 toman el liderato tras la Jornada 2 del Torneo Internacional de Fuerzas B\u00e1sicas","link":"https:\/\/redeportivamx.com\/index.php\/2026\/09\/04\/atlas-y-la-seleccion-mexicana-sub-16-toman-el-liderato-tras-la-jornada-2-del-torneo-internacional-de-fuerzas-basicas\/"}],"jetpack_sharing_enabled":true,"jetpack_featured_media_url":"https:\/\/redeportivamx.com\/wp-content\/uploads\/2026\/09\/IMG_5739.jpeg","_links":{"self":[{"href":"https:\/\/redeportivamx.com\/index.php\/wp-json\/wp\/v2\/posts\/52814","targetHints":{"allow":["GET"]}}],"collection":[{"href":"https:\/\/redeportivamx.com\/index.php\/wp-json\/wp\/v2\/posts"}],"about":[{"href":"https:\/\/redeportivamx.com\/index.php\/wp-json\/wp\/v2\/types\/post"}],"author":[{"embeddable":true,"href":"https:\/\/redeportivamx.com\/index.php\/wp-json\/wp\/v2\/users\/1"}],"replies":[{"embeddable":true,"href":"https:\/\/redeportivamx.com\/index.php\/wp-json\/wp\/v2\/comments?post=52814"}],"version-history":[{"count":1,"href":"https:\/\/redeportivamx.com\/index.php\/wp-json\/wp\/v2\/posts\/52814\/revisions"}],"predecessor-version":[{"id":52816,"href":"https:\/\/redeportivamx.com\/index.php\/wp-json\/wp\/v2\/posts\/52814\/revisions\/52816"}],"wp:featuredmedia":[{"embeddable":true,"href":"https:\/\/redeportivamx.com\/index.php\/wp-json\/wp\/v2\/media\/52815"}],"wp:attachment":[{"href":"https:\/\/redeportivamx.com\/index.php\/wp-json\/wp\/v2\/media?parent=52814"}],"wp:term":[{"taxonomy":"category","embeddable":true,"href":"https:\/\/redeportivamx.com\/index.php\/wp-json\/wp\/v2\/categories?post=52814"},{"taxonomy":"post_tag","embeddable":true,"href":"https:\/\/redeportivamx.com\/index.php\/wp-json\/wp\/v2\/tags?post=52814"}],"curies":[{"name":"wp","href":"https:\/\/api.w.org\/{rel}","templated":true}]}}