{"id":52813,"date":"2026-09-04T07:25:00","date_gmt":"2026-09-04T13:25:00","guid":{"rendered":"https:\/\/redeportivamx.com\/?p=52813"},"modified":"2026-09-04T23:35:07","modified_gmt":"2026-09-05T05:35:07","slug":"ferrari-domina-en-la-fp1-de-monza","status":"publish","type":"post","link":"https:\/\/redeportivamx.com\/index.php\/2026\/09\/04\/ferrari-domina-en-la-fp1-de-monza\/","title":{"rendered":"\u00a1Ferrari domina en la FP1 de Monza!"},"content":{"rendered":"\n<h2 class=\"wp-block-heading\"><em>Leclerc lidera el 1-2 de Ferrari, Russell completa el podio<\/em><\/h2>\n\n\n\n<p class=\"wp-block-paragraph\">Ferrari comenz\u00f3 con fuerza su participaci\u00f3n en el Gran Premio de Italia 2026 al quedarse con las dos primeras posiciones de la primera pr\u00e1ctica libre en Monza. Charles Leclerc encabez\u00f3 la sesi\u00f3n con un tiempo de 1:23.008, mientras que Lewis Hamilton termin\u00f3 a 0.173 segundos de su compa\u00f1ero para completar el 1-2 del equipo local.<\/p>\n\n\n\n<p class=\"wp-block-paragraph\">La sesi\u00f3n dej\u00f3 referencias poco concluyentes debido a las distintas estrategias de neum\u00e1ticos que utilizaron los equipos. Varios pilotos no realizaron intentos representativos con el compuesto blando y otros lo montaron cuando las condiciones de pista ya no eran las m\u00e1s favorables, por lo que los tiempos no reflejaron completamente el potencial de cada monoplaza.<\/p>\n\n\n\n<p class=\"wp-block-paragraph\">George Russell concluy\u00f3 tercero para Mercedes, a 0.304 segundos del registro de Leclerc, mientras Liam Lawson volvi\u00f3 a destacar al colocar el Red Bull en la cuarta posici\u00f3n. El neozeland\u00e9s contin\u00faa ocupando el lugar de Isack Hadjar, quien permanece fuera de actividad por lesi\u00f3n.<\/p>\n\n\n\n<blockquote class=\"twitter-tweet\"><p lang=\"en\" dir=\"ltr\">\ud83c\uddee\ud83c\uddf9 THE TOP THREE IN FP1 \ud83c\uddee\ud83c\uddf9<br><br>1\ufe0f\u20e3 Charles<br>2\ufe0f\u20e3 Lewis<br>3\ufe0f\u20e3 George <a href=\"https:\/\/x.com\/hashtag\/F1?src=hash&amp;ref_src=twsrc%5Etfw\">#F1<\/a> <a href=\"https:\/\/x.com\/hashtag\/ItalianGP?src=hash&amp;ref_src=twsrc%5Etfw\">#ItalianGP<\/a> <a href=\"https:\/\/t.co\/VMkhAkGNbV\">pic.twitter.com\/VMkhAkGNbV<\/a><\/p>&mdash; Formula 1 (@F1) <a href=\"https:\/\/x.com\/F1\/status\/2095837716910858499?ref_src=twsrc%5Etfw\">September 4, 2026<\/a><\/blockquote> <script async src=\"https:\/\/platform.x.com\/widgets.js\" charset=\"utf-8\"><\/script>\n\n\n\n<p class=\"wp-block-paragraph\">Andrea Kimi Antonelli termin\u00f3 quinto, seguido de Lando Norris, Arvid Lindblad y Gabriel Bortoleo. Franco Colapinto tambi\u00e9n aprovech\u00f3 la sesi\u00f3n para instalarse dentro de los diez primeros lugares con Alpine.<\/p>\n\n\n\n<h2 class=\"wp-block-heading\">Ferrari marca el ritmo mientras McLaren guarda potencial<\/h2>\n\n\n\n<p class=\"wp-block-paragraph\">Leclerc consigui\u00f3 su mejor vuelta utilizando neum\u00e1ticos medios, un detalle que llam\u00f3 la atenci\u00f3n frente a varios rivales que s\u00ed recurrieron al compuesto blando. Hamilton tambi\u00e9n mostr\u00f3 un ritmo competitivo y confirm\u00f3 el buen inicio de Ferrari frente a su afici\u00f3n.<\/p>\n\n\n\n<p class=\"wp-block-paragraph\">McLaren, en cambio, tuvo una pr\u00e1ctica discreta en t\u00e9rminos de posici\u00f3n. Norris fue sexto y Oscar Piastri termin\u00f3 fuera de los diez primeros, aunque el desarrollo de la sesi\u00f3n indic\u00f3 que ambos pilotos todav\u00eda contaban con margen para mejorar durante el resto del fin de semana.<\/p>\n\n\n\n<p class=\"wp-block-paragraph\">La actividad tambi\u00e9n estuvo interrumpida por Colton Herta, quien ocup\u00f3 el Cadillac de Sergio P\u00e9rez durante la FP1. El estadounidense apenas complet\u00f3 cinco vueltas antes de quedar detenido en pista por un problema en el monoplaza, situaci\u00f3n que provoc\u00f3 primero un periodo de Virtual Safety Car y posteriormente una bandera roja.<\/p>\n\n\n\n<h2 class=\"wp-block-heading\">Aston Martin sufre y Checo P\u00e9rez espera su turno<\/h2>\n\n\n\n<p class=\"wp-block-paragraph\">Una de las principales preocupaciones de la sesi\u00f3n apareci\u00f3 en Aston Martin. Lance Stroll y Fernando Alonso finalizaron en la parte baja de la clasificaci\u00f3n, con el espa\u00f1ol en la posici\u00f3n 21, a m\u00e1s de tres segundos de Leclerc.<\/p>\n\n\n\n<p class=\"wp-block-paragraph\">El rendimiento del equipo brit\u00e1nico anticipa un fin de semana complicado en un circuito donde la velocidad punta tiene una importancia considerable.<\/p>\n\n\n\n<p class=\"wp-block-paragraph\">Sergio P\u00e9rez no particip\u00f3 en esta primera pr\u00e1ctica debido a la sesi\u00f3n asignada a Herta. El mexicano retomar\u00e1 su Cadillac en la FP2, donde buscar\u00e1 recuperar tiempo de pista y comenzar a definir la puesta a punto para la clasificaci\u00f3n y la carrera del domingo.<\/p>\n\n\n\n<blockquote class=\"twitter-tweet\"><p lang=\"en\" dir=\"ltr\">Not the started we wanted but we press on. <a href=\"https:\/\/t.co\/OueCc4Ty5k\">pic.twitter.com\/OueCc4Ty5k<\/a><\/p>&mdash; Cadillac Formula 1 Team (@Cadillac_F1) <a href=\"https:\/\/x.com\/Cadillac_F1\/status\/2095844438379524532?ref_src=twsrc%5Etfw\">September 4, 2026<\/a><\/blockquote> <script async src=\"https:\/\/platform.x.com\/widgets.js\" charset=\"utf-8\"><\/script>\n","protected":false},"excerpt":{"rendered":"<p>Leclerc lidera el 1-2 de Ferrari, Russell completa el podio Ferrari comenz\u00f3 con fuerza su participaci\u00f3n en el Gran Premio de Italia 2026 al quedarse con las dos primeras posiciones de la primera pr\u00e1ctica libre en Monza. Charles Leclerc encabez\u00f3 la sesi\u00f3n con un tiempo de 1:23.008, mientras que Lewis Hamilton termin\u00f3 a 0.173 segundos [&hellip;]<\/p>\n","protected":false},"author":12,"featured_media":52819,"comment_status":"open","ping_status":"open","sticky":false,"template":"","format":"standard","meta":{"_monsterinsights_skip_tracking":false,"_jetpack_newsletter_access":"","_jetpack_dont_email_post_to_subs":false,"_jetpack_newsletter_tier_id":0,"_jetpack_memberships_contains_paywalled_content":false,"_jetpack_feature_clip_id":0,"_jetpack_memberships_contains_paid_content":false,"footnotes":"","jetpack_post_was_ever_published":false},"categories":[7],"tags":[],"class_list":["post-52813","post","type-post","status-publish","format-standard","has-post-thumbnail","hentry","category-formula-1"],"aioseo_notices":[],"aioseo_head":"\n\t\t<!-- All in One SEO 5.0.1.1 - aioseo.com -->\n\t<meta name=\"description\" content=\"Leclerc lidera el 1-2 de Ferrari, Russell completa el podio Ferrari comenz\u00f3 con fuerza su participaci\u00f3n en el Gran Premio de Italia 2026 al quedarse con las dos primeras posiciones de la primera pr\u00e1ctica libre en Monza. Charles Leclerc encabez\u00f3 la sesi\u00f3n con un tiempo de 1:23.008, mientras que Lewis Hamilton termin\u00f3 a 0.173 segundos\" \/>\n\t<meta name=\"robots\" content=\"max-image-preview:large\" \/>\n\t<meta name=\"author\" content=\"\u00c1ngel Cortez\"\/>\n\t<link rel=\"canonical\" href=\"https:\/\/redeportivamx.com\/index.php\/2026\/09\/04\/ferrari-domina-en-la-fp1-de-monza\/\" \/>\n\t<meta name=\"generator\" content=\"All in One SEO (AIOSEO) 5.0.1.1\" \/>\n\t\t<meta property=\"og:locale\" content=\"es_MX\" \/>\n\t\t<meta property=\"og:site_name\" content=\"Redeportiva MX - \u00a1Conectando tu pasi\u00f3n!\" \/>\n\t\t<meta property=\"og:type\" content=\"sport\" \/>\n\t\t<meta property=\"og:title\" content=\"\u00a1Ferrari domina en la FP1 de Monza! - Redeportiva MX\" \/>\n\t\t<meta property=\"og:description\" content=\"Leclerc lidera el 1-2 de Ferrari, Russell completa el podio Ferrari comenz\u00f3 con fuerza su participaci\u00f3n en el Gran Premio de Italia 2026 al quedarse con las dos primeras posiciones de la primera pr\u00e1ctica libre en Monza. Charles Leclerc encabez\u00f3 la sesi\u00f3n con un tiempo de 1:23.008, mientras que Lewis Hamilton termin\u00f3 a 0.173 segundos\" \/>\n\t\t<meta property=\"og:url\" content=\"https:\/\/redeportivamx.com\/index.php\/2026\/09\/04\/ferrari-domina-en-la-fp1-de-monza\/\" \/>\n\t\t<meta property=\"og:image\" content=\"https:\/\/redeportivamx.com\/wp-content\/uploads\/2026\/09\/image-3.png\" \/>\n\t\t<meta property=\"og:image:secure_url\" content=\"https:\/\/redeportivamx.com\/wp-content\/uploads\/2026\/09\/image-3.png\" \/>\n\t\t<meta property=\"og:image:width\" content=\"2048\" \/>\n\t\t<meta property=\"og:image:height\" content=\"1366\" \/>\n\t\t<meta name=\"twitter:card\" content=\"summary_large_image\" \/>\n\t\t<meta name=\"twitter:site\" content=\"@Redeportivamx\" \/>\n\t\t<meta name=\"twitter:title\" content=\"\u00a1Ferrari domina en la FP1 de Monza! - Redeportiva MX\" \/>\n\t\t<meta name=\"twitter:description\" content=\"Leclerc lidera el 1-2 de Ferrari, Russell completa el podio Ferrari comenz\u00f3 con fuerza su participaci\u00f3n en el Gran Premio de Italia 2026 al quedarse con las dos primeras posiciones de la primera pr\u00e1ctica libre en Monza. Charles Leclerc encabez\u00f3 la sesi\u00f3n con un tiempo de 1:23.008, mientras que Lewis Hamilton termin\u00f3 a 0.173 segundos\" \/>\n\t\t<meta name=\"twitter:creator\" content=\"@Redeportivamx\" \/>\n\t\t<meta name=\"twitter:image\" content=\"https:\/\/redeportivamx.com\/wp-content\/uploads\/2026\/09\/image-3.png\" \/>\n\t\t<script type=\"application\/ld+json\" class=\"aioseo-schema\">\n\t\t\t{\"@context\":\"https:\\\/\\\/schema.org\",\"@graph\":[{\"@type\":\"BlogPosting\",\"@id\":\"https:\\\/\\\/redeportivamx.com\\\/index.php\\\/2026\\\/09\\\/04\\\/ferrari-domina-en-la-fp1-de-monza\\\/#blogposting\",\"name\":\"\\u00a1Ferrari domina en la FP1 de Monza! - Redeportiva MX\",\"headline\":\"\\u00a1Ferrari domina en la FP1 de Monza!\",\"author\":{\"@id\":\"https:\\\/\\\/redeportivamx.com\\\/index.php\\\/author\\\/angel-cortez\\\/#author\"},\"publisher\":{\"@id\":\"https:\\\/\\\/redeportivamx.com\\\/#organization\"},\"image\":{\"@type\":\"ImageObject\",\"url\":\"https:\\\/\\\/redeportivamx.com\\\/wp-content\\\/uploads\\\/2026\\\/09\\\/image-3.png\",\"width\":2048,\"height\":1366,\"caption\":\"Charles Leclerc, Monza GP 2026. Foto: Scuder\\u00eda Ferrari v\\u00eda X\"},\"datePublished\":\"2026-09-04T07:25:00-06:00\",\"dateModified\":\"2026-09-04T23:35:07-06:00\",\"inLanguage\":\"es-MX\",\"mainEntityOfPage\":{\"@id\":\"https:\\\/\\\/redeportivamx.com\\\/index.php\\\/2026\\\/09\\\/04\\\/ferrari-domina-en-la-fp1-de-monza\\\/#webpage\"},\"isPartOf\":{\"@id\":\"https:\\\/\\\/redeportivamx.com\\\/index.php\\\/2026\\\/09\\\/04\\\/ferrari-domina-en-la-fp1-de-monza\\\/#webpage\"},\"articleSection\":\"Formula 1\"},{\"@type\":\"BreadcrumbList\",\"@id\":\"https:\\\/\\\/redeportivamx.com\\\/index.php\\\/2026\\\/09\\\/04\\\/ferrari-domina-en-la-fp1-de-monza\\\/#breadcrumblist\",\"itemListElement\":[{\"@type\":\"ListItem\",\"@id\":\"https:\\\/\\\/redeportivamx.com#listItem\",\"position\":1,\"name\":\"Home\",\"item\":\"https:\\\/\\\/redeportivamx.com\",\"nextItem\":{\"@type\":\"ListItem\",\"@id\":\"https:\\\/\\\/redeportivamx.com\\\/index.php\\\/category\\\/formula-1\\\/#listItem\",\"name\":\"Formula 1\"}},{\"@type\":\"ListItem\",\"@id\":\"https:\\\/\\\/redeportivamx.com\\\/index.php\\\/category\\\/formula-1\\\/#listItem\",\"position\":2,\"name\":\"Formula 1\",\"item\":\"https:\\\/\\\/redeportivamx.com\\\/index.php\\\/category\\\/formula-1\\\/\",\"nextItem\":{\"@type\":\"ListItem\",\"@id\":\"https:\\\/\\\/redeportivamx.com\\\/index.php\\\/2026\\\/09\\\/04\\\/ferrari-domina-en-la-fp1-de-monza\\\/#listItem\",\"name\":\"\\u00a1Ferrari domina en la FP1 de Monza!\"},\"previousItem\":{\"@type\":\"ListItem\",\"@id\":\"https:\\\/\\\/redeportivamx.com#listItem\",\"name\":\"Home\"}},{\"@type\":\"ListItem\",\"@id\":\"https:\\\/\\\/redeportivamx.com\\\/index.php\\\/2026\\\/09\\\/04\\\/ferrari-domina-en-la-fp1-de-monza\\\/#listItem\",\"position\":3,\"name\":\"\\u00a1Ferrari domina en la FP1 de Monza!\",\"previousItem\":{\"@type\":\"ListItem\",\"@id\":\"https:\\\/\\\/redeportivamx.com\\\/index.php\\\/category\\\/formula-1\\\/#listItem\",\"name\":\"Formula 1\"}}]},{\"@type\":\"Organization\",\"@id\":\"https:\\\/\\\/redeportivamx.com\\\/#organization\",\"name\":\"redeportivamx.com\",\"description\":\"\\u00a1Conectando tu pasi\\u00f3n!\",\"url\":\"https:\\\/\\\/redeportivamx.com\\\/\",\"sameAs\":[\"https:\\\/\\\/www.facebook.com\\\/profile.php?id=61565592572733\",\"https:\\\/\\\/x.com\\\/Redeportivamx?s=20\",\"https:\\\/\\\/www.instagram.com\\\/redeportivamx\\\/\",\"https:\\\/\\\/www.tiktok.com\\\/@redeportiva.mx\",\"https:\\\/\\\/www.youtube.com\\\/@Redeportiva-MX\"]},{\"@type\":\"Person\",\"@id\":\"https:\\\/\\\/redeportivamx.com\\\/index.php\\\/author\\\/angel-cortez\\\/#author\",\"url\":\"https:\\\/\\\/redeportivamx.com\\\/index.php\\\/author\\\/angel-cortez\\\/\",\"name\":\"\\u00c1ngel Cortez\",\"image\":{\"@type\":\"ImageObject\",\"@id\":\"https:\\\/\\\/redeportivamx.com\\\/index.php\\\/2026\\\/09\\\/04\\\/ferrari-domina-en-la-fp1-de-monza\\\/#authorImage\",\"url\":\"https:\\\/\\\/secure.gravatar.com\\\/avatar\\\/7a2a1ba429e2adbe816e5f8251d8d6c7a28c9d49b7b2b94e7156e4f797ad86d5?s=96&d=mm&r=g\",\"width\":96,\"height\":96,\"caption\":\"\\u00c1ngel Cortez\"}},{\"@type\":\"WebPage\",\"@id\":\"https:\\\/\\\/redeportivamx.com\\\/index.php\\\/2026\\\/09\\\/04\\\/ferrari-domina-en-la-fp1-de-monza\\\/#webpage\",\"url\":\"https:\\\/\\\/redeportivamx.com\\\/index.php\\\/2026\\\/09\\\/04\\\/ferrari-domina-en-la-fp1-de-monza\\\/\",\"name\":\"\\u00a1Ferrari domina en la FP1 de Monza! - Redeportiva MX\",\"description\":\"Leclerc lidera el 1-2 de Ferrari, Russell completa el podio Ferrari comenz\\u00f3 con fuerza su participaci\\u00f3n en el Gran Premio de Italia 2026 al quedarse con las dos primeras posiciones de la primera pr\\u00e1ctica libre en Monza. Charles Leclerc encabez\\u00f3 la sesi\\u00f3n con un tiempo de 1:23.008, mientras que Lewis Hamilton termin\\u00f3 a 0.173 segundos\",\"inLanguage\":\"es-MX\",\"isPartOf\":{\"@id\":\"https:\\\/\\\/redeportivamx.com\\\/#website\"},\"breadcrumb\":{\"@id\":\"https:\\\/\\\/redeportivamx.com\\\/index.php\\\/2026\\\/09\\\/04\\\/ferrari-domina-en-la-fp1-de-monza\\\/#breadcrumblist\"},\"author\":{\"@id\":\"https:\\\/\\\/redeportivamx.com\\\/index.php\\\/author\\\/angel-cortez\\\/#author\"},\"creator\":{\"@id\":\"https:\\\/\\\/redeportivamx.com\\\/index.php\\\/author\\\/angel-cortez\\\/#author\"},\"image\":{\"@type\":\"ImageObject\",\"url\":\"https:\\\/\\\/redeportivamx.com\\\/wp-content\\\/uploads\\\/2026\\\/09\\\/image-3.png\",\"@id\":\"https:\\\/\\\/redeportivamx.com\\\/index.php\\\/2026\\\/09\\\/04\\\/ferrari-domina-en-la-fp1-de-monza\\\/#mainImage\",\"width\":2048,\"height\":1366,\"caption\":\"Charles Leclerc, Monza GP 2026. Foto: Scuder\\u00eda Ferrari v\\u00eda X\"},\"primaryImageOfPage\":{\"@id\":\"https:\\\/\\\/redeportivamx.com\\\/index.php\\\/2026\\\/09\\\/04\\\/ferrari-domina-en-la-fp1-de-monza\\\/#mainImage\"},\"datePublished\":\"2026-09-04T07:25:00-06:00\",\"dateModified\":\"2026-09-04T23:35:07-06:00\"},{\"@type\":\"WebSite\",\"@id\":\"https:\\\/\\\/redeportivamx.com\\\/#website\",\"url\":\"https:\\\/\\\/redeportivamx.com\\\/\",\"name\":\"redeportivamx.com\",\"description\":\"\\u00a1Conectando tu pasi\\u00f3n!\",\"inLanguage\":\"es-MX\",\"publisher\":{\"@id\":\"https:\\\/\\\/redeportivamx.com\\\/#organization\"}}]}\n\t\t<\/script>\n\t\t<!-- All in One SEO -->\n\n","aioseo_head_json":{"title":"\u00a1Ferrari domina en la FP1 de Monza! - Redeportiva MX","description":"Leclerc lidera el 1-2 de Ferrari, Russell completa el podio Ferrari comenz\u00f3 con fuerza su participaci\u00f3n en el Gran Premio de Italia 2026 al quedarse con las dos primeras posiciones de la primera pr\u00e1ctica libre en Monza. Charles Leclerc encabez\u00f3 la sesi\u00f3n con un tiempo de 1:23.008, mientras que Lewis Hamilton termin\u00f3 a 0.173 segundos","canonical_url":"https:\/\/redeportivamx.com\/index.php\/2026\/09\/04\/ferrari-domina-en-la-fp1-de-monza\/","robots":"max-image-preview:large","keywords":"","webmasterTools":{"miscellaneous":""},"schema":{"@context":"https:\/\/schema.org","@graph":[{"@type":"BlogPosting","@id":"https:\/\/redeportivamx.com\/index.php\/2026\/09\/04\/ferrari-domina-en-la-fp1-de-monza\/#blogposting","name":"\u00a1Ferrari domina en la FP1 de Monza! - Redeportiva MX","headline":"\u00a1Ferrari domina en la FP1 de Monza!","author":{"@id":"https:\/\/redeportivamx.com\/index.php\/author\/angel-cortez\/#author"},"publisher":{"@id":"https:\/\/redeportivamx.com\/#organization"},"image":{"@type":"ImageObject","url":"https:\/\/redeportivamx.com\/wp-content\/uploads\/2026\/09\/image-3.png","width":2048,"height":1366,"caption":"Charles Leclerc, Monza GP 2026. Foto: Scuder\u00eda Ferrari v\u00eda X"},"datePublished":"2026-09-04T07:25:00-06:00","dateModified":"2026-09-04T23:35:07-06:00","inLanguage":"es-MX","mainEntityOfPage":{"@id":"https:\/\/redeportivamx.com\/index.php\/2026\/09\/04\/ferrari-domina-en-la-fp1-de-monza\/#webpage"},"isPartOf":{"@id":"https:\/\/redeportivamx.com\/index.php\/2026\/09\/04\/ferrari-domina-en-la-fp1-de-monza\/#webpage"},"articleSection":"Formula 1"},{"@type":"BreadcrumbList","@id":"https:\/\/redeportivamx.com\/index.php\/2026\/09\/04\/ferrari-domina-en-la-fp1-de-monza\/#breadcrumblist","itemListElement":[{"@type":"ListItem","@id":"https:\/\/redeportivamx.com#listItem","position":1,"name":"Home","item":"https:\/\/redeportivamx.com","nextItem":{"@type":"ListItem","@id":"https:\/\/redeportivamx.com\/index.php\/category\/formula-1\/#listItem","name":"Formula 1"}},{"@type":"ListItem","@id":"https:\/\/redeportivamx.com\/index.php\/category\/formula-1\/#listItem","position":2,"name":"Formula 1","item":"https:\/\/redeportivamx.com\/index.php\/category\/formula-1\/","nextItem":{"@type":"ListItem","@id":"https:\/\/redeportivamx.com\/index.php\/2026\/09\/04\/ferrari-domina-en-la-fp1-de-monza\/#listItem","name":"\u00a1Ferrari domina en la FP1 de Monza!"},"previousItem":{"@type":"ListItem","@id":"https:\/\/redeportivamx.com#listItem","name":"Home"}},{"@type":"ListItem","@id":"https:\/\/redeportivamx.com\/index.php\/2026\/09\/04\/ferrari-domina-en-la-fp1-de-monza\/#listItem","position":3,"name":"\u00a1Ferrari domina en la FP1 de Monza!","previousItem":{"@type":"ListItem","@id":"https:\/\/redeportivamx.com\/index.php\/category\/formula-1\/#listItem","name":"Formula 1"}}]},{"@type":"Organization","@id":"https:\/\/redeportivamx.com\/#organization","name":"redeportivamx.com","description":"\u00a1Conectando tu pasi\u00f3n!","url":"https:\/\/redeportivamx.com\/","sameAs":["https:\/\/www.facebook.com\/profile.php?id=61565592572733","https:\/\/x.com\/Redeportivamx?s=20","https:\/\/www.instagram.com\/redeportivamx\/","https:\/\/www.tiktok.com\/@redeportiva.mx","https:\/\/www.youtube.com\/@Redeportiva-MX"]},{"@type":"Person","@id":"https:\/\/redeportivamx.com\/index.php\/author\/angel-cortez\/#author","url":"https:\/\/redeportivamx.com\/index.php\/author\/angel-cortez\/","name":"\u00c1ngel Cortez","image":{"@type":"ImageObject","@id":"https:\/\/redeportivamx.com\/index.php\/2026\/09\/04\/ferrari-domina-en-la-fp1-de-monza\/#authorImage","url":"https:\/\/secure.gravatar.com\/avatar\/7a2a1ba429e2adbe816e5f8251d8d6c7a28c9d49b7b2b94e7156e4f797ad86d5?s=96&d=mm&r=g","width":96,"height":96,"caption":"\u00c1ngel Cortez"}},{"@type":"WebPage","@id":"https:\/\/redeportivamx.com\/index.php\/2026\/09\/04\/ferrari-domina-en-la-fp1-de-monza\/#webpage","url":"https:\/\/redeportivamx.com\/index.php\/2026\/09\/04\/ferrari-domina-en-la-fp1-de-monza\/","name":"\u00a1Ferrari domina en la FP1 de Monza! - Redeportiva MX","description":"Leclerc lidera el 1-2 de Ferrari, Russell completa el podio Ferrari comenz\u00f3 con fuerza su participaci\u00f3n en el Gran Premio de Italia 2026 al quedarse con las dos primeras posiciones de la primera pr\u00e1ctica libre en Monza. Charles Leclerc encabez\u00f3 la sesi\u00f3n con un tiempo de 1:23.008, mientras que Lewis Hamilton termin\u00f3 a 0.173 segundos","inLanguage":"es-MX","isPartOf":{"@id":"https:\/\/redeportivamx.com\/#website"},"breadcrumb":{"@id":"https:\/\/redeportivamx.com\/index.php\/2026\/09\/04\/ferrari-domina-en-la-fp1-de-monza\/#breadcrumblist"},"author":{"@id":"https:\/\/redeportivamx.com\/index.php\/author\/angel-cortez\/#author"},"creator":{"@id":"https:\/\/redeportivamx.com\/index.php\/author\/angel-cortez\/#author"},"image":{"@type":"ImageObject","url":"https:\/\/redeportivamx.com\/wp-content\/uploads\/2026\/09\/image-3.png","@id":"https:\/\/redeportivamx.com\/index.php\/2026\/09\/04\/ferrari-domina-en-la-fp1-de-monza\/#mainImage","width":2048,"height":1366,"caption":"Charles Leclerc, Monza GP 2026. Foto: Scuder\u00eda Ferrari v\u00eda X"},"primaryImageOfPage":{"@id":"https:\/\/redeportivamx.com\/index.php\/2026\/09\/04\/ferrari-domina-en-la-fp1-de-monza\/#mainImage"},"datePublished":"2026-09-04T07:25:00-06:00","dateModified":"2026-09-04T23:35:07-06:00"},{"@type":"WebSite","@id":"https:\/\/redeportivamx.com\/#website","url":"https:\/\/redeportivamx.com\/","name":"redeportivamx.com","description":"\u00a1Conectando tu pasi\u00f3n!","inLanguage":"es-MX","publisher":{"@id":"https:\/\/redeportivamx.com\/#organization"}}]},"og:locale":"es_MX","og:site_name":"Redeportiva MX - \u00a1Conectando tu pasi\u00f3n!","og:type":"sport","og:title":"\u00a1Ferrari domina en la FP1 de Monza! - Redeportiva MX","og:description":"Leclerc lidera el 1-2 de Ferrari, Russell completa el podio Ferrari comenz\u00f3 con fuerza su participaci\u00f3n en el Gran Premio de Italia 2026 al quedarse con las dos primeras posiciones de la primera pr\u00e1ctica libre en Monza. Charles Leclerc encabez\u00f3 la sesi\u00f3n con un tiempo de 1:23.008, mientras que Lewis Hamilton termin\u00f3 a 0.173 segundos","og:url":"https:\/\/redeportivamx.com\/index.php\/2026\/09\/04\/ferrari-domina-en-la-fp1-de-monza\/","og:image":"https:\/\/redeportivamx.com\/wp-content\/uploads\/2026\/09\/image-3.png","og:image:secure_url":"https:\/\/redeportivamx.com\/wp-content\/uploads\/2026\/09\/image-3.png","og:image:width":2048,"og:image:height":1366,"twitter:card":"summary_large_image","twitter:site":"@Redeportivamx","twitter:title":"\u00a1Ferrari domina en la FP1 de Monza! - Redeportiva MX","twitter:description":"Leclerc lidera el 1-2 de Ferrari, Russell completa el podio Ferrari comenz\u00f3 con fuerza su participaci\u00f3n en el Gran Premio de Italia 2026 al quedarse con las dos primeras posiciones de la primera pr\u00e1ctica libre en Monza. Charles Leclerc encabez\u00f3 la sesi\u00f3n con un tiempo de 1:23.008, mientras que Lewis Hamilton termin\u00f3 a 0.173 segundos","twitter:creator":"@Redeportivamx","twitter:image":"https:\/\/redeportivamx.com\/wp-content\/uploads\/2026\/09\/image-3.png"},"aioseo_meta_data":{"post_id":"52813","title":null,"description":null,"keywords":null,"keyphrases":{"focus":{"keyphrase":"","score":0,"analysis":{"keyphraseInTitle":{"score":0,"maxScore":9,"error":1}}},"additional":[]},"primary_term":null,"canonical_url":null,"og_title":null,"og_description":null,"og_object_type":"default","og_image_type":"default","og_image_url":null,"og_image_width":null,"og_image_height":null,"og_image_custom_url":null,"og_image_custom_fields":null,"og_video":"","og_custom_url":null,"og_article_section":null,"og_article_tags":null,"twitter_use_og":false,"twitter_card":"default","twitter_image_type":"default","twitter_image_url":null,"twitter_image_custom_url":null,"twitter_image_custom_fields":null,"twitter_title":null,"twitter_description":null,"schema":{"blockGraphs":[],"customGraphs":[],"default":{"data":{"Article":[],"Course":[],"Dataset":[],"FAQPage":[],"Movie":[],"Person":[],"Product":[],"ProductReview":[],"Car":[],"Recipe":[],"Service":[],"SoftwareApplication":[],"WebPage":[]},"graphName":"BlogPosting","isEnabled":true},"graphs":[]},"schema_type":"default","schema_type_options":null,"pillar_content":false,"robots_default":true,"robots_noindex":false,"robots_noarchive":false,"robots_nosnippet":false,"robots_nofollow":false,"robots_noimageindex":false,"robots_noodp":false,"robots_notranslate":false,"robots_max_snippet":"-1","robots_max_videopreview":"-1","robots_max_imagepreview":"large","priority":null,"frequency":"default","local_seo":null,"breadcrumb_settings":null,"limit_modified_date":false,"ai":{"faqs":[],"keyPoints":[],"schemas":[],"titles":[],"descriptions":[],"socialPosts":{"email":{"subject":"","preview":"","content":""},"linkedin":[],"twitter":[],"facebook":[],"instagram":[]}},"created":"2026-09-05 05:34:32","updated":"2026-09-05 05:35:08","seo_analyzer_scan_date":null,"focus_keyword":null,"additional_keywords":null,"truseo_locale":null},"aioseo_breadcrumb":"<div class=\"aioseo-breadcrumbs\"><span class=\"aioseo-breadcrumb\">\n\t\t\t<a href=\"https:\/\/redeportivamx.com\" title=\"Home\">Home<\/a>\n\t\t<\/span><span class=\"aioseo-breadcrumb-separator\">&raquo;<\/span><span class=\"aioseo-breadcrumb\">\n\t\t\t<a href=\"https:\/\/redeportivamx.com\/index.php\/category\/formula-1\/\" title=\"Formula 1\">Formula 1<\/a>\n\t\t<\/span><span class=\"aioseo-breadcrumb-separator\">&raquo;<\/span><span class=\"aioseo-breadcrumb\">\n\t\t\t\u00a1Ferrari domina en la FP1 de Monza!\n\t\t<\/span><\/div>","aioseo_breadcrumb_json":[{"label":"Home","link":"https:\/\/redeportivamx.com"},{"label":"Formula 1","link":"https:\/\/redeportivamx.com\/index.php\/category\/formula-1\/"},{"label":"\u00a1Ferrari domina en la FP1 de Monza!","link":"https:\/\/redeportivamx.com\/index.php\/2026\/09\/04\/ferrari-domina-en-la-fp1-de-monza\/"}],"jetpack_sharing_enabled":true,"jetpack_featured_media_url":"https:\/\/redeportivamx.com\/wp-content\/uploads\/2026\/09\/image-3.png","_links":{"self":[{"href":"https:\/\/redeportivamx.com\/index.php\/wp-json\/wp\/v2\/posts\/52813","targetHints":{"allow":["GET"]}}],"collection":[{"href":"https:\/\/redeportivamx.com\/index.php\/wp-json\/wp\/v2\/posts"}],"about":[{"href":"https:\/\/redeportivamx.com\/index.php\/wp-json\/wp\/v2\/types\/post"}],"author":[{"embeddable":true,"href":"https:\/\/redeportivamx.com\/index.php\/wp-json\/wp\/v2\/users\/12"}],"replies":[{"embeddable":true,"href":"https:\/\/redeportivamx.com\/index.php\/wp-json\/wp\/v2\/comments?post=52813"}],"version-history":[{"count":1,"href":"https:\/\/redeportivamx.com\/index.php\/wp-json\/wp\/v2\/posts\/52813\/revisions"}],"predecessor-version":[{"id":52822,"href":"https:\/\/redeportivamx.com\/index.php\/wp-json\/wp\/v2\/posts\/52813\/revisions\/52822"}],"wp:featuredmedia":[{"embeddable":true,"href":"https:\/\/redeportivamx.com\/index.php\/wp-json\/wp\/v2\/media\/52819"}],"wp:attachment":[{"href":"https:\/\/redeportivamx.com\/index.php\/wp-json\/wp\/v2\/media?parent=52813"}],"wp:term":[{"taxonomy":"category","embeddable":true,"href":"https:\/\/redeportivamx.com\/index.php\/wp-json\/wp\/v2\/categories?post=52813"},{"taxonomy":"post_tag","embeddable":true,"href":"https:\/\/redeportivamx.com\/index.php\/wp-json\/wp\/v2\/tags?post=52813"}],"curies":[{"name":"wp","href":"https:\/\/api.w.org\/{rel}","templated":true}]}}