{"id":52796,"date":"2026-09-03T10:34:54","date_gmt":"2026-09-03T16:34:54","guid":{"rendered":"https:\/\/redeportivamx.com\/?p=52796"},"modified":"2026-09-03T10:36:19","modified_gmt":"2026-09-03T16:36:19","slug":"arranca-la-decimo-primera-edicion-del-torneo-internacional-de-fuerzas-basicas-de-la-liga-bbva-mx","status":"publish","type":"post","link":"https:\/\/redeportivamx.com\/index.php\/2026\/09\/03\/arranca-la-decimo-primera-edicion-del-torneo-internacional-de-fuerzas-basicas-de-la-liga-bbva-mx\/","title":{"rendered":"Arranca la d\u00e9cimo primera edici\u00f3n del Torneo Internacional de Fuerzas B\u00e1sicas de la Liga BBVA MX"},"content":{"rendered":"\n<p class=\"wp-block-paragraph\">La&nbsp;<strong>Liga BBVA MX<\/strong>&nbsp;puso en marcha la&nbsp;<strong>d\u00e9cimo primera edici\u00f3n del Torneo Internacional de Fuerzas B\u00e1sicas<\/strong>, certamen que se celebrar\u00e1 del&nbsp;<strong>3 al 12 de septiembre<\/strong>&nbsp;en las instalaciones del&nbsp;<strong>Centro de Alto Rendimiento (CAR)<\/strong>&nbsp;de la Ciudad de M\u00e9xico. El torneo reunir\u00e1 a algunos de los mejores talentos juveniles del futbol nacional e internacional, consolid\u00e1ndose como una de las principales vitrinas para las futuras promesas del balompi\u00e9.<\/p>\n\n\n\n<p class=\"wp-block-paragraph\">En esta edici\u00f3n participar\u00e1n&nbsp;<strong>ocho equipos<\/strong>, conformados por cuatro clubes de la&nbsp;<strong>Liga BBVA MX Sub-17<\/strong>:&nbsp;<strong>Atlas, Monterrey, Pachuca y Toluca<\/strong>; tres invitados internacionales:&nbsp;<strong>LA Galaxy, Seattle Sounders y Universidad Cat\u00f3lica de Chile<\/strong>; adem\u00e1s de la&nbsp;<strong>Selecci\u00f3n Nacional de M\u00e9xico Sub-16<\/strong>, que buscar\u00e1 medir su nivel frente a importantes canteras del continente.<\/p>\n\n\n\n<figure class=\"wp-block-embed is-type-rich is-provider-x wp-block-embed-x\"><div class=\"wp-block-embed__wrapper\">\n<div class=\"embed-x\"><blockquote class=\"twitter-tweet\" data-width=\"550\" data-dnt=\"true\"><p lang=\"es\" dir=\"ltr\">\ud83c\udfa5 | Con este gol, Rayados abre el marcador en el Torneo Internacional Sub-17 de la Liga BBVA MX. \ud83d\udd1d<br><br>Partido en vivo aqu\u00ed \ud83d\udc47<br><br>\ud83d\udd17: <a href=\"https:\/\/t.co\/IS39J6vP0E\">https:\/\/t.co\/IS39J6vP0E<\/a><a href=\"https:\/\/x.com\/hashtag\/LaLigaDeLaAfici%C3%B3n?src=hash&amp;ref_src=twsrc%5Etfw\">#LaLigaDeLaAfici\u00f3n<\/a> <a href=\"https:\/\/t.co\/YAWlLjCE30\">pic.twitter.com\/YAWlLjCE30<\/a><\/p>&mdash; Liga BBVA MX (@LigaBBVAMX) <a href=\"https:\/\/x.com\/LigaBBVAMX\/status\/2095547460030509089?ref_src=twsrc%5Etfw\">September 3, 2026<\/a><\/blockquote><script async src=\"https:\/\/platform.x.com\/widgets.js\" charset=\"utf-8\"><\/script><\/div>\n<\/div><\/figure>\n\n\n\n<p class=\"wp-block-paragraph\">El formato del torneo contempla la divisi\u00f3n de los participantes en dos sectores: el&nbsp;<strong>Grupo Nacional<\/strong>, integrado por Atlas, Monterrey, Pachuca y Toluca, y el&nbsp;<strong>Grupo Internacional<\/strong>, conformado por LA Galaxy, Seattle Sounders, la Selecci\u00f3n Mexicana Sub-16 y Universidad Cat\u00f3lica de Chile. Cada equipo disputar\u00e1 siete partidos frente a los clubes del grupo opuesto, acumulando puntos para definir a los l\u00edderes de cada sector.<\/p>\n\n\n\n<p class=\"wp-block-paragraph\">Una vez concluidas las siete jornadas,&nbsp;<strong>el primer lugar de cada grupo avanzar\u00e1 a la Gran Final<\/strong>, programada para el&nbsp;<strong>13 de septiembre<\/strong>, en una sede que ser\u00e1 anunciada pr\u00f3ximamente por la Liga BBVA MX. El formato garantiza que todos los equipos tengan actividad constante y enfrenten rivales de distintos estilos futbol\u00edsticos a lo largo del certamen.<\/p>\n\n\n\n<p class=\"wp-block-paragraph\">Desde su creaci\u00f3n en&nbsp;<strong>2014<\/strong>, el Torneo Internacional de Fuerzas B\u00e1sicas se ha convertido en un escenario clave para el desarrollo de j\u00f3venes futbolistas. A lo largo de diez ediciones ha contado con&nbsp;<strong>seis campeones diferentes<\/strong>:&nbsp;<strong>Pachuca<\/strong>, el m\u00e1ximo ganador con cuatro t\u00edtulos;&nbsp;<strong>Palmeiras<\/strong>, con dos campeonatos; adem\u00e1s de&nbsp;<strong>Atl\u00e9tico de Madrid, Guadalajara, Santos Laguna y Tijuana<\/strong>, con un t\u00edtulo cada uno. La edici\u00f3n 2026 buscar\u00e1 escribir un nuevo cap\u00edtulo en la historia de un torneo que contin\u00faa impulsando el talento de las futuras generaciones del futbol.<\/p>\n\n\n\n<p class=\"wp-block-paragraph\"><\/p>\n","protected":false},"excerpt":{"rendered":"<p>La&nbsp;Liga BBVA MX&nbsp;puso en marcha la&nbsp;d\u00e9cimo primera edici\u00f3n del Torneo Internacional de Fuerzas B\u00e1sicas, certamen que se celebrar\u00e1 del&nbsp;3 al 12 de septiembre&nbsp;en las instalaciones del&nbsp;Centro de Alto Rendimiento (CAR)&nbsp;de la Ciudad de M\u00e9xico. El torneo reunir\u00e1 a algunos de los mejores talentos juveniles del futbol nacional e internacional, consolid\u00e1ndose como una de las principales [&hellip;]<\/p>\n","protected":false},"author":1,"featured_media":52797,"comment_status":"open","ping_status":"open","sticky":false,"template":"","format":"standard","meta":{"_monsterinsights_skip_tracking":false,"_jetpack_newsletter_access":"","_jetpack_dont_email_post_to_subs":false,"_jetpack_newsletter_tier_id":0,"_jetpack_memberships_contains_paywalled_content":false,"_jetpack_feature_clip_id":0,"_jetpack_memberships_contains_paid_content":false,"footnotes":"","jetpack_post_was_ever_published":false},"categories":[10],"tags":[],"class_list":["post-52796","post","type-post","status-publish","format-standard","has-post-thumbnail","hentry","category-liga-bbva-mx"],"aioseo_notices":[],"aioseo_head":"\n\t\t<!-- All in One SEO 5.0.1.1 - aioseo.com -->\n\t<meta name=\"description\" content=\"La Liga BBVA MX puso en marcha la d\u00e9cimo primera edici\u00f3n del Torneo Internacional de Fuerzas B\u00e1sicas, certamen que se celebrar\u00e1 del 3 al 12 de septiembre en las instalaciones del Centro de Alto Rendimiento (CAR) de la Ciudad de M\u00e9xico. El torneo reunir\u00e1 a algunos de los mejores talentos juveniles del futbol nacional e internacional, consolid\u00e1ndose como una de las principales\" \/>\n\t<meta name=\"robots\" content=\"max-image-preview:large\" \/>\n\t<meta name=\"author\" content=\"redeportivamx.com\"\/>\n\t<link rel=\"canonical\" href=\"https:\/\/redeportivamx.com\/index.php\/2026\/09\/03\/arranca-la-decimo-primera-edicion-del-torneo-internacional-de-fuerzas-basicas-de-la-liga-bbva-mx\/\" \/>\n\t<meta name=\"generator\" content=\"All in One SEO (AIOSEO) 5.0.1.1\" \/>\n\t\t<meta property=\"og:locale\" content=\"es_MX\" \/>\n\t\t<meta property=\"og:site_name\" content=\"Redeportiva MX - \u00a1Conectando tu pasi\u00f3n!\" \/>\n\t\t<meta property=\"og:type\" content=\"sport\" \/>\n\t\t<meta property=\"og:title\" content=\"Arranca la d\u00e9cimo primera edici\u00f3n del Torneo Internacional de Fuerzas B\u00e1sicas de la Liga BBVA MX - Redeportiva MX\" \/>\n\t\t<meta property=\"og:description\" content=\"La Liga BBVA MX puso en marcha la d\u00e9cimo primera edici\u00f3n del Torneo Internacional de Fuerzas B\u00e1sicas, certamen que se celebrar\u00e1 del 3 al 12 de septiembre en las instalaciones del Centro de Alto Rendimiento (CAR) de la Ciudad de M\u00e9xico. El torneo reunir\u00e1 a algunos de los mejores talentos juveniles del futbol nacional e internacional, consolid\u00e1ndose como una de las principales\" \/>\n\t\t<meta property=\"og:url\" content=\"https:\/\/redeportivamx.com\/index.php\/2026\/09\/03\/arranca-la-decimo-primera-edicion-del-torneo-internacional-de-fuerzas-basicas-de-la-liga-bbva-mx\/\" \/>\n\t\t<meta property=\"og:image\" content=\"https:\/\/redeportivamx.com\/wp-content\/uploads\/2026\/09\/IMG_5566.jpeg\" \/>\n\t\t<meta property=\"og:image:secure_url\" content=\"https:\/\/redeportivamx.com\/wp-content\/uploads\/2026\/09\/IMG_5566.jpeg\" \/>\n\t\t<meta property=\"og:image:width\" content=\"1010\" \/>\n\t\t<meta property=\"og:image:height\" content=\"628\" \/>\n\t\t<meta name=\"twitter:card\" content=\"summary_large_image\" \/>\n\t\t<meta name=\"twitter:site\" content=\"@Redeportivamx\" \/>\n\t\t<meta name=\"twitter:title\" content=\"Arranca la d\u00e9cimo primera edici\u00f3n del Torneo Internacional de Fuerzas B\u00e1sicas de la Liga BBVA MX - Redeportiva MX\" \/>\n\t\t<meta name=\"twitter:description\" content=\"La Liga BBVA MX puso en marcha la d\u00e9cimo primera edici\u00f3n del Torneo Internacional de Fuerzas B\u00e1sicas, certamen que se celebrar\u00e1 del 3 al 12 de septiembre en las instalaciones del Centro de Alto Rendimiento (CAR) de la Ciudad de M\u00e9xico. El torneo reunir\u00e1 a algunos de los mejores talentos juveniles del futbol nacional e internacional, consolid\u00e1ndose como una de las principales\" \/>\n\t\t<meta name=\"twitter:creator\" content=\"@Redeportivamx\" \/>\n\t\t<meta name=\"twitter:image\" content=\"https:\/\/redeportivamx.com\/wp-content\/uploads\/2026\/09\/IMG_5566.jpeg\" \/>\n\t\t<script type=\"application\/ld+json\" class=\"aioseo-schema\">\n\t\t\t{\"@context\":\"https:\\\/\\\/schema.org\",\"@graph\":[{\"@type\":\"BlogPosting\",\"@id\":\"https:\\\/\\\/redeportivamx.com\\\/index.php\\\/2026\\\/09\\\/03\\\/arranca-la-decimo-primera-edicion-del-torneo-internacional-de-fuerzas-basicas-de-la-liga-bbva-mx\\\/#blogposting\",\"name\":\"Arranca la d\\u00e9cimo primera edici\\u00f3n del Torneo Internacional de Fuerzas B\\u00e1sicas de la Liga BBVA MX - Redeportiva MX\",\"headline\":\"Arranca la d\\u00e9cimo primera edici\\u00f3n del Torneo Internacional de Fuerzas B\\u00e1sicas de la Liga BBVA MX\",\"author\":{\"@id\":\"https:\\\/\\\/redeportivamx.com\\\/index.php\\\/author\\\/redeportivamx-com\\\/#author\"},\"publisher\":{\"@id\":\"https:\\\/\\\/redeportivamx.com\\\/#organization\"},\"image\":{\"@type\":\"ImageObject\",\"url\":\"https:\\\/\\\/redeportivamx.com\\\/wp-content\\\/uploads\\\/2026\\\/09\\\/IMG_5566.jpeg\",\"width\":1010,\"height\":628,\"caption\":\"Screenshot\"},\"datePublished\":\"2026-09-03T10:34:54-06:00\",\"dateModified\":\"2026-09-03T10:36:19-06:00\",\"inLanguage\":\"es-MX\",\"mainEntityOfPage\":{\"@id\":\"https:\\\/\\\/redeportivamx.com\\\/index.php\\\/2026\\\/09\\\/03\\\/arranca-la-decimo-primera-edicion-del-torneo-internacional-de-fuerzas-basicas-de-la-liga-bbva-mx\\\/#webpage\"},\"isPartOf\":{\"@id\":\"https:\\\/\\\/redeportivamx.com\\\/index.php\\\/2026\\\/09\\\/03\\\/arranca-la-decimo-primera-edicion-del-torneo-internacional-de-fuerzas-basicas-de-la-liga-bbva-mx\\\/#webpage\"},\"articleSection\":\"Liga BBVA MX\"},{\"@type\":\"BreadcrumbList\",\"@id\":\"https:\\\/\\\/redeportivamx.com\\\/index.php\\\/2026\\\/09\\\/03\\\/arranca-la-decimo-primera-edicion-del-torneo-internacional-de-fuerzas-basicas-de-la-liga-bbva-mx\\\/#breadcrumblist\",\"itemListElement\":[{\"@type\":\"ListItem\",\"@id\":\"https:\\\/\\\/redeportivamx.com#listItem\",\"position\":1,\"name\":\"Home\",\"item\":\"https:\\\/\\\/redeportivamx.com\",\"nextItem\":{\"@type\":\"ListItem\",\"@id\":\"https:\\\/\\\/redeportivamx.com\\\/index.php\\\/category\\\/liga-bbva-mx\\\/#listItem\",\"name\":\"Liga BBVA MX\"}},{\"@type\":\"ListItem\",\"@id\":\"https:\\\/\\\/redeportivamx.com\\\/index.php\\\/category\\\/liga-bbva-mx\\\/#listItem\",\"position\":2,\"name\":\"Liga BBVA MX\",\"item\":\"https:\\\/\\\/redeportivamx.com\\\/index.php\\\/category\\\/liga-bbva-mx\\\/\",\"nextItem\":{\"@type\":\"ListItem\",\"@id\":\"https:\\\/\\\/redeportivamx.com\\\/index.php\\\/2026\\\/09\\\/03\\\/arranca-la-decimo-primera-edicion-del-torneo-internacional-de-fuerzas-basicas-de-la-liga-bbva-mx\\\/#listItem\",\"name\":\"Arranca la d\\u00e9cimo primera edici\\u00f3n del Torneo Internacional de Fuerzas B\\u00e1sicas de la Liga BBVA MX\"},\"previousItem\":{\"@type\":\"ListItem\",\"@id\":\"https:\\\/\\\/redeportivamx.com#listItem\",\"name\":\"Home\"}},{\"@type\":\"ListItem\",\"@id\":\"https:\\\/\\\/redeportivamx.com\\\/index.php\\\/2026\\\/09\\\/03\\\/arranca-la-decimo-primera-edicion-del-torneo-internacional-de-fuerzas-basicas-de-la-liga-bbva-mx\\\/#listItem\",\"position\":3,\"name\":\"Arranca la d\\u00e9cimo primera edici\\u00f3n del Torneo Internacional de Fuerzas B\\u00e1sicas de la Liga BBVA MX\",\"previousItem\":{\"@type\":\"ListItem\",\"@id\":\"https:\\\/\\\/redeportivamx.com\\\/index.php\\\/category\\\/liga-bbva-mx\\\/#listItem\",\"name\":\"Liga BBVA MX\"}}]},{\"@type\":\"Organization\",\"@id\":\"https:\\\/\\\/redeportivamx.com\\\/#organization\",\"name\":\"redeportivamx.com\",\"description\":\"\\u00a1Conectando tu pasi\\u00f3n!\",\"url\":\"https:\\\/\\\/redeportivamx.com\\\/\",\"sameAs\":[\"https:\\\/\\\/www.facebook.com\\\/profile.php?id=61565592572733\",\"https:\\\/\\\/x.com\\\/Redeportivamx?s=20\",\"https:\\\/\\\/www.instagram.com\\\/redeportivamx\\\/\",\"https:\\\/\\\/www.tiktok.com\\\/@redeportiva.mx\",\"https:\\\/\\\/www.youtube.com\\\/@Redeportiva-MX\"]},{\"@type\":\"Person\",\"@id\":\"https:\\\/\\\/redeportivamx.com\\\/index.php\\\/author\\\/redeportivamx-com\\\/#author\",\"url\":\"https:\\\/\\\/redeportivamx.com\\\/index.php\\\/author\\\/redeportivamx-com\\\/\",\"name\":\"redeportivamx.com\",\"image\":{\"@type\":\"ImageObject\",\"@id\":\"https:\\\/\\\/redeportivamx.com\\\/index.php\\\/2026\\\/09\\\/03\\\/arranca-la-decimo-primera-edicion-del-torneo-internacional-de-fuerzas-basicas-de-la-liga-bbva-mx\\\/#authorImage\",\"url\":\"https:\\\/\\\/secure.gravatar.com\\\/avatar\\\/790e51587d778de3b4825087e929c433f068100b54d1df7452cba079d8d2b33d?s=96&d=mm&r=g\",\"width\":96,\"height\":96,\"caption\":\"redeportivamx.com\"}},{\"@type\":\"WebPage\",\"@id\":\"https:\\\/\\\/redeportivamx.com\\\/index.php\\\/2026\\\/09\\\/03\\\/arranca-la-decimo-primera-edicion-del-torneo-internacional-de-fuerzas-basicas-de-la-liga-bbva-mx\\\/#webpage\",\"url\":\"https:\\\/\\\/redeportivamx.com\\\/index.php\\\/2026\\\/09\\\/03\\\/arranca-la-decimo-primera-edicion-del-torneo-internacional-de-fuerzas-basicas-de-la-liga-bbva-mx\\\/\",\"name\":\"Arranca la d\\u00e9cimo primera edici\\u00f3n del Torneo Internacional de Fuerzas B\\u00e1sicas de la Liga BBVA MX - Redeportiva MX\",\"description\":\"La Liga BBVA MX puso en marcha la d\\u00e9cimo primera edici\\u00f3n del Torneo Internacional de Fuerzas B\\u00e1sicas, certamen que se celebrar\\u00e1 del 3 al 12 de septiembre en las instalaciones del Centro de Alto Rendimiento (CAR) de la Ciudad de M\\u00e9xico. El torneo reunir\\u00e1 a algunos de los mejores talentos juveniles del futbol nacional e internacional, consolid\\u00e1ndose como una de las principales\",\"inLanguage\":\"es-MX\",\"isPartOf\":{\"@id\":\"https:\\\/\\\/redeportivamx.com\\\/#website\"},\"breadcrumb\":{\"@id\":\"https:\\\/\\\/redeportivamx.com\\\/index.php\\\/2026\\\/09\\\/03\\\/arranca-la-decimo-primera-edicion-del-torneo-internacional-de-fuerzas-basicas-de-la-liga-bbva-mx\\\/#breadcrumblist\"},\"author\":{\"@id\":\"https:\\\/\\\/redeportivamx.com\\\/index.php\\\/author\\\/redeportivamx-com\\\/#author\"},\"creator\":{\"@id\":\"https:\\\/\\\/redeportivamx.com\\\/index.php\\\/author\\\/redeportivamx-com\\\/#author\"},\"image\":{\"@type\":\"ImageObject\",\"url\":\"https:\\\/\\\/redeportivamx.com\\\/wp-content\\\/uploads\\\/2026\\\/09\\\/IMG_5566.jpeg\",\"@id\":\"https:\\\/\\\/redeportivamx.com\\\/index.php\\\/2026\\\/09\\\/03\\\/arranca-la-decimo-primera-edicion-del-torneo-internacional-de-fuerzas-basicas-de-la-liga-bbva-mx\\\/#mainImage\",\"width\":1010,\"height\":628,\"caption\":\"Screenshot\"},\"primaryImageOfPage\":{\"@id\":\"https:\\\/\\\/redeportivamx.com\\\/index.php\\\/2026\\\/09\\\/03\\\/arranca-la-decimo-primera-edicion-del-torneo-internacional-de-fuerzas-basicas-de-la-liga-bbva-mx\\\/#mainImage\"},\"datePublished\":\"2026-09-03T10:34:54-06:00\",\"dateModified\":\"2026-09-03T10:36:19-06:00\"},{\"@type\":\"WebSite\",\"@id\":\"https:\\\/\\\/redeportivamx.com\\\/#website\",\"url\":\"https:\\\/\\\/redeportivamx.com\\\/\",\"name\":\"redeportivamx.com\",\"description\":\"\\u00a1Conectando tu pasi\\u00f3n!\",\"inLanguage\":\"es-MX\",\"publisher\":{\"@id\":\"https:\\\/\\\/redeportivamx.com\\\/#organization\"}}]}\n\t\t<\/script>\n\t\t<!-- All in One SEO -->\n\n","aioseo_head_json":{"title":"Arranca la d\u00e9cimo primera edici\u00f3n del Torneo Internacional de Fuerzas B\u00e1sicas de la Liga BBVA MX - Redeportiva MX","description":"La Liga BBVA MX puso en marcha la d\u00e9cimo primera edici\u00f3n del Torneo Internacional de Fuerzas B\u00e1sicas, certamen que se celebrar\u00e1 del 3 al 12 de septiembre en las instalaciones del Centro de Alto Rendimiento (CAR) de la Ciudad de M\u00e9xico. El torneo reunir\u00e1 a algunos de los mejores talentos juveniles del futbol nacional e internacional, consolid\u00e1ndose como una de las principales","canonical_url":"https:\/\/redeportivamx.com\/index.php\/2026\/09\/03\/arranca-la-decimo-primera-edicion-del-torneo-internacional-de-fuerzas-basicas-de-la-liga-bbva-mx\/","robots":"max-image-preview:large","keywords":"","webmasterTools":{"miscellaneous":""},"schema":{"@context":"https:\/\/schema.org","@graph":[{"@type":"BlogPosting","@id":"https:\/\/redeportivamx.com\/index.php\/2026\/09\/03\/arranca-la-decimo-primera-edicion-del-torneo-internacional-de-fuerzas-basicas-de-la-liga-bbva-mx\/#blogposting","name":"Arranca la d\u00e9cimo primera edici\u00f3n del Torneo Internacional de Fuerzas B\u00e1sicas de la Liga BBVA MX - Redeportiva MX","headline":"Arranca la d\u00e9cimo primera edici\u00f3n del Torneo Internacional de Fuerzas B\u00e1sicas de la Liga BBVA MX","author":{"@id":"https:\/\/redeportivamx.com\/index.php\/author\/redeportivamx-com\/#author"},"publisher":{"@id":"https:\/\/redeportivamx.com\/#organization"},"image":{"@type":"ImageObject","url":"https:\/\/redeportivamx.com\/wp-content\/uploads\/2026\/09\/IMG_5566.jpeg","width":1010,"height":628,"caption":"Screenshot"},"datePublished":"2026-09-03T10:34:54-06:00","dateModified":"2026-09-03T10:36:19-06:00","inLanguage":"es-MX","mainEntityOfPage":{"@id":"https:\/\/redeportivamx.com\/index.php\/2026\/09\/03\/arranca-la-decimo-primera-edicion-del-torneo-internacional-de-fuerzas-basicas-de-la-liga-bbva-mx\/#webpage"},"isPartOf":{"@id":"https:\/\/redeportivamx.com\/index.php\/2026\/09\/03\/arranca-la-decimo-primera-edicion-del-torneo-internacional-de-fuerzas-basicas-de-la-liga-bbva-mx\/#webpage"},"articleSection":"Liga BBVA MX"},{"@type":"BreadcrumbList","@id":"https:\/\/redeportivamx.com\/index.php\/2026\/09\/03\/arranca-la-decimo-primera-edicion-del-torneo-internacional-de-fuerzas-basicas-de-la-liga-bbva-mx\/#breadcrumblist","itemListElement":[{"@type":"ListItem","@id":"https:\/\/redeportivamx.com#listItem","position":1,"name":"Home","item":"https:\/\/redeportivamx.com","nextItem":{"@type":"ListItem","@id":"https:\/\/redeportivamx.com\/index.php\/category\/liga-bbva-mx\/#listItem","name":"Liga BBVA MX"}},{"@type":"ListItem","@id":"https:\/\/redeportivamx.com\/index.php\/category\/liga-bbva-mx\/#listItem","position":2,"name":"Liga BBVA MX","item":"https:\/\/redeportivamx.com\/index.php\/category\/liga-bbva-mx\/","nextItem":{"@type":"ListItem","@id":"https:\/\/redeportivamx.com\/index.php\/2026\/09\/03\/arranca-la-decimo-primera-edicion-del-torneo-internacional-de-fuerzas-basicas-de-la-liga-bbva-mx\/#listItem","name":"Arranca la d\u00e9cimo primera edici\u00f3n del Torneo Internacional de Fuerzas B\u00e1sicas de la Liga BBVA MX"},"previousItem":{"@type":"ListItem","@id":"https:\/\/redeportivamx.com#listItem","name":"Home"}},{"@type":"ListItem","@id":"https:\/\/redeportivamx.com\/index.php\/2026\/09\/03\/arranca-la-decimo-primera-edicion-del-torneo-internacional-de-fuerzas-basicas-de-la-liga-bbva-mx\/#listItem","position":3,"name":"Arranca la d\u00e9cimo primera edici\u00f3n del Torneo Internacional de Fuerzas B\u00e1sicas de la Liga BBVA MX","previousItem":{"@type":"ListItem","@id":"https:\/\/redeportivamx.com\/index.php\/category\/liga-bbva-mx\/#listItem","name":"Liga BBVA MX"}}]},{"@type":"Organization","@id":"https:\/\/redeportivamx.com\/#organization","name":"redeportivamx.com","description":"\u00a1Conectando tu pasi\u00f3n!","url":"https:\/\/redeportivamx.com\/","sameAs":["https:\/\/www.facebook.com\/profile.php?id=61565592572733","https:\/\/x.com\/Redeportivamx?s=20","https:\/\/www.instagram.com\/redeportivamx\/","https:\/\/www.tiktok.com\/@redeportiva.mx","https:\/\/www.youtube.com\/@Redeportiva-MX"]},{"@type":"Person","@id":"https:\/\/redeportivamx.com\/index.php\/author\/redeportivamx-com\/#author","url":"https:\/\/redeportivamx.com\/index.php\/author\/redeportivamx-com\/","name":"redeportivamx.com","image":{"@type":"ImageObject","@id":"https:\/\/redeportivamx.com\/index.php\/2026\/09\/03\/arranca-la-decimo-primera-edicion-del-torneo-internacional-de-fuerzas-basicas-de-la-liga-bbva-mx\/#authorImage","url":"https:\/\/secure.gravatar.com\/avatar\/790e51587d778de3b4825087e929c433f068100b54d1df7452cba079d8d2b33d?s=96&d=mm&r=g","width":96,"height":96,"caption":"redeportivamx.com"}},{"@type":"WebPage","@id":"https:\/\/redeportivamx.com\/index.php\/2026\/09\/03\/arranca-la-decimo-primera-edicion-del-torneo-internacional-de-fuerzas-basicas-de-la-liga-bbva-mx\/#webpage","url":"https:\/\/redeportivamx.com\/index.php\/2026\/09\/03\/arranca-la-decimo-primera-edicion-del-torneo-internacional-de-fuerzas-basicas-de-la-liga-bbva-mx\/","name":"Arranca la d\u00e9cimo primera edici\u00f3n del Torneo Internacional de Fuerzas B\u00e1sicas de la Liga BBVA MX - Redeportiva MX","description":"La Liga BBVA MX puso en marcha la d\u00e9cimo primera edici\u00f3n del Torneo Internacional de Fuerzas B\u00e1sicas, certamen que se celebrar\u00e1 del 3 al 12 de septiembre en las instalaciones del Centro de Alto Rendimiento (CAR) de la Ciudad de M\u00e9xico. El torneo reunir\u00e1 a algunos de los mejores talentos juveniles del futbol nacional e internacional, consolid\u00e1ndose como una de las principales","inLanguage":"es-MX","isPartOf":{"@id":"https:\/\/redeportivamx.com\/#website"},"breadcrumb":{"@id":"https:\/\/redeportivamx.com\/index.php\/2026\/09\/03\/arranca-la-decimo-primera-edicion-del-torneo-internacional-de-fuerzas-basicas-de-la-liga-bbva-mx\/#breadcrumblist"},"author":{"@id":"https:\/\/redeportivamx.com\/index.php\/author\/redeportivamx-com\/#author"},"creator":{"@id":"https:\/\/redeportivamx.com\/index.php\/author\/redeportivamx-com\/#author"},"image":{"@type":"ImageObject","url":"https:\/\/redeportivamx.com\/wp-content\/uploads\/2026\/09\/IMG_5566.jpeg","@id":"https:\/\/redeportivamx.com\/index.php\/2026\/09\/03\/arranca-la-decimo-primera-edicion-del-torneo-internacional-de-fuerzas-basicas-de-la-liga-bbva-mx\/#mainImage","width":1010,"height":628,"caption":"Screenshot"},"primaryImageOfPage":{"@id":"https:\/\/redeportivamx.com\/index.php\/2026\/09\/03\/arranca-la-decimo-primera-edicion-del-torneo-internacional-de-fuerzas-basicas-de-la-liga-bbva-mx\/#mainImage"},"datePublished":"2026-09-03T10:34:54-06:00","dateModified":"2026-09-03T10:36:19-06:00"},{"@type":"WebSite","@id":"https:\/\/redeportivamx.com\/#website","url":"https:\/\/redeportivamx.com\/","name":"redeportivamx.com","description":"\u00a1Conectando tu pasi\u00f3n!","inLanguage":"es-MX","publisher":{"@id":"https:\/\/redeportivamx.com\/#organization"}}]},"og:locale":"es_MX","og:site_name":"Redeportiva MX - \u00a1Conectando tu pasi\u00f3n!","og:type":"sport","og:title":"Arranca la d\u00e9cimo primera edici\u00f3n del Torneo Internacional de Fuerzas B\u00e1sicas de la Liga BBVA MX - Redeportiva MX","og:description":"La Liga BBVA MX puso en marcha la d\u00e9cimo primera edici\u00f3n del Torneo Internacional de Fuerzas B\u00e1sicas, certamen que se celebrar\u00e1 del 3 al 12 de septiembre en las instalaciones del Centro de Alto Rendimiento (CAR) de la Ciudad de M\u00e9xico. El torneo reunir\u00e1 a algunos de los mejores talentos juveniles del futbol nacional e internacional, consolid\u00e1ndose como una de las principales","og:url":"https:\/\/redeportivamx.com\/index.php\/2026\/09\/03\/arranca-la-decimo-primera-edicion-del-torneo-internacional-de-fuerzas-basicas-de-la-liga-bbva-mx\/","og:image":"https:\/\/redeportivamx.com\/wp-content\/uploads\/2026\/09\/IMG_5566.jpeg","og:image:secure_url":"https:\/\/redeportivamx.com\/wp-content\/uploads\/2026\/09\/IMG_5566.jpeg","og:image:width":1010,"og:image:height":628,"twitter:card":"summary_large_image","twitter:site":"@Redeportivamx","twitter:title":"Arranca la d\u00e9cimo primera edici\u00f3n del Torneo Internacional de Fuerzas B\u00e1sicas de la Liga BBVA MX - Redeportiva MX","twitter:description":"La Liga BBVA MX puso en marcha la d\u00e9cimo primera edici\u00f3n del Torneo Internacional de Fuerzas B\u00e1sicas, certamen que se celebrar\u00e1 del 3 al 12 de septiembre en las instalaciones del Centro de Alto Rendimiento (CAR) de la Ciudad de M\u00e9xico. El torneo reunir\u00e1 a algunos de los mejores talentos juveniles del futbol nacional e internacional, consolid\u00e1ndose como una de las principales","twitter:creator":"@Redeportivamx","twitter:image":"https:\/\/redeportivamx.com\/wp-content\/uploads\/2026\/09\/IMG_5566.jpeg"},"aioseo_meta_data":{"post_id":"52796","title":null,"description":null,"keywords":null,"keyphrases":{"focus":{"keyphrase":"","score":0,"analysis":{"keyphraseInTitle":{"score":0,"maxScore":9,"error":1}}},"additional":[]},"primary_term":null,"canonical_url":null,"og_title":null,"og_description":null,"og_object_type":"default","og_image_type":"default","og_image_url":null,"og_image_width":null,"og_image_height":null,"og_image_custom_url":null,"og_image_custom_fields":null,"og_video":"","og_custom_url":null,"og_article_section":null,"og_article_tags":null,"twitter_use_og":false,"twitter_card":"default","twitter_image_type":"default","twitter_image_url":null,"twitter_image_custom_url":null,"twitter_image_custom_fields":null,"twitter_title":null,"twitter_description":null,"schema":{"blockGraphs":[],"customGraphs":[],"default":{"data":{"Article":[],"Course":[],"Dataset":[],"FAQPage":[],"Movie":[],"Person":[],"Product":[],"ProductReview":[],"Car":[],"Recipe":[],"Service":[],"SoftwareApplication":[],"WebPage":[]},"graphName":"BlogPosting","isEnabled":true},"graphs":[]},"schema_type":"default","schema_type_options":null,"pillar_content":false,"robots_default":true,"robots_noindex":false,"robots_noarchive":false,"robots_nosnippet":false,"robots_nofollow":false,"robots_noimageindex":false,"robots_noodp":false,"robots_notranslate":false,"robots_max_snippet":"-1","robots_max_videopreview":"-1","robots_max_imagepreview":"large","priority":null,"frequency":"default","local_seo":null,"breadcrumb_settings":null,"limit_modified_date":false,"ai":{"faqs":[],"keyPoints":[],"schemas":[],"titles":[],"descriptions":[],"socialPosts":{"email":{"subject":"","preview":"","content":""},"linkedin":[],"twitter":[],"facebook":[],"instagram":[]}},"created":"2026-09-03 16:34:39","updated":"2026-09-03 17:51:11","seo_analyzer_scan_date":null,"focus_keyword":null,"additional_keywords":null,"truseo_locale":null},"aioseo_breadcrumb":"<div class=\"aioseo-breadcrumbs\"><span class=\"aioseo-breadcrumb\">\n\t\t\t<a href=\"https:\/\/redeportivamx.com\" title=\"Home\">Home<\/a>\n\t\t<\/span><span class=\"aioseo-breadcrumb-separator\">&raquo;<\/span><span class=\"aioseo-breadcrumb\">\n\t\t\t<a href=\"https:\/\/redeportivamx.com\/index.php\/category\/liga-bbva-mx\/\" title=\"Liga BBVA MX\">Liga BBVA MX<\/a>\n\t\t<\/span><span class=\"aioseo-breadcrumb-separator\">&raquo;<\/span><span class=\"aioseo-breadcrumb\">\n\t\t\tArranca la d\u00e9cimo primera edici\u00f3n del Torneo Internacional de Fuerzas B\u00e1sicas de la Liga BBVA MX\n\t\t<\/span><\/div>","aioseo_breadcrumb_json":[{"label":"Home","link":"https:\/\/redeportivamx.com"},{"label":"Liga BBVA MX","link":"https:\/\/redeportivamx.com\/index.php\/category\/liga-bbva-mx\/"},{"label":"Arranca la d\u00e9cimo primera edici\u00f3n del Torneo Internacional de Fuerzas B\u00e1sicas de la Liga BBVA MX","link":"https:\/\/redeportivamx.com\/index.php\/2026\/09\/03\/arranca-la-decimo-primera-edicion-del-torneo-internacional-de-fuerzas-basicas-de-la-liga-bbva-mx\/"}],"jetpack_sharing_enabled":true,"jetpack_featured_media_url":"https:\/\/redeportivamx.com\/wp-content\/uploads\/2026\/09\/IMG_5566.jpeg","_links":{"self":[{"href":"https:\/\/redeportivamx.com\/index.php\/wp-json\/wp\/v2\/posts\/52796","targetHints":{"allow":["GET"]}}],"collection":[{"href":"https:\/\/redeportivamx.com\/index.php\/wp-json\/wp\/v2\/posts"}],"about":[{"href":"https:\/\/redeportivamx.com\/index.php\/wp-json\/wp\/v2\/types\/post"}],"author":[{"embeddable":true,"href":"https:\/\/redeportivamx.com\/index.php\/wp-json\/wp\/v2\/users\/1"}],"replies":[{"embeddable":true,"href":"https:\/\/redeportivamx.com\/index.php\/wp-json\/wp\/v2\/comments?post=52796"}],"version-history":[{"count":2,"href":"https:\/\/redeportivamx.com\/index.php\/wp-json\/wp\/v2\/posts\/52796\/revisions"}],"predecessor-version":[{"id":52799,"href":"https:\/\/redeportivamx.com\/index.php\/wp-json\/wp\/v2\/posts\/52796\/revisions\/52799"}],"wp:featuredmedia":[{"embeddable":true,"href":"https:\/\/redeportivamx.com\/index.php\/wp-json\/wp\/v2\/media\/52797"}],"wp:attachment":[{"href":"https:\/\/redeportivamx.com\/index.php\/wp-json\/wp\/v2\/media?parent=52796"}],"wp:term":[{"taxonomy":"category","embeddable":true,"href":"https:\/\/redeportivamx.com\/index.php\/wp-json\/wp\/v2\/categories?post=52796"},{"taxonomy":"post_tag","embeddable":true,"href":"https:\/\/redeportivamx.com\/index.php\/wp-json\/wp\/v2\/tags?post=52796"}],"curies":[{"name":"wp","href":"https:\/\/api.w.org\/{rel}","templated":true}]}}