{"id":52784,"date":"2026-09-03T00:47:12","date_gmt":"2026-09-03T06:47:12","guid":{"rendered":"https:\/\/redeportivamx.com\/?p=52784"},"modified":"2026-09-03T00:47:14","modified_gmt":"2026-09-03T06:47:14","slug":"monterrey-elimina-al-america-en-penales-y-avanza-a-la-gran-final-de-la-leagues-cup","status":"publish","type":"post","link":"https:\/\/redeportivamx.com\/index.php\/2026\/09\/03\/monterrey-elimina-al-america-en-penales-y-avanza-a-la-gran-final-de-la-leagues-cup\/","title":{"rendered":"\u00a1Monterrey elimina al Am\u00e9rica en penales y avanza a la Gran Final de la Leagues Cup!"},"content":{"rendered":"\n<p class=\"wp-block-paragraph\">Los\u00a0<strong>Rayados de Monterrey<\/strong>\u00a0consiguieron el anhelado y \u00faltimo boleto a la Gran Final de la\u00a0<strong>Leagues Cup 2026<\/strong>. Tras un intenso y pol\u00e9mico empate\u00a0<strong>2-2<\/strong>\u00a0en el tiempo regular, la escuadra regiomontana se impuso con paso perfecto en una dram\u00e1tica tanda de penales (5-4) frente a unas \u00c1guilas del\u00a0<strong>Club Am\u00e9rica<\/strong>\u00a0que cayeron con la cara al sol.<\/p>\n\n\n\n<p class=\"wp-block-paragraph\">El encuentro fue un aut\u00e9ntico choque de trenes que tuvo de todo: volteretas, lesiones, garra, pol\u00e9mica y el dramatismo que solo el manch\u00f3n penal puede regalar.<\/p>\n\n\n\n<h2 class=\"wp-block-heading\">Un duelo rocoso y el despertar goleador en el complemento<\/h2>\n\n\n\n<p class=\"wp-block-paragraph\">El partido comenz\u00f3 accidentado. Apenas al primer minuto,&nbsp;<strong>Alan Cervantes<\/strong>&nbsp;encendi\u00f3 las alarmas en el banquillo azulcrema tras una aparatosa ca\u00edda que requiri\u00f3 asistencia m\u00e9dica; sin embargo, el mediocampista decidi\u00f3 mantenerse en el terreno de juego, demostrando un pundonor enorme.<\/p>\n\n\n\n<p class=\"wp-block-paragraph\">Durante la primera mitad, las faltas, las interrupciones y el nerviosismo se apoderaron del juego. A pesar de los intentos de Veiga y Brian Rodr\u00edguez por parte del&nbsp;<strong>Am\u00e9rica<\/strong>, y los embates de Lucas Ocampos para&nbsp;<strong>Rayados<\/strong>, los arqueros Rodolfo Cota y Esteban Andrada bajaron la cortina para irse al descanso sin anotaciones.<\/p>\n\n\n\n<p class=\"wp-block-paragraph\">La verdadera explosi\u00f3n lleg\u00f3 en el segundo tiempo. Apenas al minuto 48,&nbsp;<strong>Rossi<\/strong>&nbsp;aprovech\u00f3 un resquicio en la zaga azulcrema para clavar el 1-0 a favor del Monterrey, un balde de agua fr\u00eda para los de Coapa.<\/p>\n\n\n\n<h2 class=\"wp-block-heading\">Remontada de orgullo azulcrema y la pol\u00e9mica del VAR<\/h2>\n\n\n\n<p class=\"wp-block-paragraph\">Herido en su orgullo, el equipo americanista se volc\u00f3 al frente y encontr\u00f3 recompensa. Al 57&#8242;,&nbsp;<strong>Ram\u00f3n Ju\u00e1rez<\/strong>&nbsp;apareci\u00f3 para igualar los cartones. El envi\u00f3n an\u00edmico fue brutal, y al minuto 63,&nbsp;<strong>Alan Cervantes<\/strong>, quien ven\u00eda arrastrando molestias desde el arranque, se visti\u00f3 de h\u00e9roe para anotar el 2-1 y consumar la voltereta moment\u00e1nea de las \u00c1guilas.<\/p>\n\n\n\n<p class=\"wp-block-paragraph\">Pero la alegr\u00eda dur\u00f3 muy poco y la controversia se hizo presente. Al 65&#8242;, una jugada dividida protagonizada por\u00a0<strong>Kevin \u00c1lvarez<\/strong>\u00a0oblig\u00f3 al silbante a plantearse revisar el monitor del\u00a0<strong>VAR<\/strong>. En una decisi\u00f3n sumamente pol\u00e9mica y protestada por los capitalinos, se decret\u00f3 la pena m\u00e1xima a favor de los regios. Al 68&#8242;,\u00a0<strong>Lucas Ocampos<\/strong>\u00a0cobr\u00f3 con maestr\u00eda para poner el\u00a0<strong>2-2<\/strong> definitivo en el marcador, obligando a definir todo desde los once pasos.<\/p>\n\n\n\n<h2 class=\"wp-block-heading\">La implacable ruleta de los penales<\/h2>\n\n\n\n<p class=\"wp-block-paragraph\">Lleg\u00f3 el momento de la m\u00e1xima tensi\u00f3n. En la tanda de penales, el Monterrey roz\u00f3 la perfecci\u00f3n. Los cobradores regiomontanos exhibieron nervios de acero, anotando sus cinco disparos por conducto de Orellano, Rossi, V\u00edctor, Corona y Cuypers.<\/p>\n\n\n\n<p class=\"wp-block-paragraph\">Por parte del&nbsp;<strong>Am\u00e9rica<\/strong>, Veiga, Brian Rodr\u00edguez, Israel Reyes y Erick &#8220;Chiquito&#8221; S\u00e1nchez cumplieron con su cobro de manera exitosa. Sin embargo, el destino fue cruel con&nbsp;<strong>Alan Cervantes<\/strong>. El hombre que hab\u00eda dejado el alma en la cancha y hab\u00eda marcado el gol de la voltereta azulcrema, mand\u00f3 su disparo hacia afuera, sellando la eliminaci\u00f3n de las \u00c1guilas.<\/p>\n\n\n\n<p class=\"wp-block-paragraph\">De esta manera, los\u00a0<strong>Rayados de Monterrey<\/strong>\u00a0se instalan en la\u00a0<strong>Gran Final de la Leagues Cup 2026<\/strong>, donde ya los espera el Toluca en lo que promete ser un choque \u00e9pico para definir al rey del torneo internacional, mientras que el\u00a0<strong>Club Am\u00e9rica<\/strong>\u00a0deber\u00e1 enfrentar a <strong>Le\u00f3n<\/strong> por el <strong>tercer lugar<\/strong>.<\/p>\n","protected":false},"excerpt":{"rendered":"<p>Resumen del dram\u00e1tico empate 2-2 y la tanda de penales (5-4) donde Rayados elimin\u00f3 al Club Am\u00e9rica. Pol\u00e9mica del VAR y el pase a la Final de la Leagues Cup 2026.<\/p>\n","protected":false},"author":25,"featured_media":52785,"comment_status":"open","ping_status":"open","sticky":false,"template":"","format":"standard","meta":{"_monsterinsights_skip_tracking":false,"_jetpack_newsletter_access":"","_jetpack_dont_email_post_to_subs":false,"_jetpack_newsletter_tier_id":0,"_jetpack_memberships_contains_paywalled_content":false,"_jetpack_feature_clip_id":0,"_jetpack_memberships_contains_paid_content":false,"footnotes":"","jetpack_post_was_ever_published":false},"categories":[5],"tags":[123,1429,133],"class_list":["post-52784","post","type-post","status-publish","format-standard","has-post-thumbnail","hentry","category-leagues-cup","tag-america","tag-leagues-cup","tag-rayados"],"aioseo_notices":[],"aioseo_head":"\n\t\t<!-- All in One SEO 5.0.1.1 - aioseo.com -->\n\t<meta name=\"description\" content=\"Resumen del dram\u00e1tico empate 2-2 y la tanda de penales (5-4) donde Rayados elimin\u00f3 al Club Am\u00e9rica. Pol\u00e9mica del VAR y el pase a la Final de la Leagues Cup 2026.\" \/>\n\t<meta name=\"robots\" content=\"max-image-preview:large\" \/>\n\t<meta name=\"author\" content=\"Maria Bueno\"\/>\n\t<link rel=\"canonical\" href=\"https:\/\/redeportivamx.com\/index.php\/2026\/09\/03\/monterrey-elimina-al-america-en-penales-y-avanza-a-la-gran-final-de-la-leagues-cup\/\" \/>\n\t<meta name=\"generator\" content=\"All in One SEO (AIOSEO) 5.0.1.1\" \/>\n\t\t<meta property=\"og:locale\" content=\"es_MX\" \/>\n\t\t<meta property=\"og:site_name\" content=\"Redeportiva MX - \u00a1Conectando tu pasi\u00f3n!\" \/>\n\t\t<meta property=\"og:type\" content=\"sport\" \/>\n\t\t<meta property=\"og:title\" content=\"\u00a1Monterrey elimina al Am\u00e9rica en penales y avanza a la Gran Final de la Leagues Cup! - Redeportiva MX\" \/>\n\t\t<meta property=\"og:description\" content=\"Resumen del dram\u00e1tico empate 2-2 y la tanda de penales (5-4) donde Rayados elimin\u00f3 al Club Am\u00e9rica. Pol\u00e9mica del VAR y el pase a la Final de la Leagues Cup 2026.\" \/>\n\t\t<meta property=\"og:url\" content=\"https:\/\/redeportivamx.com\/index.php\/2026\/09\/03\/monterrey-elimina-al-america-en-penales-y-avanza-a-la-gran-final-de-la-leagues-cup\/\" \/>\n\t\t<meta property=\"og:image\" content=\"https:\/\/redeportivamx.com\/wp-content\/uploads\/2026\/09\/SaveClip.App_792764419_18377509495237820_7506919095609328245_n.jpeg\" \/>\n\t\t<meta property=\"og:image:secure_url\" content=\"https:\/\/redeportivamx.com\/wp-content\/uploads\/2026\/09\/SaveClip.App_792764419_18377509495237820_7506919095609328245_n.jpeg\" \/>\n\t\t<meta property=\"og:image:width\" content=\"1080\" \/>\n\t\t<meta property=\"og:image:height\" content=\"608\" \/>\n\t\t<meta name=\"twitter:card\" content=\"summary_large_image\" \/>\n\t\t<meta name=\"twitter:site\" content=\"@Redeportivamx\" \/>\n\t\t<meta name=\"twitter:title\" content=\"\u00a1Monterrey elimina al Am\u00e9rica en penales y avanza a la Gran Final de la Leagues Cup! - Redeportiva MX\" \/>\n\t\t<meta name=\"twitter:description\" content=\"Resumen del dram\u00e1tico empate 2-2 y la tanda de penales (5-4) donde Rayados elimin\u00f3 al Club Am\u00e9rica. Pol\u00e9mica del VAR y el pase a la Final de la Leagues Cup 2026.\" \/>\n\t\t<meta name=\"twitter:creator\" content=\"@Redeportivamx\" \/>\n\t\t<meta name=\"twitter:image\" content=\"https:\/\/redeportivamx.com\/wp-content\/uploads\/2026\/09\/SaveClip.App_792764419_18377509495237820_7506919095609328245_n.jpeg\" \/>\n\t\t<script type=\"application\/ld+json\" class=\"aioseo-schema\">\n\t\t\t{\"@context\":\"https:\\\/\\\/schema.org\",\"@graph\":[{\"@type\":\"BlogPosting\",\"@id\":\"https:\\\/\\\/redeportivamx.com\\\/index.php\\\/2026\\\/09\\\/03\\\/monterrey-elimina-al-america-en-penales-y-avanza-a-la-gran-final-de-la-leagues-cup\\\/#blogposting\",\"name\":\"\\u00a1Monterrey elimina al Am\\u00e9rica en penales y avanza a la Gran Final de la Leagues Cup! - Redeportiva MX\",\"headline\":\"\\u00a1Monterrey elimina al Am\\u00e9rica en penales y avanza a la Gran Final de la Leagues Cup!\",\"author\":{\"@id\":\"https:\\\/\\\/redeportivamx.com\\\/index.php\\\/author\\\/maria-alejandra-bueno\\\/#author\"},\"publisher\":{\"@id\":\"https:\\\/\\\/redeportivamx.com\\\/#organization\"},\"image\":{\"@type\":\"ImageObject\",\"url\":\"https:\\\/\\\/redeportivamx.com\\\/wp-content\\\/uploads\\\/2026\\\/09\\\/SaveClip.App_792764419_18377509495237820_7506919095609328245_n.jpeg\",\"width\":1080,\"height\":608,\"caption\":\"Foto: @leaguescup\"},\"datePublished\":\"2026-09-03T00:47:12-06:00\",\"dateModified\":\"2026-09-03T00:47:14-06:00\",\"inLanguage\":\"es-MX\",\"mainEntityOfPage\":{\"@id\":\"https:\\\/\\\/redeportivamx.com\\\/index.php\\\/2026\\\/09\\\/03\\\/monterrey-elimina-al-america-en-penales-y-avanza-a-la-gran-final-de-la-leagues-cup\\\/#webpage\"},\"isPartOf\":{\"@id\":\"https:\\\/\\\/redeportivamx.com\\\/index.php\\\/2026\\\/09\\\/03\\\/monterrey-elimina-al-america-en-penales-y-avanza-a-la-gran-final-de-la-leagues-cup\\\/#webpage\"},\"articleSection\":\"Leagues Cup, Am\\u00e9rica, Leagues Cup, Rayados\"},{\"@type\":\"BreadcrumbList\",\"@id\":\"https:\\\/\\\/redeportivamx.com\\\/index.php\\\/2026\\\/09\\\/03\\\/monterrey-elimina-al-america-en-penales-y-avanza-a-la-gran-final-de-la-leagues-cup\\\/#breadcrumblist\",\"itemListElement\":[{\"@type\":\"ListItem\",\"@id\":\"https:\\\/\\\/redeportivamx.com#listItem\",\"position\":1,\"name\":\"Home\",\"item\":\"https:\\\/\\\/redeportivamx.com\",\"nextItem\":{\"@type\":\"ListItem\",\"@id\":\"https:\\\/\\\/redeportivamx.com\\\/index.php\\\/category\\\/leagues-cup\\\/#listItem\",\"name\":\"Leagues Cup\"}},{\"@type\":\"ListItem\",\"@id\":\"https:\\\/\\\/redeportivamx.com\\\/index.php\\\/category\\\/leagues-cup\\\/#listItem\",\"position\":2,\"name\":\"Leagues Cup\",\"item\":\"https:\\\/\\\/redeportivamx.com\\\/index.php\\\/category\\\/leagues-cup\\\/\",\"nextItem\":{\"@type\":\"ListItem\",\"@id\":\"https:\\\/\\\/redeportivamx.com\\\/index.php\\\/2026\\\/09\\\/03\\\/monterrey-elimina-al-america-en-penales-y-avanza-a-la-gran-final-de-la-leagues-cup\\\/#listItem\",\"name\":\"\\u00a1Monterrey elimina al Am\\u00e9rica en penales y avanza a la Gran Final de la Leagues Cup!\"},\"previousItem\":{\"@type\":\"ListItem\",\"@id\":\"https:\\\/\\\/redeportivamx.com#listItem\",\"name\":\"Home\"}},{\"@type\":\"ListItem\",\"@id\":\"https:\\\/\\\/redeportivamx.com\\\/index.php\\\/2026\\\/09\\\/03\\\/monterrey-elimina-al-america-en-penales-y-avanza-a-la-gran-final-de-la-leagues-cup\\\/#listItem\",\"position\":3,\"name\":\"\\u00a1Monterrey elimina al Am\\u00e9rica en penales y avanza a la Gran Final de la Leagues Cup!\",\"previousItem\":{\"@type\":\"ListItem\",\"@id\":\"https:\\\/\\\/redeportivamx.com\\\/index.php\\\/category\\\/leagues-cup\\\/#listItem\",\"name\":\"Leagues Cup\"}}]},{\"@type\":\"Organization\",\"@id\":\"https:\\\/\\\/redeportivamx.com\\\/#organization\",\"name\":\"redeportivamx.com\",\"description\":\"\\u00a1Conectando tu pasi\\u00f3n!\",\"url\":\"https:\\\/\\\/redeportivamx.com\\\/\",\"sameAs\":[\"https:\\\/\\\/www.facebook.com\\\/profile.php?id=61565592572733\",\"https:\\\/\\\/x.com\\\/Redeportivamx?s=20\",\"https:\\\/\\\/www.instagram.com\\\/redeportivamx\\\/\",\"https:\\\/\\\/www.tiktok.com\\\/@redeportiva.mx\",\"https:\\\/\\\/www.youtube.com\\\/@Redeportiva-MX\"]},{\"@type\":\"Person\",\"@id\":\"https:\\\/\\\/redeportivamx.com\\\/index.php\\\/author\\\/maria-alejandra-bueno\\\/#author\",\"url\":\"https:\\\/\\\/redeportivamx.com\\\/index.php\\\/author\\\/maria-alejandra-bueno\\\/\",\"name\":\"Maria Bueno\",\"image\":{\"@type\":\"ImageObject\",\"@id\":\"https:\\\/\\\/redeportivamx.com\\\/index.php\\\/2026\\\/09\\\/03\\\/monterrey-elimina-al-america-en-penales-y-avanza-a-la-gran-final-de-la-leagues-cup\\\/#authorImage\",\"url\":\"https:\\\/\\\/secure.gravatar.com\\\/avatar\\\/e2bf018392864485234ba4109c893fe67481f95f3f6cc81eb9305e874cece686?s=96&d=mm&r=g\",\"width\":96,\"height\":96,\"caption\":\"Maria Bueno\"}},{\"@type\":\"WebPage\",\"@id\":\"https:\\\/\\\/redeportivamx.com\\\/index.php\\\/2026\\\/09\\\/03\\\/monterrey-elimina-al-america-en-penales-y-avanza-a-la-gran-final-de-la-leagues-cup\\\/#webpage\",\"url\":\"https:\\\/\\\/redeportivamx.com\\\/index.php\\\/2026\\\/09\\\/03\\\/monterrey-elimina-al-america-en-penales-y-avanza-a-la-gran-final-de-la-leagues-cup\\\/\",\"name\":\"\\u00a1Monterrey elimina al Am\\u00e9rica en penales y avanza a la Gran Final de la Leagues Cup! - Redeportiva MX\",\"description\":\"Resumen del dram\\u00e1tico empate 2-2 y la tanda de penales (5-4) donde Rayados elimin\\u00f3 al Club Am\\u00e9rica. Pol\\u00e9mica del VAR y el pase a la Final de la Leagues Cup 2026.\",\"inLanguage\":\"es-MX\",\"isPartOf\":{\"@id\":\"https:\\\/\\\/redeportivamx.com\\\/#website\"},\"breadcrumb\":{\"@id\":\"https:\\\/\\\/redeportivamx.com\\\/index.php\\\/2026\\\/09\\\/03\\\/monterrey-elimina-al-america-en-penales-y-avanza-a-la-gran-final-de-la-leagues-cup\\\/#breadcrumblist\"},\"author\":{\"@id\":\"https:\\\/\\\/redeportivamx.com\\\/index.php\\\/author\\\/maria-alejandra-bueno\\\/#author\"},\"creator\":{\"@id\":\"https:\\\/\\\/redeportivamx.com\\\/index.php\\\/author\\\/maria-alejandra-bueno\\\/#author\"},\"image\":{\"@type\":\"ImageObject\",\"url\":\"https:\\\/\\\/redeportivamx.com\\\/wp-content\\\/uploads\\\/2026\\\/09\\\/SaveClip.App_792764419_18377509495237820_7506919095609328245_n.jpeg\",\"@id\":\"https:\\\/\\\/redeportivamx.com\\\/index.php\\\/2026\\\/09\\\/03\\\/monterrey-elimina-al-america-en-penales-y-avanza-a-la-gran-final-de-la-leagues-cup\\\/#mainImage\",\"width\":1080,\"height\":608,\"caption\":\"Foto: @leaguescup\"},\"primaryImageOfPage\":{\"@id\":\"https:\\\/\\\/redeportivamx.com\\\/index.php\\\/2026\\\/09\\\/03\\\/monterrey-elimina-al-america-en-penales-y-avanza-a-la-gran-final-de-la-leagues-cup\\\/#mainImage\"},\"datePublished\":\"2026-09-03T00:47:12-06:00\",\"dateModified\":\"2026-09-03T00:47:14-06:00\"},{\"@type\":\"WebSite\",\"@id\":\"https:\\\/\\\/redeportivamx.com\\\/#website\",\"url\":\"https:\\\/\\\/redeportivamx.com\\\/\",\"name\":\"redeportivamx.com\",\"description\":\"\\u00a1Conectando tu pasi\\u00f3n!\",\"inLanguage\":\"es-MX\",\"publisher\":{\"@id\":\"https:\\\/\\\/redeportivamx.com\\\/#organization\"}}]}\n\t\t<\/script>\n\t\t<!-- All in One SEO -->\n\n","aioseo_head_json":{"title":"\u00a1Monterrey elimina al Am\u00e9rica en penales y avanza a la Gran Final de la Leagues Cup! - Redeportiva MX","description":"Resumen del dram\u00e1tico empate 2-2 y la tanda de penales (5-4) donde Rayados elimin\u00f3 al Club Am\u00e9rica. Pol\u00e9mica del VAR y el pase a la Final de la Leagues Cup 2026.","canonical_url":"https:\/\/redeportivamx.com\/index.php\/2026\/09\/03\/monterrey-elimina-al-america-en-penales-y-avanza-a-la-gran-final-de-la-leagues-cup\/","robots":"max-image-preview:large","keywords":"","webmasterTools":{"miscellaneous":""},"schema":{"@context":"https:\/\/schema.org","@graph":[{"@type":"BlogPosting","@id":"https:\/\/redeportivamx.com\/index.php\/2026\/09\/03\/monterrey-elimina-al-america-en-penales-y-avanza-a-la-gran-final-de-la-leagues-cup\/#blogposting","name":"\u00a1Monterrey elimina al Am\u00e9rica en penales y avanza a la Gran Final de la Leagues Cup! - Redeportiva MX","headline":"\u00a1Monterrey elimina al Am\u00e9rica en penales y avanza a la Gran Final de la Leagues Cup!","author":{"@id":"https:\/\/redeportivamx.com\/index.php\/author\/maria-alejandra-bueno\/#author"},"publisher":{"@id":"https:\/\/redeportivamx.com\/#organization"},"image":{"@type":"ImageObject","url":"https:\/\/redeportivamx.com\/wp-content\/uploads\/2026\/09\/SaveClip.App_792764419_18377509495237820_7506919095609328245_n.jpeg","width":1080,"height":608,"caption":"Foto: @leaguescup"},"datePublished":"2026-09-03T00:47:12-06:00","dateModified":"2026-09-03T00:47:14-06:00","inLanguage":"es-MX","mainEntityOfPage":{"@id":"https:\/\/redeportivamx.com\/index.php\/2026\/09\/03\/monterrey-elimina-al-america-en-penales-y-avanza-a-la-gran-final-de-la-leagues-cup\/#webpage"},"isPartOf":{"@id":"https:\/\/redeportivamx.com\/index.php\/2026\/09\/03\/monterrey-elimina-al-america-en-penales-y-avanza-a-la-gran-final-de-la-leagues-cup\/#webpage"},"articleSection":"Leagues Cup, Am\u00e9rica, Leagues Cup, Rayados"},{"@type":"BreadcrumbList","@id":"https:\/\/redeportivamx.com\/index.php\/2026\/09\/03\/monterrey-elimina-al-america-en-penales-y-avanza-a-la-gran-final-de-la-leagues-cup\/#breadcrumblist","itemListElement":[{"@type":"ListItem","@id":"https:\/\/redeportivamx.com#listItem","position":1,"name":"Home","item":"https:\/\/redeportivamx.com","nextItem":{"@type":"ListItem","@id":"https:\/\/redeportivamx.com\/index.php\/category\/leagues-cup\/#listItem","name":"Leagues Cup"}},{"@type":"ListItem","@id":"https:\/\/redeportivamx.com\/index.php\/category\/leagues-cup\/#listItem","position":2,"name":"Leagues Cup","item":"https:\/\/redeportivamx.com\/index.php\/category\/leagues-cup\/","nextItem":{"@type":"ListItem","@id":"https:\/\/redeportivamx.com\/index.php\/2026\/09\/03\/monterrey-elimina-al-america-en-penales-y-avanza-a-la-gran-final-de-la-leagues-cup\/#listItem","name":"\u00a1Monterrey elimina al Am\u00e9rica en penales y avanza a la Gran Final de la Leagues Cup!"},"previousItem":{"@type":"ListItem","@id":"https:\/\/redeportivamx.com#listItem","name":"Home"}},{"@type":"ListItem","@id":"https:\/\/redeportivamx.com\/index.php\/2026\/09\/03\/monterrey-elimina-al-america-en-penales-y-avanza-a-la-gran-final-de-la-leagues-cup\/#listItem","position":3,"name":"\u00a1Monterrey elimina al Am\u00e9rica en penales y avanza a la Gran Final de la Leagues Cup!","previousItem":{"@type":"ListItem","@id":"https:\/\/redeportivamx.com\/index.php\/category\/leagues-cup\/#listItem","name":"Leagues Cup"}}]},{"@type":"Organization","@id":"https:\/\/redeportivamx.com\/#organization","name":"redeportivamx.com","description":"\u00a1Conectando tu pasi\u00f3n!","url":"https:\/\/redeportivamx.com\/","sameAs":["https:\/\/www.facebook.com\/profile.php?id=61565592572733","https:\/\/x.com\/Redeportivamx?s=20","https:\/\/www.instagram.com\/redeportivamx\/","https:\/\/www.tiktok.com\/@redeportiva.mx","https:\/\/www.youtube.com\/@Redeportiva-MX"]},{"@type":"Person","@id":"https:\/\/redeportivamx.com\/index.php\/author\/maria-alejandra-bueno\/#author","url":"https:\/\/redeportivamx.com\/index.php\/author\/maria-alejandra-bueno\/","name":"Maria Bueno","image":{"@type":"ImageObject","@id":"https:\/\/redeportivamx.com\/index.php\/2026\/09\/03\/monterrey-elimina-al-america-en-penales-y-avanza-a-la-gran-final-de-la-leagues-cup\/#authorImage","url":"https:\/\/secure.gravatar.com\/avatar\/e2bf018392864485234ba4109c893fe67481f95f3f6cc81eb9305e874cece686?s=96&d=mm&r=g","width":96,"height":96,"caption":"Maria Bueno"}},{"@type":"WebPage","@id":"https:\/\/redeportivamx.com\/index.php\/2026\/09\/03\/monterrey-elimina-al-america-en-penales-y-avanza-a-la-gran-final-de-la-leagues-cup\/#webpage","url":"https:\/\/redeportivamx.com\/index.php\/2026\/09\/03\/monterrey-elimina-al-america-en-penales-y-avanza-a-la-gran-final-de-la-leagues-cup\/","name":"\u00a1Monterrey elimina al Am\u00e9rica en penales y avanza a la Gran Final de la Leagues Cup! - Redeportiva MX","description":"Resumen del dram\u00e1tico empate 2-2 y la tanda de penales (5-4) donde Rayados elimin\u00f3 al Club Am\u00e9rica. Pol\u00e9mica del VAR y el pase a la Final de la Leagues Cup 2026.","inLanguage":"es-MX","isPartOf":{"@id":"https:\/\/redeportivamx.com\/#website"},"breadcrumb":{"@id":"https:\/\/redeportivamx.com\/index.php\/2026\/09\/03\/monterrey-elimina-al-america-en-penales-y-avanza-a-la-gran-final-de-la-leagues-cup\/#breadcrumblist"},"author":{"@id":"https:\/\/redeportivamx.com\/index.php\/author\/maria-alejandra-bueno\/#author"},"creator":{"@id":"https:\/\/redeportivamx.com\/index.php\/author\/maria-alejandra-bueno\/#author"},"image":{"@type":"ImageObject","url":"https:\/\/redeportivamx.com\/wp-content\/uploads\/2026\/09\/SaveClip.App_792764419_18377509495237820_7506919095609328245_n.jpeg","@id":"https:\/\/redeportivamx.com\/index.php\/2026\/09\/03\/monterrey-elimina-al-america-en-penales-y-avanza-a-la-gran-final-de-la-leagues-cup\/#mainImage","width":1080,"height":608,"caption":"Foto: @leaguescup"},"primaryImageOfPage":{"@id":"https:\/\/redeportivamx.com\/index.php\/2026\/09\/03\/monterrey-elimina-al-america-en-penales-y-avanza-a-la-gran-final-de-la-leagues-cup\/#mainImage"},"datePublished":"2026-09-03T00:47:12-06:00","dateModified":"2026-09-03T00:47:14-06:00"},{"@type":"WebSite","@id":"https:\/\/redeportivamx.com\/#website","url":"https:\/\/redeportivamx.com\/","name":"redeportivamx.com","description":"\u00a1Conectando tu pasi\u00f3n!","inLanguage":"es-MX","publisher":{"@id":"https:\/\/redeportivamx.com\/#organization"}}]},"og:locale":"es_MX","og:site_name":"Redeportiva MX - \u00a1Conectando tu pasi\u00f3n!","og:type":"sport","og:title":"\u00a1Monterrey elimina al Am\u00e9rica en penales y avanza a la Gran Final de la Leagues Cup! - Redeportiva MX","og:description":"Resumen del dram\u00e1tico empate 2-2 y la tanda de penales (5-4) donde Rayados elimin\u00f3 al Club Am\u00e9rica. Pol\u00e9mica del VAR y el pase a la Final de la Leagues Cup 2026.","og:url":"https:\/\/redeportivamx.com\/index.php\/2026\/09\/03\/monterrey-elimina-al-america-en-penales-y-avanza-a-la-gran-final-de-la-leagues-cup\/","og:image":"https:\/\/redeportivamx.com\/wp-content\/uploads\/2026\/09\/SaveClip.App_792764419_18377509495237820_7506919095609328245_n.jpeg","og:image:secure_url":"https:\/\/redeportivamx.com\/wp-content\/uploads\/2026\/09\/SaveClip.App_792764419_18377509495237820_7506919095609328245_n.jpeg","og:image:width":1080,"og:image:height":608,"twitter:card":"summary_large_image","twitter:site":"@Redeportivamx","twitter:title":"\u00a1Monterrey elimina al Am\u00e9rica en penales y avanza a la Gran Final de la Leagues Cup! - Redeportiva MX","twitter:description":"Resumen del dram\u00e1tico empate 2-2 y la tanda de penales (5-4) donde Rayados elimin\u00f3 al Club Am\u00e9rica. Pol\u00e9mica del VAR y el pase a la Final de la Leagues Cup 2026.","twitter:creator":"@Redeportivamx","twitter:image":"https:\/\/redeportivamx.com\/wp-content\/uploads\/2026\/09\/SaveClip.App_792764419_18377509495237820_7506919095609328245_n.jpeg"},"aioseo_meta_data":{"post_id":"52784","title":null,"description":null,"keywords":null,"keyphrases":{"focus":{"keyphrase":"Am\u00e9rica vs Monterrey \/ Rayados Final Leagues Cup","score":0,"analysis":[]},"additional":[]},"primary_term":null,"canonical_url":null,"og_title":null,"og_description":null,"og_object_type":"default","og_image_type":"default","og_image_url":null,"og_image_width":null,"og_image_height":null,"og_image_custom_url":null,"og_image_custom_fields":null,"og_video":"","og_custom_url":null,"og_article_section":null,"og_article_tags":null,"twitter_use_og":false,"twitter_card":"default","twitter_image_type":"default","twitter_image_url":null,"twitter_image_custom_url":null,"twitter_image_custom_fields":null,"twitter_title":null,"twitter_description":null,"schema":{"blockGraphs":[],"customGraphs":[],"default":{"data":{"Article":[],"Course":[],"Dataset":[],"FAQPage":[],"Movie":[],"Person":[],"Product":[],"ProductReview":[],"Car":[],"Recipe":[],"Service":[],"SoftwareApplication":[],"WebPage":[]},"graphName":"BlogPosting","isEnabled":true},"graphs":[]},"schema_type":"default","schema_type_options":null,"pillar_content":false,"robots_default":true,"robots_noindex":false,"robots_noarchive":false,"robots_nosnippet":false,"robots_nofollow":false,"robots_noimageindex":false,"robots_noodp":false,"robots_notranslate":false,"robots_max_snippet":"-1","robots_max_videopreview":"-1","robots_max_imagepreview":"large","priority":null,"frequency":"default","local_seo":null,"breadcrumb_settings":null,"limit_modified_date":false,"ai":{"faqs":[],"keyPoints":[],"schemas":[],"titles":[],"descriptions":[],"socialPosts":{"email":{"subject":"","preview":"","content":""},"linkedin":[],"twitter":[],"facebook":[],"instagram":[]}},"created":"2026-09-03 06:47:14","updated":"2026-09-03 08:02:18","seo_analyzer_scan_date":null,"focus_keyword":"Am\u00e9rica vs Monterrey \/ Rayados Final Leagues Cup","additional_keywords":null,"truseo_locale":null},"aioseo_breadcrumb":"<div class=\"aioseo-breadcrumbs\"><span class=\"aioseo-breadcrumb\">\n\t\t\t<a href=\"https:\/\/redeportivamx.com\" title=\"Home\">Home<\/a>\n\t\t<\/span><span class=\"aioseo-breadcrumb-separator\">&raquo;<\/span><span class=\"aioseo-breadcrumb\">\n\t\t\t<a href=\"https:\/\/redeportivamx.com\/index.php\/category\/leagues-cup\/\" title=\"Leagues Cup\">Leagues Cup<\/a>\n\t\t<\/span><span class=\"aioseo-breadcrumb-separator\">&raquo;<\/span><span class=\"aioseo-breadcrumb\">\n\t\t\t\u00a1Monterrey elimina al Am\u00e9rica en penales y avanza a la Gran Final de la Leagues Cup!\n\t\t<\/span><\/div>","aioseo_breadcrumb_json":[{"label":"Home","link":"https:\/\/redeportivamx.com"},{"label":"Leagues Cup","link":"https:\/\/redeportivamx.com\/index.php\/category\/leagues-cup\/"},{"label":"\u00a1Monterrey elimina al Am\u00e9rica en penales y avanza a la Gran Final de la Leagues Cup!","link":"https:\/\/redeportivamx.com\/index.php\/2026\/09\/03\/monterrey-elimina-al-america-en-penales-y-avanza-a-la-gran-final-de-la-leagues-cup\/"}],"jetpack_sharing_enabled":true,"jetpack_featured_media_url":"https:\/\/redeportivamx.com\/wp-content\/uploads\/2026\/09\/SaveClip.App_792764419_18377509495237820_7506919095609328245_n.jpeg","_links":{"self":[{"href":"https:\/\/redeportivamx.com\/index.php\/wp-json\/wp\/v2\/posts\/52784","targetHints":{"allow":["GET"]}}],"collection":[{"href":"https:\/\/redeportivamx.com\/index.php\/wp-json\/wp\/v2\/posts"}],"about":[{"href":"https:\/\/redeportivamx.com\/index.php\/wp-json\/wp\/v2\/types\/post"}],"author":[{"embeddable":true,"href":"https:\/\/redeportivamx.com\/index.php\/wp-json\/wp\/v2\/users\/25"}],"replies":[{"embeddable":true,"href":"https:\/\/redeportivamx.com\/index.php\/wp-json\/wp\/v2\/comments?post=52784"}],"version-history":[{"count":1,"href":"https:\/\/redeportivamx.com\/index.php\/wp-json\/wp\/v2\/posts\/52784\/revisions"}],"predecessor-version":[{"id":52786,"href":"https:\/\/redeportivamx.com\/index.php\/wp-json\/wp\/v2\/posts\/52784\/revisions\/52786"}],"wp:featuredmedia":[{"embeddable":true,"href":"https:\/\/redeportivamx.com\/index.php\/wp-json\/wp\/v2\/media\/52785"}],"wp:attachment":[{"href":"https:\/\/redeportivamx.com\/index.php\/wp-json\/wp\/v2\/media?parent=52784"}],"wp:term":[{"taxonomy":"category","embeddable":true,"href":"https:\/\/redeportivamx.com\/index.php\/wp-json\/wp\/v2\/categories?post=52784"},{"taxonomy":"post_tag","embeddable":true,"href":"https:\/\/redeportivamx.com\/index.php\/wp-json\/wp\/v2\/tags?post=52784"}],"curies":[{"name":"wp","href":"https:\/\/api.w.org\/{rel}","templated":true}]}}