{"id":52778,"date":"2026-09-02T16:49:23","date_gmt":"2026-09-02T22:49:23","guid":{"rendered":"https:\/\/redeportivamx.com\/?p=52778"},"modified":"2026-09-02T16:49:26","modified_gmt":"2026-09-02T22:49:26","slug":"sorpresa-en-espana-obed-vargas-se-queda-en-el-atletico-de-madrid-a-pesar-de-estar-borrado-por-simeone","status":"publish","type":"post","link":"https:\/\/redeportivamx.com\/index.php\/2026\/09\/02\/sorpresa-en-espana-obed-vargas-se-queda-en-el-atletico-de-madrid-a-pesar-de-estar-borrado-por-simeone\/","title":{"rendered":"Sorpresa en Espa\u00f1a: Obed Vargas se queda en el Atl\u00e9tico de Madrid a pesar de estar &#8220;borrado&#8221; por Simeone"},"content":{"rendered":"\n<p class=\"wp-block-paragraph\">El cierre del mercado de fichajes en Europa nos ha regalado un giro de guion totalmente inesperado para la legi\u00f3n azteca. Cuando todo apuntaba a que el mediocampista mexicano,&nbsp;<strong>Obed Vargas<\/strong>, saldr\u00eda a pr\u00e9stamo en busca de los minutos que se le han negado, la directiva del&nbsp;<strong>Atl\u00e9tico de Madrid<\/strong>&nbsp;y el cuerpo t\u00e9cnico tomaron una decisi\u00f3n de \u00faltima hora: el jugador permanecer\u00e1 en la plantilla colchonera para esta temporada.<\/p>\n\n\n\n<p class=\"wp-block-paragraph\">La noticia, confirmada por especialistas en fichajes como C\u00e9sar Luis Merlo, ha sacudido el entorno del balompi\u00e9 nacional, ya que Vargas parec\u00eda estar completamente &#8220;borrado&#8221; del esquema principal del estratega argentino,&nbsp;<strong>Diego Pablo Simeone<\/strong>.<\/p>\n\n\n\n<h2 class=\"wp-block-heading\">Una decisi\u00f3n inesperada en el cierre de mercado<\/h2>\n\n\n\n<p class=\"wp-block-paragraph\">Durante las \u00faltimas semanas, el nombre de&nbsp;<strong>Obed Vargas<\/strong>&nbsp;son\u00f3 con fuerza para reforzar a distintos equipos de menor envergadura dentro de Espa\u00f1a y otras ligas europeas. El objetivo principal era claro: ceder al mexicano para que adquiriera ritmo competitivo y no frenara su desarrollo profesional.<\/p>\n\n\n\n<p class=\"wp-block-paragraph\">Sin embargo, las negociaciones no prosperaron o el club madrile\u00f1o decidi\u00f3 echar marcha atr\u00e1s en el \u00faltimo suspiro de la ventana de transferencias. A pesar de que el &#8220;Cholo&#8221; no le ha brindado el protagonismo deseado, la instituci\u00f3n colchonera opt\u00f3 por retenerlo, obligando al mediocampista de la Selecci\u00f3n Mexicana a remar contracorriente en uno de los planteles m\u00e1s competitivos y exigentes de&nbsp;<strong>LaLiga<\/strong>.<\/p>\n\n\n\n<h2 class=\"wp-block-heading\">El monumental reto de convencer al &#8220;Cholo&#8221;<\/h2>\n\n\n\n<p class=\"wp-block-paragraph\">Quedarse en el&nbsp;<strong>Atl\u00e9tico de Madrid<\/strong>&nbsp;bajo estas circunstancias representa, quiz\u00e1s, la prueba de car\u00e1cter m\u00e1s dura en la joven carrera de Vargas. Es bien sabido que&nbsp;<strong>Diego Simeone<\/strong>&nbsp;es un t\u00e9cnico que exige un desgaste f\u00edsico, t\u00e1ctico y mental absoluto. Ganarse un lugar en un mediocampo plagado de figuras internacionales requerir\u00e1 de un esfuerzo tit\u00e1nico en cada sesi\u00f3n de entrenamiento.<\/p>\n\n\n\n<p class=\"wp-block-paragraph\">El mexicano tendr\u00e1 que apelar a su resiliencia y disciplina para transformar este complejo panorama en una oportunidad. Estar bajo la lupa diaria de uno de los mejores cuerpos t\u00e9cnicos del mundo le exigir\u00e1 elevar su nivel al m\u00e1ximo, esperando paciente por esa oportunidad en la Copa del Rey o en la rotaci\u00f3n liguera para demostrar que tiene la calidad necesaria para vestir la camiseta rojiblanca.<\/p>\n\n\n\n<h2 class=\"wp-block-heading\">Lo que viene para el mexicano en Europa<\/h2>\n\n\n\n<p class=\"wp-block-paragraph\">La afici\u00f3n mexicana estar\u00e1 siguiendo con lupa el d\u00eda a d\u00eda de&nbsp;<strong>Obed Vargas<\/strong>&nbsp;en la capital espa\u00f1ola. Aunque de entrada el panorama luce adverso al no ser la primera opci\u00f3n del estratega, la temporada europea es larga, agotadora y propensa a lesiones o suspensiones.<\/p>\n\n\n\n<p class=\"wp-block-paragraph\">El talento de Vargas es indiscutible. Ahora, el gran reto ser\u00e1 forjar una mentalidad de acero que le permita aguantar la presi\u00f3n, asimilar la filosof\u00eda cholista y, cuando llegue el momento de saltar al campo, derribar la puerta para dejar claro que su permanencia en el&nbsp;<strong>Atl\u00e9tico de Madrid<\/strong>&nbsp;no fue un accidente, sino el inicio de su consolidaci\u00f3n en Europa.<\/p>\n","protected":false},"excerpt":{"rendered":"<p>Contra todo pron\u00f3stico, el mediocampista mexicano Obed Vargas no saldr\u00e1 a pr\u00e9stamo y permanecer\u00e1 en el Atl\u00e9tico de Madrid.<\/p>\n","protected":false},"author":25,"featured_media":52779,"comment_status":"open","ping_status":"open","sticky":false,"template":"","format":"standard","meta":{"_monsterinsights_skip_tracking":false,"_jetpack_newsletter_access":"","_jetpack_dont_email_post_to_subs":false,"_jetpack_newsletter_tier_id":0,"_jetpack_memberships_contains_paywalled_content":false,"_jetpack_feature_clip_id":0,"_jetpack_memberships_contains_paid_content":false,"footnotes":"","jetpack_post_was_ever_published":false},"categories":[12],"tags":[3090,2554],"class_list":["post-52778","post","type-post","status-publish","format-standard","has-post-thumbnail","hentry","category-futbol-internacional","tag-atletico-de-madrid-2","tag-obed-vargas"],"aioseo_notices":[],"aioseo_head":"\n\t\t<!-- All in One SEO 5.0.1.1 - aioseo.com -->\n\t<meta name=\"description\" content=\"Contra todo pron\u00f3stico, el mediocampista mexicano Obed Vargas no saldr\u00e1 a pr\u00e9stamo y permanecer\u00e1 en el Atl\u00e9tico de Madrid.\" \/>\n\t<meta name=\"robots\" content=\"max-image-preview:large\" \/>\n\t<meta name=\"author\" content=\"Maria Bueno\"\/>\n\t<link rel=\"canonical\" href=\"https:\/\/redeportivamx.com\/index.php\/2026\/09\/02\/sorpresa-en-espana-obed-vargas-se-queda-en-el-atletico-de-madrid-a-pesar-de-estar-borrado-por-simeone\/\" \/>\n\t<meta name=\"generator\" content=\"All in One SEO (AIOSEO) 5.0.1.1\" \/>\n\t\t<meta property=\"og:locale\" content=\"es_MX\" \/>\n\t\t<meta property=\"og:site_name\" content=\"Redeportiva MX - \u00a1Conectando tu pasi\u00f3n!\" \/>\n\t\t<meta property=\"og:type\" content=\"sport\" \/>\n\t\t<meta property=\"og:title\" content=\"Sorpresa en Espa\u00f1a: Obed Vargas se queda en el Atl\u00e9tico de Madrid a pesar de estar \u201cborrado\u201d por Simeone - Redeportiva MX\" \/>\n\t\t<meta property=\"og:description\" content=\"Contra todo pron\u00f3stico, el mediocampista mexicano Obed Vargas no saldr\u00e1 a pr\u00e9stamo y permanecer\u00e1 en el Atl\u00e9tico de Madrid.\" \/>\n\t\t<meta property=\"og:url\" content=\"https:\/\/redeportivamx.com\/index.php\/2026\/09\/02\/sorpresa-en-espana-obed-vargas-se-queda-en-el-atletico-de-madrid-a-pesar-de-estar-borrado-por-simeone\/\" \/>\n\t\t<meta property=\"og:image\" content=\"https:\/\/redeportivamx.com\/wp-content\/uploads\/2026\/09\/SaveClip.App_658931269_18579633802039015_93836497057691133_n.jpeg\" \/>\n\t\t<meta property=\"og:image:secure_url\" content=\"https:\/\/redeportivamx.com\/wp-content\/uploads\/2026\/09\/SaveClip.App_658931269_18579633802039015_93836497057691133_n.jpeg\" \/>\n\t\t<meta property=\"og:image:width\" content=\"1440\" \/>\n\t\t<meta property=\"og:image:height\" content=\"810\" \/>\n\t\t<meta name=\"twitter:card\" content=\"summary_large_image\" \/>\n\t\t<meta name=\"twitter:site\" content=\"@Redeportivamx\" \/>\n\t\t<meta name=\"twitter:title\" content=\"Sorpresa en Espa\u00f1a: Obed Vargas se queda en el Atl\u00e9tico de Madrid a pesar de estar \u201cborrado\u201d por Simeone - Redeportiva MX\" \/>\n\t\t<meta name=\"twitter:description\" content=\"Contra todo pron\u00f3stico, el mediocampista mexicano Obed Vargas no saldr\u00e1 a pr\u00e9stamo y permanecer\u00e1 en el Atl\u00e9tico de Madrid.\" \/>\n\t\t<meta name=\"twitter:creator\" content=\"@Redeportivamx\" \/>\n\t\t<meta name=\"twitter:image\" content=\"https:\/\/redeportivamx.com\/wp-content\/uploads\/2026\/09\/SaveClip.App_658931269_18579633802039015_93836497057691133_n.jpeg\" \/>\n\t\t<script type=\"application\/ld+json\" class=\"aioseo-schema\">\n\t\t\t{\"@context\":\"https:\\\/\\\/schema.org\",\"@graph\":[{\"@type\":\"BlogPosting\",\"@id\":\"https:\\\/\\\/redeportivamx.com\\\/index.php\\\/2026\\\/09\\\/02\\\/sorpresa-en-espana-obed-vargas-se-queda-en-el-atletico-de-madrid-a-pesar-de-estar-borrado-por-simeone\\\/#blogposting\",\"name\":\"Sorpresa en Espa\\u00f1a: Obed Vargas se queda en el Atl\\u00e9tico de Madrid a pesar de estar \\u201cborrado\\u201d por Simeone - Redeportiva MX\",\"headline\":\"Sorpresa en Espa\\u00f1a: Obed Vargas se queda en el Atl\\u00e9tico de Madrid a pesar de estar &#8220;borrado&#8221; por Simeone\",\"author\":{\"@id\":\"https:\\\/\\\/redeportivamx.com\\\/index.php\\\/author\\\/maria-alejandra-bueno\\\/#author\"},\"publisher\":{\"@id\":\"https:\\\/\\\/redeportivamx.com\\\/#organization\"},\"image\":{\"@type\":\"ImageObject\",\"url\":\"https:\\\/\\\/redeportivamx.com\\\/wp-content\\\/uploads\\\/2026\\\/09\\\/SaveClip.App_658931269_18579633802039015_93836497057691133_n.jpeg\",\"width\":1440,\"height\":810,\"caption\":\"Foto: @atleticodemadrid\"},\"datePublished\":\"2026-09-02T16:49:23-06:00\",\"dateModified\":\"2026-09-02T16:49:26-06:00\",\"inLanguage\":\"es-MX\",\"mainEntityOfPage\":{\"@id\":\"https:\\\/\\\/redeportivamx.com\\\/index.php\\\/2026\\\/09\\\/02\\\/sorpresa-en-espana-obed-vargas-se-queda-en-el-atletico-de-madrid-a-pesar-de-estar-borrado-por-simeone\\\/#webpage\"},\"isPartOf\":{\"@id\":\"https:\\\/\\\/redeportivamx.com\\\/index.php\\\/2026\\\/09\\\/02\\\/sorpresa-en-espana-obed-vargas-se-queda-en-el-atletico-de-madrid-a-pesar-de-estar-borrado-por-simeone\\\/#webpage\"},\"articleSection\":\"Futbol Internacional, atletico de madrid, Obed Vargas\"},{\"@type\":\"BreadcrumbList\",\"@id\":\"https:\\\/\\\/redeportivamx.com\\\/index.php\\\/2026\\\/09\\\/02\\\/sorpresa-en-espana-obed-vargas-se-queda-en-el-atletico-de-madrid-a-pesar-de-estar-borrado-por-simeone\\\/#breadcrumblist\",\"itemListElement\":[{\"@type\":\"ListItem\",\"@id\":\"https:\\\/\\\/redeportivamx.com#listItem\",\"position\":1,\"name\":\"Home\",\"item\":\"https:\\\/\\\/redeportivamx.com\",\"nextItem\":{\"@type\":\"ListItem\",\"@id\":\"https:\\\/\\\/redeportivamx.com\\\/index.php\\\/category\\\/futbol-internacional\\\/#listItem\",\"name\":\"Futbol Internacional\"}},{\"@type\":\"ListItem\",\"@id\":\"https:\\\/\\\/redeportivamx.com\\\/index.php\\\/category\\\/futbol-internacional\\\/#listItem\",\"position\":2,\"name\":\"Futbol Internacional\",\"item\":\"https:\\\/\\\/redeportivamx.com\\\/index.php\\\/category\\\/futbol-internacional\\\/\",\"nextItem\":{\"@type\":\"ListItem\",\"@id\":\"https:\\\/\\\/redeportivamx.com\\\/index.php\\\/2026\\\/09\\\/02\\\/sorpresa-en-espana-obed-vargas-se-queda-en-el-atletico-de-madrid-a-pesar-de-estar-borrado-por-simeone\\\/#listItem\",\"name\":\"Sorpresa en Espa\\u00f1a: Obed Vargas se queda en el Atl\\u00e9tico de Madrid a pesar de estar &#8220;borrado&#8221; por Simeone\"},\"previousItem\":{\"@type\":\"ListItem\",\"@id\":\"https:\\\/\\\/redeportivamx.com#listItem\",\"name\":\"Home\"}},{\"@type\":\"ListItem\",\"@id\":\"https:\\\/\\\/redeportivamx.com\\\/index.php\\\/2026\\\/09\\\/02\\\/sorpresa-en-espana-obed-vargas-se-queda-en-el-atletico-de-madrid-a-pesar-de-estar-borrado-por-simeone\\\/#listItem\",\"position\":3,\"name\":\"Sorpresa en Espa\\u00f1a: Obed Vargas se queda en el Atl\\u00e9tico de Madrid a pesar de estar &#8220;borrado&#8221; por Simeone\",\"previousItem\":{\"@type\":\"ListItem\",\"@id\":\"https:\\\/\\\/redeportivamx.com\\\/index.php\\\/category\\\/futbol-internacional\\\/#listItem\",\"name\":\"Futbol Internacional\"}}]},{\"@type\":\"Organization\",\"@id\":\"https:\\\/\\\/redeportivamx.com\\\/#organization\",\"name\":\"redeportivamx.com\",\"description\":\"\\u00a1Conectando tu pasi\\u00f3n!\",\"url\":\"https:\\\/\\\/redeportivamx.com\\\/\",\"sameAs\":[\"https:\\\/\\\/www.facebook.com\\\/profile.php?id=61565592572733\",\"https:\\\/\\\/x.com\\\/Redeportivamx?s=20\",\"https:\\\/\\\/www.instagram.com\\\/redeportivamx\\\/\",\"https:\\\/\\\/www.tiktok.com\\\/@redeportiva.mx\",\"https:\\\/\\\/www.youtube.com\\\/@Redeportiva-MX\"]},{\"@type\":\"Person\",\"@id\":\"https:\\\/\\\/redeportivamx.com\\\/index.php\\\/author\\\/maria-alejandra-bueno\\\/#author\",\"url\":\"https:\\\/\\\/redeportivamx.com\\\/index.php\\\/author\\\/maria-alejandra-bueno\\\/\",\"name\":\"Maria Bueno\",\"image\":{\"@type\":\"ImageObject\",\"@id\":\"https:\\\/\\\/redeportivamx.com\\\/index.php\\\/2026\\\/09\\\/02\\\/sorpresa-en-espana-obed-vargas-se-queda-en-el-atletico-de-madrid-a-pesar-de-estar-borrado-por-simeone\\\/#authorImage\",\"url\":\"https:\\\/\\\/secure.gravatar.com\\\/avatar\\\/e2bf018392864485234ba4109c893fe67481f95f3f6cc81eb9305e874cece686?s=96&d=mm&r=g\",\"width\":96,\"height\":96,\"caption\":\"Maria Bueno\"}},{\"@type\":\"WebPage\",\"@id\":\"https:\\\/\\\/redeportivamx.com\\\/index.php\\\/2026\\\/09\\\/02\\\/sorpresa-en-espana-obed-vargas-se-queda-en-el-atletico-de-madrid-a-pesar-de-estar-borrado-por-simeone\\\/#webpage\",\"url\":\"https:\\\/\\\/redeportivamx.com\\\/index.php\\\/2026\\\/09\\\/02\\\/sorpresa-en-espana-obed-vargas-se-queda-en-el-atletico-de-madrid-a-pesar-de-estar-borrado-por-simeone\\\/\",\"name\":\"Sorpresa en Espa\\u00f1a: Obed Vargas se queda en el Atl\\u00e9tico de Madrid a pesar de estar \\u201cborrado\\u201d por Simeone - Redeportiva MX\",\"description\":\"Contra todo pron\\u00f3stico, el mediocampista mexicano Obed Vargas no saldr\\u00e1 a pr\\u00e9stamo y permanecer\\u00e1 en el Atl\\u00e9tico de Madrid.\",\"inLanguage\":\"es-MX\",\"isPartOf\":{\"@id\":\"https:\\\/\\\/redeportivamx.com\\\/#website\"},\"breadcrumb\":{\"@id\":\"https:\\\/\\\/redeportivamx.com\\\/index.php\\\/2026\\\/09\\\/02\\\/sorpresa-en-espana-obed-vargas-se-queda-en-el-atletico-de-madrid-a-pesar-de-estar-borrado-por-simeone\\\/#breadcrumblist\"},\"author\":{\"@id\":\"https:\\\/\\\/redeportivamx.com\\\/index.php\\\/author\\\/maria-alejandra-bueno\\\/#author\"},\"creator\":{\"@id\":\"https:\\\/\\\/redeportivamx.com\\\/index.php\\\/author\\\/maria-alejandra-bueno\\\/#author\"},\"image\":{\"@type\":\"ImageObject\",\"url\":\"https:\\\/\\\/redeportivamx.com\\\/wp-content\\\/uploads\\\/2026\\\/09\\\/SaveClip.App_658931269_18579633802039015_93836497057691133_n.jpeg\",\"@id\":\"https:\\\/\\\/redeportivamx.com\\\/index.php\\\/2026\\\/09\\\/02\\\/sorpresa-en-espana-obed-vargas-se-queda-en-el-atletico-de-madrid-a-pesar-de-estar-borrado-por-simeone\\\/#mainImage\",\"width\":1440,\"height\":810,\"caption\":\"Foto: @atleticodemadrid\"},\"primaryImageOfPage\":{\"@id\":\"https:\\\/\\\/redeportivamx.com\\\/index.php\\\/2026\\\/09\\\/02\\\/sorpresa-en-espana-obed-vargas-se-queda-en-el-atletico-de-madrid-a-pesar-de-estar-borrado-por-simeone\\\/#mainImage\"},\"datePublished\":\"2026-09-02T16:49:23-06:00\",\"dateModified\":\"2026-09-02T16:49:26-06:00\"},{\"@type\":\"WebSite\",\"@id\":\"https:\\\/\\\/redeportivamx.com\\\/#website\",\"url\":\"https:\\\/\\\/redeportivamx.com\\\/\",\"name\":\"redeportivamx.com\",\"description\":\"\\u00a1Conectando tu pasi\\u00f3n!\",\"inLanguage\":\"es-MX\",\"publisher\":{\"@id\":\"https:\\\/\\\/redeportivamx.com\\\/#organization\"}}]}\n\t\t<\/script>\n\t\t<!-- All in One SEO -->\n\n","aioseo_head_json":{"title":"Sorpresa en Espa\u00f1a: Obed Vargas se queda en el Atl\u00e9tico de Madrid a pesar de estar \u201cborrado\u201d por Simeone - Redeportiva MX","description":"Contra todo pron\u00f3stico, el mediocampista mexicano Obed Vargas no saldr\u00e1 a pr\u00e9stamo y permanecer\u00e1 en el Atl\u00e9tico de Madrid.","canonical_url":"https:\/\/redeportivamx.com\/index.php\/2026\/09\/02\/sorpresa-en-espana-obed-vargas-se-queda-en-el-atletico-de-madrid-a-pesar-de-estar-borrado-por-simeone\/","robots":"max-image-preview:large","keywords":"","webmasterTools":{"miscellaneous":""},"schema":{"@context":"https:\/\/schema.org","@graph":[{"@type":"BlogPosting","@id":"https:\/\/redeportivamx.com\/index.php\/2026\/09\/02\/sorpresa-en-espana-obed-vargas-se-queda-en-el-atletico-de-madrid-a-pesar-de-estar-borrado-por-simeone\/#blogposting","name":"Sorpresa en Espa\u00f1a: Obed Vargas se queda en el Atl\u00e9tico de Madrid a pesar de estar \u201cborrado\u201d por Simeone - Redeportiva MX","headline":"Sorpresa en Espa\u00f1a: Obed Vargas se queda en el Atl\u00e9tico de Madrid a pesar de estar &#8220;borrado&#8221; por Simeone","author":{"@id":"https:\/\/redeportivamx.com\/index.php\/author\/maria-alejandra-bueno\/#author"},"publisher":{"@id":"https:\/\/redeportivamx.com\/#organization"},"image":{"@type":"ImageObject","url":"https:\/\/redeportivamx.com\/wp-content\/uploads\/2026\/09\/SaveClip.App_658931269_18579633802039015_93836497057691133_n.jpeg","width":1440,"height":810,"caption":"Foto: @atleticodemadrid"},"datePublished":"2026-09-02T16:49:23-06:00","dateModified":"2026-09-02T16:49:26-06:00","inLanguage":"es-MX","mainEntityOfPage":{"@id":"https:\/\/redeportivamx.com\/index.php\/2026\/09\/02\/sorpresa-en-espana-obed-vargas-se-queda-en-el-atletico-de-madrid-a-pesar-de-estar-borrado-por-simeone\/#webpage"},"isPartOf":{"@id":"https:\/\/redeportivamx.com\/index.php\/2026\/09\/02\/sorpresa-en-espana-obed-vargas-se-queda-en-el-atletico-de-madrid-a-pesar-de-estar-borrado-por-simeone\/#webpage"},"articleSection":"Futbol Internacional, atletico de madrid, Obed Vargas"},{"@type":"BreadcrumbList","@id":"https:\/\/redeportivamx.com\/index.php\/2026\/09\/02\/sorpresa-en-espana-obed-vargas-se-queda-en-el-atletico-de-madrid-a-pesar-de-estar-borrado-por-simeone\/#breadcrumblist","itemListElement":[{"@type":"ListItem","@id":"https:\/\/redeportivamx.com#listItem","position":1,"name":"Home","item":"https:\/\/redeportivamx.com","nextItem":{"@type":"ListItem","@id":"https:\/\/redeportivamx.com\/index.php\/category\/futbol-internacional\/#listItem","name":"Futbol Internacional"}},{"@type":"ListItem","@id":"https:\/\/redeportivamx.com\/index.php\/category\/futbol-internacional\/#listItem","position":2,"name":"Futbol Internacional","item":"https:\/\/redeportivamx.com\/index.php\/category\/futbol-internacional\/","nextItem":{"@type":"ListItem","@id":"https:\/\/redeportivamx.com\/index.php\/2026\/09\/02\/sorpresa-en-espana-obed-vargas-se-queda-en-el-atletico-de-madrid-a-pesar-de-estar-borrado-por-simeone\/#listItem","name":"Sorpresa en Espa\u00f1a: Obed Vargas se queda en el Atl\u00e9tico de Madrid a pesar de estar &#8220;borrado&#8221; por Simeone"},"previousItem":{"@type":"ListItem","@id":"https:\/\/redeportivamx.com#listItem","name":"Home"}},{"@type":"ListItem","@id":"https:\/\/redeportivamx.com\/index.php\/2026\/09\/02\/sorpresa-en-espana-obed-vargas-se-queda-en-el-atletico-de-madrid-a-pesar-de-estar-borrado-por-simeone\/#listItem","position":3,"name":"Sorpresa en Espa\u00f1a: Obed Vargas se queda en el Atl\u00e9tico de Madrid a pesar de estar &#8220;borrado&#8221; por Simeone","previousItem":{"@type":"ListItem","@id":"https:\/\/redeportivamx.com\/index.php\/category\/futbol-internacional\/#listItem","name":"Futbol Internacional"}}]},{"@type":"Organization","@id":"https:\/\/redeportivamx.com\/#organization","name":"redeportivamx.com","description":"\u00a1Conectando tu pasi\u00f3n!","url":"https:\/\/redeportivamx.com\/","sameAs":["https:\/\/www.facebook.com\/profile.php?id=61565592572733","https:\/\/x.com\/Redeportivamx?s=20","https:\/\/www.instagram.com\/redeportivamx\/","https:\/\/www.tiktok.com\/@redeportiva.mx","https:\/\/www.youtube.com\/@Redeportiva-MX"]},{"@type":"Person","@id":"https:\/\/redeportivamx.com\/index.php\/author\/maria-alejandra-bueno\/#author","url":"https:\/\/redeportivamx.com\/index.php\/author\/maria-alejandra-bueno\/","name":"Maria Bueno","image":{"@type":"ImageObject","@id":"https:\/\/redeportivamx.com\/index.php\/2026\/09\/02\/sorpresa-en-espana-obed-vargas-se-queda-en-el-atletico-de-madrid-a-pesar-de-estar-borrado-por-simeone\/#authorImage","url":"https:\/\/secure.gravatar.com\/avatar\/e2bf018392864485234ba4109c893fe67481f95f3f6cc81eb9305e874cece686?s=96&d=mm&r=g","width":96,"height":96,"caption":"Maria Bueno"}},{"@type":"WebPage","@id":"https:\/\/redeportivamx.com\/index.php\/2026\/09\/02\/sorpresa-en-espana-obed-vargas-se-queda-en-el-atletico-de-madrid-a-pesar-de-estar-borrado-por-simeone\/#webpage","url":"https:\/\/redeportivamx.com\/index.php\/2026\/09\/02\/sorpresa-en-espana-obed-vargas-se-queda-en-el-atletico-de-madrid-a-pesar-de-estar-borrado-por-simeone\/","name":"Sorpresa en Espa\u00f1a: Obed Vargas se queda en el Atl\u00e9tico de Madrid a pesar de estar \u201cborrado\u201d por Simeone - Redeportiva MX","description":"Contra todo pron\u00f3stico, el mediocampista mexicano Obed Vargas no saldr\u00e1 a pr\u00e9stamo y permanecer\u00e1 en el Atl\u00e9tico de Madrid.","inLanguage":"es-MX","isPartOf":{"@id":"https:\/\/redeportivamx.com\/#website"},"breadcrumb":{"@id":"https:\/\/redeportivamx.com\/index.php\/2026\/09\/02\/sorpresa-en-espana-obed-vargas-se-queda-en-el-atletico-de-madrid-a-pesar-de-estar-borrado-por-simeone\/#breadcrumblist"},"author":{"@id":"https:\/\/redeportivamx.com\/index.php\/author\/maria-alejandra-bueno\/#author"},"creator":{"@id":"https:\/\/redeportivamx.com\/index.php\/author\/maria-alejandra-bueno\/#author"},"image":{"@type":"ImageObject","url":"https:\/\/redeportivamx.com\/wp-content\/uploads\/2026\/09\/SaveClip.App_658931269_18579633802039015_93836497057691133_n.jpeg","@id":"https:\/\/redeportivamx.com\/index.php\/2026\/09\/02\/sorpresa-en-espana-obed-vargas-se-queda-en-el-atletico-de-madrid-a-pesar-de-estar-borrado-por-simeone\/#mainImage","width":1440,"height":810,"caption":"Foto: @atleticodemadrid"},"primaryImageOfPage":{"@id":"https:\/\/redeportivamx.com\/index.php\/2026\/09\/02\/sorpresa-en-espana-obed-vargas-se-queda-en-el-atletico-de-madrid-a-pesar-de-estar-borrado-por-simeone\/#mainImage"},"datePublished":"2026-09-02T16:49:23-06:00","dateModified":"2026-09-02T16:49:26-06:00"},{"@type":"WebSite","@id":"https:\/\/redeportivamx.com\/#website","url":"https:\/\/redeportivamx.com\/","name":"redeportivamx.com","description":"\u00a1Conectando tu pasi\u00f3n!","inLanguage":"es-MX","publisher":{"@id":"https:\/\/redeportivamx.com\/#organization"}}]},"og:locale":"es_MX","og:site_name":"Redeportiva MX - \u00a1Conectando tu pasi\u00f3n!","og:type":"sport","og:title":"Sorpresa en Espa\u00f1a: Obed Vargas se queda en el Atl\u00e9tico de Madrid a pesar de estar \u201cborrado\u201d por Simeone - Redeportiva MX","og:description":"Contra todo pron\u00f3stico, el mediocampista mexicano Obed Vargas no saldr\u00e1 a pr\u00e9stamo y permanecer\u00e1 en el Atl\u00e9tico de Madrid.","og:url":"https:\/\/redeportivamx.com\/index.php\/2026\/09\/02\/sorpresa-en-espana-obed-vargas-se-queda-en-el-atletico-de-madrid-a-pesar-de-estar-borrado-por-simeone\/","og:image":"https:\/\/redeportivamx.com\/wp-content\/uploads\/2026\/09\/SaveClip.App_658931269_18579633802039015_93836497057691133_n.jpeg","og:image:secure_url":"https:\/\/redeportivamx.com\/wp-content\/uploads\/2026\/09\/SaveClip.App_658931269_18579633802039015_93836497057691133_n.jpeg","og:image:width":1440,"og:image:height":810,"twitter:card":"summary_large_image","twitter:site":"@Redeportivamx","twitter:title":"Sorpresa en Espa\u00f1a: Obed Vargas se queda en el Atl\u00e9tico de Madrid a pesar de estar \u201cborrado\u201d por Simeone - Redeportiva MX","twitter:description":"Contra todo pron\u00f3stico, el mediocampista mexicano Obed Vargas no saldr\u00e1 a pr\u00e9stamo y permanecer\u00e1 en el Atl\u00e9tico de Madrid.","twitter:creator":"@Redeportivamx","twitter:image":"https:\/\/redeportivamx.com\/wp-content\/uploads\/2026\/09\/SaveClip.App_658931269_18579633802039015_93836497057691133_n.jpeg"},"aioseo_meta_data":{"post_id":"52778","title":null,"description":null,"keywords":null,"keyphrases":{"focus":{"keyphrase":"Obed Vargas Atl\u00e9tico de Madrid","score":0,"analysis":[]},"additional":[]},"primary_term":null,"canonical_url":null,"og_title":null,"og_description":null,"og_object_type":"default","og_image_type":"default","og_image_url":null,"og_image_width":null,"og_image_height":null,"og_image_custom_url":null,"og_image_custom_fields":null,"og_video":"","og_custom_url":null,"og_article_section":null,"og_article_tags":null,"twitter_use_og":false,"twitter_card":"default","twitter_image_type":"default","twitter_image_url":null,"twitter_image_custom_url":null,"twitter_image_custom_fields":null,"twitter_title":null,"twitter_description":null,"schema":{"blockGraphs":[],"customGraphs":[],"default":{"data":{"Article":[],"Course":[],"Dataset":[],"FAQPage":[],"Movie":[],"Person":[],"Product":[],"ProductReview":[],"Car":[],"Recipe":[],"Service":[],"SoftwareApplication":[],"WebPage":[]},"graphName":"BlogPosting","isEnabled":true},"graphs":[]},"schema_type":"default","schema_type_options":null,"pillar_content":false,"robots_default":true,"robots_noindex":false,"robots_noarchive":false,"robots_nosnippet":false,"robots_nofollow":false,"robots_noimageindex":false,"robots_noodp":false,"robots_notranslate":false,"robots_max_snippet":"-1","robots_max_videopreview":"-1","robots_max_imagepreview":"large","priority":null,"frequency":"default","local_seo":null,"breadcrumb_settings":null,"limit_modified_date":false,"ai":{"faqs":[],"keyPoints":[],"schemas":[],"titles":[],"descriptions":[],"socialPosts":{"email":{"subject":"","preview":"","content":""},"linkedin":[],"twitter":[],"facebook":[],"instagram":[]}},"created":"2026-09-02 22:49:26","updated":"2026-09-02 23:31:09","seo_analyzer_scan_date":null,"focus_keyword":"Obed Vargas Atl\u00e9tico de Madrid","additional_keywords":null,"truseo_locale":null},"aioseo_breadcrumb":"<div class=\"aioseo-breadcrumbs\"><span class=\"aioseo-breadcrumb\">\n\t\t\t<a href=\"https:\/\/redeportivamx.com\" title=\"Home\">Home<\/a>\n\t\t<\/span><span class=\"aioseo-breadcrumb-separator\">&raquo;<\/span><span class=\"aioseo-breadcrumb\">\n\t\t\t<a href=\"https:\/\/redeportivamx.com\/index.php\/category\/futbol-internacional\/\" title=\"Futbol Internacional\">Futbol Internacional<\/a>\n\t\t<\/span><span class=\"aioseo-breadcrumb-separator\">&raquo;<\/span><span class=\"aioseo-breadcrumb\">\n\t\t\tSorpresa en Espa\u00f1a: Obed Vargas se queda en el Atl\u00e9tico de Madrid a pesar de estar \u201cborrado\u201d por Simeone\n\t\t<\/span><\/div>","aioseo_breadcrumb_json":[{"label":"Home","link":"https:\/\/redeportivamx.com"},{"label":"Futbol Internacional","link":"https:\/\/redeportivamx.com\/index.php\/category\/futbol-internacional\/"},{"label":"Sorpresa en Espa\u00f1a: Obed Vargas se queda en el Atl\u00e9tico de Madrid a pesar de estar &#8220;borrado&#8221; por Simeone","link":"https:\/\/redeportivamx.com\/index.php\/2026\/09\/02\/sorpresa-en-espana-obed-vargas-se-queda-en-el-atletico-de-madrid-a-pesar-de-estar-borrado-por-simeone\/"}],"jetpack_sharing_enabled":true,"jetpack_featured_media_url":"https:\/\/redeportivamx.com\/wp-content\/uploads\/2026\/09\/SaveClip.App_658931269_18579633802039015_93836497057691133_n.jpeg","_links":{"self":[{"href":"https:\/\/redeportivamx.com\/index.php\/wp-json\/wp\/v2\/posts\/52778","targetHints":{"allow":["GET"]}}],"collection":[{"href":"https:\/\/redeportivamx.com\/index.php\/wp-json\/wp\/v2\/posts"}],"about":[{"href":"https:\/\/redeportivamx.com\/index.php\/wp-json\/wp\/v2\/types\/post"}],"author":[{"embeddable":true,"href":"https:\/\/redeportivamx.com\/index.php\/wp-json\/wp\/v2\/users\/25"}],"replies":[{"embeddable":true,"href":"https:\/\/redeportivamx.com\/index.php\/wp-json\/wp\/v2\/comments?post=52778"}],"version-history":[{"count":1,"href":"https:\/\/redeportivamx.com\/index.php\/wp-json\/wp\/v2\/posts\/52778\/revisions"}],"predecessor-version":[{"id":52780,"href":"https:\/\/redeportivamx.com\/index.php\/wp-json\/wp\/v2\/posts\/52778\/revisions\/52780"}],"wp:featuredmedia":[{"embeddable":true,"href":"https:\/\/redeportivamx.com\/index.php\/wp-json\/wp\/v2\/media\/52779"}],"wp:attachment":[{"href":"https:\/\/redeportivamx.com\/index.php\/wp-json\/wp\/v2\/media?parent=52778"}],"wp:term":[{"taxonomy":"category","embeddable":true,"href":"https:\/\/redeportivamx.com\/index.php\/wp-json\/wp\/v2\/categories?post=52778"},{"taxonomy":"post_tag","embeddable":true,"href":"https:\/\/redeportivamx.com\/index.php\/wp-json\/wp\/v2\/tags?post=52778"}],"curies":[{"name":"wp","href":"https:\/\/api.w.org\/{rel}","templated":true}]}}