{"id":52775,"date":"2026-09-02T16:04:01","date_gmt":"2026-09-02T22:04:01","guid":{"rendered":"https:\/\/redeportivamx.com\/?p=52775"},"modified":"2026-09-02T16:04:08","modified_gmt":"2026-09-02T22:04:08","slug":"rebeca-bernal-da-el-salto-a-europa-y-es-nueva-jugadora-del-manchester-united","status":"publish","type":"post","link":"https:\/\/redeportivamx.com\/index.php\/2026\/09\/02\/rebeca-bernal-da-el-salto-a-europa-y-es-nueva-jugadora-del-manchester-united\/","title":{"rendered":"\u00a1Rebeca Bernal da el salto a Europa y es nueva jugadora del Manchester United!"},"content":{"rendered":"\n<p class=\"wp-block-paragraph\">El futbol femenil mexicano ha escrito una nueva p\u00e1gina en su historia. Lo que comenz\u00f3 como un fuerte rumor en el mercado de transferencias se ha hecho oficial: la hist\u00f3rica defensa central y seleccionada nacional,\u00a0<strong>Rebeca Bernal<\/strong>, ha firmado un contrato que la convierte en la nueva jugadora del\u00a0<strong>Manchester United Femenil<\/strong>.<\/p>\n\n\n\n<p class=\"wp-block-paragraph\">Este movimiento no solo representa el mayor logro en la carrera de la zaguera mexicana, sino que se consolida como uno de los traspasos m\u00e1s importantes y medi\u00e1ticos en la historia de la&nbsp;<strong>Liga MX Femenil<\/strong>, demostrando que el talento forjado en nuestro pa\u00eds tiene la calidad necesaria para competir en la \u00e9lite mundial.<\/p>\n\n\n\n<h2 class=\"wp-block-heading\">El legado de la &#8220;Capi&#8221; en las Rayadas de Monterrey<\/h2>\n\n\n\n<p class=\"wp-block-paragraph\">Hablar de\u00a0<strong>Rebeca Bernal<\/strong>\u00a0es hablar de una aut\u00e9ntica leyenda institucional. Desde la creaci\u00f3n de la liga, Bernal se consolido como el pilar fundamental, la gran capitana y el rostro indiscutible de las\u00a0<strong>Rayadas de Monterrey<\/strong>. Con el conjunto regiomontano, levant\u00f3 t\u00edtulos, rompi\u00f3 r\u00e9cords de apariciones y demostr\u00f3 un liderazgo inquebrantable tanto dentro como fuera de la cancha, adem\u00e1s de poseer una envidiable cuota goleadora a pesar de su posici\u00f3n defensiva.<\/p>\n\n\n\n<p class=\"wp-block-paragraph\">Su salida deja un hueco enorme en el esquema del Monterrey, pero su partida se da por la puerta grande, con el agradecimiento eterno de una afici\u00f3n albiazul que la vio crecer y convertirse en un referente absoluto tambi\u00e9n para la&nbsp;<strong>Selecci\u00f3n Mexicana<\/strong>.<\/p>\n\n\n\n<h2 class=\"wp-block-heading\">El reto de la Women&#8217;s Super League en Inglaterra<\/h2>\n\n\n\n<p class=\"wp-block-paragraph\">Llegar al&nbsp;<strong>Manchester United<\/strong>&nbsp;son palabras mayores. Las &#8220;Red Devils&#8221; compiten en la&nbsp;<strong>Women&#8217;s Super League (WSL)<\/strong>de Inglaterra, considerada por muchos como la liga femenil m\u00e1s competitiva, f\u00edsica y exigente de todo el planeta.<\/p>\n\n\n\n<p class=\"wp-block-paragraph\">En este nuevo reto,\u00a0<strong>Rebeca Bernal<\/strong>\u00a0aportar\u00e1 su innegable solidez en la marca, su salida con el bal\u00f3n controlado, su excelente juego a\u00e9reo y su temple para cobrar penales. El club ingl\u00e9s se lleva a una jugadora madura, con roce internacional y con la mentalidad ganadora que exige vestir una de las camisetas m\u00e1s pesadas del balompi\u00e9 mundial.<\/p>\n\n\n\n<h2 class=\"wp-block-heading\">M\u00e9xico pisa fuerte en Europa<\/h2>\n\n\n\n<p class=\"wp-block-paragraph\">Este fichaje trasciende lo individual y se convierte en una bandera para todas las ni\u00f1as y j\u00f3venes que sue\u00f1an con llegar a lo m\u00e1s alto. La llegada de Rebeca a una instituci\u00f3n de la magnitud del&nbsp;<strong>Manchester United<\/strong>&nbsp;abre una vitrina invaluable para que los grandes clubes del mundo volteen a ver a la&nbsp;<strong>Liga MX Femenil<\/strong>.<\/p>\n\n\n\n<p class=\"wp-block-paragraph\"><\/p>\n","protected":false},"excerpt":{"rendered":"<p>La hist\u00f3rica capitana de Rayadas y referente de la Selecci\u00f3n Mexicana, Rebeca Bernal, da el salto a Europa como nuevo refuerzo del Manchester United Femenil.<\/p>\n","protected":false},"author":25,"featured_media":52776,"comment_status":"open","ping_status":"open","sticky":false,"template":"","format":"standard","meta":{"_monsterinsights_skip_tracking":false,"_jetpack_newsletter_access":"","_jetpack_dont_email_post_to_subs":false,"_jetpack_newsletter_tier_id":0,"_jetpack_memberships_contains_paywalled_content":false,"_jetpack_feature_clip_id":0,"_jetpack_memberships_contains_paid_content":false,"footnotes":"","jetpack_post_was_ever_published":false},"categories":[157,12,40],"tags":[2198,3089,462],"class_list":["post-52775","post","type-post","status-publish","format-standard","has-post-thumbnail","hentry","category-futbol-femenino","category-futbol-internacional","category-seleccion-mexicana","tag-europa","tag-rebeca-bernal","tag-seleccion-mexicana-femenil"],"aioseo_notices":[],"aioseo_head":"\n\t\t<!-- All in One SEO 5.0.1.1 - aioseo.com -->\n\t<meta name=\"description\" content=\"La hist\u00f3rica capitana de Rayadas y referente de la Selecci\u00f3n Mexicana, Rebeca Bernal, da el salto a Europa como nuevo refuerzo del Manchester United Femenil.\" \/>\n\t<meta name=\"robots\" content=\"max-image-preview:large\" \/>\n\t<meta name=\"author\" content=\"Maria Bueno\"\/>\n\t<link rel=\"canonical\" href=\"https:\/\/redeportivamx.com\/index.php\/2026\/09\/02\/rebeca-bernal-da-el-salto-a-europa-y-es-nueva-jugadora-del-manchester-united\/\" \/>\n\t<meta name=\"generator\" content=\"All in One SEO (AIOSEO) 5.0.1.1\" \/>\n\t\t<meta property=\"og:locale\" content=\"es_MX\" \/>\n\t\t<meta property=\"og:site_name\" content=\"Redeportiva MX - \u00a1Conectando tu pasi\u00f3n!\" \/>\n\t\t<meta property=\"og:type\" content=\"sport\" \/>\n\t\t<meta property=\"og:title\" content=\"\u00a1Rebeca Bernal da el salto a Europa y es nueva jugadora del Manchester United! - Redeportiva MX\" \/>\n\t\t<meta property=\"og:description\" content=\"La hist\u00f3rica capitana de Rayadas y referente de la Selecci\u00f3n Mexicana, Rebeca Bernal, da el salto a Europa como nuevo refuerzo del Manchester United Femenil.\" \/>\n\t\t<meta property=\"og:url\" content=\"https:\/\/redeportivamx.com\/index.php\/2026\/09\/02\/rebeca-bernal-da-el-salto-a-europa-y-es-nueva-jugadora-del-manchester-united\/\" \/>\n\t\t<meta property=\"og:image\" content=\"https:\/\/redeportivamx.com\/wp-content\/uploads\/2026\/09\/SaveClip.App_793001715_18341141206267144_7754163899028751863_n.jpeg\" \/>\n\t\t<meta property=\"og:image:secure_url\" content=\"https:\/\/redeportivamx.com\/wp-content\/uploads\/2026\/09\/SaveClip.App_793001715_18341141206267144_7754163899028751863_n.jpeg\" \/>\n\t\t<meta property=\"og:image:width\" content=\"1440\" \/>\n\t\t<meta property=\"og:image:height\" content=\"810\" \/>\n\t\t<meta name=\"twitter:card\" content=\"summary_large_image\" \/>\n\t\t<meta name=\"twitter:site\" content=\"@Redeportivamx\" \/>\n\t\t<meta name=\"twitter:title\" content=\"\u00a1Rebeca Bernal da el salto a Europa y es nueva jugadora del Manchester United! - Redeportiva MX\" \/>\n\t\t<meta name=\"twitter:description\" content=\"La hist\u00f3rica capitana de Rayadas y referente de la Selecci\u00f3n Mexicana, Rebeca Bernal, da el salto a Europa como nuevo refuerzo del Manchester United Femenil.\" \/>\n\t\t<meta name=\"twitter:creator\" content=\"@Redeportivamx\" \/>\n\t\t<meta name=\"twitter:image\" content=\"https:\/\/redeportivamx.com\/wp-content\/uploads\/2026\/09\/SaveClip.App_793001715_18341141206267144_7754163899028751863_n.jpeg\" \/>\n\t\t<script type=\"application\/ld+json\" class=\"aioseo-schema\">\n\t\t\t{\"@context\":\"https:\\\/\\\/schema.org\",\"@graph\":[{\"@type\":\"BlogPosting\",\"@id\":\"https:\\\/\\\/redeportivamx.com\\\/index.php\\\/2026\\\/09\\\/02\\\/rebeca-bernal-da-el-salto-a-europa-y-es-nueva-jugadora-del-manchester-united\\\/#blogposting\",\"name\":\"\\u00a1Rebeca Bernal da el salto a Europa y es nueva jugadora del Manchester United! - Redeportiva MX\",\"headline\":\"\\u00a1Rebeca Bernal da el salto a Europa y es nueva jugadora del Manchester United!\",\"author\":{\"@id\":\"https:\\\/\\\/redeportivamx.com\\\/index.php\\\/author\\\/maria-alejandra-bueno\\\/#author\"},\"publisher\":{\"@id\":\"https:\\\/\\\/redeportivamx.com\\\/#organization\"},\"image\":{\"@type\":\"ImageObject\",\"url\":\"https:\\\/\\\/redeportivamx.com\\\/wp-content\\\/uploads\\\/2026\\\/09\\\/SaveClip.App_793001715_18341141206267144_7754163899028751863_n.jpeg\",\"width\":1440,\"height\":810,\"caption\":\"Foto: @miseleccionfem\"},\"datePublished\":\"2026-09-02T16:04:01-06:00\",\"dateModified\":\"2026-09-02T16:04:08-06:00\",\"inLanguage\":\"es-MX\",\"mainEntityOfPage\":{\"@id\":\"https:\\\/\\\/redeportivamx.com\\\/index.php\\\/2026\\\/09\\\/02\\\/rebeca-bernal-da-el-salto-a-europa-y-es-nueva-jugadora-del-manchester-united\\\/#webpage\"},\"isPartOf\":{\"@id\":\"https:\\\/\\\/redeportivamx.com\\\/index.php\\\/2026\\\/09\\\/02\\\/rebeca-bernal-da-el-salto-a-europa-y-es-nueva-jugadora-del-manchester-united\\\/#webpage\"},\"articleSection\":\"Futbol Femenino, Futbol Internacional, Selecci\\u00f3n Mexicana, Europa, rebeca bernal, Selecci\\u00f3n Mexicana Femenil\"},{\"@type\":\"BreadcrumbList\",\"@id\":\"https:\\\/\\\/redeportivamx.com\\\/index.php\\\/2026\\\/09\\\/02\\\/rebeca-bernal-da-el-salto-a-europa-y-es-nueva-jugadora-del-manchester-united\\\/#breadcrumblist\",\"itemListElement\":[{\"@type\":\"ListItem\",\"@id\":\"https:\\\/\\\/redeportivamx.com#listItem\",\"position\":1,\"name\":\"Home\",\"item\":\"https:\\\/\\\/redeportivamx.com\",\"nextItem\":{\"@type\":\"ListItem\",\"@id\":\"https:\\\/\\\/redeportivamx.com\\\/index.php\\\/category\\\/futbol-internacional\\\/#listItem\",\"name\":\"Futbol Internacional\"}},{\"@type\":\"ListItem\",\"@id\":\"https:\\\/\\\/redeportivamx.com\\\/index.php\\\/category\\\/futbol-internacional\\\/#listItem\",\"position\":2,\"name\":\"Futbol Internacional\",\"item\":\"https:\\\/\\\/redeportivamx.com\\\/index.php\\\/category\\\/futbol-internacional\\\/\",\"nextItem\":{\"@type\":\"ListItem\",\"@id\":\"https:\\\/\\\/redeportivamx.com\\\/index.php\\\/2026\\\/09\\\/02\\\/rebeca-bernal-da-el-salto-a-europa-y-es-nueva-jugadora-del-manchester-united\\\/#listItem\",\"name\":\"\\u00a1Rebeca Bernal da el salto a Europa y es nueva jugadora del Manchester United!\"},\"previousItem\":{\"@type\":\"ListItem\",\"@id\":\"https:\\\/\\\/redeportivamx.com#listItem\",\"name\":\"Home\"}},{\"@type\":\"ListItem\",\"@id\":\"https:\\\/\\\/redeportivamx.com\\\/index.php\\\/2026\\\/09\\\/02\\\/rebeca-bernal-da-el-salto-a-europa-y-es-nueva-jugadora-del-manchester-united\\\/#listItem\",\"position\":3,\"name\":\"\\u00a1Rebeca Bernal da el salto a Europa y es nueva jugadora del Manchester United!\",\"previousItem\":{\"@type\":\"ListItem\",\"@id\":\"https:\\\/\\\/redeportivamx.com\\\/index.php\\\/category\\\/futbol-internacional\\\/#listItem\",\"name\":\"Futbol Internacional\"}}]},{\"@type\":\"Organization\",\"@id\":\"https:\\\/\\\/redeportivamx.com\\\/#organization\",\"name\":\"redeportivamx.com\",\"description\":\"\\u00a1Conectando tu pasi\\u00f3n!\",\"url\":\"https:\\\/\\\/redeportivamx.com\\\/\",\"sameAs\":[\"https:\\\/\\\/www.facebook.com\\\/profile.php?id=61565592572733\",\"https:\\\/\\\/x.com\\\/Redeportivamx?s=20\",\"https:\\\/\\\/www.instagram.com\\\/redeportivamx\\\/\",\"https:\\\/\\\/www.tiktok.com\\\/@redeportiva.mx\",\"https:\\\/\\\/www.youtube.com\\\/@Redeportiva-MX\"]},{\"@type\":\"Person\",\"@id\":\"https:\\\/\\\/redeportivamx.com\\\/index.php\\\/author\\\/maria-alejandra-bueno\\\/#author\",\"url\":\"https:\\\/\\\/redeportivamx.com\\\/index.php\\\/author\\\/maria-alejandra-bueno\\\/\",\"name\":\"Maria Bueno\",\"image\":{\"@type\":\"ImageObject\",\"@id\":\"https:\\\/\\\/redeportivamx.com\\\/index.php\\\/2026\\\/09\\\/02\\\/rebeca-bernal-da-el-salto-a-europa-y-es-nueva-jugadora-del-manchester-united\\\/#authorImage\",\"url\":\"https:\\\/\\\/secure.gravatar.com\\\/avatar\\\/e2bf018392864485234ba4109c893fe67481f95f3f6cc81eb9305e874cece686?s=96&d=mm&r=g\",\"width\":96,\"height\":96,\"caption\":\"Maria Bueno\"}},{\"@type\":\"WebPage\",\"@id\":\"https:\\\/\\\/redeportivamx.com\\\/index.php\\\/2026\\\/09\\\/02\\\/rebeca-bernal-da-el-salto-a-europa-y-es-nueva-jugadora-del-manchester-united\\\/#webpage\",\"url\":\"https:\\\/\\\/redeportivamx.com\\\/index.php\\\/2026\\\/09\\\/02\\\/rebeca-bernal-da-el-salto-a-europa-y-es-nueva-jugadora-del-manchester-united\\\/\",\"name\":\"\\u00a1Rebeca Bernal da el salto a Europa y es nueva jugadora del Manchester United! - Redeportiva MX\",\"description\":\"La hist\\u00f3rica capitana de Rayadas y referente de la Selecci\\u00f3n Mexicana, Rebeca Bernal, da el salto a Europa como nuevo refuerzo del Manchester United Femenil.\",\"inLanguage\":\"es-MX\",\"isPartOf\":{\"@id\":\"https:\\\/\\\/redeportivamx.com\\\/#website\"},\"breadcrumb\":{\"@id\":\"https:\\\/\\\/redeportivamx.com\\\/index.php\\\/2026\\\/09\\\/02\\\/rebeca-bernal-da-el-salto-a-europa-y-es-nueva-jugadora-del-manchester-united\\\/#breadcrumblist\"},\"author\":{\"@id\":\"https:\\\/\\\/redeportivamx.com\\\/index.php\\\/author\\\/maria-alejandra-bueno\\\/#author\"},\"creator\":{\"@id\":\"https:\\\/\\\/redeportivamx.com\\\/index.php\\\/author\\\/maria-alejandra-bueno\\\/#author\"},\"image\":{\"@type\":\"ImageObject\",\"url\":\"https:\\\/\\\/redeportivamx.com\\\/wp-content\\\/uploads\\\/2026\\\/09\\\/SaveClip.App_793001715_18341141206267144_7754163899028751863_n.jpeg\",\"@id\":\"https:\\\/\\\/redeportivamx.com\\\/index.php\\\/2026\\\/09\\\/02\\\/rebeca-bernal-da-el-salto-a-europa-y-es-nueva-jugadora-del-manchester-united\\\/#mainImage\",\"width\":1440,\"height\":810,\"caption\":\"Foto: @miseleccionfem\"},\"primaryImageOfPage\":{\"@id\":\"https:\\\/\\\/redeportivamx.com\\\/index.php\\\/2026\\\/09\\\/02\\\/rebeca-bernal-da-el-salto-a-europa-y-es-nueva-jugadora-del-manchester-united\\\/#mainImage\"},\"datePublished\":\"2026-09-02T16:04:01-06:00\",\"dateModified\":\"2026-09-02T16:04:08-06:00\"},{\"@type\":\"WebSite\",\"@id\":\"https:\\\/\\\/redeportivamx.com\\\/#website\",\"url\":\"https:\\\/\\\/redeportivamx.com\\\/\",\"name\":\"redeportivamx.com\",\"description\":\"\\u00a1Conectando tu pasi\\u00f3n!\",\"inLanguage\":\"es-MX\",\"publisher\":{\"@id\":\"https:\\\/\\\/redeportivamx.com\\\/#organization\"}}]}\n\t\t<\/script>\n\t\t<!-- All in One SEO -->\n\n","aioseo_head_json":{"title":"\u00a1Rebeca Bernal da el salto a Europa y es nueva jugadora del Manchester United! - Redeportiva MX","description":"La hist\u00f3rica capitana de Rayadas y referente de la Selecci\u00f3n Mexicana, Rebeca Bernal, da el salto a Europa como nuevo refuerzo del Manchester United Femenil.","canonical_url":"https:\/\/redeportivamx.com\/index.php\/2026\/09\/02\/rebeca-bernal-da-el-salto-a-europa-y-es-nueva-jugadora-del-manchester-united\/","robots":"max-image-preview:large","keywords":"","webmasterTools":{"miscellaneous":""},"schema":{"@context":"https:\/\/schema.org","@graph":[{"@type":"BlogPosting","@id":"https:\/\/redeportivamx.com\/index.php\/2026\/09\/02\/rebeca-bernal-da-el-salto-a-europa-y-es-nueva-jugadora-del-manchester-united\/#blogposting","name":"\u00a1Rebeca Bernal da el salto a Europa y es nueva jugadora del Manchester United! - Redeportiva MX","headline":"\u00a1Rebeca Bernal da el salto a Europa y es nueva jugadora del Manchester United!","author":{"@id":"https:\/\/redeportivamx.com\/index.php\/author\/maria-alejandra-bueno\/#author"},"publisher":{"@id":"https:\/\/redeportivamx.com\/#organization"},"image":{"@type":"ImageObject","url":"https:\/\/redeportivamx.com\/wp-content\/uploads\/2026\/09\/SaveClip.App_793001715_18341141206267144_7754163899028751863_n.jpeg","width":1440,"height":810,"caption":"Foto: @miseleccionfem"},"datePublished":"2026-09-02T16:04:01-06:00","dateModified":"2026-09-02T16:04:08-06:00","inLanguage":"es-MX","mainEntityOfPage":{"@id":"https:\/\/redeportivamx.com\/index.php\/2026\/09\/02\/rebeca-bernal-da-el-salto-a-europa-y-es-nueva-jugadora-del-manchester-united\/#webpage"},"isPartOf":{"@id":"https:\/\/redeportivamx.com\/index.php\/2026\/09\/02\/rebeca-bernal-da-el-salto-a-europa-y-es-nueva-jugadora-del-manchester-united\/#webpage"},"articleSection":"Futbol Femenino, Futbol Internacional, Selecci\u00f3n Mexicana, Europa, rebeca bernal, Selecci\u00f3n Mexicana Femenil"},{"@type":"BreadcrumbList","@id":"https:\/\/redeportivamx.com\/index.php\/2026\/09\/02\/rebeca-bernal-da-el-salto-a-europa-y-es-nueva-jugadora-del-manchester-united\/#breadcrumblist","itemListElement":[{"@type":"ListItem","@id":"https:\/\/redeportivamx.com#listItem","position":1,"name":"Home","item":"https:\/\/redeportivamx.com","nextItem":{"@type":"ListItem","@id":"https:\/\/redeportivamx.com\/index.php\/category\/futbol-internacional\/#listItem","name":"Futbol Internacional"}},{"@type":"ListItem","@id":"https:\/\/redeportivamx.com\/index.php\/category\/futbol-internacional\/#listItem","position":2,"name":"Futbol Internacional","item":"https:\/\/redeportivamx.com\/index.php\/category\/futbol-internacional\/","nextItem":{"@type":"ListItem","@id":"https:\/\/redeportivamx.com\/index.php\/2026\/09\/02\/rebeca-bernal-da-el-salto-a-europa-y-es-nueva-jugadora-del-manchester-united\/#listItem","name":"\u00a1Rebeca Bernal da el salto a Europa y es nueva jugadora del Manchester United!"},"previousItem":{"@type":"ListItem","@id":"https:\/\/redeportivamx.com#listItem","name":"Home"}},{"@type":"ListItem","@id":"https:\/\/redeportivamx.com\/index.php\/2026\/09\/02\/rebeca-bernal-da-el-salto-a-europa-y-es-nueva-jugadora-del-manchester-united\/#listItem","position":3,"name":"\u00a1Rebeca Bernal da el salto a Europa y es nueva jugadora del Manchester United!","previousItem":{"@type":"ListItem","@id":"https:\/\/redeportivamx.com\/index.php\/category\/futbol-internacional\/#listItem","name":"Futbol Internacional"}}]},{"@type":"Organization","@id":"https:\/\/redeportivamx.com\/#organization","name":"redeportivamx.com","description":"\u00a1Conectando tu pasi\u00f3n!","url":"https:\/\/redeportivamx.com\/","sameAs":["https:\/\/www.facebook.com\/profile.php?id=61565592572733","https:\/\/x.com\/Redeportivamx?s=20","https:\/\/www.instagram.com\/redeportivamx\/","https:\/\/www.tiktok.com\/@redeportiva.mx","https:\/\/www.youtube.com\/@Redeportiva-MX"]},{"@type":"Person","@id":"https:\/\/redeportivamx.com\/index.php\/author\/maria-alejandra-bueno\/#author","url":"https:\/\/redeportivamx.com\/index.php\/author\/maria-alejandra-bueno\/","name":"Maria Bueno","image":{"@type":"ImageObject","@id":"https:\/\/redeportivamx.com\/index.php\/2026\/09\/02\/rebeca-bernal-da-el-salto-a-europa-y-es-nueva-jugadora-del-manchester-united\/#authorImage","url":"https:\/\/secure.gravatar.com\/avatar\/e2bf018392864485234ba4109c893fe67481f95f3f6cc81eb9305e874cece686?s=96&d=mm&r=g","width":96,"height":96,"caption":"Maria Bueno"}},{"@type":"WebPage","@id":"https:\/\/redeportivamx.com\/index.php\/2026\/09\/02\/rebeca-bernal-da-el-salto-a-europa-y-es-nueva-jugadora-del-manchester-united\/#webpage","url":"https:\/\/redeportivamx.com\/index.php\/2026\/09\/02\/rebeca-bernal-da-el-salto-a-europa-y-es-nueva-jugadora-del-manchester-united\/","name":"\u00a1Rebeca Bernal da el salto a Europa y es nueva jugadora del Manchester United! - Redeportiva MX","description":"La hist\u00f3rica capitana de Rayadas y referente de la Selecci\u00f3n Mexicana, Rebeca Bernal, da el salto a Europa como nuevo refuerzo del Manchester United Femenil.","inLanguage":"es-MX","isPartOf":{"@id":"https:\/\/redeportivamx.com\/#website"},"breadcrumb":{"@id":"https:\/\/redeportivamx.com\/index.php\/2026\/09\/02\/rebeca-bernal-da-el-salto-a-europa-y-es-nueva-jugadora-del-manchester-united\/#breadcrumblist"},"author":{"@id":"https:\/\/redeportivamx.com\/index.php\/author\/maria-alejandra-bueno\/#author"},"creator":{"@id":"https:\/\/redeportivamx.com\/index.php\/author\/maria-alejandra-bueno\/#author"},"image":{"@type":"ImageObject","url":"https:\/\/redeportivamx.com\/wp-content\/uploads\/2026\/09\/SaveClip.App_793001715_18341141206267144_7754163899028751863_n.jpeg","@id":"https:\/\/redeportivamx.com\/index.php\/2026\/09\/02\/rebeca-bernal-da-el-salto-a-europa-y-es-nueva-jugadora-del-manchester-united\/#mainImage","width":1440,"height":810,"caption":"Foto: @miseleccionfem"},"primaryImageOfPage":{"@id":"https:\/\/redeportivamx.com\/index.php\/2026\/09\/02\/rebeca-bernal-da-el-salto-a-europa-y-es-nueva-jugadora-del-manchester-united\/#mainImage"},"datePublished":"2026-09-02T16:04:01-06:00","dateModified":"2026-09-02T16:04:08-06:00"},{"@type":"WebSite","@id":"https:\/\/redeportivamx.com\/#website","url":"https:\/\/redeportivamx.com\/","name":"redeportivamx.com","description":"\u00a1Conectando tu pasi\u00f3n!","inLanguage":"es-MX","publisher":{"@id":"https:\/\/redeportivamx.com\/#organization"}}]},"og:locale":"es_MX","og:site_name":"Redeportiva MX - \u00a1Conectando tu pasi\u00f3n!","og:type":"sport","og:title":"\u00a1Rebeca Bernal da el salto a Europa y es nueva jugadora del Manchester United! - Redeportiva MX","og:description":"La hist\u00f3rica capitana de Rayadas y referente de la Selecci\u00f3n Mexicana, Rebeca Bernal, da el salto a Europa como nuevo refuerzo del Manchester United Femenil.","og:url":"https:\/\/redeportivamx.com\/index.php\/2026\/09\/02\/rebeca-bernal-da-el-salto-a-europa-y-es-nueva-jugadora-del-manchester-united\/","og:image":"https:\/\/redeportivamx.com\/wp-content\/uploads\/2026\/09\/SaveClip.App_793001715_18341141206267144_7754163899028751863_n.jpeg","og:image:secure_url":"https:\/\/redeportivamx.com\/wp-content\/uploads\/2026\/09\/SaveClip.App_793001715_18341141206267144_7754163899028751863_n.jpeg","og:image:width":1440,"og:image:height":810,"twitter:card":"summary_large_image","twitter:site":"@Redeportivamx","twitter:title":"\u00a1Rebeca Bernal da el salto a Europa y es nueva jugadora del Manchester United! - Redeportiva MX","twitter:description":"La hist\u00f3rica capitana de Rayadas y referente de la Selecci\u00f3n Mexicana, Rebeca Bernal, da el salto a Europa como nuevo refuerzo del Manchester United Femenil.","twitter:creator":"@Redeportivamx","twitter:image":"https:\/\/redeportivamx.com\/wp-content\/uploads\/2026\/09\/SaveClip.App_793001715_18341141206267144_7754163899028751863_n.jpeg"},"aioseo_meta_data":{"post_id":"52775","title":null,"description":null,"keywords":null,"keyphrases":{"focus":{"keyphrase":"Rebeca Bernal Manchester United","score":0,"analysis":[]},"additional":[]},"primary_term":null,"canonical_url":null,"og_title":null,"og_description":null,"og_object_type":"default","og_image_type":"default","og_image_url":null,"og_image_width":null,"og_image_height":null,"og_image_custom_url":null,"og_image_custom_fields":null,"og_video":"","og_custom_url":null,"og_article_section":null,"og_article_tags":null,"twitter_use_og":false,"twitter_card":"default","twitter_image_type":"default","twitter_image_url":null,"twitter_image_custom_url":null,"twitter_image_custom_fields":null,"twitter_title":null,"twitter_description":null,"schema":{"blockGraphs":[],"customGraphs":[],"default":{"data":{"Article":[],"Course":[],"Dataset":[],"FAQPage":[],"Movie":[],"Person":[],"Product":[],"ProductReview":[],"Car":[],"Recipe":[],"Service":[],"SoftwareApplication":[],"WebPage":[]},"graphName":"BlogPosting","isEnabled":true},"graphs":[]},"schema_type":"default","schema_type_options":null,"pillar_content":false,"robots_default":true,"robots_noindex":false,"robots_noarchive":false,"robots_nosnippet":false,"robots_nofollow":false,"robots_noimageindex":false,"robots_noodp":false,"robots_notranslate":false,"robots_max_snippet":"-1","robots_max_videopreview":"-1","robots_max_imagepreview":"large","priority":null,"frequency":"default","local_seo":null,"breadcrumb_settings":null,"limit_modified_date":false,"ai":{"faqs":[],"keyPoints":[],"schemas":[],"titles":[],"descriptions":[],"socialPosts":{"email":{"subject":"","preview":"","content":""},"linkedin":[],"twitter":[],"facebook":[],"instagram":[]}},"created":"2026-09-02 22:04:08","updated":"2026-09-02 22:26:09","seo_analyzer_scan_date":null,"focus_keyword":"Rebeca Bernal Manchester United","additional_keywords":null,"truseo_locale":null},"aioseo_breadcrumb":"<div class=\"aioseo-breadcrumbs\"><span class=\"aioseo-breadcrumb\">\n\t\t\t<a href=\"https:\/\/redeportivamx.com\" title=\"Home\">Home<\/a>\n\t\t<\/span><span class=\"aioseo-breadcrumb-separator\">&raquo;<\/span><span class=\"aioseo-breadcrumb\">\n\t\t\t<a href=\"https:\/\/redeportivamx.com\/index.php\/category\/futbol-internacional\/\" title=\"Futbol Internacional\">Futbol Internacional<\/a>\n\t\t<\/span><span class=\"aioseo-breadcrumb-separator\">&raquo;<\/span><span class=\"aioseo-breadcrumb\">\n\t\t\t\u00a1Rebeca Bernal da el salto a Europa y es nueva jugadora del Manchester United!\n\t\t<\/span><\/div>","aioseo_breadcrumb_json":[{"label":"Home","link":"https:\/\/redeportivamx.com"},{"label":"Futbol Internacional","link":"https:\/\/redeportivamx.com\/index.php\/category\/futbol-internacional\/"},{"label":"\u00a1Rebeca Bernal da el salto a Europa y es nueva jugadora del Manchester United!","link":"https:\/\/redeportivamx.com\/index.php\/2026\/09\/02\/rebeca-bernal-da-el-salto-a-europa-y-es-nueva-jugadora-del-manchester-united\/"}],"jetpack_sharing_enabled":true,"jetpack_featured_media_url":"https:\/\/redeportivamx.com\/wp-content\/uploads\/2026\/09\/SaveClip.App_793001715_18341141206267144_7754163899028751863_n.jpeg","_links":{"self":[{"href":"https:\/\/redeportivamx.com\/index.php\/wp-json\/wp\/v2\/posts\/52775","targetHints":{"allow":["GET"]}}],"collection":[{"href":"https:\/\/redeportivamx.com\/index.php\/wp-json\/wp\/v2\/posts"}],"about":[{"href":"https:\/\/redeportivamx.com\/index.php\/wp-json\/wp\/v2\/types\/post"}],"author":[{"embeddable":true,"href":"https:\/\/redeportivamx.com\/index.php\/wp-json\/wp\/v2\/users\/25"}],"replies":[{"embeddable":true,"href":"https:\/\/redeportivamx.com\/index.php\/wp-json\/wp\/v2\/comments?post=52775"}],"version-history":[{"count":1,"href":"https:\/\/redeportivamx.com\/index.php\/wp-json\/wp\/v2\/posts\/52775\/revisions"}],"predecessor-version":[{"id":52777,"href":"https:\/\/redeportivamx.com\/index.php\/wp-json\/wp\/v2\/posts\/52775\/revisions\/52777"}],"wp:featuredmedia":[{"embeddable":true,"href":"https:\/\/redeportivamx.com\/index.php\/wp-json\/wp\/v2\/media\/52776"}],"wp:attachment":[{"href":"https:\/\/redeportivamx.com\/index.php\/wp-json\/wp\/v2\/media?parent=52775"}],"wp:term":[{"taxonomy":"category","embeddable":true,"href":"https:\/\/redeportivamx.com\/index.php\/wp-json\/wp\/v2\/categories?post=52775"},{"taxonomy":"post_tag","embeddable":true,"href":"https:\/\/redeportivamx.com\/index.php\/wp-json\/wp\/v2\/tags?post=52775"}],"curies":[{"name":"wp","href":"https:\/\/api.w.org\/{rel}","templated":true}]}}