{"id":52770,"date":"2026-09-02T09:31:00","date_gmt":"2026-09-02T15:31:00","guid":{"rendered":"https:\/\/redeportivamx.com\/?p=52770"},"modified":"2026-09-02T15:40:53","modified_gmt":"2026-09-02T21:40:53","slug":"isack-hadjar-se-pierde-monza-y-lawson-vuelve-a-red-bull","status":"publish","type":"post","link":"https:\/\/redeportivamx.com\/index.php\/2026\/09\/02\/isack-hadjar-se-pierde-monza-y-lawson-vuelve-a-red-bull\/","title":{"rendered":"Isack Hadjar se pierde Monza y Lawson vuelve a Red Bull"},"content":{"rendered":"\n<h2 class=\"wp-block-heading\">El piloto franc\u00e9s no logr\u00f3 recuperarse de su lesi\u00f3n en la mu\u00f1eca<\/h2>\n\n\n\n<p class=\"wp-block-paragraph\">Red Bull Racing tendr\u00e1 nuevamente una alineaci\u00f3n distinta para el Gran Premio de Italia. Isack Hadjar no consigui\u00f3 recuperarse a tiempo de la lesi\u00f3n que sufri\u00f3 durante el receso de verano y qued\u00f3 descartado para la competencia en Monza, por lo que Liam Lawson ocupar\u00e1 otra vez su lugar como compa\u00f1ero de Max Verstappen.<\/p>\n\n\n\n<p class=\"wp-block-paragraph\">El piloto franc\u00e9s sufri\u00f3 una fractura en una de sus mu\u00f1ecas mientras realizaba entrenamiento de boxeo durante las vacaciones de la F\u00f3rmula 1. La lesi\u00f3n ya le hab\u00eda impedido participar en el Gran Premio de Pa\u00edses Bajos y, pese a los avances registrados en su recuperaci\u00f3n, el equipo decidi\u00f3 no acelerar su regreso para evitar una reca\u00edda.<\/p>\n\n\n\n<p class=\"wp-block-paragraph\">Red Bull confirm\u00f3 que seguir\u00e1 supervisando la evoluci\u00f3n de Hadjar antes de determinar cu\u00e1ndo podr\u00e1 volver a competir. La escuder\u00eda considera que no existe la necesidad de arriesgar al piloto en una carrera tan exigente como la de Monza, especialmente mientras contin\u00faa con su proceso de rehabilitaci\u00f3n.<\/p>\n\n\n\n<blockquote class=\"twitter-tweet\"><p lang=\"en\" dir=\"ltr\">Ahead of the weekend in Monza, an update from the Team \ud83d\udc99<br><br>Keep pushing, Isack \ud83e\udd1d<a href=\"https:\/\/x.com\/hashtag\/F1?src=hash&amp;ref_src=twsrc%5Etfw\">#F1<\/a> || <a href=\"https:\/\/x.com\/hashtag\/ItalianGP?src=hash&amp;ref_src=twsrc%5Etfw\">#ItalianGP<\/a> \ud83c\uddee\ud83c\uddf9 <a href=\"https:\/\/t.co\/fWKRAPGcis\">pic.twitter.com\/fWKRAPGcis<\/a><\/p>&mdash; Oracle Red Bull Racing (@redbullracing) <a href=\"https:\/\/x.com\/redbullracing\/status\/2095149983196393680?ref_src=twsrc%5Etfw\">September 2, 2026<\/a><\/blockquote> <script async src=\"https:\/\/platform.x.com\/widgets.js\" charset=\"utf-8\"><\/script>\n\n\n\n<p class=\"wp-block-paragraph\">La ausencia representa un golpe para Hadjar, quien hab\u00eda tenido una temporada destacada y actualmente ocupa el octavo puesto del campeonato de pilotos con 68 puntos. El franc\u00e9s se hab\u00eda consolidado como uno de los elementos importantes del equipo durante el a\u00f1o, pero ahora deber\u00e1 esperar nuevamente desde fuera de la pista.<\/p>\n\n\n\n<h2 class=\"wp-block-heading\"><em>Lawson recibe otra oportunidad junto a Verstappen<\/em><\/h2>\n\n\n\n<p class=\"wp-block-paragraph\">La situaci\u00f3n de Hadjar permitir\u00e1 que Liam Lawson vuelva a ponerse al volante del monoplaza de Red Bull. El neozeland\u00e9s ya tuvo la oportunidad de sustituir al franc\u00e9s en Zandvoort y dej\u00f3 una actuaci\u00f3n positiva al terminar s\u00e9ptimo, resultado con el que consigui\u00f3 sumar puntos para la escuder\u00eda.<\/p>\n\n\n\n<p class=\"wp-block-paragraph\">El desempe\u00f1o en Pa\u00edses Bajos le permitir\u00e1 afrontar Monza con mayor experiencia respecto a su primera participaci\u00f3n como reemplazo. Para Lawson, adem\u00e1s, ser\u00e1 una nueva oportunidad de demostrar su capacidad dentro del equipo principal despu\u00e9s de una experiencia complicada con Red Bull durante la temporada anterior.<\/p>\n\n\n\n<p class=\"wp-block-paragraph\">El movimiento tambi\u00e9n provocar\u00e1 cambios en Racing Bulls. Yuki Tsunoda regresar\u00e1 al monoplaza que normalmente conduce Lawson y compartir\u00e1 equipo con Arvid Lindblad durante el fin de semana italiano.<\/p>\n\n\n\n<blockquote class=\"twitter-tweet\"><p lang=\"en\" dir=\"ltr\">Yuki will drive for the team at the <a href=\"https:\/\/x.com\/hashtag\/ItalianGP?src=hash&amp;ref_src=twsrc%5Etfw\">#ItalianGP<\/a> this weekend \ud83c\uddee\ud83c\uddf9<a href=\"https:\/\/x.com\/hashtag\/F1?src=hash&amp;ref_src=twsrc%5Etfw\">#F1<\/a> <a href=\"https:\/\/x.com\/hashtag\/VCARB?src=hash&amp;ref_src=twsrc%5Etfw\">#VCARB<\/a> <a href=\"https:\/\/t.co\/2ciKfG6k1b\">pic.twitter.com\/2ciKfG6k1b<\/a><\/p>&mdash; Visa Cash App Racing Bulls F1 Team (@visacashapprb) <a href=\"https:\/\/x.com\/visacashapprb\/status\/2095149935251349809?ref_src=twsrc%5Etfw\">September 2, 2026<\/a><\/blockquote> <script async src=\"https:\/\/platform.x.com\/widgets.js\" charset=\"utf-8\"><\/script>\n\n\n\n<p class=\"wp-block-paragraph\">El japon\u00e9s tambi\u00e9n llega con una referencia reciente, pues termin\u00f3 und\u00e9cimo en Zandvoort, qued\u00e1ndose cerca de sumar puntos. Su regreso ser\u00e1 importante para Racing Bulls, que actualmente ocupa el quinto lugar del campeonato de constructores con 66 unidades, apenas tres por delante de Alpine.<\/p>\n\n\n\n<p class=\"wp-block-paragraph\">Mientras tanto, la atenci\u00f3n estar\u00e1 puesta en la evoluci\u00f3n de Hadjar y en el desempe\u00f1o de Lawson junto a Verstappen. Monza ser\u00e1 una nueva prueba para el neozeland\u00e9s, quien tendr\u00e1 la posibilidad de aprovechar una segunda oportunidad consecutiva en Red Bull.<\/p>\n\n\n\n<p class=\"wp-block-paragraph\">La actividad comenzar\u00e1 el viernes 4 de septiembre con las primeras pr\u00e1cticas libres. El s\u00e1bado se disputar\u00e1 la tercera sesi\u00f3n y posteriormente la clasificaci\u00f3n, mientras que la carrera est\u00e1 programada para el domingo a las 10:00 horas, tiempo del centro de M\u00e9xico, sobre un trazado de 53 vueltas.<\/p>\n\n\n\n<p class=\"wp-block-paragraph\">As\u00ed, Red Bull llegar\u00e1 a uno de los circuitos m\u00e1s emblem\u00e1ticos de la F\u00f3rmula 1 con Lawson nuevamente en el asiento de Hadjar, mientras el franc\u00e9s contin\u00faa trabajando para regresar a la pista sin poner en riesgo su recuperaci\u00f3n.<\/p>\n","protected":false},"excerpt":{"rendered":"<p>El piloto franc\u00e9s no logr\u00f3 recuperarse de su lesi\u00f3n en la mu\u00f1eca Red Bull Racing tendr\u00e1 nuevamente una alineaci\u00f3n distinta para el Gran Premio de Italia. Isack Hadjar no consigui\u00f3 recuperarse a tiempo de la lesi\u00f3n que sufri\u00f3 durante el receso de verano y qued\u00f3 descartado para la competencia en Monza, por lo que Liam [&hellip;]<\/p>\n","protected":false},"author":12,"featured_media":52773,"comment_status":"open","ping_status":"open","sticky":false,"template":"","format":"standard","meta":{"_monsterinsights_skip_tracking":false,"_jetpack_newsletter_access":"","_jetpack_dont_email_post_to_subs":false,"_jetpack_newsletter_tier_id":0,"_jetpack_memberships_contains_paywalled_content":false,"_jetpack_feature_clip_id":0,"_jetpack_memberships_contains_paid_content":false,"footnotes":"","jetpack_post_was_ever_published":false},"categories":[7],"tags":[],"class_list":["post-52770","post","type-post","status-publish","format-standard","has-post-thumbnail","hentry","category-formula-1"],"aioseo_notices":[],"aioseo_head":"\n\t\t<!-- All in One SEO 5.0.1.1 - aioseo.com -->\n\t<meta name=\"description\" content=\"El piloto franc\u00e9s no logr\u00f3 recuperarse de su lesi\u00f3n en la mu\u00f1eca Red Bull Racing tendr\u00e1 nuevamente una alineaci\u00f3n distinta para el Gran Premio de Italia. Isack Hadjar no consigui\u00f3 recuperarse a tiempo de la lesi\u00f3n que sufri\u00f3 durante el receso de verano y qued\u00f3 descartado para la competencia en Monza, por lo que Liam\" \/>\n\t<meta name=\"robots\" content=\"max-image-preview:large\" \/>\n\t<meta name=\"author\" content=\"\u00c1ngel Cortez\"\/>\n\t<link rel=\"canonical\" href=\"https:\/\/redeportivamx.com\/index.php\/2026\/09\/02\/isack-hadjar-se-pierde-monza-y-lawson-vuelve-a-red-bull\/\" \/>\n\t<meta name=\"generator\" content=\"All in One SEO (AIOSEO) 5.0.1.1\" \/>\n\t\t<meta property=\"og:locale\" content=\"es_MX\" \/>\n\t\t<meta property=\"og:site_name\" content=\"Redeportiva MX - \u00a1Conectando tu pasi\u00f3n!\" \/>\n\t\t<meta property=\"og:type\" content=\"sport\" \/>\n\t\t<meta property=\"og:title\" content=\"Isack Hadjar se pierde Monza y Lawson vuelve a Red Bull - Redeportiva MX\" \/>\n\t\t<meta property=\"og:description\" content=\"El piloto franc\u00e9s no logr\u00f3 recuperarse de su lesi\u00f3n en la mu\u00f1eca Red Bull Racing tendr\u00e1 nuevamente una alineaci\u00f3n distinta para el Gran Premio de Italia. Isack Hadjar no consigui\u00f3 recuperarse a tiempo de la lesi\u00f3n que sufri\u00f3 durante el receso de verano y qued\u00f3 descartado para la competencia en Monza, por lo que Liam\" \/>\n\t\t<meta property=\"og:url\" content=\"https:\/\/redeportivamx.com\/index.php\/2026\/09\/02\/isack-hadjar-se-pierde-monza-y-lawson-vuelve-a-red-bull\/\" \/>\n\t\t<meta property=\"og:image\" content=\"https:\/\/redeportivamx.com\/wp-content\/uploads\/2026\/09\/image-2.png\" \/>\n\t\t<meta property=\"og:image:secure_url\" content=\"https:\/\/redeportivamx.com\/wp-content\/uploads\/2026\/09\/image-2.png\" \/>\n\t\t<meta property=\"og:image:width\" content=\"1200\" \/>\n\t\t<meta property=\"og:image:height\" content=\"675\" \/>\n\t\t<meta name=\"twitter:card\" content=\"summary_large_image\" \/>\n\t\t<meta name=\"twitter:site\" content=\"@Redeportivamx\" \/>\n\t\t<meta name=\"twitter:title\" content=\"Isack Hadjar se pierde Monza y Lawson vuelve a Red Bull - Redeportiva MX\" \/>\n\t\t<meta name=\"twitter:description\" content=\"El piloto franc\u00e9s no logr\u00f3 recuperarse de su lesi\u00f3n en la mu\u00f1eca Red Bull Racing tendr\u00e1 nuevamente una alineaci\u00f3n distinta para el Gran Premio de Italia. Isack Hadjar no consigui\u00f3 recuperarse a tiempo de la lesi\u00f3n que sufri\u00f3 durante el receso de verano y qued\u00f3 descartado para la competencia en Monza, por lo que Liam\" \/>\n\t\t<meta name=\"twitter:creator\" content=\"@Redeportivamx\" \/>\n\t\t<meta name=\"twitter:image\" content=\"https:\/\/redeportivamx.com\/wp-content\/uploads\/2026\/09\/image-2.png\" \/>\n\t\t<script type=\"application\/ld+json\" class=\"aioseo-schema\">\n\t\t\t{\"@context\":\"https:\\\/\\\/schema.org\",\"@graph\":[{\"@type\":\"BlogPosting\",\"@id\":\"https:\\\/\\\/redeportivamx.com\\\/index.php\\\/2026\\\/09\\\/02\\\/isack-hadjar-se-pierde-monza-y-lawson-vuelve-a-red-bull\\\/#blogposting\",\"name\":\"Isack Hadjar se pierde Monza y Lawson vuelve a Red Bull - Redeportiva MX\",\"headline\":\"Isack Hadjar se pierde Monza y Lawson vuelve a Red Bull\",\"author\":{\"@id\":\"https:\\\/\\\/redeportivamx.com\\\/index.php\\\/author\\\/angel-cortez\\\/#author\"},\"publisher\":{\"@id\":\"https:\\\/\\\/redeportivamx.com\\\/#organization\"},\"image\":{\"@type\":\"ImageObject\",\"url\":\"https:\\\/\\\/redeportivamx.com\\\/wp-content\\\/uploads\\\/2026\\\/09\\\/image-2.png\",\"width\":1200,\"height\":675,\"caption\":\"Isack Hadjar con Red Bull. Getty Images\"},\"datePublished\":\"2026-09-02T09:31:00-06:00\",\"dateModified\":\"2026-09-02T15:40:53-06:00\",\"inLanguage\":\"es-MX\",\"mainEntityOfPage\":{\"@id\":\"https:\\\/\\\/redeportivamx.com\\\/index.php\\\/2026\\\/09\\\/02\\\/isack-hadjar-se-pierde-monza-y-lawson-vuelve-a-red-bull\\\/#webpage\"},\"isPartOf\":{\"@id\":\"https:\\\/\\\/redeportivamx.com\\\/index.php\\\/2026\\\/09\\\/02\\\/isack-hadjar-se-pierde-monza-y-lawson-vuelve-a-red-bull\\\/#webpage\"},\"articleSection\":\"Formula 1\"},{\"@type\":\"BreadcrumbList\",\"@id\":\"https:\\\/\\\/redeportivamx.com\\\/index.php\\\/2026\\\/09\\\/02\\\/isack-hadjar-se-pierde-monza-y-lawson-vuelve-a-red-bull\\\/#breadcrumblist\",\"itemListElement\":[{\"@type\":\"ListItem\",\"@id\":\"https:\\\/\\\/redeportivamx.com#listItem\",\"position\":1,\"name\":\"Home\",\"item\":\"https:\\\/\\\/redeportivamx.com\",\"nextItem\":{\"@type\":\"ListItem\",\"@id\":\"https:\\\/\\\/redeportivamx.com\\\/index.php\\\/category\\\/formula-1\\\/#listItem\",\"name\":\"Formula 1\"}},{\"@type\":\"ListItem\",\"@id\":\"https:\\\/\\\/redeportivamx.com\\\/index.php\\\/category\\\/formula-1\\\/#listItem\",\"position\":2,\"name\":\"Formula 1\",\"item\":\"https:\\\/\\\/redeportivamx.com\\\/index.php\\\/category\\\/formula-1\\\/\",\"nextItem\":{\"@type\":\"ListItem\",\"@id\":\"https:\\\/\\\/redeportivamx.com\\\/index.php\\\/2026\\\/09\\\/02\\\/isack-hadjar-se-pierde-monza-y-lawson-vuelve-a-red-bull\\\/#listItem\",\"name\":\"Isack Hadjar se pierde Monza y Lawson vuelve a Red Bull\"},\"previousItem\":{\"@type\":\"ListItem\",\"@id\":\"https:\\\/\\\/redeportivamx.com#listItem\",\"name\":\"Home\"}},{\"@type\":\"ListItem\",\"@id\":\"https:\\\/\\\/redeportivamx.com\\\/index.php\\\/2026\\\/09\\\/02\\\/isack-hadjar-se-pierde-monza-y-lawson-vuelve-a-red-bull\\\/#listItem\",\"position\":3,\"name\":\"Isack Hadjar se pierde Monza y Lawson vuelve a Red Bull\",\"previousItem\":{\"@type\":\"ListItem\",\"@id\":\"https:\\\/\\\/redeportivamx.com\\\/index.php\\\/category\\\/formula-1\\\/#listItem\",\"name\":\"Formula 1\"}}]},{\"@type\":\"Organization\",\"@id\":\"https:\\\/\\\/redeportivamx.com\\\/#organization\",\"name\":\"redeportivamx.com\",\"description\":\"\\u00a1Conectando tu pasi\\u00f3n!\",\"url\":\"https:\\\/\\\/redeportivamx.com\\\/\",\"sameAs\":[\"https:\\\/\\\/www.facebook.com\\\/profile.php?id=61565592572733\",\"https:\\\/\\\/x.com\\\/Redeportivamx?s=20\",\"https:\\\/\\\/www.instagram.com\\\/redeportivamx\\\/\",\"https:\\\/\\\/www.tiktok.com\\\/@redeportiva.mx\",\"https:\\\/\\\/www.youtube.com\\\/@Redeportiva-MX\"]},{\"@type\":\"Person\",\"@id\":\"https:\\\/\\\/redeportivamx.com\\\/index.php\\\/author\\\/angel-cortez\\\/#author\",\"url\":\"https:\\\/\\\/redeportivamx.com\\\/index.php\\\/author\\\/angel-cortez\\\/\",\"name\":\"\\u00c1ngel Cortez\",\"image\":{\"@type\":\"ImageObject\",\"@id\":\"https:\\\/\\\/redeportivamx.com\\\/index.php\\\/2026\\\/09\\\/02\\\/isack-hadjar-se-pierde-monza-y-lawson-vuelve-a-red-bull\\\/#authorImage\",\"url\":\"https:\\\/\\\/secure.gravatar.com\\\/avatar\\\/7a2a1ba429e2adbe816e5f8251d8d6c7a28c9d49b7b2b94e7156e4f797ad86d5?s=96&d=mm&r=g\",\"width\":96,\"height\":96,\"caption\":\"\\u00c1ngel Cortez\"}},{\"@type\":\"WebPage\",\"@id\":\"https:\\\/\\\/redeportivamx.com\\\/index.php\\\/2026\\\/09\\\/02\\\/isack-hadjar-se-pierde-monza-y-lawson-vuelve-a-red-bull\\\/#webpage\",\"url\":\"https:\\\/\\\/redeportivamx.com\\\/index.php\\\/2026\\\/09\\\/02\\\/isack-hadjar-se-pierde-monza-y-lawson-vuelve-a-red-bull\\\/\",\"name\":\"Isack Hadjar se pierde Monza y Lawson vuelve a Red Bull - Redeportiva MX\",\"description\":\"El piloto franc\\u00e9s no logr\\u00f3 recuperarse de su lesi\\u00f3n en la mu\\u00f1eca Red Bull Racing tendr\\u00e1 nuevamente una alineaci\\u00f3n distinta para el Gran Premio de Italia. Isack Hadjar no consigui\\u00f3 recuperarse a tiempo de la lesi\\u00f3n que sufri\\u00f3 durante el receso de verano y qued\\u00f3 descartado para la competencia en Monza, por lo que Liam\",\"inLanguage\":\"es-MX\",\"isPartOf\":{\"@id\":\"https:\\\/\\\/redeportivamx.com\\\/#website\"},\"breadcrumb\":{\"@id\":\"https:\\\/\\\/redeportivamx.com\\\/index.php\\\/2026\\\/09\\\/02\\\/isack-hadjar-se-pierde-monza-y-lawson-vuelve-a-red-bull\\\/#breadcrumblist\"},\"author\":{\"@id\":\"https:\\\/\\\/redeportivamx.com\\\/index.php\\\/author\\\/angel-cortez\\\/#author\"},\"creator\":{\"@id\":\"https:\\\/\\\/redeportivamx.com\\\/index.php\\\/author\\\/angel-cortez\\\/#author\"},\"image\":{\"@type\":\"ImageObject\",\"url\":\"https:\\\/\\\/redeportivamx.com\\\/wp-content\\\/uploads\\\/2026\\\/09\\\/image-2.png\",\"@id\":\"https:\\\/\\\/redeportivamx.com\\\/index.php\\\/2026\\\/09\\\/02\\\/isack-hadjar-se-pierde-monza-y-lawson-vuelve-a-red-bull\\\/#mainImage\",\"width\":1200,\"height\":675,\"caption\":\"Isack Hadjar con Red Bull. Getty Images\"},\"primaryImageOfPage\":{\"@id\":\"https:\\\/\\\/redeportivamx.com\\\/index.php\\\/2026\\\/09\\\/02\\\/isack-hadjar-se-pierde-monza-y-lawson-vuelve-a-red-bull\\\/#mainImage\"},\"datePublished\":\"2026-09-02T09:31:00-06:00\",\"dateModified\":\"2026-09-02T15:40:53-06:00\"},{\"@type\":\"WebSite\",\"@id\":\"https:\\\/\\\/redeportivamx.com\\\/#website\",\"url\":\"https:\\\/\\\/redeportivamx.com\\\/\",\"name\":\"redeportivamx.com\",\"description\":\"\\u00a1Conectando tu pasi\\u00f3n!\",\"inLanguage\":\"es-MX\",\"publisher\":{\"@id\":\"https:\\\/\\\/redeportivamx.com\\\/#organization\"}}]}\n\t\t<\/script>\n\t\t<!-- All in One SEO -->\n\n","aioseo_head_json":{"title":"Isack Hadjar se pierde Monza y Lawson vuelve a Red Bull - Redeportiva MX","description":"El piloto franc\u00e9s no logr\u00f3 recuperarse de su lesi\u00f3n en la mu\u00f1eca Red Bull Racing tendr\u00e1 nuevamente una alineaci\u00f3n distinta para el Gran Premio de Italia. Isack Hadjar no consigui\u00f3 recuperarse a tiempo de la lesi\u00f3n que sufri\u00f3 durante el receso de verano y qued\u00f3 descartado para la competencia en Monza, por lo que Liam","canonical_url":"https:\/\/redeportivamx.com\/index.php\/2026\/09\/02\/isack-hadjar-se-pierde-monza-y-lawson-vuelve-a-red-bull\/","robots":"max-image-preview:large","keywords":"","webmasterTools":{"miscellaneous":""},"schema":{"@context":"https:\/\/schema.org","@graph":[{"@type":"BlogPosting","@id":"https:\/\/redeportivamx.com\/index.php\/2026\/09\/02\/isack-hadjar-se-pierde-monza-y-lawson-vuelve-a-red-bull\/#blogposting","name":"Isack Hadjar se pierde Monza y Lawson vuelve a Red Bull - Redeportiva MX","headline":"Isack Hadjar se pierde Monza y Lawson vuelve a Red Bull","author":{"@id":"https:\/\/redeportivamx.com\/index.php\/author\/angel-cortez\/#author"},"publisher":{"@id":"https:\/\/redeportivamx.com\/#organization"},"image":{"@type":"ImageObject","url":"https:\/\/redeportivamx.com\/wp-content\/uploads\/2026\/09\/image-2.png","width":1200,"height":675,"caption":"Isack Hadjar con Red Bull. Getty Images"},"datePublished":"2026-09-02T09:31:00-06:00","dateModified":"2026-09-02T15:40:53-06:00","inLanguage":"es-MX","mainEntityOfPage":{"@id":"https:\/\/redeportivamx.com\/index.php\/2026\/09\/02\/isack-hadjar-se-pierde-monza-y-lawson-vuelve-a-red-bull\/#webpage"},"isPartOf":{"@id":"https:\/\/redeportivamx.com\/index.php\/2026\/09\/02\/isack-hadjar-se-pierde-monza-y-lawson-vuelve-a-red-bull\/#webpage"},"articleSection":"Formula 1"},{"@type":"BreadcrumbList","@id":"https:\/\/redeportivamx.com\/index.php\/2026\/09\/02\/isack-hadjar-se-pierde-monza-y-lawson-vuelve-a-red-bull\/#breadcrumblist","itemListElement":[{"@type":"ListItem","@id":"https:\/\/redeportivamx.com#listItem","position":1,"name":"Home","item":"https:\/\/redeportivamx.com","nextItem":{"@type":"ListItem","@id":"https:\/\/redeportivamx.com\/index.php\/category\/formula-1\/#listItem","name":"Formula 1"}},{"@type":"ListItem","@id":"https:\/\/redeportivamx.com\/index.php\/category\/formula-1\/#listItem","position":2,"name":"Formula 1","item":"https:\/\/redeportivamx.com\/index.php\/category\/formula-1\/","nextItem":{"@type":"ListItem","@id":"https:\/\/redeportivamx.com\/index.php\/2026\/09\/02\/isack-hadjar-se-pierde-monza-y-lawson-vuelve-a-red-bull\/#listItem","name":"Isack Hadjar se pierde Monza y Lawson vuelve a Red Bull"},"previousItem":{"@type":"ListItem","@id":"https:\/\/redeportivamx.com#listItem","name":"Home"}},{"@type":"ListItem","@id":"https:\/\/redeportivamx.com\/index.php\/2026\/09\/02\/isack-hadjar-se-pierde-monza-y-lawson-vuelve-a-red-bull\/#listItem","position":3,"name":"Isack Hadjar se pierde Monza y Lawson vuelve a Red Bull","previousItem":{"@type":"ListItem","@id":"https:\/\/redeportivamx.com\/index.php\/category\/formula-1\/#listItem","name":"Formula 1"}}]},{"@type":"Organization","@id":"https:\/\/redeportivamx.com\/#organization","name":"redeportivamx.com","description":"\u00a1Conectando tu pasi\u00f3n!","url":"https:\/\/redeportivamx.com\/","sameAs":["https:\/\/www.facebook.com\/profile.php?id=61565592572733","https:\/\/x.com\/Redeportivamx?s=20","https:\/\/www.instagram.com\/redeportivamx\/","https:\/\/www.tiktok.com\/@redeportiva.mx","https:\/\/www.youtube.com\/@Redeportiva-MX"]},{"@type":"Person","@id":"https:\/\/redeportivamx.com\/index.php\/author\/angel-cortez\/#author","url":"https:\/\/redeportivamx.com\/index.php\/author\/angel-cortez\/","name":"\u00c1ngel Cortez","image":{"@type":"ImageObject","@id":"https:\/\/redeportivamx.com\/index.php\/2026\/09\/02\/isack-hadjar-se-pierde-monza-y-lawson-vuelve-a-red-bull\/#authorImage","url":"https:\/\/secure.gravatar.com\/avatar\/7a2a1ba429e2adbe816e5f8251d8d6c7a28c9d49b7b2b94e7156e4f797ad86d5?s=96&d=mm&r=g","width":96,"height":96,"caption":"\u00c1ngel Cortez"}},{"@type":"WebPage","@id":"https:\/\/redeportivamx.com\/index.php\/2026\/09\/02\/isack-hadjar-se-pierde-monza-y-lawson-vuelve-a-red-bull\/#webpage","url":"https:\/\/redeportivamx.com\/index.php\/2026\/09\/02\/isack-hadjar-se-pierde-monza-y-lawson-vuelve-a-red-bull\/","name":"Isack Hadjar se pierde Monza y Lawson vuelve a Red Bull - Redeportiva MX","description":"El piloto franc\u00e9s no logr\u00f3 recuperarse de su lesi\u00f3n en la mu\u00f1eca Red Bull Racing tendr\u00e1 nuevamente una alineaci\u00f3n distinta para el Gran Premio de Italia. Isack Hadjar no consigui\u00f3 recuperarse a tiempo de la lesi\u00f3n que sufri\u00f3 durante el receso de verano y qued\u00f3 descartado para la competencia en Monza, por lo que Liam","inLanguage":"es-MX","isPartOf":{"@id":"https:\/\/redeportivamx.com\/#website"},"breadcrumb":{"@id":"https:\/\/redeportivamx.com\/index.php\/2026\/09\/02\/isack-hadjar-se-pierde-monza-y-lawson-vuelve-a-red-bull\/#breadcrumblist"},"author":{"@id":"https:\/\/redeportivamx.com\/index.php\/author\/angel-cortez\/#author"},"creator":{"@id":"https:\/\/redeportivamx.com\/index.php\/author\/angel-cortez\/#author"},"image":{"@type":"ImageObject","url":"https:\/\/redeportivamx.com\/wp-content\/uploads\/2026\/09\/image-2.png","@id":"https:\/\/redeportivamx.com\/index.php\/2026\/09\/02\/isack-hadjar-se-pierde-monza-y-lawson-vuelve-a-red-bull\/#mainImage","width":1200,"height":675,"caption":"Isack Hadjar con Red Bull. Getty Images"},"primaryImageOfPage":{"@id":"https:\/\/redeportivamx.com\/index.php\/2026\/09\/02\/isack-hadjar-se-pierde-monza-y-lawson-vuelve-a-red-bull\/#mainImage"},"datePublished":"2026-09-02T09:31:00-06:00","dateModified":"2026-09-02T15:40:53-06:00"},{"@type":"WebSite","@id":"https:\/\/redeportivamx.com\/#website","url":"https:\/\/redeportivamx.com\/","name":"redeportivamx.com","description":"\u00a1Conectando tu pasi\u00f3n!","inLanguage":"es-MX","publisher":{"@id":"https:\/\/redeportivamx.com\/#organization"}}]},"og:locale":"es_MX","og:site_name":"Redeportiva MX - \u00a1Conectando tu pasi\u00f3n!","og:type":"sport","og:title":"Isack Hadjar se pierde Monza y Lawson vuelve a Red Bull - Redeportiva MX","og:description":"El piloto franc\u00e9s no logr\u00f3 recuperarse de su lesi\u00f3n en la mu\u00f1eca Red Bull Racing tendr\u00e1 nuevamente una alineaci\u00f3n distinta para el Gran Premio de Italia. Isack Hadjar no consigui\u00f3 recuperarse a tiempo de la lesi\u00f3n que sufri\u00f3 durante el receso de verano y qued\u00f3 descartado para la competencia en Monza, por lo que Liam","og:url":"https:\/\/redeportivamx.com\/index.php\/2026\/09\/02\/isack-hadjar-se-pierde-monza-y-lawson-vuelve-a-red-bull\/","og:image":"https:\/\/redeportivamx.com\/wp-content\/uploads\/2026\/09\/image-2.png","og:image:secure_url":"https:\/\/redeportivamx.com\/wp-content\/uploads\/2026\/09\/image-2.png","og:image:width":1200,"og:image:height":675,"twitter:card":"summary_large_image","twitter:site":"@Redeportivamx","twitter:title":"Isack Hadjar se pierde Monza y Lawson vuelve a Red Bull - Redeportiva MX","twitter:description":"El piloto franc\u00e9s no logr\u00f3 recuperarse de su lesi\u00f3n en la mu\u00f1eca Red Bull Racing tendr\u00e1 nuevamente una alineaci\u00f3n distinta para el Gran Premio de Italia. Isack Hadjar no consigui\u00f3 recuperarse a tiempo de la lesi\u00f3n que sufri\u00f3 durante el receso de verano y qued\u00f3 descartado para la competencia en Monza, por lo que Liam","twitter:creator":"@Redeportivamx","twitter:image":"https:\/\/redeportivamx.com\/wp-content\/uploads\/2026\/09\/image-2.png"},"aioseo_meta_data":{"post_id":"52770","title":null,"description":null,"keywords":null,"keyphrases":{"focus":{"keyphrase":"","score":0,"analysis":{"keyphraseInTitle":{"score":0,"maxScore":9,"error":1}}},"additional":[]},"primary_term":null,"canonical_url":null,"og_title":null,"og_description":null,"og_object_type":"default","og_image_type":"default","og_image_url":null,"og_image_width":null,"og_image_height":null,"og_image_custom_url":null,"og_image_custom_fields":null,"og_video":"","og_custom_url":null,"og_article_section":null,"og_article_tags":null,"twitter_use_og":false,"twitter_card":"default","twitter_image_type":"default","twitter_image_url":null,"twitter_image_custom_url":null,"twitter_image_custom_fields":null,"twitter_title":null,"twitter_description":null,"schema":{"blockGraphs":[],"customGraphs":[],"default":{"data":{"Article":[],"Course":[],"Dataset":[],"FAQPage":[],"Movie":[],"Person":[],"Product":[],"ProductReview":[],"Car":[],"Recipe":[],"Service":[],"SoftwareApplication":[],"WebPage":[]},"graphName":"BlogPosting","isEnabled":true},"graphs":[]},"schema_type":"default","schema_type_options":null,"pillar_content":false,"robots_default":true,"robots_noindex":false,"robots_noarchive":false,"robots_nosnippet":false,"robots_nofollow":false,"robots_noimageindex":false,"robots_noodp":false,"robots_notranslate":false,"robots_max_snippet":"-1","robots_max_videopreview":"-1","robots_max_imagepreview":"large","priority":null,"frequency":"default","local_seo":null,"breadcrumb_settings":null,"limit_modified_date":false,"ai":{"faqs":[],"keyPoints":[],"schemas":[],"titles":[],"descriptions":[],"socialPosts":{"email":{"subject":"","preview":"","content":""},"linkedin":[],"twitter":[],"facebook":[],"instagram":[]}},"created":"2026-09-02 21:38:21","updated":"2026-09-02 21:40:53","seo_analyzer_scan_date":null,"focus_keyword":null,"additional_keywords":null,"truseo_locale":null},"aioseo_breadcrumb":"<div class=\"aioseo-breadcrumbs\"><span class=\"aioseo-breadcrumb\">\n\t\t\t<a href=\"https:\/\/redeportivamx.com\" title=\"Home\">Home<\/a>\n\t\t<\/span><span class=\"aioseo-breadcrumb-separator\">&raquo;<\/span><span class=\"aioseo-breadcrumb\">\n\t\t\t<a href=\"https:\/\/redeportivamx.com\/index.php\/category\/formula-1\/\" title=\"Formula 1\">Formula 1<\/a>\n\t\t<\/span><span class=\"aioseo-breadcrumb-separator\">&raquo;<\/span><span class=\"aioseo-breadcrumb\">\n\t\t\tIsack Hadjar se pierde Monza y Lawson vuelve a Red Bull\n\t\t<\/span><\/div>","aioseo_breadcrumb_json":[{"label":"Home","link":"https:\/\/redeportivamx.com"},{"label":"Formula 1","link":"https:\/\/redeportivamx.com\/index.php\/category\/formula-1\/"},{"label":"Isack Hadjar se pierde Monza y Lawson vuelve a Red Bull","link":"https:\/\/redeportivamx.com\/index.php\/2026\/09\/02\/isack-hadjar-se-pierde-monza-y-lawson-vuelve-a-red-bull\/"}],"jetpack_sharing_enabled":true,"jetpack_featured_media_url":"https:\/\/redeportivamx.com\/wp-content\/uploads\/2026\/09\/image-2.png","_links":{"self":[{"href":"https:\/\/redeportivamx.com\/index.php\/wp-json\/wp\/v2\/posts\/52770","targetHints":{"allow":["GET"]}}],"collection":[{"href":"https:\/\/redeportivamx.com\/index.php\/wp-json\/wp\/v2\/posts"}],"about":[{"href":"https:\/\/redeportivamx.com\/index.php\/wp-json\/wp\/v2\/types\/post"}],"author":[{"embeddable":true,"href":"https:\/\/redeportivamx.com\/index.php\/wp-json\/wp\/v2\/users\/12"}],"replies":[{"embeddable":true,"href":"https:\/\/redeportivamx.com\/index.php\/wp-json\/wp\/v2\/comments?post=52770"}],"version-history":[{"count":1,"href":"https:\/\/redeportivamx.com\/index.php\/wp-json\/wp\/v2\/posts\/52770\/revisions"}],"predecessor-version":[{"id":52772,"href":"https:\/\/redeportivamx.com\/index.php\/wp-json\/wp\/v2\/posts\/52770\/revisions\/52772"}],"wp:featuredmedia":[{"embeddable":true,"href":"https:\/\/redeportivamx.com\/index.php\/wp-json\/wp\/v2\/media\/52773"}],"wp:attachment":[{"href":"https:\/\/redeportivamx.com\/index.php\/wp-json\/wp\/v2\/media?parent=52770"}],"wp:term":[{"taxonomy":"category","embeddable":true,"href":"https:\/\/redeportivamx.com\/index.php\/wp-json\/wp\/v2\/categories?post=52770"},{"taxonomy":"post_tag","embeddable":true,"href":"https:\/\/redeportivamx.com\/index.php\/wp-json\/wp\/v2\/tags?post=52770"}],"curies":[{"name":"wp","href":"https:\/\/api.w.org\/{rel}","templated":true}]}}