{"id":52764,"date":"2026-09-02T15:30:02","date_gmt":"2026-09-02T21:30:02","guid":{"rendered":"https:\/\/redeportivamx.com\/?p=52764"},"modified":"2026-09-02T15:30:51","modified_gmt":"2026-09-02T21:30:51","slug":"conoce-las-categorias-soporte-que-acompanaran-al-mexico-gp-2026","status":"publish","type":"post","link":"https:\/\/redeportivamx.com\/index.php\/2026\/09\/02\/conoce-las-categorias-soporte-que-acompanaran-al-mexico-gp-2026\/","title":{"rendered":"\u00a1Conoce las categor\u00edas soporte que acompa\u00f1ar\u00e1n al M\u00e9xico GP 2026!"},"content":{"rendered":"\n<h2 class=\"wp-block-heading\"><em>De F\u00f3rmula 4 NACAM a Master Historic Racing; las categor\u00edas soporte del M\u00e9xico GP<\/em><\/h2>\n\n\n\n<p class=\"wp-block-paragraph\">Estamos a 60 d\u00edas de que arranquen los motores en el Aut\u00f3dromo Herm\u00e1nos Rodr\u00edguez y por ello, la organizaci\u00f3n tiene un anuncio especial: El Gran Premio de M\u00e9xico no se limitar\u00e1 a la actividad de la F\u00f3rmula 1 durante el fin de semana. El Aut\u00f3dromo Hermanos Rodr\u00edguez volver\u00e1 a recibir distintas categor\u00edas que complementar\u00e1n el espect\u00e1culo en pista y permitir\u00e1n a los aficionados disfrutar de autos hist\u00f3ricos, j\u00f3venes talentos y poderosos veh\u00edculos de competici\u00f3n.<\/p>\n\n\n\n<p class=\"wp-block-paragraph\">Para la edici\u00f3n 2026, el programa contar\u00e1 con la participaci\u00f3n de <strong>Master Historic Racing, FIA Formula 4 NACAM Championship y S\u00faper Copa<\/strong>, tres campeonatos con caracter\u00edsticas completamente diferentes que compartir\u00e1n protagonismo del 30 de octubre al 1 de noviembre.<\/p>\n\n\n\n<blockquote class=\"twitter-tweet\"><p lang=\"es\" dir=\"ltr\">\u00a1M\u00e1s velocidad en la F1ESTA! \ud83c\udfc1 <br><br>El <a href=\"https:\/\/x.com\/hashtag\/MexicoGP?src=hash&amp;ref_src=twsrc%5Etfw\">#MexicoGP<\/a> 2026 tendr\u00e1 tres carreras soporte para calentar motores: <a href=\"https:\/\/x.com\/MastersHistoric?ref_src=twsrc%5Etfw\">@mastershistoric<\/a>, <a href=\"https:\/\/x.com\/FIAF4Nacam?ref_src=twsrc%5Etfw\">@FIAF4Nacam<\/a> y <a href=\"https:\/\/x.com\/SuperCopaMex?ref_src=twsrc%5Etfw\">@SuperCopaMex<\/a>.<br>Prep\u00e1rate para vivirlas del 30 de octubre al 1 de noviembre en el Aut\u00f3dromo. \ud83d\udd25<br><br>Conoce los detalles: <a href=\"https:\/\/t.co\/3g7eWlYy9v\">https:\/\/t.co\/3g7eWlYy9v<\/a> <a href=\"https:\/\/t.co\/GaGZgrLLEh\">pic.twitter.com\/GaGZgrLLEh<\/a><\/p>&mdash; Mexico Grand Prix \ud83c\uddf2\ud83c\uddfd (@mexicogp) <a href=\"https:\/\/x.com\/mexicogp\/status\/2095180127671926914?ref_src=twsrc%5Etfw\">September 2, 2026<\/a><\/blockquote> <script async src=\"https:\/\/platform.x.com\/widgets.js\" charset=\"utf-8\"><\/script>\n\n\n\n<h2 class=\"wp-block-heading\">Master Historic Racing: historia sobre el asfalto<\/h2>\n\n\n\n<p class=\"wp-block-paragraph\">Una de las principales novedades ser\u00e1 el regreso de <strong>Master Historic Racing<\/strong>, categor\u00eda que re\u00fane monoplazas que forman parte de la historia del automovilismo y que permitir\u00e1 a los aficionados observar de cerca m\u00e1quinas representativas de la \u00e9poca dorada de la F\u00f3rmula 1.<\/p>\n\n\n\n<p class=\"wp-block-paragraph\">Los veh\u00edculos correspondientes principalmente a las d\u00e9cadas de 1970 y 1980 volver\u00e1n al circuito capitalino despu\u00e9s de sus participaciones en anteriores ediciones del M\u00e9xico GP.<\/p>\n\n\n\n<p class=\"wp-block-paragraph\">La categor\u00eda, reconocida por la FIA, llegar\u00e1 a M\u00e9xico despu\u00e9s de formar parte del programa de soporte del Gran Premio de Estados Unidos en Austin, por lo que los aficionados podr\u00e1n disfrutar de estos monoplazas hist\u00f3ricos durante dos fines de semana consecutivos.<\/p>\n\n\n\n<h2 class=\"wp-block-heading\">FIA Formula 4 NACAM: el futuro de la F\u00f3rmula 1<\/h2>\n\n\n\n<p class=\"wp-block-paragraph\">El contraste llegar\u00e1 con la <strong>FIA Formula 4 NACAM Championship<\/strong>, campeonato que funciona como uno de los principales escalones para los j\u00f3venes pilotos que buscan avanzar dentro de las categor\u00edas de monoplazas.<\/p>\n\n\n\n<p class=\"wp-block-paragraph\">La serie forma parte del programa del Gran Premio de M\u00e9xico desde 2015 y permite competir a pilotos desde los 15 a\u00f1os. Adem\u00e1s de adquirir experiencia, los participantes tienen la posibilidad de sumar puntos para la obtenci\u00f3n de la Superlicencia y continuar su camino hacia categor\u00edas superiores.<\/p>\n\n\n\n<p class=\"wp-block-paragraph\">Los monoplazas utilizan motores <strong>FIAT 1.4 litros turbo con 176 caballos de potencia<\/strong> y cumplen con los est\u00e1ndares establecidos por la FIA, convirtiendo a la categor\u00eda en uno de los principales semilleros de talento de la regi\u00f3n.<\/p>\n\n\n\n<figure class=\"wp-block-image size-large\"><img fetchpriority=\"high\" decoding=\"async\" width=\"1024\" height=\"576\" src=\"https:\/\/redeportivamx.com\/wp-content\/uploads\/2026\/09\/image-1024x576.png\" alt=\"\" class=\"wp-image-52765\" srcset=\"https:\/\/redeportivamx.com\/wp-content\/uploads\/2026\/09\/image-1024x576.png 1024w, https:\/\/redeportivamx.com\/wp-content\/uploads\/2026\/09\/image-300x169.png 300w, https:\/\/redeportivamx.com\/wp-content\/uploads\/2026\/09\/image-768x432.png 768w, https:\/\/redeportivamx.com\/wp-content\/uploads\/2026\/09\/image-1536x864.png 1536w, https:\/\/redeportivamx.com\/wp-content\/uploads\/2026\/09\/image.png 2048w\" sizes=\"(max-width: 1024px) 100vw, 1024px\" \/><figcaption class=\"wp-element-caption\">Alessandros Racing\u2019s 2026 line-up: Mariano Alatorre (#4, pictured), Alex Bobadilla (#08), Mateo Gir\u00f3n (#26), Alan Zezatti (#33) | Credit: Fotografo Herrera<\/figcaption><\/figure>\n\n\n\n<h2 class=\"wp-block-heading\">S\u00faper Copa: potencia mexicana<\/h2>\n\n\n\n<p class=\"wp-block-paragraph\">El tercer integrante del programa ser\u00e1 <strong>S\u00faper Copa<\/strong>, una de las categor\u00edas que ya se ha convertido en una presencia habitual durante el fin de semana del Gran Premio de M\u00e9xico.<\/p>\n\n\n\n<p class=\"wp-block-paragraph\">Sus autos GTM ser\u00e1n protagonistas con motores V8 capaces de desarrollar <strong>580 caballos de potencia<\/strong> y alcanzar velocidades cercanas a los 250 kil\u00f3metros por hora. Adem\u00e1s, cuentan con chasis tubular y transmisi\u00f3n secuencial de seis velocidades.<\/p>\n\n\n\n<p class=\"wp-block-paragraph\">La competencia reunir\u00e1 a algunos de los principales exponentes del automovilismo nacional, entre ellos <strong>Emiliano Richards, Paul Jourdain, Salvador de Alba, Irwin Vences y Mario Dom\u00ednguez<\/strong>.<\/p>\n\n\n\n<h2 class=\"wp-block-heading\">Un fin de semana con acci\u00f3n m\u00e1s all\u00e1 de la F\u00f3rmula 1<\/h2>\n\n\n\n<p class=\"wp-block-paragraph\">Con estas tres categor\u00edas, el programa del M\u00e9xico GP ofrecer\u00e1 una combinaci\u00f3n entre pasado, presente y futuro del automovilismo.<\/p>\n\n\n\n<p class=\"wp-block-paragraph\">Mientras Master Historic Racing permitir\u00e1 regresar a una \u00e9poca hist\u00f3rica de los monoplazas, la Formula 4 pondr\u00e1 en escena a j\u00f3venes que buscan abrirse camino hacia las categor\u00edas m\u00e1s importantes y S\u00faper Copa llevar\u00e1 a la pista el poder de sus autos GTM.<\/p>\n\n\n\n<p class=\"wp-block-paragraph\">Las tres series acompa\u00f1ar\u00e1n a la F\u00f3rmula 1 durante el <strong>M\u00e9xico GP 2026, del 30 de octubre al 1 de noviembre<\/strong>, para completar un fin de semana de actividad en el Aut\u00f3dromo Hermanos Rodr\u00edguez y ampliar la oferta de carreras para los aficionados mexicanos.<\/p>\n\n\n\n<blockquote class=\"twitter-tweet\"><p lang=\"es\" dir=\"ltr\">\u00a160 d\u00edas para el <a href=\"https:\/\/x.com\/hashtag\/MexicoGP?src=hash&amp;ref_src=twsrc%5Etfw\">#MexicoGP<\/a>! La emoci\u00f3n sigue creciendo rumbo a la F1ESTA del 30 de octubre al 1 de noviembre en el Aut\u00f3dromo Hermanos Rodr\u00edguez. \ud83e\udd29 <a href=\"https:\/\/t.co\/eHprtMwKz0\">pic.twitter.com\/eHprtMwKz0<\/a><\/p>&mdash; Mexico Grand Prix \ud83c\uddf2\ud83c\uddfd (@mexicogp) <a href=\"https:\/\/x.com\/mexicogp\/status\/2095151101922160910?ref_src=twsrc%5Etfw\">September 2, 2026<\/a><\/blockquote> <script async src=\"https:\/\/platform.x.com\/widgets.js\" charset=\"utf-8\"><\/script>\n","protected":false},"excerpt":{"rendered":"<p>De F\u00f3rmula 4 NACAM a Master Historic Racing; las categor\u00edas soporte del M\u00e9xico GP Estamos a 60 d\u00edas de que arranquen los motores en el Aut\u00f3dromo Herm\u00e1nos Rodr\u00edguez y por ello, la organizaci\u00f3n tiene un anuncio especial: El Gran Premio de M\u00e9xico no se limitar\u00e1 a la actividad de la F\u00f3rmula 1 durante el fin [&hellip;]<\/p>\n","protected":false},"author":12,"featured_media":52766,"comment_status":"open","ping_status":"open","sticky":false,"template":"","format":"standard","meta":{"_monsterinsights_skip_tracking":false,"_jetpack_newsletter_access":"","_jetpack_dont_email_post_to_subs":false,"_jetpack_newsletter_tier_id":0,"_jetpack_memberships_contains_paywalled_content":false,"_jetpack_feature_clip_id":0,"_jetpack_memberships_contains_paid_content":false,"footnotes":"","jetpack_post_was_ever_published":false},"categories":[7,2903],"tags":[],"class_list":["post-52764","post","type-post","status-publish","format-standard","has-post-thumbnail","hentry","category-formula-1","category-gran-premio-de-la-ciudad-de-mexico"],"aioseo_notices":[],"aioseo_head":"\n\t\t<!-- All in One SEO 5.0.1.1 - aioseo.com -->\n\t<meta name=\"description\" content=\"De F\u00f3rmula 4 NACAM a Master Historic Racing; las categor\u00edas soporte del M\u00e9xico GP Estamos a 60 d\u00edas de que arranquen los motores en el Aut\u00f3dromo Herm\u00e1nos Rodr\u00edguez y por ello, la organizaci\u00f3n tiene un anuncio especial: El Gran Premio de M\u00e9xico no se limitar\u00e1 a la actividad de la F\u00f3rmula 1 durante el fin\" \/>\n\t<meta name=\"robots\" content=\"max-image-preview:large\" \/>\n\t<meta name=\"author\" content=\"\u00c1ngel Cortez\"\/>\n\t<link rel=\"canonical\" href=\"https:\/\/redeportivamx.com\/index.php\/2026\/09\/02\/conoce-las-categorias-soporte-que-acompanaran-al-mexico-gp-2026\/\" \/>\n\t<meta name=\"generator\" content=\"All in One SEO (AIOSEO) 5.0.1.1\" \/>\n\t\t<meta property=\"og:locale\" content=\"es_MX\" \/>\n\t\t<meta property=\"og:site_name\" content=\"Redeportiva MX - \u00a1Conectando tu pasi\u00f3n!\" \/>\n\t\t<meta property=\"og:type\" content=\"sport\" \/>\n\t\t<meta property=\"og:title\" content=\"\u00a1Conoce las categor\u00edas soporte que acompa\u00f1ar\u00e1n al M\u00e9xico GP 2026! - Redeportiva MX\" \/>\n\t\t<meta property=\"og:description\" content=\"De F\u00f3rmula 4 NACAM a Master Historic Racing; las categor\u00edas soporte del M\u00e9xico GP Estamos a 60 d\u00edas de que arranquen los motores en el Aut\u00f3dromo Herm\u00e1nos Rodr\u00edguez y por ello, la organizaci\u00f3n tiene un anuncio especial: El Gran Premio de M\u00e9xico no se limitar\u00e1 a la actividad de la F\u00f3rmula 1 durante el fin\" \/>\n\t\t<meta property=\"og:url\" content=\"https:\/\/redeportivamx.com\/index.php\/2026\/09\/02\/conoce-las-categorias-soporte-que-acompanaran-al-mexico-gp-2026\/\" \/>\n\t\t<meta property=\"og:image\" content=\"https:\/\/redeportivamx.com\/wp-content\/uploads\/2026\/09\/image-1.png\" \/>\n\t\t<meta property=\"og:image:secure_url\" content=\"https:\/\/redeportivamx.com\/wp-content\/uploads\/2026\/09\/image-1.png\" \/>\n\t\t<meta property=\"og:image:width\" content=\"1200\" \/>\n\t\t<meta property=\"og:image:height\" content=\"674\" \/>\n\t\t<meta name=\"twitter:card\" content=\"summary_large_image\" \/>\n\t\t<meta name=\"twitter:site\" content=\"@Redeportivamx\" \/>\n\t\t<meta name=\"twitter:title\" content=\"\u00a1Conoce las categor\u00edas soporte que acompa\u00f1ar\u00e1n al M\u00e9xico GP 2026! - Redeportiva MX\" \/>\n\t\t<meta name=\"twitter:description\" content=\"De F\u00f3rmula 4 NACAM a Master Historic Racing; las categor\u00edas soporte del M\u00e9xico GP Estamos a 60 d\u00edas de que arranquen los motores en el Aut\u00f3dromo Herm\u00e1nos Rodr\u00edguez y por ello, la organizaci\u00f3n tiene un anuncio especial: El Gran Premio de M\u00e9xico no se limitar\u00e1 a la actividad de la F\u00f3rmula 1 durante el fin\" \/>\n\t\t<meta name=\"twitter:creator\" content=\"@Redeportivamx\" \/>\n\t\t<meta name=\"twitter:image\" content=\"https:\/\/redeportivamx.com\/wp-content\/uploads\/2026\/09\/image-1.png\" \/>\n\t\t<script type=\"application\/ld+json\" class=\"aioseo-schema\">\n\t\t\t{\"@context\":\"https:\\\/\\\/schema.org\",\"@graph\":[{\"@type\":\"BlogPosting\",\"@id\":\"https:\\\/\\\/redeportivamx.com\\\/index.php\\\/2026\\\/09\\\/02\\\/conoce-las-categorias-soporte-que-acompanaran-al-mexico-gp-2026\\\/#blogposting\",\"name\":\"\\u00a1Conoce las categor\\u00edas soporte que acompa\\u00f1ar\\u00e1n al M\\u00e9xico GP 2026! - Redeportiva MX\",\"headline\":\"\\u00a1Conoce las categor\\u00edas soporte que acompa\\u00f1ar\\u00e1n al M\\u00e9xico GP 2026!\",\"author\":{\"@id\":\"https:\\\/\\\/redeportivamx.com\\\/index.php\\\/author\\\/angel-cortez\\\/#author\"},\"publisher\":{\"@id\":\"https:\\\/\\\/redeportivamx.com\\\/#organization\"},\"image\":{\"@type\":\"ImageObject\",\"url\":\"https:\\\/\\\/redeportivamx.com\\\/wp-content\\\/uploads\\\/2026\\\/09\\\/image-1.png\",\"width\":1200,\"height\":674,\"caption\":\"Carreras Soporte del Gran Premio de M\\u00e9xico 2026. Imagen: Gran Premio de M\\u00e9xico\"},\"datePublished\":\"2026-09-02T15:30:02-06:00\",\"dateModified\":\"2026-09-02T15:30:51-06:00\",\"inLanguage\":\"es-MX\",\"mainEntityOfPage\":{\"@id\":\"https:\\\/\\\/redeportivamx.com\\\/index.php\\\/2026\\\/09\\\/02\\\/conoce-las-categorias-soporte-que-acompanaran-al-mexico-gp-2026\\\/#webpage\"},\"isPartOf\":{\"@id\":\"https:\\\/\\\/redeportivamx.com\\\/index.php\\\/2026\\\/09\\\/02\\\/conoce-las-categorias-soporte-que-acompanaran-al-mexico-gp-2026\\\/#webpage\"},\"articleSection\":\"Formula 1, Gran Premio de la Ciudad de M\\u00e9xico\"},{\"@type\":\"BreadcrumbList\",\"@id\":\"https:\\\/\\\/redeportivamx.com\\\/index.php\\\/2026\\\/09\\\/02\\\/conoce-las-categorias-soporte-que-acompanaran-al-mexico-gp-2026\\\/#breadcrumblist\",\"itemListElement\":[{\"@type\":\"ListItem\",\"@id\":\"https:\\\/\\\/redeportivamx.com#listItem\",\"position\":1,\"name\":\"Home\",\"item\":\"https:\\\/\\\/redeportivamx.com\",\"nextItem\":{\"@type\":\"ListItem\",\"@id\":\"https:\\\/\\\/redeportivamx.com\\\/index.php\\\/category\\\/formula-1\\\/#listItem\",\"name\":\"Formula 1\"}},{\"@type\":\"ListItem\",\"@id\":\"https:\\\/\\\/redeportivamx.com\\\/index.php\\\/category\\\/formula-1\\\/#listItem\",\"position\":2,\"name\":\"Formula 1\",\"item\":\"https:\\\/\\\/redeportivamx.com\\\/index.php\\\/category\\\/formula-1\\\/\",\"nextItem\":{\"@type\":\"ListItem\",\"@id\":\"https:\\\/\\\/redeportivamx.com\\\/index.php\\\/category\\\/formula-1\\\/gran-premio-de-la-ciudad-de-mexico\\\/#listItem\",\"name\":\"Gran Premio de la Ciudad de M\\u00e9xico\"},\"previousItem\":{\"@type\":\"ListItem\",\"@id\":\"https:\\\/\\\/redeportivamx.com#listItem\",\"name\":\"Home\"}},{\"@type\":\"ListItem\",\"@id\":\"https:\\\/\\\/redeportivamx.com\\\/index.php\\\/category\\\/formula-1\\\/gran-premio-de-la-ciudad-de-mexico\\\/#listItem\",\"position\":3,\"name\":\"Gran Premio de la Ciudad de M\\u00e9xico\",\"item\":\"https:\\\/\\\/redeportivamx.com\\\/index.php\\\/category\\\/formula-1\\\/gran-premio-de-la-ciudad-de-mexico\\\/\",\"nextItem\":{\"@type\":\"ListItem\",\"@id\":\"https:\\\/\\\/redeportivamx.com\\\/index.php\\\/2026\\\/09\\\/02\\\/conoce-las-categorias-soporte-que-acompanaran-al-mexico-gp-2026\\\/#listItem\",\"name\":\"\\u00a1Conoce las categor\\u00edas soporte que acompa\\u00f1ar\\u00e1n al M\\u00e9xico GP 2026!\"},\"previousItem\":{\"@type\":\"ListItem\",\"@id\":\"https:\\\/\\\/redeportivamx.com\\\/index.php\\\/category\\\/formula-1\\\/#listItem\",\"name\":\"Formula 1\"}},{\"@type\":\"ListItem\",\"@id\":\"https:\\\/\\\/redeportivamx.com\\\/index.php\\\/2026\\\/09\\\/02\\\/conoce-las-categorias-soporte-que-acompanaran-al-mexico-gp-2026\\\/#listItem\",\"position\":4,\"name\":\"\\u00a1Conoce las categor\\u00edas soporte que acompa\\u00f1ar\\u00e1n al M\\u00e9xico GP 2026!\",\"previousItem\":{\"@type\":\"ListItem\",\"@id\":\"https:\\\/\\\/redeportivamx.com\\\/index.php\\\/category\\\/formula-1\\\/gran-premio-de-la-ciudad-de-mexico\\\/#listItem\",\"name\":\"Gran Premio de la Ciudad de M\\u00e9xico\"}}]},{\"@type\":\"Organization\",\"@id\":\"https:\\\/\\\/redeportivamx.com\\\/#organization\",\"name\":\"redeportivamx.com\",\"description\":\"\\u00a1Conectando tu pasi\\u00f3n!\",\"url\":\"https:\\\/\\\/redeportivamx.com\\\/\",\"sameAs\":[\"https:\\\/\\\/www.facebook.com\\\/profile.php?id=61565592572733\",\"https:\\\/\\\/x.com\\\/Redeportivamx?s=20\",\"https:\\\/\\\/www.instagram.com\\\/redeportivamx\\\/\",\"https:\\\/\\\/www.tiktok.com\\\/@redeportiva.mx\",\"https:\\\/\\\/www.youtube.com\\\/@Redeportiva-MX\"]},{\"@type\":\"Person\",\"@id\":\"https:\\\/\\\/redeportivamx.com\\\/index.php\\\/author\\\/angel-cortez\\\/#author\",\"url\":\"https:\\\/\\\/redeportivamx.com\\\/index.php\\\/author\\\/angel-cortez\\\/\",\"name\":\"\\u00c1ngel Cortez\",\"image\":{\"@type\":\"ImageObject\",\"@id\":\"https:\\\/\\\/redeportivamx.com\\\/index.php\\\/2026\\\/09\\\/02\\\/conoce-las-categorias-soporte-que-acompanaran-al-mexico-gp-2026\\\/#authorImage\",\"url\":\"https:\\\/\\\/secure.gravatar.com\\\/avatar\\\/7a2a1ba429e2adbe816e5f8251d8d6c7a28c9d49b7b2b94e7156e4f797ad86d5?s=96&d=mm&r=g\",\"width\":96,\"height\":96,\"caption\":\"\\u00c1ngel Cortez\"}},{\"@type\":\"WebPage\",\"@id\":\"https:\\\/\\\/redeportivamx.com\\\/index.php\\\/2026\\\/09\\\/02\\\/conoce-las-categorias-soporte-que-acompanaran-al-mexico-gp-2026\\\/#webpage\",\"url\":\"https:\\\/\\\/redeportivamx.com\\\/index.php\\\/2026\\\/09\\\/02\\\/conoce-las-categorias-soporte-que-acompanaran-al-mexico-gp-2026\\\/\",\"name\":\"\\u00a1Conoce las categor\\u00edas soporte que acompa\\u00f1ar\\u00e1n al M\\u00e9xico GP 2026! - Redeportiva MX\",\"description\":\"De F\\u00f3rmula 4 NACAM a Master Historic Racing; las categor\\u00edas soporte del M\\u00e9xico GP Estamos a 60 d\\u00edas de que arranquen los motores en el Aut\\u00f3dromo Herm\\u00e1nos Rodr\\u00edguez y por ello, la organizaci\\u00f3n tiene un anuncio especial: El Gran Premio de M\\u00e9xico no se limitar\\u00e1 a la actividad de la F\\u00f3rmula 1 durante el fin\",\"inLanguage\":\"es-MX\",\"isPartOf\":{\"@id\":\"https:\\\/\\\/redeportivamx.com\\\/#website\"},\"breadcrumb\":{\"@id\":\"https:\\\/\\\/redeportivamx.com\\\/index.php\\\/2026\\\/09\\\/02\\\/conoce-las-categorias-soporte-que-acompanaran-al-mexico-gp-2026\\\/#breadcrumblist\"},\"author\":{\"@id\":\"https:\\\/\\\/redeportivamx.com\\\/index.php\\\/author\\\/angel-cortez\\\/#author\"},\"creator\":{\"@id\":\"https:\\\/\\\/redeportivamx.com\\\/index.php\\\/author\\\/angel-cortez\\\/#author\"},\"image\":{\"@type\":\"ImageObject\",\"url\":\"https:\\\/\\\/redeportivamx.com\\\/wp-content\\\/uploads\\\/2026\\\/09\\\/image-1.png\",\"@id\":\"https:\\\/\\\/redeportivamx.com\\\/index.php\\\/2026\\\/09\\\/02\\\/conoce-las-categorias-soporte-que-acompanaran-al-mexico-gp-2026\\\/#mainImage\",\"width\":1200,\"height\":674,\"caption\":\"Carreras Soporte del Gran Premio de M\\u00e9xico 2026. Imagen: Gran Premio de M\\u00e9xico\"},\"primaryImageOfPage\":{\"@id\":\"https:\\\/\\\/redeportivamx.com\\\/index.php\\\/2026\\\/09\\\/02\\\/conoce-las-categorias-soporte-que-acompanaran-al-mexico-gp-2026\\\/#mainImage\"},\"datePublished\":\"2026-09-02T15:30:02-06:00\",\"dateModified\":\"2026-09-02T15:30:51-06:00\"},{\"@type\":\"WebSite\",\"@id\":\"https:\\\/\\\/redeportivamx.com\\\/#website\",\"url\":\"https:\\\/\\\/redeportivamx.com\\\/\",\"name\":\"redeportivamx.com\",\"description\":\"\\u00a1Conectando tu pasi\\u00f3n!\",\"inLanguage\":\"es-MX\",\"publisher\":{\"@id\":\"https:\\\/\\\/redeportivamx.com\\\/#organization\"}}]}\n\t\t<\/script>\n\t\t<!-- All in One SEO -->\n\n","aioseo_head_json":{"title":"\u00a1Conoce las categor\u00edas soporte que acompa\u00f1ar\u00e1n al M\u00e9xico GP 2026! - Redeportiva MX","description":"De F\u00f3rmula 4 NACAM a Master Historic Racing; las categor\u00edas soporte del M\u00e9xico GP Estamos a 60 d\u00edas de que arranquen los motores en el Aut\u00f3dromo Herm\u00e1nos Rodr\u00edguez y por ello, la organizaci\u00f3n tiene un anuncio especial: El Gran Premio de M\u00e9xico no se limitar\u00e1 a la actividad de la F\u00f3rmula 1 durante el fin","canonical_url":"https:\/\/redeportivamx.com\/index.php\/2026\/09\/02\/conoce-las-categorias-soporte-que-acompanaran-al-mexico-gp-2026\/","robots":"max-image-preview:large","keywords":"","webmasterTools":{"miscellaneous":""},"schema":{"@context":"https:\/\/schema.org","@graph":[{"@type":"BlogPosting","@id":"https:\/\/redeportivamx.com\/index.php\/2026\/09\/02\/conoce-las-categorias-soporte-que-acompanaran-al-mexico-gp-2026\/#blogposting","name":"\u00a1Conoce las categor\u00edas soporte que acompa\u00f1ar\u00e1n al M\u00e9xico GP 2026! - Redeportiva MX","headline":"\u00a1Conoce las categor\u00edas soporte que acompa\u00f1ar\u00e1n al M\u00e9xico GP 2026!","author":{"@id":"https:\/\/redeportivamx.com\/index.php\/author\/angel-cortez\/#author"},"publisher":{"@id":"https:\/\/redeportivamx.com\/#organization"},"image":{"@type":"ImageObject","url":"https:\/\/redeportivamx.com\/wp-content\/uploads\/2026\/09\/image-1.png","width":1200,"height":674,"caption":"Carreras Soporte del Gran Premio de M\u00e9xico 2026. Imagen: Gran Premio de M\u00e9xico"},"datePublished":"2026-09-02T15:30:02-06:00","dateModified":"2026-09-02T15:30:51-06:00","inLanguage":"es-MX","mainEntityOfPage":{"@id":"https:\/\/redeportivamx.com\/index.php\/2026\/09\/02\/conoce-las-categorias-soporte-que-acompanaran-al-mexico-gp-2026\/#webpage"},"isPartOf":{"@id":"https:\/\/redeportivamx.com\/index.php\/2026\/09\/02\/conoce-las-categorias-soporte-que-acompanaran-al-mexico-gp-2026\/#webpage"},"articleSection":"Formula 1, Gran Premio de la Ciudad de M\u00e9xico"},{"@type":"BreadcrumbList","@id":"https:\/\/redeportivamx.com\/index.php\/2026\/09\/02\/conoce-las-categorias-soporte-que-acompanaran-al-mexico-gp-2026\/#breadcrumblist","itemListElement":[{"@type":"ListItem","@id":"https:\/\/redeportivamx.com#listItem","position":1,"name":"Home","item":"https:\/\/redeportivamx.com","nextItem":{"@type":"ListItem","@id":"https:\/\/redeportivamx.com\/index.php\/category\/formula-1\/#listItem","name":"Formula 1"}},{"@type":"ListItem","@id":"https:\/\/redeportivamx.com\/index.php\/category\/formula-1\/#listItem","position":2,"name":"Formula 1","item":"https:\/\/redeportivamx.com\/index.php\/category\/formula-1\/","nextItem":{"@type":"ListItem","@id":"https:\/\/redeportivamx.com\/index.php\/category\/formula-1\/gran-premio-de-la-ciudad-de-mexico\/#listItem","name":"Gran Premio de la Ciudad de M\u00e9xico"},"previousItem":{"@type":"ListItem","@id":"https:\/\/redeportivamx.com#listItem","name":"Home"}},{"@type":"ListItem","@id":"https:\/\/redeportivamx.com\/index.php\/category\/formula-1\/gran-premio-de-la-ciudad-de-mexico\/#listItem","position":3,"name":"Gran Premio de la Ciudad de M\u00e9xico","item":"https:\/\/redeportivamx.com\/index.php\/category\/formula-1\/gran-premio-de-la-ciudad-de-mexico\/","nextItem":{"@type":"ListItem","@id":"https:\/\/redeportivamx.com\/index.php\/2026\/09\/02\/conoce-las-categorias-soporte-que-acompanaran-al-mexico-gp-2026\/#listItem","name":"\u00a1Conoce las categor\u00edas soporte que acompa\u00f1ar\u00e1n al M\u00e9xico GP 2026!"},"previousItem":{"@type":"ListItem","@id":"https:\/\/redeportivamx.com\/index.php\/category\/formula-1\/#listItem","name":"Formula 1"}},{"@type":"ListItem","@id":"https:\/\/redeportivamx.com\/index.php\/2026\/09\/02\/conoce-las-categorias-soporte-que-acompanaran-al-mexico-gp-2026\/#listItem","position":4,"name":"\u00a1Conoce las categor\u00edas soporte que acompa\u00f1ar\u00e1n al M\u00e9xico GP 2026!","previousItem":{"@type":"ListItem","@id":"https:\/\/redeportivamx.com\/index.php\/category\/formula-1\/gran-premio-de-la-ciudad-de-mexico\/#listItem","name":"Gran Premio de la Ciudad de M\u00e9xico"}}]},{"@type":"Organization","@id":"https:\/\/redeportivamx.com\/#organization","name":"redeportivamx.com","description":"\u00a1Conectando tu pasi\u00f3n!","url":"https:\/\/redeportivamx.com\/","sameAs":["https:\/\/www.facebook.com\/profile.php?id=61565592572733","https:\/\/x.com\/Redeportivamx?s=20","https:\/\/www.instagram.com\/redeportivamx\/","https:\/\/www.tiktok.com\/@redeportiva.mx","https:\/\/www.youtube.com\/@Redeportiva-MX"]},{"@type":"Person","@id":"https:\/\/redeportivamx.com\/index.php\/author\/angel-cortez\/#author","url":"https:\/\/redeportivamx.com\/index.php\/author\/angel-cortez\/","name":"\u00c1ngel Cortez","image":{"@type":"ImageObject","@id":"https:\/\/redeportivamx.com\/index.php\/2026\/09\/02\/conoce-las-categorias-soporte-que-acompanaran-al-mexico-gp-2026\/#authorImage","url":"https:\/\/secure.gravatar.com\/avatar\/7a2a1ba429e2adbe816e5f8251d8d6c7a28c9d49b7b2b94e7156e4f797ad86d5?s=96&d=mm&r=g","width":96,"height":96,"caption":"\u00c1ngel Cortez"}},{"@type":"WebPage","@id":"https:\/\/redeportivamx.com\/index.php\/2026\/09\/02\/conoce-las-categorias-soporte-que-acompanaran-al-mexico-gp-2026\/#webpage","url":"https:\/\/redeportivamx.com\/index.php\/2026\/09\/02\/conoce-las-categorias-soporte-que-acompanaran-al-mexico-gp-2026\/","name":"\u00a1Conoce las categor\u00edas soporte que acompa\u00f1ar\u00e1n al M\u00e9xico GP 2026! - Redeportiva MX","description":"De F\u00f3rmula 4 NACAM a Master Historic Racing; las categor\u00edas soporte del M\u00e9xico GP Estamos a 60 d\u00edas de que arranquen los motores en el Aut\u00f3dromo Herm\u00e1nos Rodr\u00edguez y por ello, la organizaci\u00f3n tiene un anuncio especial: El Gran Premio de M\u00e9xico no se limitar\u00e1 a la actividad de la F\u00f3rmula 1 durante el fin","inLanguage":"es-MX","isPartOf":{"@id":"https:\/\/redeportivamx.com\/#website"},"breadcrumb":{"@id":"https:\/\/redeportivamx.com\/index.php\/2026\/09\/02\/conoce-las-categorias-soporte-que-acompanaran-al-mexico-gp-2026\/#breadcrumblist"},"author":{"@id":"https:\/\/redeportivamx.com\/index.php\/author\/angel-cortez\/#author"},"creator":{"@id":"https:\/\/redeportivamx.com\/index.php\/author\/angel-cortez\/#author"},"image":{"@type":"ImageObject","url":"https:\/\/redeportivamx.com\/wp-content\/uploads\/2026\/09\/image-1.png","@id":"https:\/\/redeportivamx.com\/index.php\/2026\/09\/02\/conoce-las-categorias-soporte-que-acompanaran-al-mexico-gp-2026\/#mainImage","width":1200,"height":674,"caption":"Carreras Soporte del Gran Premio de M\u00e9xico 2026. Imagen: Gran Premio de M\u00e9xico"},"primaryImageOfPage":{"@id":"https:\/\/redeportivamx.com\/index.php\/2026\/09\/02\/conoce-las-categorias-soporte-que-acompanaran-al-mexico-gp-2026\/#mainImage"},"datePublished":"2026-09-02T15:30:02-06:00","dateModified":"2026-09-02T15:30:51-06:00"},{"@type":"WebSite","@id":"https:\/\/redeportivamx.com\/#website","url":"https:\/\/redeportivamx.com\/","name":"redeportivamx.com","description":"\u00a1Conectando tu pasi\u00f3n!","inLanguage":"es-MX","publisher":{"@id":"https:\/\/redeportivamx.com\/#organization"}}]},"og:locale":"es_MX","og:site_name":"Redeportiva MX - \u00a1Conectando tu pasi\u00f3n!","og:type":"sport","og:title":"\u00a1Conoce las categor\u00edas soporte que acompa\u00f1ar\u00e1n al M\u00e9xico GP 2026! - Redeportiva MX","og:description":"De F\u00f3rmula 4 NACAM a Master Historic Racing; las categor\u00edas soporte del M\u00e9xico GP Estamos a 60 d\u00edas de que arranquen los motores en el Aut\u00f3dromo Herm\u00e1nos Rodr\u00edguez y por ello, la organizaci\u00f3n tiene un anuncio especial: El Gran Premio de M\u00e9xico no se limitar\u00e1 a la actividad de la F\u00f3rmula 1 durante el fin","og:url":"https:\/\/redeportivamx.com\/index.php\/2026\/09\/02\/conoce-las-categorias-soporte-que-acompanaran-al-mexico-gp-2026\/","og:image":"https:\/\/redeportivamx.com\/wp-content\/uploads\/2026\/09\/image-1.png","og:image:secure_url":"https:\/\/redeportivamx.com\/wp-content\/uploads\/2026\/09\/image-1.png","og:image:width":1200,"og:image:height":674,"twitter:card":"summary_large_image","twitter:site":"@Redeportivamx","twitter:title":"\u00a1Conoce las categor\u00edas soporte que acompa\u00f1ar\u00e1n al M\u00e9xico GP 2026! - Redeportiva MX","twitter:description":"De F\u00f3rmula 4 NACAM a Master Historic Racing; las categor\u00edas soporte del M\u00e9xico GP Estamos a 60 d\u00edas de que arranquen los motores en el Aut\u00f3dromo Herm\u00e1nos Rodr\u00edguez y por ello, la organizaci\u00f3n tiene un anuncio especial: El Gran Premio de M\u00e9xico no se limitar\u00e1 a la actividad de la F\u00f3rmula 1 durante el fin","twitter:creator":"@Redeportivamx","twitter:image":"https:\/\/redeportivamx.com\/wp-content\/uploads\/2026\/09\/image-1.png"},"aioseo_meta_data":{"post_id":"52764","title":null,"description":null,"keywords":null,"keyphrases":{"focus":{"keyphrase":"","score":0,"analysis":{"keyphraseInTitle":{"score":0,"maxScore":9,"error":1}}},"additional":[]},"primary_term":null,"canonical_url":null,"og_title":null,"og_description":null,"og_object_type":"default","og_image_type":"default","og_image_url":null,"og_image_width":null,"og_image_height":null,"og_image_custom_url":null,"og_image_custom_fields":null,"og_video":"","og_custom_url":null,"og_article_section":null,"og_article_tags":null,"twitter_use_og":false,"twitter_card":"default","twitter_image_type":"default","twitter_image_url":null,"twitter_image_custom_url":null,"twitter_image_custom_fields":null,"twitter_title":null,"twitter_description":null,"schema":{"blockGraphs":[],"customGraphs":[],"default":{"data":{"Article":[],"Course":[],"Dataset":[],"FAQPage":[],"Movie":[],"Person":[],"Product":[],"ProductReview":[],"Car":[],"Recipe":[],"Service":[],"SoftwareApplication":[],"WebPage":[]},"graphName":"BlogPosting","isEnabled":true},"graphs":[]},"schema_type":"default","schema_type_options":null,"pillar_content":false,"robots_default":true,"robots_noindex":false,"robots_noarchive":false,"robots_nosnippet":false,"robots_nofollow":false,"robots_noimageindex":false,"robots_noodp":false,"robots_notranslate":false,"robots_max_snippet":"-1","robots_max_videopreview":"-1","robots_max_imagepreview":"large","priority":null,"frequency":"default","local_seo":null,"breadcrumb_settings":null,"limit_modified_date":false,"ai":{"faqs":[],"keyPoints":[],"schemas":[],"titles":[],"descriptions":[],"socialPosts":{"email":{"subject":"","preview":"","content":""},"linkedin":[],"twitter":[],"facebook":[],"instagram":[]}},"created":"2026-09-02 21:30:06","updated":"2026-09-02 21:30:51","seo_analyzer_scan_date":null,"focus_keyword":null,"additional_keywords":null,"truseo_locale":null},"aioseo_breadcrumb":"<div class=\"aioseo-breadcrumbs\"><span class=\"aioseo-breadcrumb\">\n\t\t\t<a href=\"https:\/\/redeportivamx.com\" title=\"Home\">Home<\/a>\n\t\t<\/span><span class=\"aioseo-breadcrumb-separator\">&raquo;<\/span><span class=\"aioseo-breadcrumb\">\n\t\t\t<a href=\"https:\/\/redeportivamx.com\/index.php\/category\/formula-1\/\" title=\"Formula 1\">Formula 1<\/a>\n\t\t<\/span><span class=\"aioseo-breadcrumb-separator\">&raquo;<\/span><span class=\"aioseo-breadcrumb\">\n\t\t\t<a href=\"https:\/\/redeportivamx.com\/index.php\/category\/formula-1\/gran-premio-de-la-ciudad-de-mexico\/\" title=\"Gran Premio de la Ciudad de M\u00e9xico\">Gran Premio de la Ciudad de M\u00e9xico<\/a>\n\t\t<\/span><span class=\"aioseo-breadcrumb-separator\">&raquo;<\/span><span class=\"aioseo-breadcrumb\">\n\t\t\t\u00a1Conoce las categor\u00edas soporte que acompa\u00f1ar\u00e1n al M\u00e9xico GP 2026!\n\t\t<\/span><\/div>","aioseo_breadcrumb_json":[{"label":"Home","link":"https:\/\/redeportivamx.com"},{"label":"Formula 1","link":"https:\/\/redeportivamx.com\/index.php\/category\/formula-1\/"},{"label":"Gran Premio de la Ciudad de M\u00e9xico","link":"https:\/\/redeportivamx.com\/index.php\/category\/formula-1\/gran-premio-de-la-ciudad-de-mexico\/"},{"label":"\u00a1Conoce las categor\u00edas soporte que acompa\u00f1ar\u00e1n al M\u00e9xico GP 2026!","link":"https:\/\/redeportivamx.com\/index.php\/2026\/09\/02\/conoce-las-categorias-soporte-que-acompanaran-al-mexico-gp-2026\/"}],"jetpack_sharing_enabled":true,"jetpack_featured_media_url":"https:\/\/redeportivamx.com\/wp-content\/uploads\/2026\/09\/image-1.png","_links":{"self":[{"href":"https:\/\/redeportivamx.com\/index.php\/wp-json\/wp\/v2\/posts\/52764","targetHints":{"allow":["GET"]}}],"collection":[{"href":"https:\/\/redeportivamx.com\/index.php\/wp-json\/wp\/v2\/posts"}],"about":[{"href":"https:\/\/redeportivamx.com\/index.php\/wp-json\/wp\/v2\/types\/post"}],"author":[{"embeddable":true,"href":"https:\/\/redeportivamx.com\/index.php\/wp-json\/wp\/v2\/users\/12"}],"replies":[{"embeddable":true,"href":"https:\/\/redeportivamx.com\/index.php\/wp-json\/wp\/v2\/comments?post=52764"}],"version-history":[{"count":2,"href":"https:\/\/redeportivamx.com\/index.php\/wp-json\/wp\/v2\/posts\/52764\/revisions"}],"predecessor-version":[{"id":52769,"href":"https:\/\/redeportivamx.com\/index.php\/wp-json\/wp\/v2\/posts\/52764\/revisions\/52769"}],"wp:featuredmedia":[{"embeddable":true,"href":"https:\/\/redeportivamx.com\/index.php\/wp-json\/wp\/v2\/media\/52766"}],"wp:attachment":[{"href":"https:\/\/redeportivamx.com\/index.php\/wp-json\/wp\/v2\/media?parent=52764"}],"wp:term":[{"taxonomy":"category","embeddable":true,"href":"https:\/\/redeportivamx.com\/index.php\/wp-json\/wp\/v2\/categories?post=52764"},{"taxonomy":"post_tag","embeddable":true,"href":"https:\/\/redeportivamx.com\/index.php\/wp-json\/wp\/v2\/tags?post=52764"}],"curies":[{"name":"wp","href":"https:\/\/api.w.org\/{rel}","templated":true}]}}