{"id":52741,"date":"2026-09-01T21:42:28","date_gmt":"2026-09-02T03:42:28","guid":{"rendered":"https:\/\/redeportivamx.com\/?p=52741"},"modified":"2026-09-01T21:42:29","modified_gmt":"2026-09-02T03:42:29","slug":"historico-seis-delanteros-mexicanos-competiran-en-el-futbol-de-europa-esta-temporada","status":"publish","type":"post","link":"https:\/\/redeportivamx.com\/index.php\/2026\/09\/01\/historico-seis-delanteros-mexicanos-competiran-en-el-futbol-de-europa-esta-temporada\/","title":{"rendered":"\u00a1Hist\u00f3rico! Seis delanteros mexicanos competir\u00e1n en el futbol de Europa esta temporada"},"content":{"rendered":"\n<p class=\"wp-block-paragraph\">El futbol mexicano est\u00e1 de fiesta y las fronteras contin\u00faan rompi\u00e9ndose tras la efervescencia de la Copa del Mundo. Para esta temporada&nbsp;<strong>2026<\/strong>, una cifra sin precedentes marcar\u00e1 la pauta en el balompi\u00e9 internacional: un total de&nbsp;<strong>seis delanteros mexicanos<\/strong>&nbsp;estar\u00e1n compitiendo en el exigente futbol de&nbsp;<strong>Europa<\/strong>.<\/p>\n\n\n\n<p class=\"wp-block-paragraph\">Esta legi\u00f3n tricolor, que combina la experiencia de los consagrados con el hambre de las nuevas joyas forjadas en la Liga MX, promete poner el nombre de M\u00e9xico en alto y garantizar una baraja ofensiva de lujo de cara a los pr\u00f3ximos compromisos internacionales.<\/p>\n\n\n\n<h2 class=\"wp-block-heading\">Los referentes: Movimientos estelares en Portugal e Inglaterra<\/h2>\n\n\n\n<p class=\"wp-block-paragraph\">El ataque azteca en el viejo continente sigue teniendo nombres de much\u00edsimo peso.&nbsp;<strong>Santiago Gim\u00e9nez<\/strong>&nbsp;protagoniza uno de los movimientos m\u00e1s interesantes del mercado al llegar a Portugal para enfundarse la camiseta del&nbsp;<strong>Porto<\/strong>. El &#8220;Bebote&#8221; aterriza en los Dragones en calidad de cedido tras su paso por el AC Milan de la Serie A, buscando consolidarse como el referente ofensivo indiscutible en una liga que hist\u00f3ricamente le sienta bien a los mexicanos.<\/p>\n\n\n\n<p class=\"wp-block-paragraph\">Por su parte, el incombustible&nbsp;<strong>Ra\u00fal Jim\u00e9nez<\/strong>&nbsp;sigue escribiendo su historia en el futbol ingl\u00e9s. El &#8220;Lobo de Tepeji&#8221; se mantiene compitiendo al m\u00e1s alto nivel en la Premier League con el&nbsp;<strong>Wolverhampton<\/strong>, extendiendo un legado de resiliencia y jerarqu\u00eda que sirve de inspiraci\u00f3n para las nuevas generaciones.<\/p>\n\n\n\n<h2 class=\"wp-block-heading\">Orgullo azulcrema y sangre nueva en el ataque europeo<\/h2>\n\n\n\n<p class=\"wp-block-paragraph\">Uno de los saltos que m\u00e1s ilusiona a la afici\u00f3n es el de la cantera del Club Am\u00e9rica.&nbsp;<strong>Patricio Salas<\/strong>&nbsp;arranca su tan ansiada aventura europea. El talentoso &#8220;Pato&#8221; llega a pr\u00e9stamo por un a\u00f1o al&nbsp;<strong>Famalic\u00e3o<\/strong>&nbsp;de la Primera Divisi\u00f3n de Portugal, una excelente vitrina donde buscar\u00e1 sumar minutos, pulir su olfato goleador y demostrar la calidad que lo llev\u00f3 a destacar en las filas azulcremas.<\/p>\n\n\n\n<p class=\"wp-block-paragraph\">La representaci\u00f3n joven no se detiene ah\u00ed. En los Pa\u00edses Bajos,&nbsp;<strong>Stephano Carrillo<\/strong>&nbsp;se mantiene en las filas del&nbsp;<strong>Feyenoord<\/strong>. Tras un importante proceso de maduraci\u00f3n en divisiones formativas y un periodo de pr\u00e9stamo, el artillero busca ganarse un lugar definitivo en el primer equipo neerland\u00e9s.<\/p>\n\n\n\n<h2 class=\"wp-block-heading\">Nuevos horizontes: Grecia y Croacia abren sus puertas<\/h2>\n\n\n\n<p class=\"wp-block-paragraph\">La expansi\u00f3n del talento mexicano tambi\u00e9n explora nuevos y exigentes territorios. Tras el Mundial,\u00a0<strong>Armando &#8220;Hormiga&#8221; Gonz\u00e1lez<\/strong>\u00a0concret\u00f3 su salida de las Chivas en una transferencia definitiva para unirse a las filas del hist\u00f3rico\u00a0<strong>Olympiacos<\/strong>en Grecia, un club acostumbrado a pelear campeonatos y disputar torneos continentales.<\/p>\n\n\n\n<p class=\"wp-block-paragraph\">Finalmente, completando esta hist\u00f3rica lista de seis&nbsp;<strong>delanteros mexicanos en Europa<\/strong>, se encuentra&nbsp;<strong>Armando Le\u00f3n<\/strong>. El atacante buscar\u00e1 abrirse camino y ganarse un nombre en una liga f\u00edsica y competitiva al sumarse al&nbsp;<strong>NK Osijek<\/strong>&nbsp;de Croacia en calidad de agente libre.<\/p>\n\n\n\n<p class=\"wp-block-paragraph\"><\/p>\n","protected":false},"excerpt":{"rendered":"<p>Santiago Gim\u00e9nez, Ra\u00fal Jim\u00e9nez, Pato Salas y la &#8220;Hormiga&#8221; Gonz\u00e1lez lideran la legi\u00f3n de seis delanteros mexicanos que har\u00e1n historia en Europa.<\/p>\n","protected":false},"author":25,"featured_media":52747,"comment_status":"open","ping_status":"open","sticky":false,"template":"","format":"standard","meta":{"_monsterinsights_skip_tracking":false,"_jetpack_newsletter_access":"","_jetpack_dont_email_post_to_subs":false,"_jetpack_newsletter_tier_id":0,"_jetpack_memberships_contains_paywalled_content":false,"_jetpack_feature_clip_id":0,"_jetpack_memberships_contains_paid_content":false,"footnotes":"","jetpack_post_was_ever_published":false},"categories":[12],"tags":[2198,20],"class_list":["post-52741","post","type-post","status-publish","format-standard","has-post-thumbnail","hentry","category-futbol-internacional","tag-europa","tag-ligamx"],"aioseo_notices":[],"aioseo_head":"\n\t\t<!-- All in One SEO 5.0.1.1 - aioseo.com -->\n\t<meta name=\"description\" content=\"Santiago Gim\u00e9nez, Ra\u00fal Jim\u00e9nez, Pato Salas y la &quot;Hormiga&quot; Gonz\u00e1lez lideran la legi\u00f3n de seis delanteros mexicanos que har\u00e1n historia en Europa.\" \/>\n\t<meta name=\"robots\" content=\"max-image-preview:large\" \/>\n\t<meta name=\"author\" content=\"Maria Bueno\"\/>\n\t<link rel=\"canonical\" href=\"https:\/\/redeportivamx.com\/index.php\/2026\/09\/01\/historico-seis-delanteros-mexicanos-competiran-en-el-futbol-de-europa-esta-temporada\/\" \/>\n\t<meta name=\"generator\" content=\"All in One SEO (AIOSEO) 5.0.1.1\" \/>\n\t\t<meta property=\"og:locale\" content=\"es_MX\" \/>\n\t\t<meta property=\"og:site_name\" content=\"Redeportiva MX - \u00a1Conectando tu pasi\u00f3n!\" \/>\n\t\t<meta property=\"og:type\" content=\"sport\" \/>\n\t\t<meta property=\"og:title\" content=\"\u00a1Hist\u00f3rico! Seis delanteros mexicanos competir\u00e1n en el futbol de Europa esta temporada - Redeportiva MX\" \/>\n\t\t<meta property=\"og:description\" content=\"Santiago Gim\u00e9nez, Ra\u00fal Jim\u00e9nez, Pato Salas y la &quot;Hormiga&quot; Gonz\u00e1lez lideran la legi\u00f3n de seis delanteros mexicanos que har\u00e1n historia en Europa.\" \/>\n\t\t<meta property=\"og:url\" content=\"https:\/\/redeportivamx.com\/index.php\/2026\/09\/01\/historico-seis-delanteros-mexicanos-competiran-en-el-futbol-de-europa-esta-temporada\/\" \/>\n\t\t<meta property=\"og:image\" content=\"https:\/\/redeportivamx.com\/wp-content\/uploads\/2026\/09\/SaveClip.App_789506003_1620599616092398_4519403880291560009_n.jpeg\" \/>\n\t\t<meta property=\"og:image:secure_url\" content=\"https:\/\/redeportivamx.com\/wp-content\/uploads\/2026\/09\/SaveClip.App_789506003_1620599616092398_4519403880291560009_n.jpeg\" \/>\n\t\t<meta property=\"og:image:width\" content=\"1638\" \/>\n\t\t<meta property=\"og:image:height\" content=\"921\" \/>\n\t\t<meta name=\"twitter:card\" content=\"summary_large_image\" \/>\n\t\t<meta name=\"twitter:site\" content=\"@Redeportivamx\" \/>\n\t\t<meta name=\"twitter:title\" content=\"\u00a1Hist\u00f3rico! Seis delanteros mexicanos competir\u00e1n en el futbol de Europa esta temporada - Redeportiva MX\" \/>\n\t\t<meta name=\"twitter:description\" content=\"Santiago Gim\u00e9nez, Ra\u00fal Jim\u00e9nez, Pato Salas y la &quot;Hormiga&quot; Gonz\u00e1lez lideran la legi\u00f3n de seis delanteros mexicanos que har\u00e1n historia en Europa.\" \/>\n\t\t<meta name=\"twitter:creator\" content=\"@Redeportivamx\" \/>\n\t\t<meta name=\"twitter:image\" content=\"https:\/\/redeportivamx.com\/wp-content\/uploads\/2026\/09\/SaveClip.App_789506003_1620599616092398_4519403880291560009_n.jpeg\" \/>\n\t\t<script type=\"application\/ld+json\" class=\"aioseo-schema\">\n\t\t\t{\"@context\":\"https:\\\/\\\/schema.org\",\"@graph\":[{\"@type\":\"BlogPosting\",\"@id\":\"https:\\\/\\\/redeportivamx.com\\\/index.php\\\/2026\\\/09\\\/01\\\/historico-seis-delanteros-mexicanos-competiran-en-el-futbol-de-europa-esta-temporada\\\/#blogposting\",\"name\":\"\\u00a1Hist\\u00f3rico! Seis delanteros mexicanos competir\\u00e1n en el futbol de Europa esta temporada - Redeportiva MX\",\"headline\":\"\\u00a1Hist\\u00f3rico! Seis delanteros mexicanos competir\\u00e1n en el futbol de Europa esta temporada\",\"author\":{\"@id\":\"https:\\\/\\\/redeportivamx.com\\\/index.php\\\/author\\\/maria-alejandra-bueno\\\/#author\"},\"publisher\":{\"@id\":\"https:\\\/\\\/redeportivamx.com\\\/#organization\"},\"image\":{\"@type\":\"ImageObject\",\"url\":\"https:\\\/\\\/redeportivamx.com\\\/wp-content\\\/uploads\\\/2026\\\/09\\\/SaveClip.App_789506003_1620599616092398_4519403880291560009_n.jpeg\",\"width\":1638,\"height\":921,\"caption\":\"Foto: @fcporto\"},\"datePublished\":\"2026-09-01T21:42:28-06:00\",\"dateModified\":\"2026-09-01T21:42:29-06:00\",\"inLanguage\":\"es-MX\",\"mainEntityOfPage\":{\"@id\":\"https:\\\/\\\/redeportivamx.com\\\/index.php\\\/2026\\\/09\\\/01\\\/historico-seis-delanteros-mexicanos-competiran-en-el-futbol-de-europa-esta-temporada\\\/#webpage\"},\"isPartOf\":{\"@id\":\"https:\\\/\\\/redeportivamx.com\\\/index.php\\\/2026\\\/09\\\/01\\\/historico-seis-delanteros-mexicanos-competiran-en-el-futbol-de-europa-esta-temporada\\\/#webpage\"},\"articleSection\":\"Futbol Internacional, Europa, LigaMX\"},{\"@type\":\"BreadcrumbList\",\"@id\":\"https:\\\/\\\/redeportivamx.com\\\/index.php\\\/2026\\\/09\\\/01\\\/historico-seis-delanteros-mexicanos-competiran-en-el-futbol-de-europa-esta-temporada\\\/#breadcrumblist\",\"itemListElement\":[{\"@type\":\"ListItem\",\"@id\":\"https:\\\/\\\/redeportivamx.com#listItem\",\"position\":1,\"name\":\"Home\",\"item\":\"https:\\\/\\\/redeportivamx.com\",\"nextItem\":{\"@type\":\"ListItem\",\"@id\":\"https:\\\/\\\/redeportivamx.com\\\/index.php\\\/category\\\/futbol-internacional\\\/#listItem\",\"name\":\"Futbol Internacional\"}},{\"@type\":\"ListItem\",\"@id\":\"https:\\\/\\\/redeportivamx.com\\\/index.php\\\/category\\\/futbol-internacional\\\/#listItem\",\"position\":2,\"name\":\"Futbol Internacional\",\"item\":\"https:\\\/\\\/redeportivamx.com\\\/index.php\\\/category\\\/futbol-internacional\\\/\",\"nextItem\":{\"@type\":\"ListItem\",\"@id\":\"https:\\\/\\\/redeportivamx.com\\\/index.php\\\/2026\\\/09\\\/01\\\/historico-seis-delanteros-mexicanos-competiran-en-el-futbol-de-europa-esta-temporada\\\/#listItem\",\"name\":\"\\u00a1Hist\\u00f3rico! Seis delanteros mexicanos competir\\u00e1n en el futbol de Europa esta temporada\"},\"previousItem\":{\"@type\":\"ListItem\",\"@id\":\"https:\\\/\\\/redeportivamx.com#listItem\",\"name\":\"Home\"}},{\"@type\":\"ListItem\",\"@id\":\"https:\\\/\\\/redeportivamx.com\\\/index.php\\\/2026\\\/09\\\/01\\\/historico-seis-delanteros-mexicanos-competiran-en-el-futbol-de-europa-esta-temporada\\\/#listItem\",\"position\":3,\"name\":\"\\u00a1Hist\\u00f3rico! Seis delanteros mexicanos competir\\u00e1n en el futbol de Europa esta temporada\",\"previousItem\":{\"@type\":\"ListItem\",\"@id\":\"https:\\\/\\\/redeportivamx.com\\\/index.php\\\/category\\\/futbol-internacional\\\/#listItem\",\"name\":\"Futbol Internacional\"}}]},{\"@type\":\"Organization\",\"@id\":\"https:\\\/\\\/redeportivamx.com\\\/#organization\",\"name\":\"redeportivamx.com\",\"description\":\"\\u00a1Conectando tu pasi\\u00f3n!\",\"url\":\"https:\\\/\\\/redeportivamx.com\\\/\",\"sameAs\":[\"https:\\\/\\\/www.facebook.com\\\/profile.php?id=61565592572733\",\"https:\\\/\\\/x.com\\\/Redeportivamx?s=20\",\"https:\\\/\\\/www.instagram.com\\\/redeportivamx\\\/\",\"https:\\\/\\\/www.tiktok.com\\\/@redeportiva.mx\",\"https:\\\/\\\/www.youtube.com\\\/@Redeportiva-MX\"]},{\"@type\":\"Person\",\"@id\":\"https:\\\/\\\/redeportivamx.com\\\/index.php\\\/author\\\/maria-alejandra-bueno\\\/#author\",\"url\":\"https:\\\/\\\/redeportivamx.com\\\/index.php\\\/author\\\/maria-alejandra-bueno\\\/\",\"name\":\"Maria Bueno\",\"image\":{\"@type\":\"ImageObject\",\"@id\":\"https:\\\/\\\/redeportivamx.com\\\/index.php\\\/2026\\\/09\\\/01\\\/historico-seis-delanteros-mexicanos-competiran-en-el-futbol-de-europa-esta-temporada\\\/#authorImage\",\"url\":\"https:\\\/\\\/secure.gravatar.com\\\/avatar\\\/e2bf018392864485234ba4109c893fe67481f95f3f6cc81eb9305e874cece686?s=96&d=mm&r=g\",\"width\":96,\"height\":96,\"caption\":\"Maria Bueno\"}},{\"@type\":\"WebPage\",\"@id\":\"https:\\\/\\\/redeportivamx.com\\\/index.php\\\/2026\\\/09\\\/01\\\/historico-seis-delanteros-mexicanos-competiran-en-el-futbol-de-europa-esta-temporada\\\/#webpage\",\"url\":\"https:\\\/\\\/redeportivamx.com\\\/index.php\\\/2026\\\/09\\\/01\\\/historico-seis-delanteros-mexicanos-competiran-en-el-futbol-de-europa-esta-temporada\\\/\",\"name\":\"\\u00a1Hist\\u00f3rico! Seis delanteros mexicanos competir\\u00e1n en el futbol de Europa esta temporada - Redeportiva MX\",\"description\":\"Santiago Gim\\u00e9nez, Ra\\u00fal Jim\\u00e9nez, Pato Salas y la \\\"Hormiga\\\" Gonz\\u00e1lez lideran la legi\\u00f3n de seis delanteros mexicanos que har\\u00e1n historia en Europa.\",\"inLanguage\":\"es-MX\",\"isPartOf\":{\"@id\":\"https:\\\/\\\/redeportivamx.com\\\/#website\"},\"breadcrumb\":{\"@id\":\"https:\\\/\\\/redeportivamx.com\\\/index.php\\\/2026\\\/09\\\/01\\\/historico-seis-delanteros-mexicanos-competiran-en-el-futbol-de-europa-esta-temporada\\\/#breadcrumblist\"},\"author\":{\"@id\":\"https:\\\/\\\/redeportivamx.com\\\/index.php\\\/author\\\/maria-alejandra-bueno\\\/#author\"},\"creator\":{\"@id\":\"https:\\\/\\\/redeportivamx.com\\\/index.php\\\/author\\\/maria-alejandra-bueno\\\/#author\"},\"image\":{\"@type\":\"ImageObject\",\"url\":\"https:\\\/\\\/redeportivamx.com\\\/wp-content\\\/uploads\\\/2026\\\/09\\\/SaveClip.App_789506003_1620599616092398_4519403880291560009_n.jpeg\",\"@id\":\"https:\\\/\\\/redeportivamx.com\\\/index.php\\\/2026\\\/09\\\/01\\\/historico-seis-delanteros-mexicanos-competiran-en-el-futbol-de-europa-esta-temporada\\\/#mainImage\",\"width\":1638,\"height\":921,\"caption\":\"Foto: @fcporto\"},\"primaryImageOfPage\":{\"@id\":\"https:\\\/\\\/redeportivamx.com\\\/index.php\\\/2026\\\/09\\\/01\\\/historico-seis-delanteros-mexicanos-competiran-en-el-futbol-de-europa-esta-temporada\\\/#mainImage\"},\"datePublished\":\"2026-09-01T21:42:28-06:00\",\"dateModified\":\"2026-09-01T21:42:29-06:00\"},{\"@type\":\"WebSite\",\"@id\":\"https:\\\/\\\/redeportivamx.com\\\/#website\",\"url\":\"https:\\\/\\\/redeportivamx.com\\\/\",\"name\":\"redeportivamx.com\",\"description\":\"\\u00a1Conectando tu pasi\\u00f3n!\",\"inLanguage\":\"es-MX\",\"publisher\":{\"@id\":\"https:\\\/\\\/redeportivamx.com\\\/#organization\"}}]}\n\t\t<\/script>\n\t\t<!-- All in One SEO -->\n\n","aioseo_head_json":{"title":"\u00a1Hist\u00f3rico! Seis delanteros mexicanos competir\u00e1n en el futbol de Europa esta temporada - Redeportiva MX","description":"Santiago Gim\u00e9nez, Ra\u00fal Jim\u00e9nez, Pato Salas y la \"Hormiga\" Gonz\u00e1lez lideran la legi\u00f3n de seis delanteros mexicanos que har\u00e1n historia en Europa.","canonical_url":"https:\/\/redeportivamx.com\/index.php\/2026\/09\/01\/historico-seis-delanteros-mexicanos-competiran-en-el-futbol-de-europa-esta-temporada\/","robots":"max-image-preview:large","keywords":"","webmasterTools":{"miscellaneous":""},"schema":{"@context":"https:\/\/schema.org","@graph":[{"@type":"BlogPosting","@id":"https:\/\/redeportivamx.com\/index.php\/2026\/09\/01\/historico-seis-delanteros-mexicanos-competiran-en-el-futbol-de-europa-esta-temporada\/#blogposting","name":"\u00a1Hist\u00f3rico! Seis delanteros mexicanos competir\u00e1n en el futbol de Europa esta temporada - Redeportiva MX","headline":"\u00a1Hist\u00f3rico! Seis delanteros mexicanos competir\u00e1n en el futbol de Europa esta temporada","author":{"@id":"https:\/\/redeportivamx.com\/index.php\/author\/maria-alejandra-bueno\/#author"},"publisher":{"@id":"https:\/\/redeportivamx.com\/#organization"},"image":{"@type":"ImageObject","url":"https:\/\/redeportivamx.com\/wp-content\/uploads\/2026\/09\/SaveClip.App_789506003_1620599616092398_4519403880291560009_n.jpeg","width":1638,"height":921,"caption":"Foto: @fcporto"},"datePublished":"2026-09-01T21:42:28-06:00","dateModified":"2026-09-01T21:42:29-06:00","inLanguage":"es-MX","mainEntityOfPage":{"@id":"https:\/\/redeportivamx.com\/index.php\/2026\/09\/01\/historico-seis-delanteros-mexicanos-competiran-en-el-futbol-de-europa-esta-temporada\/#webpage"},"isPartOf":{"@id":"https:\/\/redeportivamx.com\/index.php\/2026\/09\/01\/historico-seis-delanteros-mexicanos-competiran-en-el-futbol-de-europa-esta-temporada\/#webpage"},"articleSection":"Futbol Internacional, Europa, LigaMX"},{"@type":"BreadcrumbList","@id":"https:\/\/redeportivamx.com\/index.php\/2026\/09\/01\/historico-seis-delanteros-mexicanos-competiran-en-el-futbol-de-europa-esta-temporada\/#breadcrumblist","itemListElement":[{"@type":"ListItem","@id":"https:\/\/redeportivamx.com#listItem","position":1,"name":"Home","item":"https:\/\/redeportivamx.com","nextItem":{"@type":"ListItem","@id":"https:\/\/redeportivamx.com\/index.php\/category\/futbol-internacional\/#listItem","name":"Futbol Internacional"}},{"@type":"ListItem","@id":"https:\/\/redeportivamx.com\/index.php\/category\/futbol-internacional\/#listItem","position":2,"name":"Futbol Internacional","item":"https:\/\/redeportivamx.com\/index.php\/category\/futbol-internacional\/","nextItem":{"@type":"ListItem","@id":"https:\/\/redeportivamx.com\/index.php\/2026\/09\/01\/historico-seis-delanteros-mexicanos-competiran-en-el-futbol-de-europa-esta-temporada\/#listItem","name":"\u00a1Hist\u00f3rico! Seis delanteros mexicanos competir\u00e1n en el futbol de Europa esta temporada"},"previousItem":{"@type":"ListItem","@id":"https:\/\/redeportivamx.com#listItem","name":"Home"}},{"@type":"ListItem","@id":"https:\/\/redeportivamx.com\/index.php\/2026\/09\/01\/historico-seis-delanteros-mexicanos-competiran-en-el-futbol-de-europa-esta-temporada\/#listItem","position":3,"name":"\u00a1Hist\u00f3rico! Seis delanteros mexicanos competir\u00e1n en el futbol de Europa esta temporada","previousItem":{"@type":"ListItem","@id":"https:\/\/redeportivamx.com\/index.php\/category\/futbol-internacional\/#listItem","name":"Futbol Internacional"}}]},{"@type":"Organization","@id":"https:\/\/redeportivamx.com\/#organization","name":"redeportivamx.com","description":"\u00a1Conectando tu pasi\u00f3n!","url":"https:\/\/redeportivamx.com\/","sameAs":["https:\/\/www.facebook.com\/profile.php?id=61565592572733","https:\/\/x.com\/Redeportivamx?s=20","https:\/\/www.instagram.com\/redeportivamx\/","https:\/\/www.tiktok.com\/@redeportiva.mx","https:\/\/www.youtube.com\/@Redeportiva-MX"]},{"@type":"Person","@id":"https:\/\/redeportivamx.com\/index.php\/author\/maria-alejandra-bueno\/#author","url":"https:\/\/redeportivamx.com\/index.php\/author\/maria-alejandra-bueno\/","name":"Maria Bueno","image":{"@type":"ImageObject","@id":"https:\/\/redeportivamx.com\/index.php\/2026\/09\/01\/historico-seis-delanteros-mexicanos-competiran-en-el-futbol-de-europa-esta-temporada\/#authorImage","url":"https:\/\/secure.gravatar.com\/avatar\/e2bf018392864485234ba4109c893fe67481f95f3f6cc81eb9305e874cece686?s=96&d=mm&r=g","width":96,"height":96,"caption":"Maria Bueno"}},{"@type":"WebPage","@id":"https:\/\/redeportivamx.com\/index.php\/2026\/09\/01\/historico-seis-delanteros-mexicanos-competiran-en-el-futbol-de-europa-esta-temporada\/#webpage","url":"https:\/\/redeportivamx.com\/index.php\/2026\/09\/01\/historico-seis-delanteros-mexicanos-competiran-en-el-futbol-de-europa-esta-temporada\/","name":"\u00a1Hist\u00f3rico! Seis delanteros mexicanos competir\u00e1n en el futbol de Europa esta temporada - Redeportiva MX","description":"Santiago Gim\u00e9nez, Ra\u00fal Jim\u00e9nez, Pato Salas y la \"Hormiga\" Gonz\u00e1lez lideran la legi\u00f3n de seis delanteros mexicanos que har\u00e1n historia en Europa.","inLanguage":"es-MX","isPartOf":{"@id":"https:\/\/redeportivamx.com\/#website"},"breadcrumb":{"@id":"https:\/\/redeportivamx.com\/index.php\/2026\/09\/01\/historico-seis-delanteros-mexicanos-competiran-en-el-futbol-de-europa-esta-temporada\/#breadcrumblist"},"author":{"@id":"https:\/\/redeportivamx.com\/index.php\/author\/maria-alejandra-bueno\/#author"},"creator":{"@id":"https:\/\/redeportivamx.com\/index.php\/author\/maria-alejandra-bueno\/#author"},"image":{"@type":"ImageObject","url":"https:\/\/redeportivamx.com\/wp-content\/uploads\/2026\/09\/SaveClip.App_789506003_1620599616092398_4519403880291560009_n.jpeg","@id":"https:\/\/redeportivamx.com\/index.php\/2026\/09\/01\/historico-seis-delanteros-mexicanos-competiran-en-el-futbol-de-europa-esta-temporada\/#mainImage","width":1638,"height":921,"caption":"Foto: @fcporto"},"primaryImageOfPage":{"@id":"https:\/\/redeportivamx.com\/index.php\/2026\/09\/01\/historico-seis-delanteros-mexicanos-competiran-en-el-futbol-de-europa-esta-temporada\/#mainImage"},"datePublished":"2026-09-01T21:42:28-06:00","dateModified":"2026-09-01T21:42:29-06:00"},{"@type":"WebSite","@id":"https:\/\/redeportivamx.com\/#website","url":"https:\/\/redeportivamx.com\/","name":"redeportivamx.com","description":"\u00a1Conectando tu pasi\u00f3n!","inLanguage":"es-MX","publisher":{"@id":"https:\/\/redeportivamx.com\/#organization"}}]},"og:locale":"es_MX","og:site_name":"Redeportiva MX - \u00a1Conectando tu pasi\u00f3n!","og:type":"sport","og:title":"\u00a1Hist\u00f3rico! Seis delanteros mexicanos competir\u00e1n en el futbol de Europa esta temporada - Redeportiva MX","og:description":"Santiago Gim\u00e9nez, Ra\u00fal Jim\u00e9nez, Pato Salas y la &quot;Hormiga&quot; Gonz\u00e1lez lideran la legi\u00f3n de seis delanteros mexicanos que har\u00e1n historia en Europa.","og:url":"https:\/\/redeportivamx.com\/index.php\/2026\/09\/01\/historico-seis-delanteros-mexicanos-competiran-en-el-futbol-de-europa-esta-temporada\/","og:image":"https:\/\/redeportivamx.com\/wp-content\/uploads\/2026\/09\/SaveClip.App_789506003_1620599616092398_4519403880291560009_n.jpeg","og:image:secure_url":"https:\/\/redeportivamx.com\/wp-content\/uploads\/2026\/09\/SaveClip.App_789506003_1620599616092398_4519403880291560009_n.jpeg","og:image:width":1638,"og:image:height":921,"twitter:card":"summary_large_image","twitter:site":"@Redeportivamx","twitter:title":"\u00a1Hist\u00f3rico! Seis delanteros mexicanos competir\u00e1n en el futbol de Europa esta temporada - Redeportiva MX","twitter:description":"Santiago Gim\u00e9nez, Ra\u00fal Jim\u00e9nez, Pato Salas y la &quot;Hormiga&quot; Gonz\u00e1lez lideran la legi\u00f3n de seis delanteros mexicanos que har\u00e1n historia en Europa.","twitter:creator":"@Redeportivamx","twitter:image":"https:\/\/redeportivamx.com\/wp-content\/uploads\/2026\/09\/SaveClip.App_789506003_1620599616092398_4519403880291560009_n.jpeg"},"aioseo_meta_data":{"post_id":"52741","title":null,"description":null,"keywords":null,"keyphrases":{"focus":{"keyphrase":"Delanteros mexicanos en Europa","score":0,"analysis":[]},"additional":[]},"primary_term":null,"canonical_url":null,"og_title":null,"og_description":null,"og_object_type":"default","og_image_type":"default","og_image_url":null,"og_image_width":null,"og_image_height":null,"og_image_custom_url":null,"og_image_custom_fields":null,"og_video":"","og_custom_url":null,"og_article_section":null,"og_article_tags":null,"twitter_use_og":false,"twitter_card":"default","twitter_image_type":"default","twitter_image_url":null,"twitter_image_custom_url":null,"twitter_image_custom_fields":null,"twitter_title":null,"twitter_description":null,"schema":{"blockGraphs":[],"customGraphs":[],"default":{"data":{"Article":[],"Course":[],"Dataset":[],"FAQPage":[],"Movie":[],"Person":[],"Product":[],"ProductReview":[],"Car":[],"Recipe":[],"Service":[],"SoftwareApplication":[],"WebPage":[]},"graphName":"BlogPosting","isEnabled":true},"graphs":[]},"schema_type":"default","schema_type_options":null,"pillar_content":false,"robots_default":true,"robots_noindex":false,"robots_noarchive":false,"robots_nosnippet":false,"robots_nofollow":false,"robots_noimageindex":false,"robots_noodp":false,"robots_notranslate":false,"robots_max_snippet":"-1","robots_max_videopreview":"-1","robots_max_imagepreview":"large","priority":null,"frequency":"default","local_seo":null,"breadcrumb_settings":null,"limit_modified_date":false,"ai":{"faqs":[],"keyPoints":[],"schemas":[],"titles":[],"descriptions":[],"socialPosts":{"email":{"subject":"","preview":"","content":""},"linkedin":[],"twitter":[],"facebook":[],"instagram":[]}},"created":"2026-09-02 03:42:29","updated":"2026-09-02 03:54:16","seo_analyzer_scan_date":null,"focus_keyword":"Delanteros mexicanos en Europa","additional_keywords":null,"truseo_locale":null},"aioseo_breadcrumb":"<div class=\"aioseo-breadcrumbs\"><span class=\"aioseo-breadcrumb\">\n\t\t\t<a href=\"https:\/\/redeportivamx.com\" title=\"Home\">Home<\/a>\n\t\t<\/span><span class=\"aioseo-breadcrumb-separator\">&raquo;<\/span><span class=\"aioseo-breadcrumb\">\n\t\t\t<a href=\"https:\/\/redeportivamx.com\/index.php\/category\/futbol-internacional\/\" title=\"Futbol Internacional\">Futbol Internacional<\/a>\n\t\t<\/span><span class=\"aioseo-breadcrumb-separator\">&raquo;<\/span><span class=\"aioseo-breadcrumb\">\n\t\t\t\u00a1Hist\u00f3rico! Seis delanteros mexicanos competir\u00e1n en el futbol de Europa esta temporada\n\t\t<\/span><\/div>","aioseo_breadcrumb_json":[{"label":"Home","link":"https:\/\/redeportivamx.com"},{"label":"Futbol Internacional","link":"https:\/\/redeportivamx.com\/index.php\/category\/futbol-internacional\/"},{"label":"\u00a1Hist\u00f3rico! Seis delanteros mexicanos competir\u00e1n en el futbol de Europa esta temporada","link":"https:\/\/redeportivamx.com\/index.php\/2026\/09\/01\/historico-seis-delanteros-mexicanos-competiran-en-el-futbol-de-europa-esta-temporada\/"}],"jetpack_sharing_enabled":true,"jetpack_featured_media_url":"https:\/\/redeportivamx.com\/wp-content\/uploads\/2026\/09\/SaveClip.App_789506003_1620599616092398_4519403880291560009_n.jpeg","_links":{"self":[{"href":"https:\/\/redeportivamx.com\/index.php\/wp-json\/wp\/v2\/posts\/52741","targetHints":{"allow":["GET"]}}],"collection":[{"href":"https:\/\/redeportivamx.com\/index.php\/wp-json\/wp\/v2\/posts"}],"about":[{"href":"https:\/\/redeportivamx.com\/index.php\/wp-json\/wp\/v2\/types\/post"}],"author":[{"embeddable":true,"href":"https:\/\/redeportivamx.com\/index.php\/wp-json\/wp\/v2\/users\/25"}],"replies":[{"embeddable":true,"href":"https:\/\/redeportivamx.com\/index.php\/wp-json\/wp\/v2\/comments?post=52741"}],"version-history":[{"count":1,"href":"https:\/\/redeportivamx.com\/index.php\/wp-json\/wp\/v2\/posts\/52741\/revisions"}],"predecessor-version":[{"id":52749,"href":"https:\/\/redeportivamx.com\/index.php\/wp-json\/wp\/v2\/posts\/52741\/revisions\/52749"}],"wp:featuredmedia":[{"embeddable":true,"href":"https:\/\/redeportivamx.com\/index.php\/wp-json\/wp\/v2\/media\/52747"}],"wp:attachment":[{"href":"https:\/\/redeportivamx.com\/index.php\/wp-json\/wp\/v2\/media?parent=52741"}],"wp:term":[{"taxonomy":"category","embeddable":true,"href":"https:\/\/redeportivamx.com\/index.php\/wp-json\/wp\/v2\/categories?post=52741"},{"taxonomy":"post_tag","embeddable":true,"href":"https:\/\/redeportivamx.com\/index.php\/wp-json\/wp\/v2\/tags?post=52741"}],"curies":[{"name":"wp","href":"https:\/\/api.w.org\/{rel}","templated":true}]}}