{"id":52717,"date":"2026-08-28T20:19:06","date_gmt":"2026-08-29T02:19:06","guid":{"rendered":"https:\/\/redeportivamx.com\/?p=52717"},"modified":"2026-09-01T21:09:42","modified_gmt":"2026-09-02T03:09:42","slug":"patinaje-artistico-aleksandr-selevko-se-une-al-elenco-internacional-del-passio-tour-2026","status":"publish","type":"post","link":"https:\/\/redeportivamx.com\/index.php\/2026\/08\/28\/patinaje-artistico-aleksandr-selevko-se-une-al-elenco-internacional-del-passio-tour-2026\/","title":{"rendered":"Patinaje Art\u00edstico: Aleksandr Selevko se une al elenco internacional del Passio Tour 2026"},"content":{"rendered":"\n<h2 class=\"wp-block-heading\">Aleksandr Selevko es confirmado como otro de los patinadores para el Passio Tour previo al comienzo de su temporada competitiva<\/h2>\n\n\n\n<p class=\"wp-block-paragraph\"><strong>El patinador estonio, Aleksandr Selevko, de 25 a\u00f1os de edad, se suma<\/strong> al elenco internacional del Passio Tour 2026 de <a href=\"https:\/\/redeportivamx.com\/index.php\/category\/patinaje-artistico\/\">Patinaje Art\u00edstico<\/a>. El representante europeo llegar\u00e1 a la Pista de Hielo Santa Fe el pr\u00f3ximo 3 de octubre para formar parte de este espect\u00e1culo sobre hielo producido por Donovan Carrillo. Su incorporaci\u00f3n aporta un gran nivel a la gala, al tratarse de un talento que se mantiene muy activo en la \u00e9lite del patinaje art\u00edstico.<\/p>\n\n\n\n<figure class=\"wp-block-embed is-type-rich is-provider-instagram wp-block-embed-instagram\"><div class=\"wp-block-embed__wrapper\">\n<blockquote class=\"instagram-media\" data-instgrm-captioned data-instgrm-permalink=\"https:\/\/www.instagram.com\/p\/DcmIyCjj5hj\/?utm_source=ig_embed&amp;utm_campaign=loading\" data-instgrm-version=\"14\" style=\" background:#FFF; border:0; border-radius:3px; box-shadow:0 0 1px 0 rgba(0,0,0,0.5),0 1px 10px 0 rgba(0,0,0,0.15); margin: 1px; max-width:640px; min-width:326px; padding:0; width:99.375%; width:-webkit-calc(100% - 2px); width:calc(100% - 2px);\"><div style=\"padding:16px;\"> <a href=\"https:\/\/www.instagram.com\/p\/DcmIyCjj5hj\/?utm_source=ig_embed&amp;utm_campaign=loading\" style=\" background:#FFFFFF; line-height:0; padding:0 0; text-align:center; text-decoration:none; width:100%;\" target=\"_blank\"> <div style=\" display: flex; flex-direction: row; align-items: center;\"> <div style=\"background-color: #F4F4F4; border-radius: 50%; flex-grow: 0; height: 40px; margin-right: 14px; width: 40px;\"><\/div> <div style=\"display: flex; flex-direction: column; flex-grow: 1; justify-content: center;\"> <div style=\" background-color: #F4F4F4; border-radius: 4px; flex-grow: 0; height: 14px; margin-bottom: 6px; width: 100px;\"><\/div> <div style=\" background-color: #F4F4F4; border-radius: 4px; flex-grow: 0; height: 14px; width: 60px;\"><\/div><\/div><\/div><div style=\"padding: 19% 0;\"><\/div> <div style=\"display:block; height:50px; margin:0 auto 12px; width:50px;\"><svg width=\"50px\" height=\"50px\" viewBox=\"0 0 60 60\" version=\"1.1\" xmlns=\"https:\/\/www.w3.org\/2000\/svg\" xmlns:xlink=\"https:\/\/www.w3.org\/1999\/xlink\"><g stroke=\"none\" stroke-width=\"1\" fill=\"none\" fill-rule=\"evenodd\"><g transform=\"translate(-511.000000, -20.000000)\" fill=\"#000000\"><g><path d=\"M556.869,30.41 C554.814,30.41 553.148,32.076 553.148,34.131 C553.148,36.186 554.814,37.852 556.869,37.852 C558.924,37.852 560.59,36.186 560.59,34.131 C560.59,32.076 558.924,30.41 556.869,30.41 M541,60.657 C535.114,60.657 530.342,55.887 530.342,50 C530.342,44.114 535.114,39.342 541,39.342 C546.887,39.342 551.658,44.114 551.658,50 C551.658,55.887 546.887,60.657 541,60.657 M541,33.886 C532.1,33.886 524.886,41.1 524.886,50 C524.886,58.899 532.1,66.113 541,66.113 C549.9,66.113 557.115,58.899 557.115,50 C557.115,41.1 549.9,33.886 541,33.886 M565.378,62.101 C565.244,65.022 564.756,66.606 564.346,67.663 C563.803,69.06 563.154,70.057 562.106,71.106 C561.058,72.155 560.06,72.803 558.662,73.347 C557.607,73.757 556.021,74.244 553.102,74.378 C549.944,74.521 548.997,74.552 541,74.552 C533.003,74.552 532.056,74.521 528.898,74.378 C525.979,74.244 524.393,73.757 523.338,73.347 C521.94,72.803 520.942,72.155 519.894,71.106 C518.846,70.057 518.197,69.06 517.654,67.663 C517.244,66.606 516.755,65.022 516.623,62.101 C516.479,58.943 516.448,57.996 516.448,50 C516.448,42.003 516.479,41.056 516.623,37.899 C516.755,34.978 517.244,33.391 517.654,32.338 C518.197,30.938 518.846,29.942 519.894,28.894 C520.942,27.846 521.94,27.196 523.338,26.654 C524.393,26.244 525.979,25.756 528.898,25.623 C532.057,25.479 533.004,25.448 541,25.448 C548.997,25.448 549.943,25.479 553.102,25.623 C556.021,25.756 557.607,26.244 558.662,26.654 C560.06,27.196 561.058,27.846 562.106,28.894 C563.154,29.942 563.803,30.938 564.346,32.338 C564.756,33.391 565.244,34.978 565.378,37.899 C565.522,41.056 565.552,42.003 565.552,50 C565.552,57.996 565.522,58.943 565.378,62.101 M570.82,37.631 C570.674,34.438 570.167,32.258 569.425,30.349 C568.659,28.377 567.633,26.702 565.965,25.035 C564.297,23.368 562.623,22.342 560.652,21.575 C558.743,20.834 556.562,20.326 553.369,20.18 C550.169,20.033 549.148,20 541,20 C532.853,20 531.831,20.033 528.631,20.18 C525.438,20.326 523.257,20.834 521.349,21.575 C519.376,22.342 517.703,23.368 516.035,25.035 C514.368,26.702 513.342,28.377 512.574,30.349 C511.834,32.258 511.326,34.438 511.181,37.631 C511.035,40.831 511,41.851 511,50 C511,58.147 511.035,59.17 511.181,62.369 C511.326,65.562 511.834,67.743 512.574,69.651 C513.342,71.625 514.368,73.296 516.035,74.965 C517.703,76.634 519.376,77.658 521.349,78.425 C523.257,79.167 525.438,79.673 528.631,79.82 C531.831,79.965 532.853,80.001 541,80.001 C549.148,80.001 550.169,79.965 553.369,79.82 C556.562,79.673 558.743,79.167 560.652,78.425 C562.623,77.658 564.297,76.634 565.965,74.965 C567.633,73.296 568.659,71.625 569.425,69.651 C570.167,67.743 570.674,65.562 570.82,62.369 C570.966,59.17 571,58.147 571,50 C571,41.851 570.966,40.831 570.82,37.631\"><\/path><\/g><\/g><\/g><\/svg><\/div><div style=\"padding-top: 8px;\"> <div style=\" color:#3897f0; font-family:Arial,sans-serif; font-size:14px; font-style:normal; font-weight:550; line-height:18px;\">View this post on Instagram<\/div><\/div><div style=\"padding: 12.5% 0;\"><\/div> <div style=\"display: flex; flex-direction: row; margin-bottom: 14px; align-items: center;\"><div> <div style=\"background-color: #F4F4F4; border-radius: 50%; height: 12.5px; width: 12.5px; transform: translateX(0px) translateY(7px);\"><\/div> <div style=\"background-color: #F4F4F4; height: 12.5px; transform: rotate(-45deg) translateX(3px) translateY(1px); width: 12.5px; flex-grow: 0; margin-right: 14px; margin-left: 2px;\"><\/div> <div style=\"background-color: #F4F4F4; border-radius: 50%; height: 12.5px; width: 12.5px; transform: translateX(9px) translateY(-18px);\"><\/div><\/div><div style=\"margin-left: 8px;\"> <div style=\" background-color: #F4F4F4; border-radius: 50%; flex-grow: 0; height: 20px; width: 20px;\"><\/div> <div style=\" width: 0; height: 0; border-top: 2px solid transparent; border-left: 6px solid #f4f4f4; border-bottom: 2px solid transparent; transform: translateX(16px) translateY(-4px) rotate(30deg)\"><\/div><\/div><div style=\"margin-left: auto;\"> <div style=\" width: 0px; border-top: 8px solid #F4F4F4; border-right: 8px solid transparent; transform: translateY(16px);\"><\/div> <div style=\" background-color: #F4F4F4; flex-grow: 0; height: 12px; width: 16px; transform: translateY(-4px);\"><\/div> <div style=\" width: 0; height: 0; border-top: 8px solid #F4F4F4; border-left: 8px solid transparent; transform: translateY(-4px) translateX(8px);\"><\/div><\/div><\/div> <div style=\"display: flex; flex-direction: column; flex-grow: 1; justify-content: center; margin-bottom: 24px;\"> <div style=\" background-color: #F4F4F4; border-radius: 4px; flex-grow: 0; height: 14px; margin-bottom: 6px; width: 224px;\"><\/div> <div style=\" background-color: #F4F4F4; border-radius: 4px; flex-grow: 0; height: 14px; width: 144px;\"><\/div><\/div><\/a><\/div><\/blockquote><script async src=\"\/\/platform.instagram.com\/en_US\/embeds.js\"><\/script>\n<\/div><\/figure>\n\n\n\n<p class=\"wp-block-paragraph\">En el \u00e1mbito internacional, Selevko cuenta con marcas personales muy destacadas, registrando una puntuaci\u00f3n m\u00e1xima de 270.42 unidades. Este r\u00e9cord lo consigui\u00f3 recientemente durante el Campeonato Mundial de 2026, donde sum\u00f3 96.49 puntos en el programa corto y 173.93 puntos en el programa libre. Gracias a estos resultados, logr\u00f3 finalizar en la sexta posici\u00f3n de dicha justa mundialista correspondiente a la temporada 2025-2026.<\/p>\n\n\n\n<p class=\"wp-block-paragraph\">A lo largo de su carrera, ha sido un patinador constante en los m\u00e1ximos eventos, participando en las ediciones de los Juegos Ol\u00edmpicos de Invierno correspondientes a los ciclos 2021-2022 y 2025-2026. En su aparici\u00f3n ol\u00edmpica m\u00e1s reciente, termin\u00f3 en el puesto 16. A nivel continental, brill\u00f3 en el Campeonato Europeo de la temporada 2023-2024 al llevarse la medalla de plata, sumado a un quinto lugar en la edici\u00f3n 2025-2026. Adem\u00e1s, es un m\u00faltiple ganador del Campeonato Nacional de Estonia, coron\u00e1ndose en la reciente campa\u00f1a 2025-2026.<\/p>\n\n\n\n<p class=\"wp-block-paragraph\">Su paso por la serie Grand Prix y otras pruebas internacionales tambi\u00e9n ha tra\u00eddo resultados positivos, como su segundo lugar en el Grand Prix de Canad\u00e1 durante el ciclo 2025-2026 y su victoria en la Cranberry Cup en esa misma temporada. Actualmente, se prepara para sus pr\u00f3ximas asignaciones oficiales, teniendo programada su participaci\u00f3n en el Grand Prix de Francia el 23 de octubre de 2026 y en el Grand Prix de Estados Unidos el 13 de noviembre de 2026.<\/p>\n\n\n\n<p class=\"wp-block-paragraph\">As\u00ed pues, la presentaci\u00f3n de Aleksandr Selevko en el Passio Tour 2026 servir\u00e1 como una excelente preparaci\u00f3n t\u00e9cnica antes de encarar sus compromisos oficiales. Los asistentes al evento en M\u00e9xico tendr\u00e1n la oportunidad de observar en directo a un medallista europeo en pleno estado de forma. Compartir la pista con figuras como Olga Mikutina y Donovan Carrillo garantiza un evento de alto nivel para los aficionados.<\/p>\n","protected":false},"excerpt":{"rendered":"<p>Aleksandr Selevko es confirmado como otro de los patinadores para el Passio Tour previo al comienzo de su temporada competitiva El patinador estonio, Aleksandr Selevko, de 25 a\u00f1os de edad, se suma al elenco internacional del Passio Tour 2026 de Patinaje Art\u00edstico. El representante europeo llegar\u00e1 a la Pista de Hielo Santa Fe el pr\u00f3ximo [&hellip;]<\/p>\n","protected":false},"author":9,"featured_media":52722,"comment_status":"open","ping_status":"open","sticky":false,"template":"","format":"standard","meta":{"_monsterinsights_skip_tracking":false,"_jetpack_newsletter_access":"","_jetpack_dont_email_post_to_subs":false,"_jetpack_newsletter_tier_id":0,"_jetpack_memberships_contains_paywalled_content":false,"_jetpack_feature_clip_id":0,"_jetpack_memberships_contains_paid_content":false,"footnotes":"","jetpack_post_was_ever_published":false},"categories":[85],"tags":[3012,422,86,3020,3017,3016,963],"class_list":["post-52717","post","type-post","status-publish","format-standard","has-post-thumbnail","hentry","category-patinaje-artistico","tag-aleksandr-selevko","tag-donovan-carrillo","tag-figure-skating","tag-olga-mikutina","tag-passio-tour","tag-passio-tour-2026","tag-patinaje-artistico"],"aioseo_notices":[],"aioseo_head":"\n\t\t<!-- All in One SEO 5.0.1.1 - aioseo.com -->\n\t<meta name=\"description\" content=\"Aleksandr Selevko es confirmado como otro de los patinadores para el Passio Tour previo al comienzo de su temporada competitiva El patinador estonio, Aleksandr Selevko, de 25 a\u00f1os de edad, se suma al elenco internacional del Passio Tour 2026 de Patinaje Art\u00edstico. El representante europeo llegar\u00e1 a la Pista de Hielo Santa Fe el pr\u00f3ximo\" \/>\n\t<meta name=\"robots\" content=\"max-image-preview:large\" \/>\n\t<meta name=\"author\" content=\"Emilio Vel\u00e1zquez\"\/>\n\t<link rel=\"canonical\" href=\"https:\/\/redeportivamx.com\/index.php\/2026\/08\/28\/patinaje-artistico-aleksandr-selevko-se-une-al-elenco-internacional-del-passio-tour-2026\/\" \/>\n\t<meta name=\"generator\" content=\"All in One SEO (AIOSEO) 5.0.1.1\" \/>\n\t\t<meta property=\"og:locale\" content=\"es_MX\" \/>\n\t\t<meta property=\"og:site_name\" content=\"Redeportiva MX - \u00a1Conectando tu pasi\u00f3n!\" \/>\n\t\t<meta property=\"og:type\" content=\"sport\" \/>\n\t\t<meta property=\"og:title\" content=\"Patinaje Art\u00edstico: Aleksandr Selevko se une al elenco internacional del Passio Tour 2026 - Redeportiva MX\" \/>\n\t\t<meta property=\"og:description\" content=\"Aleksandr Selevko es confirmado como otro de los patinadores para el Passio Tour previo al comienzo de su temporada competitiva El patinador estonio, Aleksandr Selevko, de 25 a\u00f1os de edad, se suma al elenco internacional del Passio Tour 2026 de Patinaje Art\u00edstico. El representante europeo llegar\u00e1 a la Pista de Hielo Santa Fe el pr\u00f3ximo\" \/>\n\t\t<meta property=\"og:url\" content=\"https:\/\/redeportivamx.com\/index.php\/2026\/08\/28\/patinaje-artistico-aleksandr-selevko-se-une-al-elenco-internacional-del-passio-tour-2026\/\" \/>\n\t\t<meta property=\"og:image\" content=\"https:\/\/redeportivamx.com\/wp-content\/uploads\/2026\/09\/resize-scaled.jpg\" \/>\n\t\t<meta property=\"og:image:secure_url\" content=\"https:\/\/redeportivamx.com\/wp-content\/uploads\/2026\/09\/resize-scaled.jpg\" \/>\n\t\t<meta property=\"og:image:width\" content=\"2560\" \/>\n\t\t<meta property=\"og:image:height\" content=\"1440\" \/>\n\t\t<meta name=\"twitter:card\" content=\"summary_large_image\" \/>\n\t\t<meta name=\"twitter:site\" content=\"@Redeportivamx\" \/>\n\t\t<meta name=\"twitter:title\" content=\"Patinaje Art\u00edstico: Aleksandr Selevko se une al elenco internacional del Passio Tour 2026 - Redeportiva MX\" \/>\n\t\t<meta name=\"twitter:description\" content=\"Aleksandr Selevko es confirmado como otro de los patinadores para el Passio Tour previo al comienzo de su temporada competitiva El patinador estonio, Aleksandr Selevko, de 25 a\u00f1os de edad, se suma al elenco internacional del Passio Tour 2026 de Patinaje Art\u00edstico. El representante europeo llegar\u00e1 a la Pista de Hielo Santa Fe el pr\u00f3ximo\" \/>\n\t\t<meta name=\"twitter:creator\" content=\"@Redeportivamx\" \/>\n\t\t<meta name=\"twitter:image\" content=\"https:\/\/redeportivamx.com\/wp-content\/uploads\/2026\/09\/resize-scaled.jpg\" \/>\n\t\t<script type=\"application\/ld+json\" class=\"aioseo-schema\">\n\t\t\t{\"@context\":\"https:\\\/\\\/schema.org\",\"@graph\":[{\"@type\":\"BlogPosting\",\"@id\":\"https:\\\/\\\/redeportivamx.com\\\/index.php\\\/2026\\\/08\\\/28\\\/patinaje-artistico-aleksandr-selevko-se-une-al-elenco-internacional-del-passio-tour-2026\\\/#blogposting\",\"name\":\"Patinaje Art\\u00edstico: Aleksandr Selevko se une al elenco internacional del Passio Tour 2026 - Redeportiva MX\",\"headline\":\"Patinaje Art\\u00edstico: Aleksandr Selevko se une al elenco internacional del Passio Tour 2026\",\"author\":{\"@id\":\"https:\\\/\\\/redeportivamx.com\\\/index.php\\\/author\\\/emilio-velazquez\\\/#author\"},\"publisher\":{\"@id\":\"https:\\\/\\\/redeportivamx.com\\\/#organization\"},\"image\":{\"@type\":\"ImageObject\",\"url\":\"https:\\\/\\\/redeportivamx.com\\\/wp-content\\\/uploads\\\/2026\\\/09\\\/resize-scaled.jpg\",\"width\":2560,\"height\":1440,\"caption\":\"Aleksandr Selevko by: Kiur Kaasik\\\/Delfi Meedia\"},\"datePublished\":\"2026-08-28T20:19:06-06:00\",\"dateModified\":\"2026-09-01T21:09:42-06:00\",\"inLanguage\":\"es-MX\",\"mainEntityOfPage\":{\"@id\":\"https:\\\/\\\/redeportivamx.com\\\/index.php\\\/2026\\\/08\\\/28\\\/patinaje-artistico-aleksandr-selevko-se-une-al-elenco-internacional-del-passio-tour-2026\\\/#webpage\"},\"isPartOf\":{\"@id\":\"https:\\\/\\\/redeportivamx.com\\\/index.php\\\/2026\\\/08\\\/28\\\/patinaje-artistico-aleksandr-selevko-se-une-al-elenco-internacional-del-passio-tour-2026\\\/#webpage\"},\"articleSection\":\"Patinaje Art\\u00edstico, Aleksandr Selevko, Donovan Carrillo, Figure Skating, Olga Mikutina, Passio Tour, Passio Tour 2026, Patinaje Art\\u00edstico\"},{\"@type\":\"BreadcrumbList\",\"@id\":\"https:\\\/\\\/redeportivamx.com\\\/index.php\\\/2026\\\/08\\\/28\\\/patinaje-artistico-aleksandr-selevko-se-une-al-elenco-internacional-del-passio-tour-2026\\\/#breadcrumblist\",\"itemListElement\":[{\"@type\":\"ListItem\",\"@id\":\"https:\\\/\\\/redeportivamx.com#listItem\",\"position\":1,\"name\":\"Home\",\"item\":\"https:\\\/\\\/redeportivamx.com\",\"nextItem\":{\"@type\":\"ListItem\",\"@id\":\"https:\\\/\\\/redeportivamx.com\\\/index.php\\\/category\\\/patinaje-artistico\\\/#listItem\",\"name\":\"Patinaje Art\\u00edstico\"}},{\"@type\":\"ListItem\",\"@id\":\"https:\\\/\\\/redeportivamx.com\\\/index.php\\\/category\\\/patinaje-artistico\\\/#listItem\",\"position\":2,\"name\":\"Patinaje Art\\u00edstico\",\"item\":\"https:\\\/\\\/redeportivamx.com\\\/index.php\\\/category\\\/patinaje-artistico\\\/\",\"nextItem\":{\"@type\":\"ListItem\",\"@id\":\"https:\\\/\\\/redeportivamx.com\\\/index.php\\\/2026\\\/08\\\/28\\\/patinaje-artistico-aleksandr-selevko-se-une-al-elenco-internacional-del-passio-tour-2026\\\/#listItem\",\"name\":\"Patinaje Art\\u00edstico: Aleksandr Selevko se une al elenco internacional del Passio Tour 2026\"},\"previousItem\":{\"@type\":\"ListItem\",\"@id\":\"https:\\\/\\\/redeportivamx.com#listItem\",\"name\":\"Home\"}},{\"@type\":\"ListItem\",\"@id\":\"https:\\\/\\\/redeportivamx.com\\\/index.php\\\/2026\\\/08\\\/28\\\/patinaje-artistico-aleksandr-selevko-se-une-al-elenco-internacional-del-passio-tour-2026\\\/#listItem\",\"position\":3,\"name\":\"Patinaje Art\\u00edstico: Aleksandr Selevko se une al elenco internacional del Passio Tour 2026\",\"previousItem\":{\"@type\":\"ListItem\",\"@id\":\"https:\\\/\\\/redeportivamx.com\\\/index.php\\\/category\\\/patinaje-artistico\\\/#listItem\",\"name\":\"Patinaje Art\\u00edstico\"}}]},{\"@type\":\"Organization\",\"@id\":\"https:\\\/\\\/redeportivamx.com\\\/#organization\",\"name\":\"redeportivamx.com\",\"description\":\"\\u00a1Conectando tu pasi\\u00f3n!\",\"url\":\"https:\\\/\\\/redeportivamx.com\\\/\",\"sameAs\":[\"https:\\\/\\\/www.facebook.com\\\/profile.php?id=61565592572733\",\"https:\\\/\\\/x.com\\\/Redeportivamx?s=20\",\"https:\\\/\\\/www.instagram.com\\\/redeportivamx\\\/\",\"https:\\\/\\\/www.tiktok.com\\\/@redeportiva.mx\",\"https:\\\/\\\/www.youtube.com\\\/@Redeportiva-MX\"]},{\"@type\":\"Person\",\"@id\":\"https:\\\/\\\/redeportivamx.com\\\/index.php\\\/author\\\/emilio-velazquez\\\/#author\",\"url\":\"https:\\\/\\\/redeportivamx.com\\\/index.php\\\/author\\\/emilio-velazquez\\\/\",\"name\":\"Emilio Vel\\u00e1zquez\",\"image\":{\"@type\":\"ImageObject\",\"@id\":\"https:\\\/\\\/redeportivamx.com\\\/index.php\\\/2026\\\/08\\\/28\\\/patinaje-artistico-aleksandr-selevko-se-une-al-elenco-internacional-del-passio-tour-2026\\\/#authorImage\",\"url\":\"https:\\\/\\\/secure.gravatar.com\\\/avatar\\\/45b27d1f278cf0ccab389d50c4eac92ca0117f506a2ef5a3ff7a8b376bca6f8a?s=96&d=mm&r=g\",\"width\":96,\"height\":96,\"caption\":\"Emilio Vel\\u00e1zquez\"}},{\"@type\":\"WebPage\",\"@id\":\"https:\\\/\\\/redeportivamx.com\\\/index.php\\\/2026\\\/08\\\/28\\\/patinaje-artistico-aleksandr-selevko-se-une-al-elenco-internacional-del-passio-tour-2026\\\/#webpage\",\"url\":\"https:\\\/\\\/redeportivamx.com\\\/index.php\\\/2026\\\/08\\\/28\\\/patinaje-artistico-aleksandr-selevko-se-une-al-elenco-internacional-del-passio-tour-2026\\\/\",\"name\":\"Patinaje Art\\u00edstico: Aleksandr Selevko se une al elenco internacional del Passio Tour 2026 - Redeportiva MX\",\"description\":\"Aleksandr Selevko es confirmado como otro de los patinadores para el Passio Tour previo al comienzo de su temporada competitiva El patinador estonio, Aleksandr Selevko, de 25 a\\u00f1os de edad, se suma al elenco internacional del Passio Tour 2026 de Patinaje Art\\u00edstico. El representante europeo llegar\\u00e1 a la Pista de Hielo Santa Fe el pr\\u00f3ximo\",\"inLanguage\":\"es-MX\",\"isPartOf\":{\"@id\":\"https:\\\/\\\/redeportivamx.com\\\/#website\"},\"breadcrumb\":{\"@id\":\"https:\\\/\\\/redeportivamx.com\\\/index.php\\\/2026\\\/08\\\/28\\\/patinaje-artistico-aleksandr-selevko-se-une-al-elenco-internacional-del-passio-tour-2026\\\/#breadcrumblist\"},\"author\":{\"@id\":\"https:\\\/\\\/redeportivamx.com\\\/index.php\\\/author\\\/emilio-velazquez\\\/#author\"},\"creator\":{\"@id\":\"https:\\\/\\\/redeportivamx.com\\\/index.php\\\/author\\\/emilio-velazquez\\\/#author\"},\"image\":{\"@type\":\"ImageObject\",\"url\":\"https:\\\/\\\/redeportivamx.com\\\/wp-content\\\/uploads\\\/2026\\\/09\\\/resize-scaled.jpg\",\"@id\":\"https:\\\/\\\/redeportivamx.com\\\/index.php\\\/2026\\\/08\\\/28\\\/patinaje-artistico-aleksandr-selevko-se-une-al-elenco-internacional-del-passio-tour-2026\\\/#mainImage\",\"width\":2560,\"height\":1440,\"caption\":\"Aleksandr Selevko by: Kiur Kaasik\\\/Delfi Meedia\"},\"primaryImageOfPage\":{\"@id\":\"https:\\\/\\\/redeportivamx.com\\\/index.php\\\/2026\\\/08\\\/28\\\/patinaje-artistico-aleksandr-selevko-se-une-al-elenco-internacional-del-passio-tour-2026\\\/#mainImage\"},\"datePublished\":\"2026-08-28T20:19:06-06:00\",\"dateModified\":\"2026-09-01T21:09:42-06:00\"},{\"@type\":\"WebSite\",\"@id\":\"https:\\\/\\\/redeportivamx.com\\\/#website\",\"url\":\"https:\\\/\\\/redeportivamx.com\\\/\",\"name\":\"redeportivamx.com\",\"description\":\"\\u00a1Conectando tu pasi\\u00f3n!\",\"inLanguage\":\"es-MX\",\"publisher\":{\"@id\":\"https:\\\/\\\/redeportivamx.com\\\/#organization\"}}]}\n\t\t<\/script>\n\t\t<!-- All in One SEO -->\n\n","aioseo_head_json":{"title":"Patinaje Art\u00edstico: Aleksandr Selevko se une al elenco internacional del Passio Tour 2026 - Redeportiva MX","description":"Aleksandr Selevko es confirmado como otro de los patinadores para el Passio Tour previo al comienzo de su temporada competitiva El patinador estonio, Aleksandr Selevko, de 25 a\u00f1os de edad, se suma al elenco internacional del Passio Tour 2026 de Patinaje Art\u00edstico. El representante europeo llegar\u00e1 a la Pista de Hielo Santa Fe el pr\u00f3ximo","canonical_url":"https:\/\/redeportivamx.com\/index.php\/2026\/08\/28\/patinaje-artistico-aleksandr-selevko-se-une-al-elenco-internacional-del-passio-tour-2026\/","robots":"max-image-preview:large","keywords":"","webmasterTools":{"miscellaneous":""},"schema":{"@context":"https:\/\/schema.org","@graph":[{"@type":"BlogPosting","@id":"https:\/\/redeportivamx.com\/index.php\/2026\/08\/28\/patinaje-artistico-aleksandr-selevko-se-une-al-elenco-internacional-del-passio-tour-2026\/#blogposting","name":"Patinaje Art\u00edstico: Aleksandr Selevko se une al elenco internacional del Passio Tour 2026 - Redeportiva MX","headline":"Patinaje Art\u00edstico: Aleksandr Selevko se une al elenco internacional del Passio Tour 2026","author":{"@id":"https:\/\/redeportivamx.com\/index.php\/author\/emilio-velazquez\/#author"},"publisher":{"@id":"https:\/\/redeportivamx.com\/#organization"},"image":{"@type":"ImageObject","url":"https:\/\/redeportivamx.com\/wp-content\/uploads\/2026\/09\/resize-scaled.jpg","width":2560,"height":1440,"caption":"Aleksandr Selevko by: Kiur Kaasik\/Delfi Meedia"},"datePublished":"2026-08-28T20:19:06-06:00","dateModified":"2026-09-01T21:09:42-06:00","inLanguage":"es-MX","mainEntityOfPage":{"@id":"https:\/\/redeportivamx.com\/index.php\/2026\/08\/28\/patinaje-artistico-aleksandr-selevko-se-une-al-elenco-internacional-del-passio-tour-2026\/#webpage"},"isPartOf":{"@id":"https:\/\/redeportivamx.com\/index.php\/2026\/08\/28\/patinaje-artistico-aleksandr-selevko-se-une-al-elenco-internacional-del-passio-tour-2026\/#webpage"},"articleSection":"Patinaje Art\u00edstico, Aleksandr Selevko, Donovan Carrillo, Figure Skating, Olga Mikutina, Passio Tour, Passio Tour 2026, Patinaje Art\u00edstico"},{"@type":"BreadcrumbList","@id":"https:\/\/redeportivamx.com\/index.php\/2026\/08\/28\/patinaje-artistico-aleksandr-selevko-se-une-al-elenco-internacional-del-passio-tour-2026\/#breadcrumblist","itemListElement":[{"@type":"ListItem","@id":"https:\/\/redeportivamx.com#listItem","position":1,"name":"Home","item":"https:\/\/redeportivamx.com","nextItem":{"@type":"ListItem","@id":"https:\/\/redeportivamx.com\/index.php\/category\/patinaje-artistico\/#listItem","name":"Patinaje Art\u00edstico"}},{"@type":"ListItem","@id":"https:\/\/redeportivamx.com\/index.php\/category\/patinaje-artistico\/#listItem","position":2,"name":"Patinaje Art\u00edstico","item":"https:\/\/redeportivamx.com\/index.php\/category\/patinaje-artistico\/","nextItem":{"@type":"ListItem","@id":"https:\/\/redeportivamx.com\/index.php\/2026\/08\/28\/patinaje-artistico-aleksandr-selevko-se-une-al-elenco-internacional-del-passio-tour-2026\/#listItem","name":"Patinaje Art\u00edstico: Aleksandr Selevko se une al elenco internacional del Passio Tour 2026"},"previousItem":{"@type":"ListItem","@id":"https:\/\/redeportivamx.com#listItem","name":"Home"}},{"@type":"ListItem","@id":"https:\/\/redeportivamx.com\/index.php\/2026\/08\/28\/patinaje-artistico-aleksandr-selevko-se-une-al-elenco-internacional-del-passio-tour-2026\/#listItem","position":3,"name":"Patinaje Art\u00edstico: Aleksandr Selevko se une al elenco internacional del Passio Tour 2026","previousItem":{"@type":"ListItem","@id":"https:\/\/redeportivamx.com\/index.php\/category\/patinaje-artistico\/#listItem","name":"Patinaje Art\u00edstico"}}]},{"@type":"Organization","@id":"https:\/\/redeportivamx.com\/#organization","name":"redeportivamx.com","description":"\u00a1Conectando tu pasi\u00f3n!","url":"https:\/\/redeportivamx.com\/","sameAs":["https:\/\/www.facebook.com\/profile.php?id=61565592572733","https:\/\/x.com\/Redeportivamx?s=20","https:\/\/www.instagram.com\/redeportivamx\/","https:\/\/www.tiktok.com\/@redeportiva.mx","https:\/\/www.youtube.com\/@Redeportiva-MX"]},{"@type":"Person","@id":"https:\/\/redeportivamx.com\/index.php\/author\/emilio-velazquez\/#author","url":"https:\/\/redeportivamx.com\/index.php\/author\/emilio-velazquez\/","name":"Emilio Vel\u00e1zquez","image":{"@type":"ImageObject","@id":"https:\/\/redeportivamx.com\/index.php\/2026\/08\/28\/patinaje-artistico-aleksandr-selevko-se-une-al-elenco-internacional-del-passio-tour-2026\/#authorImage","url":"https:\/\/secure.gravatar.com\/avatar\/45b27d1f278cf0ccab389d50c4eac92ca0117f506a2ef5a3ff7a8b376bca6f8a?s=96&d=mm&r=g","width":96,"height":96,"caption":"Emilio Vel\u00e1zquez"}},{"@type":"WebPage","@id":"https:\/\/redeportivamx.com\/index.php\/2026\/08\/28\/patinaje-artistico-aleksandr-selevko-se-une-al-elenco-internacional-del-passio-tour-2026\/#webpage","url":"https:\/\/redeportivamx.com\/index.php\/2026\/08\/28\/patinaje-artistico-aleksandr-selevko-se-une-al-elenco-internacional-del-passio-tour-2026\/","name":"Patinaje Art\u00edstico: Aleksandr Selevko se une al elenco internacional del Passio Tour 2026 - Redeportiva MX","description":"Aleksandr Selevko es confirmado como otro de los patinadores para el Passio Tour previo al comienzo de su temporada competitiva El patinador estonio, Aleksandr Selevko, de 25 a\u00f1os de edad, se suma al elenco internacional del Passio Tour 2026 de Patinaje Art\u00edstico. El representante europeo llegar\u00e1 a la Pista de Hielo Santa Fe el pr\u00f3ximo","inLanguage":"es-MX","isPartOf":{"@id":"https:\/\/redeportivamx.com\/#website"},"breadcrumb":{"@id":"https:\/\/redeportivamx.com\/index.php\/2026\/08\/28\/patinaje-artistico-aleksandr-selevko-se-une-al-elenco-internacional-del-passio-tour-2026\/#breadcrumblist"},"author":{"@id":"https:\/\/redeportivamx.com\/index.php\/author\/emilio-velazquez\/#author"},"creator":{"@id":"https:\/\/redeportivamx.com\/index.php\/author\/emilio-velazquez\/#author"},"image":{"@type":"ImageObject","url":"https:\/\/redeportivamx.com\/wp-content\/uploads\/2026\/09\/resize-scaled.jpg","@id":"https:\/\/redeportivamx.com\/index.php\/2026\/08\/28\/patinaje-artistico-aleksandr-selevko-se-une-al-elenco-internacional-del-passio-tour-2026\/#mainImage","width":2560,"height":1440,"caption":"Aleksandr Selevko by: Kiur Kaasik\/Delfi Meedia"},"primaryImageOfPage":{"@id":"https:\/\/redeportivamx.com\/index.php\/2026\/08\/28\/patinaje-artistico-aleksandr-selevko-se-une-al-elenco-internacional-del-passio-tour-2026\/#mainImage"},"datePublished":"2026-08-28T20:19:06-06:00","dateModified":"2026-09-01T21:09:42-06:00"},{"@type":"WebSite","@id":"https:\/\/redeportivamx.com\/#website","url":"https:\/\/redeportivamx.com\/","name":"redeportivamx.com","description":"\u00a1Conectando tu pasi\u00f3n!","inLanguage":"es-MX","publisher":{"@id":"https:\/\/redeportivamx.com\/#organization"}}]},"og:locale":"es_MX","og:site_name":"Redeportiva MX - \u00a1Conectando tu pasi\u00f3n!","og:type":"sport","og:title":"Patinaje Art\u00edstico: Aleksandr Selevko se une al elenco internacional del Passio Tour 2026 - Redeportiva MX","og:description":"Aleksandr Selevko es confirmado como otro de los patinadores para el Passio Tour previo al comienzo de su temporada competitiva El patinador estonio, Aleksandr Selevko, de 25 a\u00f1os de edad, se suma al elenco internacional del Passio Tour 2026 de Patinaje Art\u00edstico. El representante europeo llegar\u00e1 a la Pista de Hielo Santa Fe el pr\u00f3ximo","og:url":"https:\/\/redeportivamx.com\/index.php\/2026\/08\/28\/patinaje-artistico-aleksandr-selevko-se-une-al-elenco-internacional-del-passio-tour-2026\/","og:image":"https:\/\/redeportivamx.com\/wp-content\/uploads\/2026\/09\/resize-scaled.jpg","og:image:secure_url":"https:\/\/redeportivamx.com\/wp-content\/uploads\/2026\/09\/resize-scaled.jpg","og:image:width":2560,"og:image:height":1440,"twitter:card":"summary_large_image","twitter:site":"@Redeportivamx","twitter:title":"Patinaje Art\u00edstico: Aleksandr Selevko se une al elenco internacional del Passio Tour 2026 - Redeportiva MX","twitter:description":"Aleksandr Selevko es confirmado como otro de los patinadores para el Passio Tour previo al comienzo de su temporada competitiva El patinador estonio, Aleksandr Selevko, de 25 a\u00f1os de edad, se suma al elenco internacional del Passio Tour 2026 de Patinaje Art\u00edstico. El representante europeo llegar\u00e1 a la Pista de Hielo Santa Fe el pr\u00f3ximo","twitter:creator":"@Redeportivamx","twitter:image":"https:\/\/redeportivamx.com\/wp-content\/uploads\/2026\/09\/resize-scaled.jpg"},"aioseo_meta_data":{"post_id":"52717","title":null,"description":null,"keywords":null,"keyphrases":{"focus":{"keyphrase":"Aleksandr Selevko","score":0,"analysis":[]},"additional":[]},"primary_term":null,"canonical_url":null,"og_title":null,"og_description":null,"og_object_type":"default","og_image_type":"default","og_image_url":null,"og_image_width":null,"og_image_height":null,"og_image_custom_url":null,"og_image_custom_fields":null,"og_video":"","og_custom_url":null,"og_article_section":null,"og_article_tags":null,"twitter_use_og":false,"twitter_card":"default","twitter_image_type":"default","twitter_image_url":null,"twitter_image_custom_url":null,"twitter_image_custom_fields":null,"twitter_title":null,"twitter_description":null,"schema":{"blockGraphs":[],"customGraphs":[],"default":{"data":{"Article":[],"Course":[],"Dataset":[],"FAQPage":[],"Movie":[],"Person":[],"Product":[],"ProductReview":[],"Car":[],"Recipe":[],"Service":[],"SoftwareApplication":[],"WebPage":[]},"graphName":"BlogPosting","isEnabled":true},"graphs":[]},"schema_type":"default","schema_type_options":null,"pillar_content":false,"robots_default":true,"robots_noindex":false,"robots_noarchive":false,"robots_nosnippet":false,"robots_nofollow":false,"robots_noimageindex":false,"robots_noodp":false,"robots_notranslate":false,"robots_max_snippet":"-1","robots_max_videopreview":"-1","robots_max_imagepreview":"large","priority":null,"frequency":"default","local_seo":null,"breadcrumb_settings":null,"limit_modified_date":false,"ai":{"faqs":[],"keyPoints":[],"schemas":[],"titles":[],"descriptions":[],"socialPosts":{"email":{"subject":"","preview":"","content":""},"linkedin":[],"twitter":[],"facebook":[],"instagram":[]}},"created":"2026-09-02 02:50:08","updated":"2026-09-02 03:54:16","seo_analyzer_scan_date":null,"focus_keyword":"Aleksandr Selevko","additional_keywords":null,"truseo_locale":null},"aioseo_breadcrumb":"<div class=\"aioseo-breadcrumbs\"><span class=\"aioseo-breadcrumb\">\n\t\t\t<a href=\"https:\/\/redeportivamx.com\" title=\"Home\">Home<\/a>\n\t\t<\/span><span class=\"aioseo-breadcrumb-separator\">&raquo;<\/span><span class=\"aioseo-breadcrumb\">\n\t\t\t<a href=\"https:\/\/redeportivamx.com\/index.php\/category\/patinaje-artistico\/\" title=\"Patinaje Art\u00edstico\">Patinaje Art\u00edstico<\/a>\n\t\t<\/span><span class=\"aioseo-breadcrumb-separator\">&raquo;<\/span><span class=\"aioseo-breadcrumb\">\n\t\t\tPatinaje Art\u00edstico: Aleksandr Selevko se une al elenco internacional del Passio Tour 2026\n\t\t<\/span><\/div>","aioseo_breadcrumb_json":[{"label":"Home","link":"https:\/\/redeportivamx.com"},{"label":"Patinaje Art\u00edstico","link":"https:\/\/redeportivamx.com\/index.php\/category\/patinaje-artistico\/"},{"label":"Patinaje Art\u00edstico: Aleksandr Selevko se une al elenco internacional del Passio Tour 2026","link":"https:\/\/redeportivamx.com\/index.php\/2026\/08\/28\/patinaje-artistico-aleksandr-selevko-se-une-al-elenco-internacional-del-passio-tour-2026\/"}],"jetpack_sharing_enabled":true,"jetpack_featured_media_url":"https:\/\/redeportivamx.com\/wp-content\/uploads\/2026\/09\/resize-scaled.jpg","_links":{"self":[{"href":"https:\/\/redeportivamx.com\/index.php\/wp-json\/wp\/v2\/posts\/52717","targetHints":{"allow":["GET"]}}],"collection":[{"href":"https:\/\/redeportivamx.com\/index.php\/wp-json\/wp\/v2\/posts"}],"about":[{"href":"https:\/\/redeportivamx.com\/index.php\/wp-json\/wp\/v2\/types\/post"}],"author":[{"embeddable":true,"href":"https:\/\/redeportivamx.com\/index.php\/wp-json\/wp\/v2\/users\/9"}],"replies":[{"embeddable":true,"href":"https:\/\/redeportivamx.com\/index.php\/wp-json\/wp\/v2\/comments?post=52717"}],"version-history":[{"count":1,"href":"https:\/\/redeportivamx.com\/index.php\/wp-json\/wp\/v2\/posts\/52717\/revisions"}],"predecessor-version":[{"id":52723,"href":"https:\/\/redeportivamx.com\/index.php\/wp-json\/wp\/v2\/posts\/52717\/revisions\/52723"}],"wp:featuredmedia":[{"embeddable":true,"href":"https:\/\/redeportivamx.com\/index.php\/wp-json\/wp\/v2\/media\/52722"}],"wp:attachment":[{"href":"https:\/\/redeportivamx.com\/index.php\/wp-json\/wp\/v2\/media?parent=52717"}],"wp:term":[{"taxonomy":"category","embeddable":true,"href":"https:\/\/redeportivamx.com\/index.php\/wp-json\/wp\/v2\/categories?post=52717"},{"taxonomy":"post_tag","embeddable":true,"href":"https:\/\/redeportivamx.com\/index.php\/wp-json\/wp\/v2\/tags?post=52717"}],"curies":[{"name":"wp","href":"https:\/\/api.w.org\/{rel}","templated":true}]}}