{"id":52698,"date":"2026-09-01T19:30:37","date_gmt":"2026-09-02T01:30:37","guid":{"rendered":"https:\/\/redeportivamx.com\/?p=52698"},"modified":"2026-09-01T19:30:39","modified_gmt":"2026-09-02T01:30:39","slug":"este-es-el-camino-de-la-seleccion-mexicana-femenil-sub-20-en-el-mundial-de-polonia-2026","status":"publish","type":"post","link":"https:\/\/redeportivamx.com\/index.php\/2026\/09\/01\/este-es-el-camino-de-la-seleccion-mexicana-femenil-sub-20-en-el-mundial-de-polonia-2026\/","title":{"rendered":"Este es el camino de la Selecci\u00f3n Mexicana Femenil Sub-20 en el Mundial de Polonia 2026"},"content":{"rendered":"\n<p class=\"wp-block-paragraph\">La cuenta regresiva ha comenzado y la emoci\u00f3n mundialista ya se respira en el ambiente. La&nbsp;<strong>Selecci\u00f3n Mexicana Femenil Sub-20<\/strong>&nbsp;afina los \u00faltimos detalles para encarar su mayor desaf\u00edo del a\u00f1o: la&nbsp;<strong>Copa Mundial Femenina Sub-20 de la FIFA Polonia 2026<\/strong>. Para que la afici\u00f3n no se pierda ning\u00fan momento de esta hist\u00f3rica participaci\u00f3n, aqu\u00ed presentamos el&nbsp;<strong>calendario<\/strong>&nbsp;oficial y la ruta que deber\u00e1n seguir nuestras guerreras en la&nbsp;<strong>Fase de Grupos<\/strong>.<\/p>\n\n\n\n<h2 class=\"wp-block-heading\">Sede \u00fanica y rivales de cuidado<\/h2>\n\n\n\n<p class=\"wp-block-paragraph\">El destino y el sorteo mundialista han dictaminado que la escuadra azteca dispute todos sus encuentros de la primera ronda en una misma sede: la imponente&nbsp;<strong>Arena Katowice<\/strong>. Esta importante ventaja log\u00edstica permitir\u00e1 que las seleccionadas nacionales eviten el desgaste de los viajes y puedan concentrar todas sus energ\u00edas en el rendimiento sobre el terreno de juego.<\/p>\n\n\n\n<p class=\"wp-block-paragraph\">El Grupo de M\u00e9xico presenta un reto sumamente atractivo y exigente, enfrentando a rivales de tres confederaciones distintas, incluyendo a la dura selecci\u00f3n anfitriona. A continuaci\u00f3n, las fechas y horarios para que prepares las alarmas y no te pierdas los encuentros:<\/p>\n\n\n\n<ul class=\"wp-block-list\">\n<li><strong>M\u00e9xico vs Ben\u00edn<\/strong>\n<ul class=\"wp-block-list\">\n<li><strong>Fecha:<\/strong>\u00a05 de septiembre<\/li>\n\n\n\n<li><strong>Estadio:<\/strong>\u00a0Arena Katowice<\/li>\n\n\n\n<li><strong>Horario:<\/strong>\u00a010:00 horas<\/li>\n<\/ul>\n<\/li>\n\n\n\n<li><strong>Polonia vs M\u00e9xico<\/strong>\n<ul class=\"wp-block-list\">\n<li><strong>Fecha:<\/strong>\u00a08 de septiembre<\/li>\n\n\n\n<li><strong>Estadio:<\/strong>\u00a0Arena Katowice<\/li>\n\n\n\n<li><strong>Horario:<\/strong>\u00a010:00 horas<\/li>\n<\/ul>\n<\/li>\n\n\n\n<li><strong>Argentina vs M\u00e9xico<\/strong>\n<ul class=\"wp-block-list\">\n<li><strong>Fecha:<\/strong>\u00a011 de septiembre<\/li>\n\n\n\n<li><strong>Estadio:<\/strong>\u00a0Arena Katowice<\/li>\n\n\n\n<li><strong>Horario:<\/strong>\u00a010:00 horas<\/li>\n<\/ul>\n<\/li>\n<\/ul>\n\n\n\n<h2 class=\"wp-block-heading\">Un arranque vital para so\u00f1ar con los Octavos de Final<\/h2>\n\n\n\n<p class=\"wp-block-paragraph\">El debut mundialista frente a la selecci\u00f3n de&nbsp;<strong>Ben\u00edn<\/strong>&nbsp;ser\u00e1 de vital importancia. Sumar los primeros tres puntos es un factor clave para ganar confianza y liberar nervios antes del duelo de mayor presi\u00f3n medi\u00e1tica: enfrentar a&nbsp;<strong>Polonia<\/strong>&nbsp;ante su propia gente. El choque contra las europeas exigir\u00e1 el m\u00e1ximo nivel de concentraci\u00f3n, temple y orden t\u00e1ctico por parte de las j\u00f3venes mexicanas.<\/p>\n\n\n\n<p class=\"wp-block-paragraph\">Finalmente, el cierre de la&nbsp;<strong>Fase de Grupos<\/strong>&nbsp;nos regalar\u00e1 un vibrante duelo con sabor a cl\u00e1sico latinoamericano contra&nbsp;<strong>Argentina<\/strong>. Este \u00faltimo partido podr\u00eda ser decisivo para definir los boletos a la siguiente ronda, exigiendo a nuestras jugadoras sacar a relucir esa garra y coraz\u00f3n que hist\u00f3ricamente caracteriza al combinado nacional en los grandes escenarios.<\/p>\n\n\n\n<p class=\"wp-block-paragraph\"><\/p>\n","protected":false},"excerpt":{"rendered":"<p>Conoce las fechas, horarios y rivales de la Selecci\u00f3n Mexicana Femenil Sub-20 en la Fase de Grupos del Mundial de Polonia 2026.<\/p>\n","protected":false},"author":25,"featured_media":52699,"comment_status":"open","ping_status":"open","sticky":false,"template":"","format":"standard","meta":{"_monsterinsights_skip_tracking":false,"_jetpack_newsletter_access":"","_jetpack_dont_email_post_to_subs":false,"_jetpack_newsletter_tier_id":0,"_jetpack_memberships_contains_paywalled_content":false,"_jetpack_feature_clip_id":0,"_jetpack_memberships_contains_paid_content":false,"footnotes":"","jetpack_post_was_ever_published":false},"categories":[40],"tags":[2552,462,2536],"class_list":["post-52698","post","type-post","status-publish","format-standard","has-post-thumbnail","hentry","category-seleccion-mexicana","tag-mundial-sub-20","tag-seleccion-mexicana-femenil","tag-sub-20"],"aioseo_notices":[],"aioseo_head":"\n\t\t<!-- All in One SEO 5.0.1.1 - aioseo.com -->\n\t<meta name=\"description\" content=\"Conoce las fechas, horarios y rivales de la Selecci\u00f3n Mexicana Femenil Sub-20 en la Fase de Grupos del Mundial de Polonia 2026.\" \/>\n\t<meta name=\"robots\" content=\"max-image-preview:large\" \/>\n\t<meta name=\"author\" content=\"Maria Bueno\"\/>\n\t<link rel=\"canonical\" href=\"https:\/\/redeportivamx.com\/index.php\/2026\/09\/01\/este-es-el-camino-de-la-seleccion-mexicana-femenil-sub-20-en-el-mundial-de-polonia-2026\/\" \/>\n\t<meta name=\"generator\" content=\"All in One SEO (AIOSEO) 5.0.1.1\" \/>\n\t\t<meta property=\"og:locale\" content=\"es_MX\" \/>\n\t\t<meta property=\"og:site_name\" content=\"Redeportiva MX - \u00a1Conectando tu pasi\u00f3n!\" \/>\n\t\t<meta property=\"og:type\" content=\"sport\" \/>\n\t\t<meta property=\"og:title\" content=\"Este es el camino de la Selecci\u00f3n Mexicana Femenil Sub-20 en el Mundial de Polonia 2026 - Redeportiva MX\" \/>\n\t\t<meta property=\"og:description\" content=\"Conoce las fechas, horarios y rivales de la Selecci\u00f3n Mexicana Femenil Sub-20 en la Fase de Grupos del Mundial de Polonia 2026.\" \/>\n\t\t<meta property=\"og:url\" content=\"https:\/\/redeportivamx.com\/index.php\/2026\/09\/01\/este-es-el-camino-de-la-seleccion-mexicana-femenil-sub-20-en-el-mundial-de-polonia-2026\/\" \/>\n\t\t<meta property=\"og:image\" content=\"https:\/\/redeportivamx.com\/wp-content\/uploads\/2026\/09\/SaveClip.App_789926496_933099746538498_7848982376535841523_n.jpeg\" \/>\n\t\t<meta property=\"og:image:secure_url\" content=\"https:\/\/redeportivamx.com\/wp-content\/uploads\/2026\/09\/SaveClip.App_789926496_933099746538498_7848982376535841523_n.jpeg\" \/>\n\t\t<meta property=\"og:image:width\" content=\"1200\" \/>\n\t\t<meta property=\"og:image:height\" content=\"675\" \/>\n\t\t<meta name=\"twitter:card\" content=\"summary_large_image\" \/>\n\t\t<meta name=\"twitter:site\" content=\"@Redeportivamx\" \/>\n\t\t<meta name=\"twitter:title\" content=\"Este es el camino de la Selecci\u00f3n Mexicana Femenil Sub-20 en el Mundial de Polonia 2026 - Redeportiva MX\" \/>\n\t\t<meta name=\"twitter:description\" content=\"Conoce las fechas, horarios y rivales de la Selecci\u00f3n Mexicana Femenil Sub-20 en la Fase de Grupos del Mundial de Polonia 2026.\" \/>\n\t\t<meta name=\"twitter:creator\" content=\"@Redeportivamx\" \/>\n\t\t<meta name=\"twitter:image\" content=\"https:\/\/redeportivamx.com\/wp-content\/uploads\/2026\/09\/SaveClip.App_789926496_933099746538498_7848982376535841523_n.jpeg\" \/>\n\t\t<script type=\"application\/ld+json\" class=\"aioseo-schema\">\n\t\t\t{\"@context\":\"https:\\\/\\\/schema.org\",\"@graph\":[{\"@type\":\"BlogPosting\",\"@id\":\"https:\\\/\\\/redeportivamx.com\\\/index.php\\\/2026\\\/09\\\/01\\\/este-es-el-camino-de-la-seleccion-mexicana-femenil-sub-20-en-el-mundial-de-polonia-2026\\\/#blogposting\",\"name\":\"Este es el camino de la Selecci\\u00f3n Mexicana Femenil Sub-20 en el Mundial de Polonia 2026 - Redeportiva MX\",\"headline\":\"Este es el camino de la Selecci\\u00f3n Mexicana Femenil Sub-20 en el Mundial de Polonia 2026\",\"author\":{\"@id\":\"https:\\\/\\\/redeportivamx.com\\\/index.php\\\/author\\\/maria-alejandra-bueno\\\/#author\"},\"publisher\":{\"@id\":\"https:\\\/\\\/redeportivamx.com\\\/#organization\"},\"image\":{\"@type\":\"ImageObject\",\"url\":\"https:\\\/\\\/redeportivamx.com\\\/wp-content\\\/uploads\\\/2026\\\/09\\\/SaveClip.App_789926496_933099746538498_7848982376535841523_n.jpeg\",\"width\":1200,\"height\":675,\"caption\":\"Foto: @miseleccionfem\"},\"datePublished\":\"2026-09-01T19:30:37-06:00\",\"dateModified\":\"2026-09-01T19:30:39-06:00\",\"inLanguage\":\"es-MX\",\"mainEntityOfPage\":{\"@id\":\"https:\\\/\\\/redeportivamx.com\\\/index.php\\\/2026\\\/09\\\/01\\\/este-es-el-camino-de-la-seleccion-mexicana-femenil-sub-20-en-el-mundial-de-polonia-2026\\\/#webpage\"},\"isPartOf\":{\"@id\":\"https:\\\/\\\/redeportivamx.com\\\/index.php\\\/2026\\\/09\\\/01\\\/este-es-el-camino-de-la-seleccion-mexicana-femenil-sub-20-en-el-mundial-de-polonia-2026\\\/#webpage\"},\"articleSection\":\"Selecci\\u00f3n Mexicana, Mundial Sub-20, Selecci\\u00f3n Mexicana Femenil, Sub 20\"},{\"@type\":\"BreadcrumbList\",\"@id\":\"https:\\\/\\\/redeportivamx.com\\\/index.php\\\/2026\\\/09\\\/01\\\/este-es-el-camino-de-la-seleccion-mexicana-femenil-sub-20-en-el-mundial-de-polonia-2026\\\/#breadcrumblist\",\"itemListElement\":[{\"@type\":\"ListItem\",\"@id\":\"https:\\\/\\\/redeportivamx.com#listItem\",\"position\":1,\"name\":\"Home\",\"item\":\"https:\\\/\\\/redeportivamx.com\",\"nextItem\":{\"@type\":\"ListItem\",\"@id\":\"https:\\\/\\\/redeportivamx.com\\\/index.php\\\/category\\\/seleccion-mexicana\\\/#listItem\",\"name\":\"Selecci\\u00f3n Mexicana\"}},{\"@type\":\"ListItem\",\"@id\":\"https:\\\/\\\/redeportivamx.com\\\/index.php\\\/category\\\/seleccion-mexicana\\\/#listItem\",\"position\":2,\"name\":\"Selecci\\u00f3n Mexicana\",\"item\":\"https:\\\/\\\/redeportivamx.com\\\/index.php\\\/category\\\/seleccion-mexicana\\\/\",\"nextItem\":{\"@type\":\"ListItem\",\"@id\":\"https:\\\/\\\/redeportivamx.com\\\/index.php\\\/2026\\\/09\\\/01\\\/este-es-el-camino-de-la-seleccion-mexicana-femenil-sub-20-en-el-mundial-de-polonia-2026\\\/#listItem\",\"name\":\"Este es el camino de la Selecci\\u00f3n Mexicana Femenil Sub-20 en el Mundial de Polonia 2026\"},\"previousItem\":{\"@type\":\"ListItem\",\"@id\":\"https:\\\/\\\/redeportivamx.com#listItem\",\"name\":\"Home\"}},{\"@type\":\"ListItem\",\"@id\":\"https:\\\/\\\/redeportivamx.com\\\/index.php\\\/2026\\\/09\\\/01\\\/este-es-el-camino-de-la-seleccion-mexicana-femenil-sub-20-en-el-mundial-de-polonia-2026\\\/#listItem\",\"position\":3,\"name\":\"Este es el camino de la Selecci\\u00f3n Mexicana Femenil Sub-20 en el Mundial de Polonia 2026\",\"previousItem\":{\"@type\":\"ListItem\",\"@id\":\"https:\\\/\\\/redeportivamx.com\\\/index.php\\\/category\\\/seleccion-mexicana\\\/#listItem\",\"name\":\"Selecci\\u00f3n Mexicana\"}}]},{\"@type\":\"Organization\",\"@id\":\"https:\\\/\\\/redeportivamx.com\\\/#organization\",\"name\":\"redeportivamx.com\",\"description\":\"\\u00a1Conectando tu pasi\\u00f3n!\",\"url\":\"https:\\\/\\\/redeportivamx.com\\\/\",\"sameAs\":[\"https:\\\/\\\/www.facebook.com\\\/profile.php?id=61565592572733\",\"https:\\\/\\\/x.com\\\/Redeportivamx?s=20\",\"https:\\\/\\\/www.instagram.com\\\/redeportivamx\\\/\",\"https:\\\/\\\/www.tiktok.com\\\/@redeportiva.mx\",\"https:\\\/\\\/www.youtube.com\\\/@Redeportiva-MX\"]},{\"@type\":\"Person\",\"@id\":\"https:\\\/\\\/redeportivamx.com\\\/index.php\\\/author\\\/maria-alejandra-bueno\\\/#author\",\"url\":\"https:\\\/\\\/redeportivamx.com\\\/index.php\\\/author\\\/maria-alejandra-bueno\\\/\",\"name\":\"Maria Bueno\",\"image\":{\"@type\":\"ImageObject\",\"@id\":\"https:\\\/\\\/redeportivamx.com\\\/index.php\\\/2026\\\/09\\\/01\\\/este-es-el-camino-de-la-seleccion-mexicana-femenil-sub-20-en-el-mundial-de-polonia-2026\\\/#authorImage\",\"url\":\"https:\\\/\\\/secure.gravatar.com\\\/avatar\\\/e2bf018392864485234ba4109c893fe67481f95f3f6cc81eb9305e874cece686?s=96&d=mm&r=g\",\"width\":96,\"height\":96,\"caption\":\"Maria Bueno\"}},{\"@type\":\"WebPage\",\"@id\":\"https:\\\/\\\/redeportivamx.com\\\/index.php\\\/2026\\\/09\\\/01\\\/este-es-el-camino-de-la-seleccion-mexicana-femenil-sub-20-en-el-mundial-de-polonia-2026\\\/#webpage\",\"url\":\"https:\\\/\\\/redeportivamx.com\\\/index.php\\\/2026\\\/09\\\/01\\\/este-es-el-camino-de-la-seleccion-mexicana-femenil-sub-20-en-el-mundial-de-polonia-2026\\\/\",\"name\":\"Este es el camino de la Selecci\\u00f3n Mexicana Femenil Sub-20 en el Mundial de Polonia 2026 - Redeportiva MX\",\"description\":\"Conoce las fechas, horarios y rivales de la Selecci\\u00f3n Mexicana Femenil Sub-20 en la Fase de Grupos del Mundial de Polonia 2026.\",\"inLanguage\":\"es-MX\",\"isPartOf\":{\"@id\":\"https:\\\/\\\/redeportivamx.com\\\/#website\"},\"breadcrumb\":{\"@id\":\"https:\\\/\\\/redeportivamx.com\\\/index.php\\\/2026\\\/09\\\/01\\\/este-es-el-camino-de-la-seleccion-mexicana-femenil-sub-20-en-el-mundial-de-polonia-2026\\\/#breadcrumblist\"},\"author\":{\"@id\":\"https:\\\/\\\/redeportivamx.com\\\/index.php\\\/author\\\/maria-alejandra-bueno\\\/#author\"},\"creator\":{\"@id\":\"https:\\\/\\\/redeportivamx.com\\\/index.php\\\/author\\\/maria-alejandra-bueno\\\/#author\"},\"image\":{\"@type\":\"ImageObject\",\"url\":\"https:\\\/\\\/redeportivamx.com\\\/wp-content\\\/uploads\\\/2026\\\/09\\\/SaveClip.App_789926496_933099746538498_7848982376535841523_n.jpeg\",\"@id\":\"https:\\\/\\\/redeportivamx.com\\\/index.php\\\/2026\\\/09\\\/01\\\/este-es-el-camino-de-la-seleccion-mexicana-femenil-sub-20-en-el-mundial-de-polonia-2026\\\/#mainImage\",\"width\":1200,\"height\":675,\"caption\":\"Foto: @miseleccionfem\"},\"primaryImageOfPage\":{\"@id\":\"https:\\\/\\\/redeportivamx.com\\\/index.php\\\/2026\\\/09\\\/01\\\/este-es-el-camino-de-la-seleccion-mexicana-femenil-sub-20-en-el-mundial-de-polonia-2026\\\/#mainImage\"},\"datePublished\":\"2026-09-01T19:30:37-06:00\",\"dateModified\":\"2026-09-01T19:30:39-06:00\"},{\"@type\":\"WebSite\",\"@id\":\"https:\\\/\\\/redeportivamx.com\\\/#website\",\"url\":\"https:\\\/\\\/redeportivamx.com\\\/\",\"name\":\"redeportivamx.com\",\"description\":\"\\u00a1Conectando tu pasi\\u00f3n!\",\"inLanguage\":\"es-MX\",\"publisher\":{\"@id\":\"https:\\\/\\\/redeportivamx.com\\\/#organization\"}}]}\n\t\t<\/script>\n\t\t<!-- All in One SEO -->\n\n","aioseo_head_json":{"title":"Este es el camino de la Selecci\u00f3n Mexicana Femenil Sub-20 en el Mundial de Polonia 2026 - Redeportiva MX","description":"Conoce las fechas, horarios y rivales de la Selecci\u00f3n Mexicana Femenil Sub-20 en la Fase de Grupos del Mundial de Polonia 2026.","canonical_url":"https:\/\/redeportivamx.com\/index.php\/2026\/09\/01\/este-es-el-camino-de-la-seleccion-mexicana-femenil-sub-20-en-el-mundial-de-polonia-2026\/","robots":"max-image-preview:large","keywords":"","webmasterTools":{"miscellaneous":""},"schema":{"@context":"https:\/\/schema.org","@graph":[{"@type":"BlogPosting","@id":"https:\/\/redeportivamx.com\/index.php\/2026\/09\/01\/este-es-el-camino-de-la-seleccion-mexicana-femenil-sub-20-en-el-mundial-de-polonia-2026\/#blogposting","name":"Este es el camino de la Selecci\u00f3n Mexicana Femenil Sub-20 en el Mundial de Polonia 2026 - Redeportiva MX","headline":"Este es el camino de la Selecci\u00f3n Mexicana Femenil Sub-20 en el Mundial de Polonia 2026","author":{"@id":"https:\/\/redeportivamx.com\/index.php\/author\/maria-alejandra-bueno\/#author"},"publisher":{"@id":"https:\/\/redeportivamx.com\/#organization"},"image":{"@type":"ImageObject","url":"https:\/\/redeportivamx.com\/wp-content\/uploads\/2026\/09\/SaveClip.App_789926496_933099746538498_7848982376535841523_n.jpeg","width":1200,"height":675,"caption":"Foto: @miseleccionfem"},"datePublished":"2026-09-01T19:30:37-06:00","dateModified":"2026-09-01T19:30:39-06:00","inLanguage":"es-MX","mainEntityOfPage":{"@id":"https:\/\/redeportivamx.com\/index.php\/2026\/09\/01\/este-es-el-camino-de-la-seleccion-mexicana-femenil-sub-20-en-el-mundial-de-polonia-2026\/#webpage"},"isPartOf":{"@id":"https:\/\/redeportivamx.com\/index.php\/2026\/09\/01\/este-es-el-camino-de-la-seleccion-mexicana-femenil-sub-20-en-el-mundial-de-polonia-2026\/#webpage"},"articleSection":"Selecci\u00f3n Mexicana, Mundial Sub-20, Selecci\u00f3n Mexicana Femenil, Sub 20"},{"@type":"BreadcrumbList","@id":"https:\/\/redeportivamx.com\/index.php\/2026\/09\/01\/este-es-el-camino-de-la-seleccion-mexicana-femenil-sub-20-en-el-mundial-de-polonia-2026\/#breadcrumblist","itemListElement":[{"@type":"ListItem","@id":"https:\/\/redeportivamx.com#listItem","position":1,"name":"Home","item":"https:\/\/redeportivamx.com","nextItem":{"@type":"ListItem","@id":"https:\/\/redeportivamx.com\/index.php\/category\/seleccion-mexicana\/#listItem","name":"Selecci\u00f3n Mexicana"}},{"@type":"ListItem","@id":"https:\/\/redeportivamx.com\/index.php\/category\/seleccion-mexicana\/#listItem","position":2,"name":"Selecci\u00f3n Mexicana","item":"https:\/\/redeportivamx.com\/index.php\/category\/seleccion-mexicana\/","nextItem":{"@type":"ListItem","@id":"https:\/\/redeportivamx.com\/index.php\/2026\/09\/01\/este-es-el-camino-de-la-seleccion-mexicana-femenil-sub-20-en-el-mundial-de-polonia-2026\/#listItem","name":"Este es el camino de la Selecci\u00f3n Mexicana Femenil Sub-20 en el Mundial de Polonia 2026"},"previousItem":{"@type":"ListItem","@id":"https:\/\/redeportivamx.com#listItem","name":"Home"}},{"@type":"ListItem","@id":"https:\/\/redeportivamx.com\/index.php\/2026\/09\/01\/este-es-el-camino-de-la-seleccion-mexicana-femenil-sub-20-en-el-mundial-de-polonia-2026\/#listItem","position":3,"name":"Este es el camino de la Selecci\u00f3n Mexicana Femenil Sub-20 en el Mundial de Polonia 2026","previousItem":{"@type":"ListItem","@id":"https:\/\/redeportivamx.com\/index.php\/category\/seleccion-mexicana\/#listItem","name":"Selecci\u00f3n Mexicana"}}]},{"@type":"Organization","@id":"https:\/\/redeportivamx.com\/#organization","name":"redeportivamx.com","description":"\u00a1Conectando tu pasi\u00f3n!","url":"https:\/\/redeportivamx.com\/","sameAs":["https:\/\/www.facebook.com\/profile.php?id=61565592572733","https:\/\/x.com\/Redeportivamx?s=20","https:\/\/www.instagram.com\/redeportivamx\/","https:\/\/www.tiktok.com\/@redeportiva.mx","https:\/\/www.youtube.com\/@Redeportiva-MX"]},{"@type":"Person","@id":"https:\/\/redeportivamx.com\/index.php\/author\/maria-alejandra-bueno\/#author","url":"https:\/\/redeportivamx.com\/index.php\/author\/maria-alejandra-bueno\/","name":"Maria Bueno","image":{"@type":"ImageObject","@id":"https:\/\/redeportivamx.com\/index.php\/2026\/09\/01\/este-es-el-camino-de-la-seleccion-mexicana-femenil-sub-20-en-el-mundial-de-polonia-2026\/#authorImage","url":"https:\/\/secure.gravatar.com\/avatar\/e2bf018392864485234ba4109c893fe67481f95f3f6cc81eb9305e874cece686?s=96&d=mm&r=g","width":96,"height":96,"caption":"Maria Bueno"}},{"@type":"WebPage","@id":"https:\/\/redeportivamx.com\/index.php\/2026\/09\/01\/este-es-el-camino-de-la-seleccion-mexicana-femenil-sub-20-en-el-mundial-de-polonia-2026\/#webpage","url":"https:\/\/redeportivamx.com\/index.php\/2026\/09\/01\/este-es-el-camino-de-la-seleccion-mexicana-femenil-sub-20-en-el-mundial-de-polonia-2026\/","name":"Este es el camino de la Selecci\u00f3n Mexicana Femenil Sub-20 en el Mundial de Polonia 2026 - Redeportiva MX","description":"Conoce las fechas, horarios y rivales de la Selecci\u00f3n Mexicana Femenil Sub-20 en la Fase de Grupos del Mundial de Polonia 2026.","inLanguage":"es-MX","isPartOf":{"@id":"https:\/\/redeportivamx.com\/#website"},"breadcrumb":{"@id":"https:\/\/redeportivamx.com\/index.php\/2026\/09\/01\/este-es-el-camino-de-la-seleccion-mexicana-femenil-sub-20-en-el-mundial-de-polonia-2026\/#breadcrumblist"},"author":{"@id":"https:\/\/redeportivamx.com\/index.php\/author\/maria-alejandra-bueno\/#author"},"creator":{"@id":"https:\/\/redeportivamx.com\/index.php\/author\/maria-alejandra-bueno\/#author"},"image":{"@type":"ImageObject","url":"https:\/\/redeportivamx.com\/wp-content\/uploads\/2026\/09\/SaveClip.App_789926496_933099746538498_7848982376535841523_n.jpeg","@id":"https:\/\/redeportivamx.com\/index.php\/2026\/09\/01\/este-es-el-camino-de-la-seleccion-mexicana-femenil-sub-20-en-el-mundial-de-polonia-2026\/#mainImage","width":1200,"height":675,"caption":"Foto: @miseleccionfem"},"primaryImageOfPage":{"@id":"https:\/\/redeportivamx.com\/index.php\/2026\/09\/01\/este-es-el-camino-de-la-seleccion-mexicana-femenil-sub-20-en-el-mundial-de-polonia-2026\/#mainImage"},"datePublished":"2026-09-01T19:30:37-06:00","dateModified":"2026-09-01T19:30:39-06:00"},{"@type":"WebSite","@id":"https:\/\/redeportivamx.com\/#website","url":"https:\/\/redeportivamx.com\/","name":"redeportivamx.com","description":"\u00a1Conectando tu pasi\u00f3n!","inLanguage":"es-MX","publisher":{"@id":"https:\/\/redeportivamx.com\/#organization"}}]},"og:locale":"es_MX","og:site_name":"Redeportiva MX - \u00a1Conectando tu pasi\u00f3n!","og:type":"sport","og:title":"Este es el camino de la Selecci\u00f3n Mexicana Femenil Sub-20 en el Mundial de Polonia 2026 - Redeportiva MX","og:description":"Conoce las fechas, horarios y rivales de la Selecci\u00f3n Mexicana Femenil Sub-20 en la Fase de Grupos del Mundial de Polonia 2026.","og:url":"https:\/\/redeportivamx.com\/index.php\/2026\/09\/01\/este-es-el-camino-de-la-seleccion-mexicana-femenil-sub-20-en-el-mundial-de-polonia-2026\/","og:image":"https:\/\/redeportivamx.com\/wp-content\/uploads\/2026\/09\/SaveClip.App_789926496_933099746538498_7848982376535841523_n.jpeg","og:image:secure_url":"https:\/\/redeportivamx.com\/wp-content\/uploads\/2026\/09\/SaveClip.App_789926496_933099746538498_7848982376535841523_n.jpeg","og:image:width":1200,"og:image:height":675,"twitter:card":"summary_large_image","twitter:site":"@Redeportivamx","twitter:title":"Este es el camino de la Selecci\u00f3n Mexicana Femenil Sub-20 en el Mundial de Polonia 2026 - Redeportiva MX","twitter:description":"Conoce las fechas, horarios y rivales de la Selecci\u00f3n Mexicana Femenil Sub-20 en la Fase de Grupos del Mundial de Polonia 2026.","twitter:creator":"@Redeportivamx","twitter:image":"https:\/\/redeportivamx.com\/wp-content\/uploads\/2026\/09\/SaveClip.App_789926496_933099746538498_7848982376535841523_n.jpeg"},"aioseo_meta_data":{"post_id":"52698","title":null,"description":null,"keywords":null,"keyphrases":{"focus":{"keyphrase":"Calendario M\u00e9xico Femenil Sub-20","score":0,"analysis":[]},"additional":[]},"primary_term":null,"canonical_url":null,"og_title":null,"og_description":null,"og_object_type":"default","og_image_type":"default","og_image_url":null,"og_image_width":null,"og_image_height":null,"og_image_custom_url":null,"og_image_custom_fields":null,"og_video":"","og_custom_url":null,"og_article_section":null,"og_article_tags":null,"twitter_use_og":false,"twitter_card":"default","twitter_image_type":"default","twitter_image_url":null,"twitter_image_custom_url":null,"twitter_image_custom_fields":null,"twitter_title":null,"twitter_description":null,"schema":{"blockGraphs":[],"customGraphs":[],"default":{"data":{"Article":[],"Course":[],"Dataset":[],"FAQPage":[],"Movie":[],"Person":[],"Product":[],"ProductReview":[],"Car":[],"Recipe":[],"Service":[],"SoftwareApplication":[],"WebPage":[]},"graphName":"BlogPosting","isEnabled":true},"graphs":[]},"schema_type":"default","schema_type_options":null,"pillar_content":false,"robots_default":true,"robots_noindex":false,"robots_noarchive":false,"robots_nosnippet":false,"robots_nofollow":false,"robots_noimageindex":false,"robots_noodp":false,"robots_notranslate":false,"robots_max_snippet":"-1","robots_max_videopreview":"-1","robots_max_imagepreview":"large","priority":null,"frequency":"default","local_seo":null,"breadcrumb_settings":null,"limit_modified_date":false,"ai":{"faqs":[],"keyPoints":[],"schemas":[],"titles":[],"descriptions":[],"socialPosts":{"email":{"subject":"","preview":"","content":""},"linkedin":[],"twitter":[],"facebook":[],"instagram":[]}},"created":"2026-09-02 01:30:39","updated":"2026-09-02 01:30:39","seo_analyzer_scan_date":null,"focus_keyword":"Calendario M\u00e9xico Femenil Sub-20","additional_keywords":null,"truseo_locale":null},"aioseo_breadcrumb":"<div class=\"aioseo-breadcrumbs\"><span class=\"aioseo-breadcrumb\">\n\t\t\t<a href=\"https:\/\/redeportivamx.com\" title=\"Home\">Home<\/a>\n\t\t<\/span><span class=\"aioseo-breadcrumb-separator\">&raquo;<\/span><span class=\"aioseo-breadcrumb\">\n\t\t\t<a href=\"https:\/\/redeportivamx.com\/index.php\/category\/seleccion-mexicana\/\" title=\"Selecci\u00f3n Mexicana\">Selecci\u00f3n Mexicana<\/a>\n\t\t<\/span><span class=\"aioseo-breadcrumb-separator\">&raquo;<\/span><span class=\"aioseo-breadcrumb\">\n\t\t\tEste es el camino de la Selecci\u00f3n Mexicana Femenil Sub-20 en el Mundial de Polonia 2026\n\t\t<\/span><\/div>","aioseo_breadcrumb_json":[{"label":"Home","link":"https:\/\/redeportivamx.com"},{"label":"Selecci\u00f3n Mexicana","link":"https:\/\/redeportivamx.com\/index.php\/category\/seleccion-mexicana\/"},{"label":"Este es el camino de la Selecci\u00f3n Mexicana Femenil Sub-20 en el Mundial de Polonia 2026","link":"https:\/\/redeportivamx.com\/index.php\/2026\/09\/01\/este-es-el-camino-de-la-seleccion-mexicana-femenil-sub-20-en-el-mundial-de-polonia-2026\/"}],"jetpack_sharing_enabled":true,"jetpack_featured_media_url":"https:\/\/redeportivamx.com\/wp-content\/uploads\/2026\/09\/SaveClip.App_789926496_933099746538498_7848982376535841523_n.jpeg","_links":{"self":[{"href":"https:\/\/redeportivamx.com\/index.php\/wp-json\/wp\/v2\/posts\/52698","targetHints":{"allow":["GET"]}}],"collection":[{"href":"https:\/\/redeportivamx.com\/index.php\/wp-json\/wp\/v2\/posts"}],"about":[{"href":"https:\/\/redeportivamx.com\/index.php\/wp-json\/wp\/v2\/types\/post"}],"author":[{"embeddable":true,"href":"https:\/\/redeportivamx.com\/index.php\/wp-json\/wp\/v2\/users\/25"}],"replies":[{"embeddable":true,"href":"https:\/\/redeportivamx.com\/index.php\/wp-json\/wp\/v2\/comments?post=52698"}],"version-history":[{"count":1,"href":"https:\/\/redeportivamx.com\/index.php\/wp-json\/wp\/v2\/posts\/52698\/revisions"}],"predecessor-version":[{"id":52700,"href":"https:\/\/redeportivamx.com\/index.php\/wp-json\/wp\/v2\/posts\/52698\/revisions\/52700"}],"wp:featuredmedia":[{"embeddable":true,"href":"https:\/\/redeportivamx.com\/index.php\/wp-json\/wp\/v2\/media\/52699"}],"wp:attachment":[{"href":"https:\/\/redeportivamx.com\/index.php\/wp-json\/wp\/v2\/media?parent=52698"}],"wp:term":[{"taxonomy":"category","embeddable":true,"href":"https:\/\/redeportivamx.com\/index.php\/wp-json\/wp\/v2\/categories?post=52698"},{"taxonomy":"post_tag","embeddable":true,"href":"https:\/\/redeportivamx.com\/index.php\/wp-json\/wp\/v2\/tags?post=52698"}],"curies":[{"name":"wp","href":"https:\/\/api.w.org\/{rel}","templated":true}]}}