{"id":52689,"date":"2026-08-31T18:53:36","date_gmt":"2026-09-01T00:53:36","guid":{"rendered":"https:\/\/redeportivamx.com\/?p=52689"},"modified":"2026-08-31T18:53:38","modified_gmt":"2026-09-01T00:53:38","slug":"con-el-sueno-intacto-la-seleccion-mexicana-femenil-sub-20-revela-su-convocatoria-para-el-mundial-de-polonia-2026","status":"publish","type":"post","link":"https:\/\/redeportivamx.com\/index.php\/2026\/08\/31\/con-el-sueno-intacto-la-seleccion-mexicana-femenil-sub-20-revela-su-convocatoria-para-el-mundial-de-polonia-2026\/","title":{"rendered":"\u00a1Con el sue\u00f1o intacto! La Selecci\u00f3n Mexicana Femenil Sub-20 revela su convocatoria para el Mundial de Polonia 2026"},"content":{"rendered":"\n<p class=\"wp-block-paragraph\">El sue\u00f1o de alcanzar la gloria internacional est\u00e1 m\u00e1s vivo que nunca. El pasado 17 de agosto, la\u00a0<strong>Selecci\u00f3n Mexicana Femenil Sub-20<\/strong>\u00a0ha dado a conocer de manera oficial la lista de jugadoras que tendr\u00e1n el inmenso honor y la responsabilidad de defender la camiseta tricolor en la pr\u00f3xima\u00a0<strong>Copa Mundial Femenina Sub-20 de la FIFA<\/strong>, que se celebrar\u00e1 en\u00a0<strong>Polonia<\/strong>\u00a0este\u00a0<strong>2026<\/strong>.<\/p>\n\n\n\n<p class=\"wp-block-paragraph\">Con un grupo lleno de talento, garra y una profunda identidad nacional, el combinado azteca se declara listo para hacer historia en el Viejo Continente y demostrar el crecimiento exponencial que ha tenido el balompi\u00e9 femenil de nuestro pa\u00eds.<\/p>\n\n\n\n<h2 class=\"wp-block-heading\">Las elegidas para defender el escudo tricolor<\/h2>\n\n\n\n<p class=\"wp-block-paragraph\">El cuerpo t\u00e9cnico ha seleccionado a las mejores exponentes de esta generaci\u00f3n, combinando el talento forjado en los clubes de la&nbsp;<strong>Liga MX Femenil<\/strong>&nbsp;con el roce competitivo de las futbolistas que militan en el sistema universitario de Estados Unidos. A continuaci\u00f3n, te presentamos a las guerreras convocadas:<\/p>\n\n\n\n<p class=\"wp-block-paragraph\"><strong>Porteras:<\/strong><\/p>\n\n\n\n<ul class=\"wp-block-list\">\n<li>Valentina Murrieta (Am\u00e9rica)<\/li>\n\n\n\n<li>Camila V\u00e1zquez (Atlas)<\/li>\n\n\n\n<li>Mari\u00e1ngela Medina (UCLA)<\/li>\n<\/ul>\n\n\n\n<p class=\"wp-block-paragraph\"><strong>Defensas:<\/strong><\/p>\n\n\n\n<ul class=\"wp-block-list\">\n<li>Michel Fong (Tijuana)<\/li>\n\n\n\n<li>Mia Villalpando (Tigres UANL)<\/li>\n\n\n\n<li>Berenice Ibarra (Pachuca)<\/li>\n\n\n\n<li>Alexa Mart\u00ednez (Pachuca)<\/li>\n\n\n\n<li>Ashlee Mora (UTEP Miners)<\/li>\n\n\n\n<li>Natalia Mu\u00f1oz (Tigres UANL)<\/li>\n\n\n\n<li>Arantza Segura (Am\u00e9rica)<\/li>\n\n\n\n<li>Ana Lorena Torres (Atlante)<\/li>\n<\/ul>\n\n\n\n<p class=\"wp-block-paragraph\"><strong>Mediocampistas:<\/strong><\/p>\n\n\n\n<ul class=\"wp-block-list\">\n<li>Abril Fragoso (Pachuca)<\/li>\n\n\n\n<li>Monique Montes (Rayadas)<\/li>\n\n\n\n<li>Mar\u00eda In\u00e9s Gonz\u00e1lez (Tigres UANL)<\/li>\n\n\n\n<li>Alexa Soto (Am\u00e9rica)<\/li>\n\n\n\n<li>Yareli Valadez (Pachuca)<\/li>\n\n\n\n<li>Alice Soto (Rayadas)<\/li>\n<\/ul>\n\n\n\n<p class=\"wp-block-paragraph\"><strong>Delanteras:<\/strong><\/p>\n\n\n\n<ul class=\"wp-block-list\">\n<li>Jalen Chaney (Creighton University)<\/li>\n\n\n\n<li>Deiry Ram\u00edrez (Tigres UANL)<\/li>\n\n\n\n<li>Noem\u00ed Villalobos (Atlas)<\/li>\n\n\n\n<li>Montserrat Sald\u00edvar (Am\u00e9rica)<\/li>\n<\/ul>\n\n\n\n<h2 class=\"wp-block-heading\">ADN ganador: La experiencia del bronce mundialista<\/h2>\n\n\n\n<p class=\"wp-block-paragraph\">Un factor que ilusiona profundamente de esta&nbsp;<strong>convocatoria<\/strong>&nbsp;es la mentalidad ganadora que ya impera en el vestidor. Dentro de esta selecci\u00f3n destacan futbolistas que formaron parte del hist\u00f3rico equipo que consigui\u00f3 el&nbsp;<strong>tercer lugar en el Mundial Sub-17 del a\u00f1o 2025<\/strong>.<\/p>\n\n\n\n<p class=\"wp-block-paragraph\">Estas jugadoras ya saben perfectamente lo que significa la presi\u00f3n de trascender en un escenario internacional, superar la fase de grupos y colgarse una medalla, aportando una madurez an\u00edmica y t\u00e1ctica que ser\u00e1 fundamental para contagiar al resto del plantel en tierras europeas.<\/p>\n","protected":false},"excerpt":{"rendered":"<p>Conoce la lista oficial de jugadoras de la Selecci\u00f3n Mexicana Femenil Sub-20 que buscar\u00e1n la gloria en la Copa del Mundo de Polonia 2026.<\/p>\n","protected":false},"author":25,"featured_media":52690,"comment_status":"open","ping_status":"open","sticky":false,"template":"","format":"standard","meta":{"_monsterinsights_skip_tracking":false,"_jetpack_newsletter_access":"","_jetpack_dont_email_post_to_subs":false,"_jetpack_newsletter_tier_id":0,"_jetpack_memberships_contains_paywalled_content":false,"_jetpack_feature_clip_id":0,"_jetpack_memberships_contains_paid_content":false,"footnotes":"","jetpack_post_was_ever_published":false},"categories":[40],"tags":[462,2536],"class_list":["post-52689","post","type-post","status-publish","format-standard","has-post-thumbnail","hentry","category-seleccion-mexicana","tag-seleccion-mexicana-femenil","tag-sub-20"],"aioseo_notices":[],"aioseo_head":"\n\t\t<!-- All in One SEO 5.0.1.1 - aioseo.com -->\n\t<meta name=\"description\" content=\"Conoce la lista oficial de jugadoras de la Selecci\u00f3n Mexicana Femenil Sub-20 que buscar\u00e1n la gloria en la Copa del Mundo de Polonia 2026.\" \/>\n\t<meta name=\"robots\" content=\"max-image-preview:large\" \/>\n\t<meta name=\"author\" content=\"Maria Bueno\"\/>\n\t<link rel=\"canonical\" href=\"https:\/\/redeportivamx.com\/index.php\/2026\/08\/31\/con-el-sueno-intacto-la-seleccion-mexicana-femenil-sub-20-revela-su-convocatoria-para-el-mundial-de-polonia-2026\/\" \/>\n\t<meta name=\"generator\" content=\"All in One SEO (AIOSEO) 5.0.1.1\" \/>\n\t\t<meta property=\"og:locale\" content=\"es_MX\" \/>\n\t\t<meta property=\"og:site_name\" content=\"Redeportiva MX - \u00a1Conectando tu pasi\u00f3n!\" \/>\n\t\t<meta property=\"og:type\" content=\"sport\" \/>\n\t\t<meta property=\"og:title\" content=\"\u00a1Con el sue\u00f1o intacto! La Selecci\u00f3n Mexicana Femenil Sub-20 revela su convocatoria para el Mundial de Polonia 2026 - Redeportiva MX\" \/>\n\t\t<meta property=\"og:description\" content=\"Conoce la lista oficial de jugadoras de la Selecci\u00f3n Mexicana Femenil Sub-20 que buscar\u00e1n la gloria en la Copa del Mundo de Polonia 2026.\" \/>\n\t\t<meta property=\"og:url\" content=\"https:\/\/redeportivamx.com\/index.php\/2026\/08\/31\/con-el-sueno-intacto-la-seleccion-mexicana-femenil-sub-20-revela-su-convocatoria-para-el-mundial-de-polonia-2026\/\" \/>\n\t\t<meta property=\"og:image\" content=\"https:\/\/redeportivamx.com\/wp-content\/uploads\/2026\/08\/785980167_927308127117660_5675052912943020971_n.jpg\" \/>\n\t\t<meta property=\"og:image:secure_url\" content=\"https:\/\/redeportivamx.com\/wp-content\/uploads\/2026\/08\/785980167_927308127117660_5675052912943020971_n.jpg\" \/>\n\t\t<meta property=\"og:image:width\" content=\"512\" \/>\n\t\t<meta property=\"og:image:height\" content=\"640\" \/>\n\t\t<meta name=\"twitter:card\" content=\"summary_large_image\" \/>\n\t\t<meta name=\"twitter:site\" content=\"@Redeportivamx\" \/>\n\t\t<meta name=\"twitter:title\" content=\"\u00a1Con el sue\u00f1o intacto! La Selecci\u00f3n Mexicana Femenil Sub-20 revela su convocatoria para el Mundial de Polonia 2026 - Redeportiva MX\" \/>\n\t\t<meta name=\"twitter:description\" content=\"Conoce la lista oficial de jugadoras de la Selecci\u00f3n Mexicana Femenil Sub-20 que buscar\u00e1n la gloria en la Copa del Mundo de Polonia 2026.\" \/>\n\t\t<meta name=\"twitter:creator\" content=\"@Redeportivamx\" \/>\n\t\t<meta name=\"twitter:image\" content=\"https:\/\/redeportivamx.com\/wp-content\/uploads\/2026\/08\/785980167_927308127117660_5675052912943020971_n.jpg\" \/>\n\t\t<script type=\"application\/ld+json\" class=\"aioseo-schema\">\n\t\t\t{\"@context\":\"https:\\\/\\\/schema.org\",\"@graph\":[{\"@type\":\"BlogPosting\",\"@id\":\"https:\\\/\\\/redeportivamx.com\\\/index.php\\\/2026\\\/08\\\/31\\\/con-el-sueno-intacto-la-seleccion-mexicana-femenil-sub-20-revela-su-convocatoria-para-el-mundial-de-polonia-2026\\\/#blogposting\",\"name\":\"\\u00a1Con el sue\\u00f1o intacto! La Selecci\\u00f3n Mexicana Femenil Sub-20 revela su convocatoria para el Mundial de Polonia 2026 - Redeportiva MX\",\"headline\":\"\\u00a1Con el sue\\u00f1o intacto! La Selecci\\u00f3n Mexicana Femenil Sub-20 revela su convocatoria para el Mundial de Polonia 2026\",\"author\":{\"@id\":\"https:\\\/\\\/redeportivamx.com\\\/index.php\\\/author\\\/maria-alejandra-bueno\\\/#author\"},\"publisher\":{\"@id\":\"https:\\\/\\\/redeportivamx.com\\\/#organization\"},\"image\":{\"@type\":\"ImageObject\",\"url\":\"https:\\\/\\\/redeportivamx.com\\\/wp-content\\\/uploads\\\/2026\\\/08\\\/785980167_927308127117660_5675052912943020971_n.jpg\",\"width\":512,\"height\":640},\"datePublished\":\"2026-08-31T18:53:36-06:00\",\"dateModified\":\"2026-08-31T18:53:38-06:00\",\"inLanguage\":\"es-MX\",\"mainEntityOfPage\":{\"@id\":\"https:\\\/\\\/redeportivamx.com\\\/index.php\\\/2026\\\/08\\\/31\\\/con-el-sueno-intacto-la-seleccion-mexicana-femenil-sub-20-revela-su-convocatoria-para-el-mundial-de-polonia-2026\\\/#webpage\"},\"isPartOf\":{\"@id\":\"https:\\\/\\\/redeportivamx.com\\\/index.php\\\/2026\\\/08\\\/31\\\/con-el-sueno-intacto-la-seleccion-mexicana-femenil-sub-20-revela-su-convocatoria-para-el-mundial-de-polonia-2026\\\/#webpage\"},\"articleSection\":\"Selecci\\u00f3n Mexicana, Selecci\\u00f3n Mexicana Femenil, Sub 20\"},{\"@type\":\"BreadcrumbList\",\"@id\":\"https:\\\/\\\/redeportivamx.com\\\/index.php\\\/2026\\\/08\\\/31\\\/con-el-sueno-intacto-la-seleccion-mexicana-femenil-sub-20-revela-su-convocatoria-para-el-mundial-de-polonia-2026\\\/#breadcrumblist\",\"itemListElement\":[{\"@type\":\"ListItem\",\"@id\":\"https:\\\/\\\/redeportivamx.com#listItem\",\"position\":1,\"name\":\"Home\",\"item\":\"https:\\\/\\\/redeportivamx.com\",\"nextItem\":{\"@type\":\"ListItem\",\"@id\":\"https:\\\/\\\/redeportivamx.com\\\/index.php\\\/category\\\/seleccion-mexicana\\\/#listItem\",\"name\":\"Selecci\\u00f3n Mexicana\"}},{\"@type\":\"ListItem\",\"@id\":\"https:\\\/\\\/redeportivamx.com\\\/index.php\\\/category\\\/seleccion-mexicana\\\/#listItem\",\"position\":2,\"name\":\"Selecci\\u00f3n Mexicana\",\"item\":\"https:\\\/\\\/redeportivamx.com\\\/index.php\\\/category\\\/seleccion-mexicana\\\/\",\"nextItem\":{\"@type\":\"ListItem\",\"@id\":\"https:\\\/\\\/redeportivamx.com\\\/index.php\\\/2026\\\/08\\\/31\\\/con-el-sueno-intacto-la-seleccion-mexicana-femenil-sub-20-revela-su-convocatoria-para-el-mundial-de-polonia-2026\\\/#listItem\",\"name\":\"\\u00a1Con el sue\\u00f1o intacto! La Selecci\\u00f3n Mexicana Femenil Sub-20 revela su convocatoria para el Mundial de Polonia 2026\"},\"previousItem\":{\"@type\":\"ListItem\",\"@id\":\"https:\\\/\\\/redeportivamx.com#listItem\",\"name\":\"Home\"}},{\"@type\":\"ListItem\",\"@id\":\"https:\\\/\\\/redeportivamx.com\\\/index.php\\\/2026\\\/08\\\/31\\\/con-el-sueno-intacto-la-seleccion-mexicana-femenil-sub-20-revela-su-convocatoria-para-el-mundial-de-polonia-2026\\\/#listItem\",\"position\":3,\"name\":\"\\u00a1Con el sue\\u00f1o intacto! La Selecci\\u00f3n Mexicana Femenil Sub-20 revela su convocatoria para el Mundial de Polonia 2026\",\"previousItem\":{\"@type\":\"ListItem\",\"@id\":\"https:\\\/\\\/redeportivamx.com\\\/index.php\\\/category\\\/seleccion-mexicana\\\/#listItem\",\"name\":\"Selecci\\u00f3n Mexicana\"}}]},{\"@type\":\"Organization\",\"@id\":\"https:\\\/\\\/redeportivamx.com\\\/#organization\",\"name\":\"redeportivamx.com\",\"description\":\"\\u00a1Conectando tu pasi\\u00f3n!\",\"url\":\"https:\\\/\\\/redeportivamx.com\\\/\",\"sameAs\":[\"https:\\\/\\\/www.facebook.com\\\/profile.php?id=61565592572733\",\"https:\\\/\\\/x.com\\\/Redeportivamx?s=20\",\"https:\\\/\\\/www.instagram.com\\\/redeportivamx\\\/\",\"https:\\\/\\\/www.tiktok.com\\\/@redeportiva.mx\",\"https:\\\/\\\/www.youtube.com\\\/@Redeportiva-MX\"]},{\"@type\":\"Person\",\"@id\":\"https:\\\/\\\/redeportivamx.com\\\/index.php\\\/author\\\/maria-alejandra-bueno\\\/#author\",\"url\":\"https:\\\/\\\/redeportivamx.com\\\/index.php\\\/author\\\/maria-alejandra-bueno\\\/\",\"name\":\"Maria Bueno\",\"image\":{\"@type\":\"ImageObject\",\"@id\":\"https:\\\/\\\/redeportivamx.com\\\/index.php\\\/2026\\\/08\\\/31\\\/con-el-sueno-intacto-la-seleccion-mexicana-femenil-sub-20-revela-su-convocatoria-para-el-mundial-de-polonia-2026\\\/#authorImage\",\"url\":\"https:\\\/\\\/secure.gravatar.com\\\/avatar\\\/e2bf018392864485234ba4109c893fe67481f95f3f6cc81eb9305e874cece686?s=96&d=mm&r=g\",\"width\":96,\"height\":96,\"caption\":\"Maria Bueno\"}},{\"@type\":\"WebPage\",\"@id\":\"https:\\\/\\\/redeportivamx.com\\\/index.php\\\/2026\\\/08\\\/31\\\/con-el-sueno-intacto-la-seleccion-mexicana-femenil-sub-20-revela-su-convocatoria-para-el-mundial-de-polonia-2026\\\/#webpage\",\"url\":\"https:\\\/\\\/redeportivamx.com\\\/index.php\\\/2026\\\/08\\\/31\\\/con-el-sueno-intacto-la-seleccion-mexicana-femenil-sub-20-revela-su-convocatoria-para-el-mundial-de-polonia-2026\\\/\",\"name\":\"\\u00a1Con el sue\\u00f1o intacto! La Selecci\\u00f3n Mexicana Femenil Sub-20 revela su convocatoria para el Mundial de Polonia 2026 - Redeportiva MX\",\"description\":\"Conoce la lista oficial de jugadoras de la Selecci\\u00f3n Mexicana Femenil Sub-20 que buscar\\u00e1n la gloria en la Copa del Mundo de Polonia 2026.\",\"inLanguage\":\"es-MX\",\"isPartOf\":{\"@id\":\"https:\\\/\\\/redeportivamx.com\\\/#website\"},\"breadcrumb\":{\"@id\":\"https:\\\/\\\/redeportivamx.com\\\/index.php\\\/2026\\\/08\\\/31\\\/con-el-sueno-intacto-la-seleccion-mexicana-femenil-sub-20-revela-su-convocatoria-para-el-mundial-de-polonia-2026\\\/#breadcrumblist\"},\"author\":{\"@id\":\"https:\\\/\\\/redeportivamx.com\\\/index.php\\\/author\\\/maria-alejandra-bueno\\\/#author\"},\"creator\":{\"@id\":\"https:\\\/\\\/redeportivamx.com\\\/index.php\\\/author\\\/maria-alejandra-bueno\\\/#author\"},\"image\":{\"@type\":\"ImageObject\",\"url\":\"https:\\\/\\\/redeportivamx.com\\\/wp-content\\\/uploads\\\/2026\\\/08\\\/785980167_927308127117660_5675052912943020971_n.jpg\",\"@id\":\"https:\\\/\\\/redeportivamx.com\\\/index.php\\\/2026\\\/08\\\/31\\\/con-el-sueno-intacto-la-seleccion-mexicana-femenil-sub-20-revela-su-convocatoria-para-el-mundial-de-polonia-2026\\\/#mainImage\",\"width\":512,\"height\":640},\"primaryImageOfPage\":{\"@id\":\"https:\\\/\\\/redeportivamx.com\\\/index.php\\\/2026\\\/08\\\/31\\\/con-el-sueno-intacto-la-seleccion-mexicana-femenil-sub-20-revela-su-convocatoria-para-el-mundial-de-polonia-2026\\\/#mainImage\"},\"datePublished\":\"2026-08-31T18:53:36-06:00\",\"dateModified\":\"2026-08-31T18:53:38-06:00\"},{\"@type\":\"WebSite\",\"@id\":\"https:\\\/\\\/redeportivamx.com\\\/#website\",\"url\":\"https:\\\/\\\/redeportivamx.com\\\/\",\"name\":\"redeportivamx.com\",\"description\":\"\\u00a1Conectando tu pasi\\u00f3n!\",\"inLanguage\":\"es-MX\",\"publisher\":{\"@id\":\"https:\\\/\\\/redeportivamx.com\\\/#organization\"}}]}\n\t\t<\/script>\n\t\t<!-- All in One SEO -->\n\n","aioseo_head_json":{"title":"\u00a1Con el sue\u00f1o intacto! La Selecci\u00f3n Mexicana Femenil Sub-20 revela su convocatoria para el Mundial de Polonia 2026 - Redeportiva MX","description":"Conoce la lista oficial de jugadoras de la Selecci\u00f3n Mexicana Femenil Sub-20 que buscar\u00e1n la gloria en la Copa del Mundo de Polonia 2026.","canonical_url":"https:\/\/redeportivamx.com\/index.php\/2026\/08\/31\/con-el-sueno-intacto-la-seleccion-mexicana-femenil-sub-20-revela-su-convocatoria-para-el-mundial-de-polonia-2026\/","robots":"max-image-preview:large","keywords":"","webmasterTools":{"miscellaneous":""},"schema":{"@context":"https:\/\/schema.org","@graph":[{"@type":"BlogPosting","@id":"https:\/\/redeportivamx.com\/index.php\/2026\/08\/31\/con-el-sueno-intacto-la-seleccion-mexicana-femenil-sub-20-revela-su-convocatoria-para-el-mundial-de-polonia-2026\/#blogposting","name":"\u00a1Con el sue\u00f1o intacto! La Selecci\u00f3n Mexicana Femenil Sub-20 revela su convocatoria para el Mundial de Polonia 2026 - Redeportiva MX","headline":"\u00a1Con el sue\u00f1o intacto! La Selecci\u00f3n Mexicana Femenil Sub-20 revela su convocatoria para el Mundial de Polonia 2026","author":{"@id":"https:\/\/redeportivamx.com\/index.php\/author\/maria-alejandra-bueno\/#author"},"publisher":{"@id":"https:\/\/redeportivamx.com\/#organization"},"image":{"@type":"ImageObject","url":"https:\/\/redeportivamx.com\/wp-content\/uploads\/2026\/08\/785980167_927308127117660_5675052912943020971_n.jpg","width":512,"height":640},"datePublished":"2026-08-31T18:53:36-06:00","dateModified":"2026-08-31T18:53:38-06:00","inLanguage":"es-MX","mainEntityOfPage":{"@id":"https:\/\/redeportivamx.com\/index.php\/2026\/08\/31\/con-el-sueno-intacto-la-seleccion-mexicana-femenil-sub-20-revela-su-convocatoria-para-el-mundial-de-polonia-2026\/#webpage"},"isPartOf":{"@id":"https:\/\/redeportivamx.com\/index.php\/2026\/08\/31\/con-el-sueno-intacto-la-seleccion-mexicana-femenil-sub-20-revela-su-convocatoria-para-el-mundial-de-polonia-2026\/#webpage"},"articleSection":"Selecci\u00f3n Mexicana, Selecci\u00f3n Mexicana Femenil, Sub 20"},{"@type":"BreadcrumbList","@id":"https:\/\/redeportivamx.com\/index.php\/2026\/08\/31\/con-el-sueno-intacto-la-seleccion-mexicana-femenil-sub-20-revela-su-convocatoria-para-el-mundial-de-polonia-2026\/#breadcrumblist","itemListElement":[{"@type":"ListItem","@id":"https:\/\/redeportivamx.com#listItem","position":1,"name":"Home","item":"https:\/\/redeportivamx.com","nextItem":{"@type":"ListItem","@id":"https:\/\/redeportivamx.com\/index.php\/category\/seleccion-mexicana\/#listItem","name":"Selecci\u00f3n Mexicana"}},{"@type":"ListItem","@id":"https:\/\/redeportivamx.com\/index.php\/category\/seleccion-mexicana\/#listItem","position":2,"name":"Selecci\u00f3n Mexicana","item":"https:\/\/redeportivamx.com\/index.php\/category\/seleccion-mexicana\/","nextItem":{"@type":"ListItem","@id":"https:\/\/redeportivamx.com\/index.php\/2026\/08\/31\/con-el-sueno-intacto-la-seleccion-mexicana-femenil-sub-20-revela-su-convocatoria-para-el-mundial-de-polonia-2026\/#listItem","name":"\u00a1Con el sue\u00f1o intacto! La Selecci\u00f3n Mexicana Femenil Sub-20 revela su convocatoria para el Mundial de Polonia 2026"},"previousItem":{"@type":"ListItem","@id":"https:\/\/redeportivamx.com#listItem","name":"Home"}},{"@type":"ListItem","@id":"https:\/\/redeportivamx.com\/index.php\/2026\/08\/31\/con-el-sueno-intacto-la-seleccion-mexicana-femenil-sub-20-revela-su-convocatoria-para-el-mundial-de-polonia-2026\/#listItem","position":3,"name":"\u00a1Con el sue\u00f1o intacto! La Selecci\u00f3n Mexicana Femenil Sub-20 revela su convocatoria para el Mundial de Polonia 2026","previousItem":{"@type":"ListItem","@id":"https:\/\/redeportivamx.com\/index.php\/category\/seleccion-mexicana\/#listItem","name":"Selecci\u00f3n Mexicana"}}]},{"@type":"Organization","@id":"https:\/\/redeportivamx.com\/#organization","name":"redeportivamx.com","description":"\u00a1Conectando tu pasi\u00f3n!","url":"https:\/\/redeportivamx.com\/","sameAs":["https:\/\/www.facebook.com\/profile.php?id=61565592572733","https:\/\/x.com\/Redeportivamx?s=20","https:\/\/www.instagram.com\/redeportivamx\/","https:\/\/www.tiktok.com\/@redeportiva.mx","https:\/\/www.youtube.com\/@Redeportiva-MX"]},{"@type":"Person","@id":"https:\/\/redeportivamx.com\/index.php\/author\/maria-alejandra-bueno\/#author","url":"https:\/\/redeportivamx.com\/index.php\/author\/maria-alejandra-bueno\/","name":"Maria Bueno","image":{"@type":"ImageObject","@id":"https:\/\/redeportivamx.com\/index.php\/2026\/08\/31\/con-el-sueno-intacto-la-seleccion-mexicana-femenil-sub-20-revela-su-convocatoria-para-el-mundial-de-polonia-2026\/#authorImage","url":"https:\/\/secure.gravatar.com\/avatar\/e2bf018392864485234ba4109c893fe67481f95f3f6cc81eb9305e874cece686?s=96&d=mm&r=g","width":96,"height":96,"caption":"Maria Bueno"}},{"@type":"WebPage","@id":"https:\/\/redeportivamx.com\/index.php\/2026\/08\/31\/con-el-sueno-intacto-la-seleccion-mexicana-femenil-sub-20-revela-su-convocatoria-para-el-mundial-de-polonia-2026\/#webpage","url":"https:\/\/redeportivamx.com\/index.php\/2026\/08\/31\/con-el-sueno-intacto-la-seleccion-mexicana-femenil-sub-20-revela-su-convocatoria-para-el-mundial-de-polonia-2026\/","name":"\u00a1Con el sue\u00f1o intacto! La Selecci\u00f3n Mexicana Femenil Sub-20 revela su convocatoria para el Mundial de Polonia 2026 - Redeportiva MX","description":"Conoce la lista oficial de jugadoras de la Selecci\u00f3n Mexicana Femenil Sub-20 que buscar\u00e1n la gloria en la Copa del Mundo de Polonia 2026.","inLanguage":"es-MX","isPartOf":{"@id":"https:\/\/redeportivamx.com\/#website"},"breadcrumb":{"@id":"https:\/\/redeportivamx.com\/index.php\/2026\/08\/31\/con-el-sueno-intacto-la-seleccion-mexicana-femenil-sub-20-revela-su-convocatoria-para-el-mundial-de-polonia-2026\/#breadcrumblist"},"author":{"@id":"https:\/\/redeportivamx.com\/index.php\/author\/maria-alejandra-bueno\/#author"},"creator":{"@id":"https:\/\/redeportivamx.com\/index.php\/author\/maria-alejandra-bueno\/#author"},"image":{"@type":"ImageObject","url":"https:\/\/redeportivamx.com\/wp-content\/uploads\/2026\/08\/785980167_927308127117660_5675052912943020971_n.jpg","@id":"https:\/\/redeportivamx.com\/index.php\/2026\/08\/31\/con-el-sueno-intacto-la-seleccion-mexicana-femenil-sub-20-revela-su-convocatoria-para-el-mundial-de-polonia-2026\/#mainImage","width":512,"height":640},"primaryImageOfPage":{"@id":"https:\/\/redeportivamx.com\/index.php\/2026\/08\/31\/con-el-sueno-intacto-la-seleccion-mexicana-femenil-sub-20-revela-su-convocatoria-para-el-mundial-de-polonia-2026\/#mainImage"},"datePublished":"2026-08-31T18:53:36-06:00","dateModified":"2026-08-31T18:53:38-06:00"},{"@type":"WebSite","@id":"https:\/\/redeportivamx.com\/#website","url":"https:\/\/redeportivamx.com\/","name":"redeportivamx.com","description":"\u00a1Conectando tu pasi\u00f3n!","inLanguage":"es-MX","publisher":{"@id":"https:\/\/redeportivamx.com\/#organization"}}]},"og:locale":"es_MX","og:site_name":"Redeportiva MX - \u00a1Conectando tu pasi\u00f3n!","og:type":"sport","og:title":"\u00a1Con el sue\u00f1o intacto! La Selecci\u00f3n Mexicana Femenil Sub-20 revela su convocatoria para el Mundial de Polonia 2026 - Redeportiva MX","og:description":"Conoce la lista oficial de jugadoras de la Selecci\u00f3n Mexicana Femenil Sub-20 que buscar\u00e1n la gloria en la Copa del Mundo de Polonia 2026.","og:url":"https:\/\/redeportivamx.com\/index.php\/2026\/08\/31\/con-el-sueno-intacto-la-seleccion-mexicana-femenil-sub-20-revela-su-convocatoria-para-el-mundial-de-polonia-2026\/","og:image":"https:\/\/redeportivamx.com\/wp-content\/uploads\/2026\/08\/785980167_927308127117660_5675052912943020971_n.jpg","og:image:secure_url":"https:\/\/redeportivamx.com\/wp-content\/uploads\/2026\/08\/785980167_927308127117660_5675052912943020971_n.jpg","og:image:width":512,"og:image:height":640,"twitter:card":"summary_large_image","twitter:site":"@Redeportivamx","twitter:title":"\u00a1Con el sue\u00f1o intacto! La Selecci\u00f3n Mexicana Femenil Sub-20 revela su convocatoria para el Mundial de Polonia 2026 - Redeportiva MX","twitter:description":"Conoce la lista oficial de jugadoras de la Selecci\u00f3n Mexicana Femenil Sub-20 que buscar\u00e1n la gloria en la Copa del Mundo de Polonia 2026.","twitter:creator":"@Redeportivamx","twitter:image":"https:\/\/redeportivamx.com\/wp-content\/uploads\/2026\/08\/785980167_927308127117660_5675052912943020971_n.jpg"},"aioseo_meta_data":{"post_id":"52689","title":null,"description":null,"keywords":null,"keyphrases":{"focus":{"keyphrase":"Selecci\u00f3n Mexicana Femenil Sub-20","score":0,"analysis":[]},"additional":[]},"primary_term":null,"canonical_url":null,"og_title":null,"og_description":null,"og_object_type":"default","og_image_type":"default","og_image_url":null,"og_image_width":null,"og_image_height":null,"og_image_custom_url":null,"og_image_custom_fields":null,"og_video":"","og_custom_url":null,"og_article_section":null,"og_article_tags":null,"twitter_use_og":false,"twitter_card":"default","twitter_image_type":"default","twitter_image_url":null,"twitter_image_custom_url":null,"twitter_image_custom_fields":null,"twitter_title":null,"twitter_description":null,"schema":{"blockGraphs":[],"customGraphs":[],"default":{"data":{"Article":[],"Course":[],"Dataset":[],"FAQPage":[],"Movie":[],"Person":[],"Product":[],"ProductReview":[],"Car":[],"Recipe":[],"Service":[],"SoftwareApplication":[],"WebPage":[]},"graphName":"BlogPosting","isEnabled":true},"graphs":[]},"schema_type":"default","schema_type_options":null,"pillar_content":false,"robots_default":true,"robots_noindex":false,"robots_noarchive":false,"robots_nosnippet":false,"robots_nofollow":false,"robots_noimageindex":false,"robots_noodp":false,"robots_notranslate":false,"robots_max_snippet":"-1","robots_max_videopreview":"-1","robots_max_imagepreview":"large","priority":null,"frequency":"default","local_seo":null,"breadcrumb_settings":null,"limit_modified_date":false,"ai":{"faqs":[],"keyPoints":[],"schemas":[],"titles":[],"descriptions":[],"socialPosts":{"email":{"subject":"","preview":"","content":""},"linkedin":[],"twitter":[],"facebook":[],"instagram":[]}},"created":"2026-09-01 00:53:38","updated":"2026-09-01 02:43:34","seo_analyzer_scan_date":null,"focus_keyword":"Selecci\u00f3n Mexicana Femenil Sub-20","additional_keywords":null,"truseo_locale":null},"aioseo_breadcrumb":"<div class=\"aioseo-breadcrumbs\"><span class=\"aioseo-breadcrumb\">\n\t\t\t<a href=\"https:\/\/redeportivamx.com\" title=\"Home\">Home<\/a>\n\t\t<\/span><span class=\"aioseo-breadcrumb-separator\">&raquo;<\/span><span class=\"aioseo-breadcrumb\">\n\t\t\t<a href=\"https:\/\/redeportivamx.com\/index.php\/category\/seleccion-mexicana\/\" title=\"Selecci\u00f3n Mexicana\">Selecci\u00f3n Mexicana<\/a>\n\t\t<\/span><span class=\"aioseo-breadcrumb-separator\">&raquo;<\/span><span class=\"aioseo-breadcrumb\">\n\t\t\t\u00a1Con el sue\u00f1o intacto! La Selecci\u00f3n Mexicana Femenil Sub-20 revela su convocatoria para el Mundial de Polonia 2026\n\t\t<\/span><\/div>","aioseo_breadcrumb_json":[{"label":"Home","link":"https:\/\/redeportivamx.com"},{"label":"Selecci\u00f3n Mexicana","link":"https:\/\/redeportivamx.com\/index.php\/category\/seleccion-mexicana\/"},{"label":"\u00a1Con el sue\u00f1o intacto! La Selecci\u00f3n Mexicana Femenil Sub-20 revela su convocatoria para el Mundial de Polonia 2026","link":"https:\/\/redeportivamx.com\/index.php\/2026\/08\/31\/con-el-sueno-intacto-la-seleccion-mexicana-femenil-sub-20-revela-su-convocatoria-para-el-mundial-de-polonia-2026\/"}],"jetpack_sharing_enabled":true,"jetpack_featured_media_url":"https:\/\/redeportivamx.com\/wp-content\/uploads\/2026\/08\/785980167_927308127117660_5675052912943020971_n.jpg","_links":{"self":[{"href":"https:\/\/redeportivamx.com\/index.php\/wp-json\/wp\/v2\/posts\/52689","targetHints":{"allow":["GET"]}}],"collection":[{"href":"https:\/\/redeportivamx.com\/index.php\/wp-json\/wp\/v2\/posts"}],"about":[{"href":"https:\/\/redeportivamx.com\/index.php\/wp-json\/wp\/v2\/types\/post"}],"author":[{"embeddable":true,"href":"https:\/\/redeportivamx.com\/index.php\/wp-json\/wp\/v2\/users\/25"}],"replies":[{"embeddable":true,"href":"https:\/\/redeportivamx.com\/index.php\/wp-json\/wp\/v2\/comments?post=52689"}],"version-history":[{"count":1,"href":"https:\/\/redeportivamx.com\/index.php\/wp-json\/wp\/v2\/posts\/52689\/revisions"}],"predecessor-version":[{"id":52691,"href":"https:\/\/redeportivamx.com\/index.php\/wp-json\/wp\/v2\/posts\/52689\/revisions\/52691"}],"wp:featuredmedia":[{"embeddable":true,"href":"https:\/\/redeportivamx.com\/index.php\/wp-json\/wp\/v2\/media\/52690"}],"wp:attachment":[{"href":"https:\/\/redeportivamx.com\/index.php\/wp-json\/wp\/v2\/media?parent=52689"}],"wp:term":[{"taxonomy":"category","embeddable":true,"href":"https:\/\/redeportivamx.com\/index.php\/wp-json\/wp\/v2\/categories?post=52689"},{"taxonomy":"post_tag","embeddable":true,"href":"https:\/\/redeportivamx.com\/index.php\/wp-json\/wp\/v2\/tags?post=52689"}],"curies":[{"name":"wp","href":"https:\/\/api.w.org\/{rel}","templated":true}]}}