{"id":50735,"date":"2026-04-28T20:43:28","date_gmt":"2026-04-28T20:43:28","guid":{"rendered":"https:\/\/redeportivamx.com\/?p=50735"},"modified":"2026-04-28T20:51:12","modified_gmt":"2026-04-28T20:51:12","slug":"sergio-canales-se-despide-de-rayados-aqui-todos-los-detalles-de-su-salida","status":"publish","type":"post","link":"https:\/\/redeportivamx.com\/index.php\/2026\/04\/28\/sergio-canales-se-despide-de-rayados-aqui-todos-los-detalles-de-su-salida\/","title":{"rendered":"Sergio Canales se despide de Rayados; aqu\u00ed todos los detalles de su salida"},"content":{"rendered":"\n<p>A trav\u00e9s de un emotivo video publicado en sus redes sociales, Sergio Canales anunci\u00f3 su salida de Rayados de Monterrey, poniendo fin a una etapa marcada por su liderazgo y fuerte conexi\u00f3n con la afici\u00f3n regiomontana. El mediocampista abri\u00f3 su mensaje reconociendo la dificultad del momento: \u201cDespedirse de un lugar que has sentido como casa, nunca es sencillo\u201d, reflejando el v\u00ednculo que construy\u00f3 durante su estancia en la Liga MX.<\/p>\n\n\n\n<p>Durante su despedida, Canales record\u00f3 su llegada al futbol mexicano, destacando la ilusi\u00f3n con la que asumi\u00f3 el reto y la manera en que Monterrey lo acogi\u00f3 tanto a \u00e9l como a su familia. M\u00e1s all\u00e1 de los resultados deportivos, el espa\u00f1ol subray\u00f3 el valor emocional de su paso por el club, resaltando que se lleva recuerdos imborrables ligados a la ciudad, la afici\u00f3n y el d\u00eda a d\u00eda dentro de la instituci\u00f3n.<\/p>\n\n\n\n<figure class=\"wp-block-embed is-type-rich is-provider-twitter wp-block-embed-twitter\"><div class=\"wp-block-embed__wrapper\">\n<div class=\"embed-twitter\"><blockquote class=\"twitter-tweet\" data-width=\"550\" data-dnt=\"true\"><p lang=\"es\" dir=\"ltr\">&quot;He decidido que este es el momento de cerrar esta etapa. Defender esta camiseta ha sido un orgullo enorme. Rayados siempre va a ser un lugar especial e importante para m\u00ed y para mi familia&quot;.\ud83c\udf99\ufe0f<a href=\"https:\/\/twitter.com\/SergioCanales?ref_src=twsrc%5Etfw\">@SergioCanales<\/a>.\ud83d\udd35\u26aa <a href=\"https:\/\/t.co\/pTNsFBKre3\">pic.twitter.com\/pTNsFBKre3<\/a><\/p>&mdash; Rayados (@Rayados) <a href=\"https:\/\/twitter.com\/Rayados\/status\/2049156775975276870?ref_src=twsrc%5Etfw\">April 28, 2026<\/a><\/blockquote><script async src=\"https:\/\/platform.twitter.com\/widgets.js\" charset=\"utf-8\"><\/script><\/div>\n<\/div><\/figure>\n\n\n\n<p>Sobre los motivos de su salida, el futbolista dej\u00f3 entrever que se trata de una decisi\u00f3n meditada, sin entrar en detalles espec\u00edficos, pero dejando claro que responde a un proceso personal y profesional. Su mensaje mantuvo un tono de gratitud y respeto hacia el club, evitando cualquier se\u00f1al de conflicto y reforzando la idea de un ciclo que llega a su fin de manera natural.<\/p>\n\n\n\n<p>Finalmente, Canales dedic\u00f3 palabras de aliento a la afici\u00f3n de Rayados, expresando su deseo de ver al equipo campe\u00f3n en el corto plazo. \u201cEsta afici\u00f3n lo merece\u201d, afirm\u00f3, antes de cerrar con un mensaje que deja abierta la puerta a un reencuentro en el futuro. As\u00ed, el espa\u00f1ol se despide dejando una huella significativa tanto dentro del campo como en la identidad reciente del club.<\/p>\n","protected":false},"excerpt":{"rendered":"<p>A trav\u00e9s de un emotivo video publicado en sus redes sociales, Sergio Canales anunci\u00f3 su salida de Rayados de Monterrey, poniendo fin a una etapa marcada por su liderazgo y fuerte conexi\u00f3n con la afici\u00f3n regiomontana. El mediocampista abri\u00f3 su mensaje reconociendo la dificultad del momento: \u201cDespedirse de un lugar que has sentido como casa, [&hellip;]<\/p>\n","protected":false},"author":1,"featured_media":50736,"comment_status":"open","ping_status":"open","sticky":false,"template":"","format":"standard","meta":{"_monsterinsights_skip_tracking":false,"_monsterinsights_sitenote_active":false,"_monsterinsights_sitenote_note":"","_monsterinsights_sitenote_category":0,"_jetpack_memberships_contains_paid_content":false,"footnotes":""},"categories":[10],"tags":[],"class_list":["post-50735","post","type-post","status-publish","format-standard","has-post-thumbnail","hentry","category-liga-bbva-mx"],"aioseo_notices":[],"jetpack_featured_media_url":"https:\/\/redeportivamx.com\/wp-content\/uploads\/2026\/04\/IMG_4910.jpeg","jetpack_sharing_enabled":true,"_links":{"self":[{"href":"https:\/\/redeportivamx.com\/index.php\/wp-json\/wp\/v2\/posts\/50735","targetHints":{"allow":["GET"]}}],"collection":[{"href":"https:\/\/redeportivamx.com\/index.php\/wp-json\/wp\/v2\/posts"}],"about":[{"href":"https:\/\/redeportivamx.com\/index.php\/wp-json\/wp\/v2\/types\/post"}],"author":[{"embeddable":true,"href":"https:\/\/redeportivamx.com\/index.php\/wp-json\/wp\/v2\/users\/1"}],"replies":[{"embeddable":true,"href":"https:\/\/redeportivamx.com\/index.php\/wp-json\/wp\/v2\/comments?post=50735"}],"version-history":[{"count":1,"href":"https:\/\/redeportivamx.com\/index.php\/wp-json\/wp\/v2\/posts\/50735\/revisions"}],"predecessor-version":[{"id":50737,"href":"https:\/\/redeportivamx.com\/index.php\/wp-json\/wp\/v2\/posts\/50735\/revisions\/50737"}],"wp:featuredmedia":[{"embeddable":true,"href":"https:\/\/redeportivamx.com\/index.php\/wp-json\/wp\/v2\/media\/50736"}],"wp:attachment":[{"href":"https:\/\/redeportivamx.com\/index.php\/wp-json\/wp\/v2\/media?parent=50735"}],"wp:term":[{"taxonomy":"category","embeddable":true,"href":"https:\/\/redeportivamx.com\/index.php\/wp-json\/wp\/v2\/categories?post=50735"},{"taxonomy":"post_tag","embeddable":true,"href":"https:\/\/redeportivamx.com\/index.php\/wp-json\/wp\/v2\/tags?post=50735"}],"curies":[{"name":"wp","href":"https:\/\/api.w.org\/{rel}","templated":true}]}}