{"id":50731,"date":"2026-04-28T20:34:44","date_gmt":"2026-04-28T20:34:44","guid":{"rendered":"https:\/\/redeportivamx.com\/?p=50731"},"modified":"2026-04-28T20:34:46","modified_gmt":"2026-04-28T20:34:46","slug":"chivas-el-equipo-que-mas-jugadores-aporto-a-la-seleccion-mexicana-para-el-mundial-2026","status":"publish","type":"post","link":"https:\/\/redeportivamx.com\/index.php\/2026\/04\/28\/chivas-el-equipo-que-mas-jugadores-aporto-a-la-seleccion-mexicana-para-el-mundial-2026\/","title":{"rendered":"Chivas el equipo que m\u00e1s jugadores aport\u00f3 a la Selecci\u00f3n Mexicana para el Mundial 2026"},"content":{"rendered":"\n<p>Tras varias horas de incertidumbre, Javier Aguirre finalmente dio a conocer la primera convocatoria rumbo a la Copa Mundial de la FIFA 2026. El estratega del Selecci\u00f3n Mexicana present\u00f3 una lista de 20 futbolistas provenientes de la Liga MX, quienes iniciar\u00e1n una concentraci\u00f3n de m\u00e1s de cinco semanas a partir del 6 de mayo en el Centro de Alto Rendimiento. Esta decisi\u00f3n implica que varios jugadores podr\u00edan perderse la liguilla con sus clubes, en una apuesta clara por priorizar la preparaci\u00f3n mundialista.<\/p>\n\n\n\n<p>La convocatoria tambi\u00e9n marca una divisi\u00f3n estrat\u00e9gica dentro del proceso. De los 20 jugadores llamados, se estima que 12 formar\u00e1n parte de la lista definitiva para el Mundial, mientras que los ocho restantes fungir\u00e1n como \u201csparrings\u201d, proyectados a mediano plazo con miras al proceso rumbo a 2030. En tanto, los futbolistas que militan en Europa ser\u00e1n considerados hasta la convocatoria final del 1 de junio, una vez concluyan sus compromisos en el cierre de temporada en el viejo continente.<\/p>\n\n\n\n<p>Uno de los aspectos m\u00e1s llamativos es el protagonismo de Chivas, que aporta cinco jugadores a la lista: Ra\u00fal Rangel, Luis Romo, Brian Guti\u00e9rrez, Roberto Alvarado y Armando Gonz\u00e1lez. En contraste, la ausencia de Richard Ledezma dej\u00f3 fuera a uno de los jugadores que ven\u00eda destacando en el conjunto rojiblanco.<\/p>\n\n\n\n<p>Asimismo, destacan las ausencias de Carlos Rodr\u00edguez y Marcel Ruiz, este \u00faltimo condicionado por su proceso de recuperaci\u00f3n tras una lesi\u00f3n de rodilla. Por otro lado, los llamados de delanteros como Armando Gonz\u00e1lez y Guillermo Mart\u00ednez podr\u00edan anticipar ajustes importantes en la delantera final, dejando abierta la posibilidad de que nombres habituales en el extranjero, como Santiago Gim\u00e9nez o Germ\u00e1n Berterame, queden fuera de la lista definitiva.<\/p>\n\n\n\n<figure class=\"wp-block-embed is-type-rich is-provider-twitter wp-block-embed-twitter\"><div class=\"wp-block-embed__wrapper\">\n<div class=\"embed-twitter\"><blockquote class=\"twitter-tweet\" data-width=\"550\" data-dnt=\"true\"><p lang=\"es\" dir=\"ltr\">La Selecci\u00f3n Nacional de M\u00e9xico informa: <a href=\"https:\/\/t.co\/uNilEAaMBv\">pic.twitter.com\/uNilEAaMBv<\/a><\/p>&mdash; Selecci\u00f3n Nacional (@miseleccionmx) <a href=\"https:\/\/twitter.com\/miseleccionmx\/status\/2049126673245757530?ref_src=twsrc%5Etfw\">April 28, 2026<\/a><\/blockquote><script async src=\"https:\/\/platform.twitter.com\/widgets.js\" charset=\"utf-8\"><\/script><\/div>\n<\/div><\/figure>\n","protected":false},"excerpt":{"rendered":"<p>Tras varias horas de incertidumbre, Javier Aguirre finalmente dio a conocer la primera convocatoria rumbo a la Copa Mundial de la FIFA 2026. El estratega del Selecci\u00f3n Mexicana present\u00f3 una lista de 20 futbolistas provenientes de la Liga MX, quienes iniciar\u00e1n una concentraci\u00f3n de m\u00e1s de cinco semanas a partir del 6 de mayo en [&hellip;]<\/p>\n","protected":false},"author":1,"featured_media":50732,"comment_status":"open","ping_status":"open","sticky":false,"template":"","format":"standard","meta":{"_monsterinsights_skip_tracking":false,"_monsterinsights_sitenote_active":false,"_monsterinsights_sitenote_note":"","_monsterinsights_sitenote_category":0,"_jetpack_memberships_contains_paid_content":false,"footnotes":""},"categories":[40],"tags":[],"class_list":["post-50731","post","type-post","status-publish","format-standard","has-post-thumbnail","hentry","category-seleccion-mexicana"],"aioseo_notices":[],"jetpack_featured_media_url":"https:\/\/redeportivamx.com\/wp-content\/uploads\/2026\/04\/IMG_4909.jpeg","jetpack_sharing_enabled":true,"_links":{"self":[{"href":"https:\/\/redeportivamx.com\/index.php\/wp-json\/wp\/v2\/posts\/50731","targetHints":{"allow":["GET"]}}],"collection":[{"href":"https:\/\/redeportivamx.com\/index.php\/wp-json\/wp\/v2\/posts"}],"about":[{"href":"https:\/\/redeportivamx.com\/index.php\/wp-json\/wp\/v2\/types\/post"}],"author":[{"embeddable":true,"href":"https:\/\/redeportivamx.com\/index.php\/wp-json\/wp\/v2\/users\/1"}],"replies":[{"embeddable":true,"href":"https:\/\/redeportivamx.com\/index.php\/wp-json\/wp\/v2\/comments?post=50731"}],"version-history":[{"count":1,"href":"https:\/\/redeportivamx.com\/index.php\/wp-json\/wp\/v2\/posts\/50731\/revisions"}],"predecessor-version":[{"id":50733,"href":"https:\/\/redeportivamx.com\/index.php\/wp-json\/wp\/v2\/posts\/50731\/revisions\/50733"}],"wp:featuredmedia":[{"embeddable":true,"href":"https:\/\/redeportivamx.com\/index.php\/wp-json\/wp\/v2\/media\/50732"}],"wp:attachment":[{"href":"https:\/\/redeportivamx.com\/index.php\/wp-json\/wp\/v2\/media?parent=50731"}],"wp:term":[{"taxonomy":"category","embeddable":true,"href":"https:\/\/redeportivamx.com\/index.php\/wp-json\/wp\/v2\/categories?post=50731"},{"taxonomy":"post_tag","embeddable":true,"href":"https:\/\/redeportivamx.com\/index.php\/wp-json\/wp\/v2\/tags?post=50731"}],"curies":[{"name":"wp","href":"https:\/\/api.w.org\/{rel}","templated":true}]}}