{"id":50728,"date":"2026-04-28T20:26:22","date_gmt":"2026-04-28T20:26:22","guid":{"rendered":"https:\/\/redeportivamx.com\/?p=50728"},"modified":"2026-04-28T20:27:47","modified_gmt":"2026-04-28T20:27:47","slug":"las-principales-ausencias-de-la-convocatoria-de-javier-aguirre-para-el-mundial-2026","status":"publish","type":"post","link":"https:\/\/redeportivamx.com\/index.php\/2026\/04\/28\/las-principales-ausencias-de-la-convocatoria-de-javier-aguirre-para-el-mundial-2026\/","title":{"rendered":"Las principales ausencias de la convocatoria de Javier Aguirre para el Mundial 2026"},"content":{"rendered":"\n<p>La primera lista de Javier Aguirre rumbo a la Copa del Mundo 2026, enfocada en jugadores de la Liga MX, dej\u00f3 varias ausencias que no pasaron desapercibidas. M\u00e1s all\u00e1 de nombres ya se\u00f1alados como Marcel Ruiz y Carlos Rodr\u00edguez, otros futbolistas que tuvieron protagonismo en el proceso mundialista y destacaron en el Clausura 2026 tambi\u00e9n quedaron fuera, evidenciando la exigencia del cuerpo t\u00e9cnico de cara a la justa.<\/p>\n\n\n\n<p>El caso de Marcel Ruiz resulta especialmente significativo. El mediocampista de Toluca estaba perfilado incluso como titular antes de sufrir una lesi\u00f3n de rodilla que fren\u00f3 su proyecci\u00f3n. Aunque opt\u00f3 por un proceso de rehabilitaci\u00f3n para mantenerse en la carrera mundialista, su regreso no fue en plenitud f\u00edsica, factor determinante para que Aguirre optara por no incluirlo en esta etapa, priorizando futbolistas en \u00f3ptimas condiciones.<\/p>\n\n\n\n<p>Otro nombre que genera debate es el de Diego Lainez. El jugador de Tigres UANL tuvo regularidad y aportaci\u00f3n ofensiva durante el semestre, pero nunca logr\u00f3 consolidarse como una pieza clave en el esquema del seleccionador. Su ausencia en torneos recientes como la Nations League y la Copa Oro ya anticipaba un escenario complicado, que finalmente se confirm\u00f3 con su exclusi\u00f3n de la lista.<\/p>\n\n\n\n<p>En defensa, la competencia tambi\u00e9n dej\u00f3 fuera a perfiles destacados. Richard Ledezma, de Chivas, y Erick S\u00e1nchez, de Am\u00e9rica, no lograron meterse en la convocatoria pese a su rendimiento reciente. La consolidaci\u00f3n de alternativas como Israel Reyes y la preferencia t\u00e1ctica de Aguirre terminaron por cerrarles la puerta, confirmando que, rumbo al Mundial, el margen de error es m\u00ednimo incluso para jugadores con presente destacado.<\/p>\n\n\n\n<figure class=\"wp-block-embed is-type-rich is-provider-twitter wp-block-embed-twitter\"><div class=\"wp-block-embed__wrapper\">\nhttps:\/\/twitter.com\/miseleccionmx\/status\/2049126673245757530?s=46\n<\/div><\/figure>\n","protected":false},"excerpt":{"rendered":"<p>La primera lista de Javier Aguirre rumbo a la Copa del Mundo 2026, enfocada en jugadores de la Liga MX, dej\u00f3 varias ausencias que no pasaron desapercibidas. M\u00e1s all\u00e1 de nombres ya se\u00f1alados como Marcel Ruiz y Carlos Rodr\u00edguez, otros futbolistas que tuvieron protagonismo en el proceso mundialista y destacaron en el Clausura 2026 tambi\u00e9n [&hellip;]<\/p>\n","protected":false},"author":1,"featured_media":50729,"comment_status":"open","ping_status":"open","sticky":false,"template":"","format":"standard","meta":{"_monsterinsights_skip_tracking":false,"_monsterinsights_sitenote_active":false,"_monsterinsights_sitenote_note":"","_monsterinsights_sitenote_category":0,"_jetpack_memberships_contains_paid_content":false,"footnotes":""},"categories":[40],"tags":[],"class_list":["post-50728","post","type-post","status-publish","format-standard","has-post-thumbnail","hentry","category-seleccion-mexicana"],"aioseo_notices":[],"jetpack_featured_media_url":"https:\/\/redeportivamx.com\/wp-content\/uploads\/2026\/04\/IMG_4908.jpeg","jetpack_sharing_enabled":true,"_links":{"self":[{"href":"https:\/\/redeportivamx.com\/index.php\/wp-json\/wp\/v2\/posts\/50728","targetHints":{"allow":["GET"]}}],"collection":[{"href":"https:\/\/redeportivamx.com\/index.php\/wp-json\/wp\/v2\/posts"}],"about":[{"href":"https:\/\/redeportivamx.com\/index.php\/wp-json\/wp\/v2\/types\/post"}],"author":[{"embeddable":true,"href":"https:\/\/redeportivamx.com\/index.php\/wp-json\/wp\/v2\/users\/1"}],"replies":[{"embeddable":true,"href":"https:\/\/redeportivamx.com\/index.php\/wp-json\/wp\/v2\/comments?post=50728"}],"version-history":[{"count":1,"href":"https:\/\/redeportivamx.com\/index.php\/wp-json\/wp\/v2\/posts\/50728\/revisions"}],"predecessor-version":[{"id":50730,"href":"https:\/\/redeportivamx.com\/index.php\/wp-json\/wp\/v2\/posts\/50728\/revisions\/50730"}],"wp:featuredmedia":[{"embeddable":true,"href":"https:\/\/redeportivamx.com\/index.php\/wp-json\/wp\/v2\/media\/50729"}],"wp:attachment":[{"href":"https:\/\/redeportivamx.com\/index.php\/wp-json\/wp\/v2\/media?parent=50728"}],"wp:term":[{"taxonomy":"category","embeddable":true,"href":"https:\/\/redeportivamx.com\/index.php\/wp-json\/wp\/v2\/categories?post=50728"},{"taxonomy":"post_tag","embeddable":true,"href":"https:\/\/redeportivamx.com\/index.php\/wp-json\/wp\/v2\/tags?post=50728"}],"curies":[{"name":"wp","href":"https:\/\/api.w.org\/{rel}","templated":true}]}}