{"id":50312,"date":"2026-01-29T00:05:30","date_gmt":"2026-01-29T00:05:30","guid":{"rendered":"https:\/\/redeportivamx.com\/?p=50312"},"modified":"2026-01-29T00:05:32","modified_gmt":"2026-01-29T00:05:32","slug":"cruz-azul-fija-precio-por-jorge-sanchez-esta-es-la-millonaria-cifra-que-exige-al-paok-para-dejarlo-ir","status":"publish","type":"post","link":"https:\/\/redeportivamx.com\/index.php\/2026\/01\/29\/cruz-azul-fija-precio-por-jorge-sanchez-esta-es-la-millonaria-cifra-que-exige-al-paok-para-dejarlo-ir\/","title":{"rendered":"Cruz Azul fija precio por Jorge S\u00e1nchez: Esta es la millonaria cifra que exige al PAOK para dejarlo ir"},"content":{"rendered":"\n<p>La directiva celeste rechaz\u00f3 la segunda oferta del club griego y lanz\u00f3 un ultim\u00e1tum: o pagan\u00a0<strong>6 millones de d\u00f3lares<\/strong>\u00a0o el lateral mexicano se queda en La Noria.<\/p>\n\n\n\n<p><strong>CIUDAD DE M\u00c9XICO.<\/strong>&nbsp;\u2014 El futuro de&nbsp;<strong>Jorge S\u00e1nchez<\/strong>&nbsp;se ha convertido en el tema central de las \u00faltimas horas en el mercado de fichajes. Aunque el&nbsp;<strong>PAOK de Sal\u00f3nica<\/strong>&nbsp;ha mostrado un inter\u00e9s insistente por repatriar al seleccionado nacional a Europa, la postura de&nbsp;<strong>Cruz Azul<\/strong>&nbsp;es inamovible: el jugador no saldr\u00e1 &#8220;barato&#8221;.<\/p>\n\n\n\n<p><strong>La cifra m\u00e1gica: 6 Millones de D\u00f3lares<\/strong>&nbsp;Seg\u00fan reportes recientes desde el entorno de La Noria, la directiva cementera ha tasado la salida de su lateral derecho en una cifra cercana a los&nbsp;<strong>6 millones de d\u00f3lares<\/strong>.<\/p>\n\n\n\n<figure class=\"wp-block-image size-full\"><img fetchpriority=\"high\" decoding=\"async\" width=\"800\" height=\"533\" src=\"https:\/\/redeportivamx.com\/wp-content\/uploads\/2026\/01\/Jorge-Sanchez-regresa-a-Europa.png\" alt=\"\" class=\"wp-image-50314\" srcset=\"https:\/\/redeportivamx.com\/wp-content\/uploads\/2026\/01\/Jorge-Sanchez-regresa-a-Europa.png 800w, https:\/\/redeportivamx.com\/wp-content\/uploads\/2026\/01\/Jorge-Sanchez-regresa-a-Europa-300x200.png 300w, https:\/\/redeportivamx.com\/wp-content\/uploads\/2026\/01\/Jorge-Sanchez-regresa-a-Europa-768x512.png 768w\" sizes=\"(max-width: 800px) 100vw, 800px\" \/><\/figure>\n\n\n\n<p>Esta valoraci\u00f3n es la respuesta directa a las negociaciones fallidas de la \u00faltima semana. El club griego present\u00f3 recientemente una&nbsp;<strong>segunda oferta<\/strong>&nbsp;que rondaba los&nbsp;<strong>4 millones de euros<\/strong>&nbsp;(m\u00e1s bonos por rendimiento), una mejora respecto a su propuesta inicial de 3.5 millones. Sin embargo, para la c\u00fapula celeste, este monto sigue siendo insuficiente para desprenderse de un titular indiscutible en pleno arranque del&nbsp;<strong>Clausura 2026<\/strong>.<\/p>\n\n\n\n<p><strong>\u00bfPor qu\u00e9 Cruz Azul pide tanto?<\/strong>&nbsp;La postura de &#8220;mano dura&#8221; tiene dos razones principales:<\/p>\n\n\n\n<ol start=\"1\" class=\"wp-block-list\">\n<li><strong>Recuperaci\u00f3n de inversi\u00f3n:<\/strong>\u00a0Cruz Azul hizo un esfuerzo econ\u00f3mico importante para traer a S\u00e1nchez y buscan, como m\u00ednimo, recuperar lo invertido y generar ganancia.<\/li>\n\n\n\n<li><strong>Tiempo en contra:<\/strong>\u00a0El cierre de mercado en Grecia es el pr\u00f3ximo\u00a0<strong>1 de febrero<\/strong>. Vender a Jorge S\u00e1nchez ahora dejar\u00eda a Nicol\u00e1s Larcam\u00f3n sin margen de maniobra para encontrar un reemplazo de jerarqu\u00eda, desmantelando la defensa titular.<\/li>\n<\/ol>\n\n\n\n<p><strong>El reloj corre para el PAOK<\/strong>&nbsp;La pelota est\u00e1 ahora en la cancha del equipo de Sal\u00f3nica. Si realmente quieren al mexicano en sus filas para cerrar la temporada europea, tendr\u00e1n que romper la alcanc\u00eda y llegar al precio fijado antes de este fin de semana. De lo contrario, Jorge S\u00e1nchez continuar\u00e1 defendiendo la camiseta celeste, donde el cuerpo t\u00e9cnico lo considera una pieza clave para buscar el t\u00edtulo.<\/p>\n\n\n\n<figure class=\"wp-block-image size-large\"><img decoding=\"async\" width=\"1024\" height=\"585\" src=\"https:\/\/redeportivamx.com\/wp-content\/uploads\/2026\/01\/envato-labs-image-edit-1024x585.png\" alt=\"\" class=\"wp-image-50313\" srcset=\"https:\/\/redeportivamx.com\/wp-content\/uploads\/2026\/01\/envato-labs-image-edit-1024x585.png 1024w, https:\/\/redeportivamx.com\/wp-content\/uploads\/2026\/01\/envato-labs-image-edit-300x171.png 300w, https:\/\/redeportivamx.com\/wp-content\/uploads\/2026\/01\/envato-labs-image-edit-768x439.png 768w, https:\/\/redeportivamx.com\/wp-content\/uploads\/2026\/01\/envato-labs-image-edit.png 1344w\" sizes=\"(max-width: 1024px) 100vw, 1024px\" \/><\/figure>\n","protected":false},"excerpt":{"rendered":"<p>La directiva celeste rechaz\u00f3 la segunda oferta del club griego y lanz\u00f3 un ultim\u00e1tum: o pagan\u00a06 millones de d\u00f3lares\u00a0o el lateral mexicano se queda en La Noria. CIUDAD DE M\u00c9XICO.&nbsp;\u2014 El futuro de&nbsp;Jorge S\u00e1nchez&nbsp;se ha convertido en el tema central de las \u00faltimas horas en el mercado de fichajes. Aunque el&nbsp;PAOK de Sal\u00f3nica&nbsp;ha mostrado un [&hellip;]<\/p>\n","protected":false},"author":22,"featured_media":50313,"comment_status":"open","ping_status":"open","sticky":false,"template":"","format":"standard","meta":{"_monsterinsights_skip_tracking":false,"_monsterinsights_sitenote_active":false,"_monsterinsights_sitenote_note":"","_monsterinsights_sitenote_category":0,"_jetpack_memberships_contains_paid_content":false,"footnotes":""},"categories":[10],"tags":[132,2718,901,684,2720,2719],"class_list":["post-50312","post","type-post","status-publish","format-standard","has-post-thumbnail","hentry","category-liga-bbva-mx","tag-cruz-azul","tag-fichajes-2026","tag-jorge-sanchez","tag-liga-mx","tag-mercado-de-pases","tag-paok"],"aioseo_notices":[],"jetpack_featured_media_url":"https:\/\/redeportivamx.com\/wp-content\/uploads\/2026\/01\/envato-labs-image-edit.png","jetpack_sharing_enabled":true,"_links":{"self":[{"href":"https:\/\/redeportivamx.com\/index.php\/wp-json\/wp\/v2\/posts\/50312","targetHints":{"allow":["GET"]}}],"collection":[{"href":"https:\/\/redeportivamx.com\/index.php\/wp-json\/wp\/v2\/posts"}],"about":[{"href":"https:\/\/redeportivamx.com\/index.php\/wp-json\/wp\/v2\/types\/post"}],"author":[{"embeddable":true,"href":"https:\/\/redeportivamx.com\/index.php\/wp-json\/wp\/v2\/users\/22"}],"replies":[{"embeddable":true,"href":"https:\/\/redeportivamx.com\/index.php\/wp-json\/wp\/v2\/comments?post=50312"}],"version-history":[{"count":1,"href":"https:\/\/redeportivamx.com\/index.php\/wp-json\/wp\/v2\/posts\/50312\/revisions"}],"predecessor-version":[{"id":50315,"href":"https:\/\/redeportivamx.com\/index.php\/wp-json\/wp\/v2\/posts\/50312\/revisions\/50315"}],"wp:featuredmedia":[{"embeddable":true,"href":"https:\/\/redeportivamx.com\/index.php\/wp-json\/wp\/v2\/media\/50313"}],"wp:attachment":[{"href":"https:\/\/redeportivamx.com\/index.php\/wp-json\/wp\/v2\/media?parent=50312"}],"wp:term":[{"taxonomy":"category","embeddable":true,"href":"https:\/\/redeportivamx.com\/index.php\/wp-json\/wp\/v2\/categories?post=50312"},{"taxonomy":"post_tag","embeddable":true,"href":"https:\/\/redeportivamx.com\/index.php\/wp-json\/wp\/v2\/tags?post=50312"}],"curies":[{"name":"wp","href":"https:\/\/api.w.org\/{rel}","templated":true}]}}