{"id":50307,"date":"2026-01-28T02:43:29","date_gmt":"2026-01-28T02:43:29","guid":{"rendered":"https:\/\/redeportivamx.com\/?p=50307"},"modified":"2026-01-28T02:43:31","modified_gmt":"2026-01-28T02:43:31","slug":"edson-alvarez-y-la-larga-lista-de-lesionados-en-la-seleccion-mexicana-rumbo-al-mundial","status":"publish","type":"post","link":"https:\/\/redeportivamx.com\/index.php\/2026\/01\/28\/edson-alvarez-y-la-larga-lista-de-lesionados-en-la-seleccion-mexicana-rumbo-al-mundial\/","title":{"rendered":"Edson \u00c1lvarez y la larga lista de lesionados en la Selecci\u00f3n Mexicana rumbo al Mundial"},"content":{"rendered":"\n<p>La <strong>Selecci\u00f3n Mexicana<\/strong> enfrenta un panorama preocupante de cara al <strong>Mundial<\/strong>, con una lista cada vez m\u00e1s amplia de futbolistas lesionados que pone en jaque la planeaci\u00f3n del cuerpo t\u00e9cnico. Entre ellos destaca <strong>Edson \u00c1lvarez<\/strong>, uno de los pilares del Tri, cuya situaci\u00f3n f\u00edsica genera inquietud en el entorno nacional.<\/p>\n\n\n\n<figure class=\"wp-block-embed is-type-rich is-provider-twitter wp-block-embed-twitter\"><div class=\"wp-block-embed__wrapper\">\n<div class=\"embed-twitter\"><blockquote class=\"twitter-tweet\" data-width=\"550\" data-dnt=\"true\"><p lang=\"es\" dir=\"ltr\">\u00a1VAN A ESPERARLOS HASTA EL \u00daLTIMO MOMENTO! \ud83c\uddf2\ud83c\uddfd\u261d\ufe0f<br><br>Javier Aguirre habl\u00f3 sobre Edson \u00c1lvarez, Santi Gim\u00e9nez, Luis Ch\u00e1vez, Rodrigo Huescas y Chino Huerta, que recientemente sufrieron lesiones importantes.<br><br>\ud83c\udfa5: <a href=\"https:\/\/twitter.com\/fcopascual1?ref_src=twsrc%5Etfw\">@fcopascual1<\/a> <a href=\"https:\/\/t.co\/H3uRXDGpuQ\">pic.twitter.com\/H3uRXDGpuQ<\/a><\/p>&mdash; AS M\u00e9xico (@ASMexico) <a href=\"https:\/\/twitter.com\/ASMexico\/status\/2015557240095146174?ref_src=twsrc%5Etfw\">January 25, 2026<\/a><\/blockquote><script async src=\"https:\/\/platform.twitter.com\/widgets.js\" charset=\"utf-8\"><\/script><\/div>\n<\/div><\/figure>\n\n\n\n<p>A la baja del mediocampista se suman varios nombres habituales en las convocatorias, lo que refleja un problema recurrente para <strong>M\u00e9xico<\/strong> en la recta previa a la <strong>Copa del Mundo<\/strong>.<\/p>\n\n\n\n<h3 class=\"wp-block-heading\">Edson \u00c1lvarez, la baja que m\u00e1s preocupa al Tri<\/h3>\n\n\n\n<p>La ausencia de <strong>Edson \u00c1lvarez<\/strong> representa un golpe importante para la <strong><a href=\"https:\/\/redeportivamx.com\/index.php\/2026\/01\/27\/cuantos-minutos-tuvieron-los-convocados-de-chivas\/\">Selecci\u00f3n Mexicana<\/a><\/strong>. Su liderazgo, experiencia internacional y peso t\u00e1ctico lo convierten en una pieza fundamental en el esquema del equipo nacional.<\/p>\n\n\n\n<p>Cualquier contratiempo f\u00edsico del jugador genera alarma, especialmente por la cercan\u00eda del Mundial y la necesidad de contar con un mediocampo s\u00f3lido y equilibrado.<\/p>\n\n\n\n<figure class=\"wp-block-embed is-type-rich is-provider-twitter wp-block-embed-twitter\"><div class=\"wp-block-embed__wrapper\">\n<div class=\"embed-twitter\"><blockquote class=\"twitter-tweet\" data-width=\"550\" data-dnt=\"true\"><p lang=\"es\" dir=\"ltr\">\u00a1NO PUEDE SER! \ud83d\ude15<br><br>Edson \u00c1lvarez revel\u00f3 en sus redes que arrastra una lesi\u00f3n en el tobillo desde el mes pasado y, junto al cuerpo m\u00e9dico, decidi\u00f3 parar para recuperarse al 100%. <a href=\"https:\/\/t.co\/jZU1BHavdy\">pic.twitter.com\/jZU1BHavdy<\/a><\/p>&mdash; DIARIO R\u00c9CORD (@record_mexico) <a href=\"https:\/\/twitter.com\/record_mexico\/status\/2015499632378327389?ref_src=twsrc%5Etfw\">January 25, 2026<\/a><\/blockquote><script async src=\"https:\/\/platform.twitter.com\/widgets.js\" charset=\"utf-8\"><\/script><\/div>\n<\/div><\/figure>\n\n\n\n<h3 class=\"wp-block-heading\">La lista completa de lesionados de M\u00e9xico<\/h3>\n\n\n\n<p>De acuerdo con la imagen difundida, estos son los jugadores mexicanos que actualmente se encuentran<strong> <a href=\"https:\/\/x.com\/Jovenesfutmx\/status\/2015858674590224800?s=20\">lesionados<\/a><\/strong>:<\/p>\n\n\n\n<ul class=\"wp-block-list\">\n<li><strong>Luis Ch\u00e1vez<\/strong>, mediocampista con experiencia internacional<\/li>\n\n\n\n<li><strong>Rodrigo Huescas<\/strong>, lateral con proyecci\u00f3n ofensiva<\/li>\n\n\n\n<li><strong>C\u00e9sar \u201cChino\u201d Huerta<\/strong>, atacante clave por banda<\/li>\n\n\n\n<li><strong>Santiago Gim\u00e9nez<\/strong>, delantero titular en Europa<\/li>\n\n\n\n<li><strong>Jes\u00fas Orozco<\/strong>, defensor central<\/li>\n\n\n\n<li><strong>Alexis Vega<\/strong>, uno de los ofensivos m\u00e1s desequilibrantes<\/li>\n\n\n\n<li><strong>Gilberto Mora<\/strong>, joven talento en crecimiento<\/li>\n\n\n\n<li><strong>Edson \u00c1lvarez<\/strong>, capit\u00e1n y referente del Tri<\/li>\n<\/ul>\n\n\n\n<p>La diversidad de posiciones afectadas \u2014defensa, mediocampo y ataque\u2014 agrava la situaci\u00f3n, ya que limita la posibilidad de trabajar con un once base rumbo a los compromisos internacionales.<\/p>\n\n\n\n<h3 class=\"wp-block-heading\">Un problema recurrente en los procesos mundialistas<\/h3>\n\n\n\n<p>Las lesiones han sido un factor constante en los procesos de la Selecci\u00f3n Mexicana previos a un Mundial. La acumulaci\u00f3n de partidos, el desgaste f\u00edsico en clubes y la falta de descanso adecuado han condicionado la continuidad de varios futbolistas clave.<\/p>\n\n\n\n<p>Este escenario obliga al cuerpo t\u00e9cnico a ajustar convocatorias y esquemas, muchas veces improvisando soluciones en momentos decisivos.<\/p>\n\n\n\n<figure class=\"wp-block-image size-full\"><img fetchpriority=\"high\" decoding=\"async\" width=\"613\" height=\"345\" src=\"https:\/\/redeportivamx.com\/wp-content\/uploads\/2026\/01\/image-15.png\" alt=\"\" class=\"wp-image-50308\" srcset=\"https:\/\/redeportivamx.com\/wp-content\/uploads\/2026\/01\/image-15.png 613w, https:\/\/redeportivamx.com\/wp-content\/uploads\/2026\/01\/image-15-300x169.png 300w\" sizes=\"(max-width: 613px) 100vw, 613px\" \/><\/figure>\n","protected":false},"excerpt":{"rendered":"<p>La Selecci\u00f3n Mexicana enfrenta un panorama preocupante de cara al Mundial, con una lista cada vez m\u00e1s amplia de futbolistas lesionados que pone en jaque la planeaci\u00f3n del cuerpo t\u00e9cnico. Entre ellos destaca Edson \u00c1lvarez, uno de los pilares del Tri, cuya situaci\u00f3n f\u00edsica genera inquietud en el entorno nacional. A la baja del mediocampista [&hellip;]<\/p>\n","protected":false},"author":23,"featured_media":50309,"comment_status":"open","ping_status":"open","sticky":false,"template":"","format":"standard","meta":{"_monsterinsights_skip_tracking":false,"_monsterinsights_sitenote_active":false,"_monsterinsights_sitenote_note":"","_monsterinsights_sitenote_category":0,"_jetpack_memberships_contains_paid_content":false,"footnotes":""},"categories":[40],"tags":[2717,417,117],"class_list":["post-50307","post","type-post","status-publish","format-standard","has-post-thumbnail","hentry","category-seleccion-mexicana","tag-lesionados","tag-mundial-2026","tag-seleccion-mexicana"],"aioseo_notices":[],"jetpack_featured_media_url":"https:\/\/redeportivamx.com\/wp-content\/uploads\/2026\/01\/Diseno-sin-titulo-1-1-pdf.jpg","jetpack_sharing_enabled":true,"_links":{"self":[{"href":"https:\/\/redeportivamx.com\/index.php\/wp-json\/wp\/v2\/posts\/50307","targetHints":{"allow":["GET"]}}],"collection":[{"href":"https:\/\/redeportivamx.com\/index.php\/wp-json\/wp\/v2\/posts"}],"about":[{"href":"https:\/\/redeportivamx.com\/index.php\/wp-json\/wp\/v2\/types\/post"}],"author":[{"embeddable":true,"href":"https:\/\/redeportivamx.com\/index.php\/wp-json\/wp\/v2\/users\/23"}],"replies":[{"embeddable":true,"href":"https:\/\/redeportivamx.com\/index.php\/wp-json\/wp\/v2\/comments?post=50307"}],"version-history":[{"count":1,"href":"https:\/\/redeportivamx.com\/index.php\/wp-json\/wp\/v2\/posts\/50307\/revisions"}],"predecessor-version":[{"id":50310,"href":"https:\/\/redeportivamx.com\/index.php\/wp-json\/wp\/v2\/posts\/50307\/revisions\/50310"}],"wp:featuredmedia":[{"embeddable":true,"href":"https:\/\/redeportivamx.com\/index.php\/wp-json\/wp\/v2\/media\/50309"}],"wp:attachment":[{"href":"https:\/\/redeportivamx.com\/index.php\/wp-json\/wp\/v2\/media?parent=50307"}],"wp:term":[{"taxonomy":"category","embeddable":true,"href":"https:\/\/redeportivamx.com\/index.php\/wp-json\/wp\/v2\/categories?post=50307"},{"taxonomy":"post_tag","embeddable":true,"href":"https:\/\/redeportivamx.com\/index.php\/wp-json\/wp\/v2\/tags?post=50307"}],"curies":[{"name":"wp","href":"https:\/\/api.w.org\/{rel}","templated":true}]}}