{"id":50275,"date":"2026-01-27T17:55:37","date_gmt":"2026-01-27T17:55:37","guid":{"rendered":"https:\/\/redeportivamx.com\/?p=50275"},"modified":"2026-01-27T17:55:39","modified_gmt":"2026-01-27T17:55:39","slug":"cuantos-minutos-tuvieron-los-convocados-de-chivas","status":"publish","type":"post","link":"https:\/\/redeportivamx.com\/index.php\/2026\/01\/27\/cuantos-minutos-tuvieron-los-convocados-de-chivas\/","title":{"rendered":"\u00bfCu\u00e1ntos minutos tuvieron los convocados de Chivas?"},"content":{"rendered":"\n<p>La <strong>Selecci\u00f3n Mexicana<\/strong> cerr\u00f3 su gira de amistosos internacionales con triunfos ante <strong>Panam\u00e1 y Bolivia<\/strong>, y uno de los puntos que m\u00e1s llam\u00f3 la atenci\u00f3n fue la fuerte presencia de<strong> jugadores de Chivas<\/strong> en la convocatoria de <strong><a href=\"https:\/\/redeportivamx.com\/index.php\/2025\/10\/14\/javier-aguirre-seguira-como-director-tecnico-de-la-seleccion-mexicana-hasta-el-mundial-2026\/\">Javier Aguirre<\/a><\/strong>. En total, ocho futbolistas del Reba\u00f1o Sagrado fueron llamados, aunque no todos tuvieron la misma participaci\u00f3n en el terreno de juego.<\/p>\n\n\n\n<figure class=\"wp-block-embed is-type-rich is-provider-twitter wp-block-embed-twitter\"><div class=\"wp-block-embed__wrapper\">\n<div class=\"embed-twitter\"><blockquote class=\"twitter-tweet\" data-width=\"550\" data-dnt=\"true\"><p lang=\"es\" dir=\"ltr\">7\ufe0f\u20e3 de nuestros 8\ufe0f\u20e3 <a href=\"https:\/\/twitter.com\/hashtag\/RojiblancosDeSelecci%C3%B3n?src=hash&amp;ref_src=twsrc%5Etfw\">#RojiblancosDeSelecci\u00f3n<\/a> tuvieron participaci\u00f3n en el triunfo 1-0 de esta noche de <a href=\"https:\/\/twitter.com\/miseleccionmx?ref_src=twsrc%5Etfw\">@miseleccionmx<\/a> ante \ud83c\uddf5\ud83c\udde6<br><br>\ud83d\udc10\u2764\ufe0f\ud83c\uddf2\ud83c\uddfd Todos los detalles \ud83d\udc49 <a href=\"https:\/\/t.co\/TNbDvtMeMR\">https:\/\/t.co\/TNbDvtMeMR<\/a> <a href=\"https:\/\/t.co\/YqXFr5xCBX\">pic.twitter.com\/YqXFr5xCBX<\/a><\/p>&mdash; CHIVAS (@Chivas) <a href=\"https:\/\/twitter.com\/Chivas\/status\/2014541090712322265?ref_src=twsrc%5Etfw\">January 23, 2026<\/a><\/blockquote><script async src=\"https:\/\/platform.twitter.com\/widgets.js\" charset=\"utf-8\"><\/script><\/div>\n<\/div><\/figure>\n\n\n\n<p>Algo que llam\u00f3 la atenci\u00f3n en la \u00faltima convocatoria del &#8216;TRI&#8217; fue la alta presencia de jugadores de <strong><a href=\"https:\/\/x.com\/andremarinpuig\/status\/2014515527150965074?s=20\">Chivas<\/a><\/strong>, siendo el \u00fanico club de la <strong>Liga MX<\/strong> en jugar con puro jugador mexicano, siendo un gran logro para la instituci\u00f3n rojiblanca.<\/p>\n\n\n\n<h3 class=\"wp-block-heading\">Minutos de los jugadores de Chivas con la selecci\u00f3n mexicana<\/h3>\n\n\n\n<ul class=\"wp-block-list\">\n<li><strong>Ra\u00fal \u201cTala\u201d Rangel<\/strong><br>El arquero rojiblanco fue el \u00fanico elemento que disput\u00f3 <strong>los 180 minutos<\/strong>, siendo titular ante Panam\u00e1 y Bolivia. Adem\u00e1s, mantuvo su porter\u00eda en cero en ambos encuentros, consolid\u00e1ndose como una de las figuras del Tri.<\/li>\n<\/ul>\n\n\n\n<figure class=\"wp-block-image size-large\"><img fetchpriority=\"high\" decoding=\"async\" width=\"819\" height=\"1024\" src=\"https:\/\/redeportivamx.com\/wp-content\/uploads\/2026\/01\/image-12-819x1024.png\" alt=\"\" class=\"wp-image-50276\" srcset=\"https:\/\/redeportivamx.com\/wp-content\/uploads\/2026\/01\/image-12-819x1024.png 819w, https:\/\/redeportivamx.com\/wp-content\/uploads\/2026\/01\/image-12-240x300.png 240w, https:\/\/redeportivamx.com\/wp-content\/uploads\/2026\/01\/image-12-768x960.png 768w, https:\/\/redeportivamx.com\/wp-content\/uploads\/2026\/01\/image-12-1229x1536.png 1229w, https:\/\/redeportivamx.com\/wp-content\/uploads\/2026\/01\/image-12.png 1638w\" sizes=\"(max-width: 819px) 100vw, 819px\" \/><\/figure>\n\n\n\n<ul class=\"wp-block-list\">\n<li><strong>Richard Ledezma<\/strong><br>Fue titular ante Panam\u00e1 y jug\u00f3 <strong>90 minutos<\/strong>, mientras que frente a Bolivia permaneci\u00f3 en la banca.<\/li>\n<\/ul>\n\n\n\n<ul class=\"wp-block-list\">\n<li><strong><a href=\"https:\/\/x.com\/FOXDeportes\/status\/2013849115176673644?s=20\">Bryan Gonz\u00e1lez<\/a><\/strong><br>Tuvo participaci\u00f3n \u00fanicamente ante Panam\u00e1, donde sum\u00f3 <strong>5 minutos<\/strong>. No vio acci\u00f3n contra Bolivia.<\/li>\n<\/ul>\n\n\n\n<ul class=\"wp-block-list\">\n<li><strong>Luis Romo<\/strong><br>Uno de los mediocampistas con mayor actividad. Disput\u00f3 <strong>90 minutos ante Panam\u00e1<\/strong> y <strong>16 minutos frente a Bolivia<\/strong>, acumulando <strong>106 minutos<\/strong> en total.<\/li>\n<\/ul>\n\n\n\n<figure class=\"wp-block-image size-full\"><img decoding=\"async\" width=\"264\" height=\"191\" src=\"https:\/\/redeportivamx.com\/wp-content\/uploads\/2026\/01\/image-13.png\" alt=\"\" class=\"wp-image-50278\"\/><\/figure>\n\n\n\n<ul class=\"wp-block-list\">\n<li><strong>Roberto \u201cPiojo\u201d Alvarado<\/strong><br>Fue titular contra Panam\u00e1 y jug\u00f3 <strong>57 minutos<\/strong>, pero no tuvo participaci\u00f3n en el duelo ante Bolivia.<\/li>\n<\/ul>\n\n\n\n<ul class=\"wp-block-list\">\n<li><strong>Brian Guti\u00e9rrez<\/strong><br>Vio acci\u00f3n en ambos partidos: <strong>57 minutos frente a Panam\u00e1<\/strong> y <strong>16 minutos ante Bolivia<\/strong>, para un total de <strong>73 minutos<\/strong>.<\/li>\n<\/ul>\n\n\n\n<ul class=\"wp-block-list\">\n<li><strong>Armando \u201cHormiga\u201d Gonz\u00e1lez<\/strong><br>Particip\u00f3 en los dos encuentros. Jug\u00f3 <strong>23 minutos ante Panam\u00e1<\/strong> y <strong>57 minutos frente a Bolivia<\/strong>, sumando <strong>80 minutos<\/strong> en la gira.<\/li>\n<\/ul>\n\n\n\n<ul class=\"wp-block-list\">\n<li><strong>\u00c1ngel Sep\u00falveda<\/strong><br>Fue el \u00fanico jugador de Chivas convocado que <strong>no tuvo minutos<\/strong> en los partidos amistosos.<\/li>\n<\/ul>\n\n\n\n<h3 class=\"wp-block-heading\">Balance rojiblanco en el Tricolor<\/h3>\n\n\n\n<p>La convocatoria confirm\u00f3 el buen momento que atraviesa <strong>Chivas<\/strong>, al convertirse en la base de la selecci\u00f3n mexicana. La mayor\u00eda de sus futbolistas tuvo actividad y dej\u00f3 buenas sensaciones, especialmente <strong>Ra\u00fal Rangel<\/strong> y <strong>Luis Romo<\/strong>, quienes aprovecharon la oportunidad para levantar la mano rumbo al <strong>proceso del Mundial 2026<\/strong>.<\/p>\n\n\n\n<p>Con el regreso de todos sus seleccionados sin lesiones, el Guadalajara ahora se enfoca nuevamente en la <strong>Liga MX<\/strong>, mientras sus jugadores mantienen viva la ilusi\u00f3n de consolidarse con el Tri.<\/p>\n","protected":false},"excerpt":{"rendered":"<p>La Selecci\u00f3n Mexicana cerr\u00f3 su gira de amistosos internacionales con triunfos ante Panam\u00e1 y Bolivia, y uno de los puntos que m\u00e1s llam\u00f3 la atenci\u00f3n fue la fuerte presencia de jugadores de Chivas en la convocatoria de Javier Aguirre. En total, ocho futbolistas del Reba\u00f1o Sagrado fueron llamados, aunque no todos tuvieron la misma participaci\u00f3n [&hellip;]<\/p>\n","protected":false},"author":23,"featured_media":50277,"comment_status":"open","ping_status":"open","sticky":false,"template":"","format":"standard","meta":{"_monsterinsights_skip_tracking":false,"_monsterinsights_sitenote_active":false,"_monsterinsights_sitenote_note":"","_monsterinsights_sitenote_category":0,"_jetpack_memberships_contains_paid_content":false,"footnotes":""},"categories":[10,40],"tags":[125,684,117],"class_list":["post-50275","post","type-post","status-publish","format-standard","has-post-thumbnail","hentry","category-liga-bbva-mx","category-seleccion-mexicana","tag-chivas","tag-liga-mx","tag-seleccion-mexicana"],"aioseo_notices":[],"jetpack_featured_media_url":"https:\/\/redeportivamx.com\/wp-content\/uploads\/2026\/01\/G_T71k9WoAEC1U6.jpg","jetpack_sharing_enabled":true,"_links":{"self":[{"href":"https:\/\/redeportivamx.com\/index.php\/wp-json\/wp\/v2\/posts\/50275","targetHints":{"allow":["GET"]}}],"collection":[{"href":"https:\/\/redeportivamx.com\/index.php\/wp-json\/wp\/v2\/posts"}],"about":[{"href":"https:\/\/redeportivamx.com\/index.php\/wp-json\/wp\/v2\/types\/post"}],"author":[{"embeddable":true,"href":"https:\/\/redeportivamx.com\/index.php\/wp-json\/wp\/v2\/users\/23"}],"replies":[{"embeddable":true,"href":"https:\/\/redeportivamx.com\/index.php\/wp-json\/wp\/v2\/comments?post=50275"}],"version-history":[{"count":1,"href":"https:\/\/redeportivamx.com\/index.php\/wp-json\/wp\/v2\/posts\/50275\/revisions"}],"predecessor-version":[{"id":50279,"href":"https:\/\/redeportivamx.com\/index.php\/wp-json\/wp\/v2\/posts\/50275\/revisions\/50279"}],"wp:featuredmedia":[{"embeddable":true,"href":"https:\/\/redeportivamx.com\/index.php\/wp-json\/wp\/v2\/media\/50277"}],"wp:attachment":[{"href":"https:\/\/redeportivamx.com\/index.php\/wp-json\/wp\/v2\/media?parent=50275"}],"wp:term":[{"taxonomy":"category","embeddable":true,"href":"https:\/\/redeportivamx.com\/index.php\/wp-json\/wp\/v2\/categories?post=50275"},{"taxonomy":"post_tag","embeddable":true,"href":"https:\/\/redeportivamx.com\/index.php\/wp-json\/wp\/v2\/tags?post=50275"}],"curies":[{"name":"wp","href":"https:\/\/api.w.org\/{rel}","templated":true}]}}