{"id":50238,"date":"2026-01-23T01:11:04","date_gmt":"2026-01-23T01:11:04","guid":{"rendered":"https:\/\/redeportivamx.com\/?p=50238"},"modified":"2026-01-23T01:15:41","modified_gmt":"2026-01-23T01:15:41","slug":"formula-1-racing-bulls-se-viste-de-gala-en-detroit-para-presentar-su-futuro","status":"publish","type":"post","link":"https:\/\/redeportivamx.com\/index.php\/2026\/01\/23\/formula-1-racing-bulls-se-viste-de-gala-en-detroit-para-presentar-su-futuro\/","title":{"rendered":"Formula 1: Racing Bulls se viste de gala en Detroit para presentar su futuro"},"content":{"rendered":"\n<h2 class=\"wp-block-heading\">Racing Bulls desvel\u00f3 su nuevo dise\u00f1o para 2026, destacando la influencia de su asociaci\u00f3n con Ford<\/h2>\n\n\n\n<p>En un evento conjunto con <strong>Red Bull Racing en Detroit, el equipo <a href=\"https:\/\/www.visacashapprb.com\/int-en\" target=\"_blank\" rel=\"noopener\" title=\"\">Visa Cash App Racing Bulls<\/a> (VCARB) present\u00f3 la livery de su monoplaza para la temporada 2026 de <a href=\"https:\/\/redeportivamx.com\/index.php\/category\/formula-1\/\" target=\"_blank\" rel=\"noopener\" title=\"\">Formula 1<\/a><\/strong>. La presentaci\u00f3n, realizada en la ic\u00f3nica estaci\u00f3n de tren de Michigan, subray\u00f3 la importancia de la nueva era de unidades de potencia Red Bull Ford Powertrains que impulsar\u00e1 a ambos equipos.<\/p>\n\n\n\n<figure class=\"wp-block-embed is-type-rich is-provider-instagram wp-block-embed-instagram\"><div class=\"wp-block-embed__wrapper\">\nhttps:\/\/www.instagram.com\/p\/DTpdxQbjPTI\/\n<\/div><\/figure>\n\n\n\n<p>El dise\u00f1o del nuevo coche de Racing Bulls mantiene la base blanca que gan\u00f3 popularidad en 2025, pero incorpora elegantes acentos azules a lo largo del chasis como un gui\u00f1o visual a su asociaci\u00f3n con Ford. Peter Bayer, CEO del equipo, destac\u00f3 que el lanzamiento refleja la evoluci\u00f3n de la marca y su ambici\u00f3n de conectar con la pr\u00f3xima generaci\u00f3n de aficionados de una manera aut\u00e9ntica y audaz.<\/p>\n\n\n\n<p>La alineaci\u00f3n de pilotos para 2026 contar\u00e1 con Liam Lawson, quien regresa al equipo, y el debutante Arvid Lindblad, quien ser\u00e1 el \u00fanico novato en la parrilla de esta temporada. Lindblad describi\u00f3 el momento como &#8220;surrealista&#8221;, expresando su gratitud por la confianza depositada en \u00e9l para este nuevo cap\u00edtulo.<\/p>\n\n\n\n<p>Alan Permane, director del equipo, enfatiz\u00f3 la magnitud del cambio t\u00e9cnico que representa 2026 y la importancia de iniciar este viaje junto a un socio como Ford, lo que coloca a Racing Bulls en una posici\u00f3n s\u00f3lida para enfrentar la nueva era del deporte.<\/p>\n","protected":false},"excerpt":{"rendered":"<p>Racing Bulls desvel\u00f3 su nuevo dise\u00f1o para 2026, destacando la influencia de su asociaci\u00f3n con Ford En un evento conjunto con Red Bull Racing en Detroit, el equipo Visa Cash App Racing Bulls (VCARB) present\u00f3 la livery de su monoplaza para la temporada 2026 de Formula 1. La presentaci\u00f3n, realizada en la ic\u00f3nica estaci\u00f3n de [&hellip;]<\/p>\n","protected":false},"author":9,"featured_media":50240,"comment_status":"open","ping_status":"open","sticky":false,"template":"","format":"standard","meta":{"_monsterinsights_skip_tracking":false,"_monsterinsights_sitenote_active":false,"_monsterinsights_sitenote_note":"","_monsterinsights_sitenote_category":0,"_jetpack_memberships_contains_paid_content":false,"footnotes":""},"categories":[7],"tags":[2092,45,1659,2577],"class_list":["post-50238","post","type-post","status-publish","format-standard","has-post-thumbnail","hentry","category-formula-1","tag-arvid-lindblad","tag-formula-1","tag-liam-lawson","tag-racing-bulls"],"aioseo_notices":[],"jetpack_featured_media_url":"https:\/\/redeportivamx.com\/wp-content\/uploads\/2026\/01\/Captura-de-pantalla-2026-01-22-190953.png","jetpack_sharing_enabled":true,"_links":{"self":[{"href":"https:\/\/redeportivamx.com\/index.php\/wp-json\/wp\/v2\/posts\/50238","targetHints":{"allow":["GET"]}}],"collection":[{"href":"https:\/\/redeportivamx.com\/index.php\/wp-json\/wp\/v2\/posts"}],"about":[{"href":"https:\/\/redeportivamx.com\/index.php\/wp-json\/wp\/v2\/types\/post"}],"author":[{"embeddable":true,"href":"https:\/\/redeportivamx.com\/index.php\/wp-json\/wp\/v2\/users\/9"}],"replies":[{"embeddable":true,"href":"https:\/\/redeportivamx.com\/index.php\/wp-json\/wp\/v2\/comments?post=50238"}],"version-history":[{"count":2,"href":"https:\/\/redeportivamx.com\/index.php\/wp-json\/wp\/v2\/posts\/50238\/revisions"}],"predecessor-version":[{"id":50247,"href":"https:\/\/redeportivamx.com\/index.php\/wp-json\/wp\/v2\/posts\/50238\/revisions\/50247"}],"wp:featuredmedia":[{"embeddable":true,"href":"https:\/\/redeportivamx.com\/index.php\/wp-json\/wp\/v2\/media\/50240"}],"wp:attachment":[{"href":"https:\/\/redeportivamx.com\/index.php\/wp-json\/wp\/v2\/media?parent=50238"}],"wp:term":[{"taxonomy":"category","embeddable":true,"href":"https:\/\/redeportivamx.com\/index.php\/wp-json\/wp\/v2\/categories?post=50238"},{"taxonomy":"post_tag","embeddable":true,"href":"https:\/\/redeportivamx.com\/index.php\/wp-json\/wp\/v2\/tags?post=50238"}],"curies":[{"name":"wp","href":"https:\/\/api.w.org\/{rel}","templated":true}]}}