{"id":50063,"date":"2025-12-26T22:46:40","date_gmt":"2025-12-26T22:46:40","guid":{"rendered":"https:\/\/redeportivamx.com\/?p=50063"},"modified":"2025-12-26T22:46:42","modified_gmt":"2025-12-26T22:46:42","slug":"chicote-calderon-apunta-a-regresar-al-america-para-el-clausura-2026","status":"publish","type":"post","link":"https:\/\/redeportivamx.com\/index.php\/2025\/12\/26\/chicote-calderon-apunta-a-regresar-al-america-para-el-clausura-2026\/","title":{"rendered":"Chicote Calder\u00f3n apunta a regresar al Am\u00e9rica para el Clausura 2026"},"content":{"rendered":"\n<p><strong>Cristian \u201cChicote\u201d Calder\u00f3n <\/strong>podr\u00eda vivir una<strong> segunda etapa <\/strong>con el <strong>Club Am\u00e9rica<\/strong>, luego de que en los \u00faltimos d\u00edas surgieran versiones que lo colocan nuevamente en el radar de las \u00c1guilas rumbo al torneo <strong>Clausura 2026<\/strong> de la <strong>Liga MX<\/strong>.<\/p>\n\n\n\n<figure class=\"wp-block-embed is-type-rich is-provider-twitter wp-block-embed-twitter\"><div class=\"wp-block-embed__wrapper\">\n<div class=\"embed-twitter\"><blockquote class=\"twitter-tweet\" data-width=\"550\" data-dnt=\"true\"><p lang=\"es\" dir=\"ltr\">\u00bfDE VUELTA A COAPA? \ud83e\udd85\ud83d\udd01<br><br>De acuerdo con informaci\u00f3n de Fox Sports, en Coapa existe inter\u00e9s real por recuperar al Chicote Calder\u00f3n. La directiva valora su conocimiento del entorno, su adaptaci\u00f3n previa al plantel y la experiencia acumulada en la Liga MX, factores que juegan a su\u2026 <a href=\"https:\/\/t.co\/cnMqklCpsh\">pic.twitter.com\/cnMqklCpsh<\/a><\/p>&mdash; AS M\u00e9xico (@ASMexico) <a href=\"https:\/\/twitter.com\/ASMexico\/status\/2004560333512601872?ref_src=twsrc%5Etfw\">December 26, 2025<\/a><\/blockquote><script async src=\"https:\/\/platform.twitter.com\/widgets.js\" charset=\"utf-8\"><\/script><\/div>\n<\/div><\/figure>\n\n\n\n<p>El lateral izquierdo, actualmente con futuro por definirse, se ha convertido en uno de los nombres que m\u00e1s inter\u00e9s genera dentro del <a href=\"https:\/\/redeportivamx.com\/index.php\/2025\/12\/26\/los-fichajes-mas-importantes-hasta-el-momento-rumbo-al-clausura-2026\/\">mercado de fichajes<\/a>, especialmente por su pasado reciente con el conjunto azulcrema.<\/p>\n\n\n\n<h3 class=\"wp-block-heading\">El posible regreso de Chicote Calder\u00f3n al Am\u00e9rica<\/h3>\n\n\n\n<p>De acuerdo con <strong><a href=\"https:\/\/x.com\/resacaamerica\/status\/2004340535503606257?s=46\">Fox Sport<\/a><\/strong>, la directiva del <strong>Am\u00e9rica<\/strong> analiza la viabilidad de reincorporar a<strong> Chicote Calder\u00f3n<\/strong>, considerando su conocimiento del club y su capacidad para cubrir una posici\u00f3n clave en el esquema defensivo.<\/p>\n\n\n\n<p>Durante su primera etapa con las \u00c1guilas, Calder\u00f3n fue utilizado tanto como lateral como carrilero, aportando profundidad por la banda izquierda y experiencia en partidos de alta exigencia.<\/p>\n\n\n\n<h3 class=\"wp-block-heading\">Am\u00e9rica busca reforzar su defensa rumbo al Clausura 2026<\/h3>\n\n\n\n<p>El inter\u00e9s por <strong>Chicote Calder\u00f3n<\/strong> responde a la intenci\u00f3n del Am\u00e9rica de <strong>reforzar <\/strong>su plantilla de cara al <strong>Clausura 2026<\/strong>, torneo en el que el club buscar\u00e1 mantenerse como protagonista tanto en la <strong>Liga MX <\/strong>como en competencias internacionales.<\/p>\n\n\n\n<p>La directiva azulcrema eval\u00faa distintas opciones en el mercado, pero el perfil del jugador mexicano resulta atractivo por su adaptaci\u00f3n inmediata al f\u00fatbol mexicano y por no ocupar plaza de extranjero.<\/p>\n\n\n\n<figure class=\"wp-block-embed is-type-rich is-provider-twitter wp-block-embed-twitter\"><div class=\"wp-block-embed__wrapper\">\n<div class=\"embed-twitter\"><blockquote class=\"twitter-tweet\" data-width=\"550\" data-dnt=\"true\"><p lang=\"es\" dir=\"ltr\"><a href=\"https:\/\/twitter.com\/hashtag\/ElBolero?src=hash&amp;ref_src=twsrc%5Etfw\">#ElBolero<\/a> | \u00a1\u00a1REGRESAN LOS CHICOTAZOS AL AME!! \ud83d\udea8\u26a1\ufe0f\u27a1\ufe0f\ud83e\udd85<br><br>\ud83d\udde3\ufe0f \u201cMe llamaron para echarle grasita a los papos de las altas esferas de Coapa y en una de las pl\u00e1ticas de estos par\u00e9 oreja y escuch\u00e9 que ya est\u00e1n cocinando el retorno del Chicote Calder\u00f3n, jugador que fue enviado como\u2026 <a href=\"https:\/\/t.co\/ZA5HASlXAu\">pic.twitter.com\/ZA5HASlXAu<\/a><\/p>&mdash; MedioTiempo (@mediotiempo) <a href=\"https:\/\/twitter.com\/mediotiempo\/status\/2004281077318214009?ref_src=twsrc%5Etfw\">December 25, 2025<\/a><\/blockquote><script async src=\"https:\/\/platform.twitter.com\/widgets.js\" charset=\"utf-8\"><\/script><\/div>\n<\/div><\/figure>\n\n\n\n<h3 class=\"wp-block-heading\">Un movimiento que a\u00fan no est\u00e1 cerrado<\/h3>\n\n\n\n<p>Por ahora, el regreso de <strong>Chicote Calder\u00f3n <\/strong>al<strong> Am\u00e9rica <\/strong>se mantiene como un rumor, ya que no existe confirmaci\u00f3n oficial por parte del club ni del futbolista. Sin embargo, las negociaciones podr\u00edan avanzar en las pr\u00f3ximas semanas conforme se acerque la apertura del mercado de invierno.<\/p>\n\n\n\n<p>De concretarse, este fichaje representar\u00eda una apuesta por la experiencia y la continuidad, en un equipo que busca llegar fortalecido al <strong>Clausura 2026<\/strong>.<\/p>\n\n\n\n<figure class=\"wp-block-image size-full\"><img fetchpriority=\"high\" decoding=\"async\" width=\"300\" height=\"168\" src=\"https:\/\/redeportivamx.com\/wp-content\/uploads\/2025\/12\/imagen-18.png\" alt=\"\" class=\"wp-image-50065\"\/><\/figure>\n","protected":false},"excerpt":{"rendered":"<p>Cristian \u201cChicote\u201d Calder\u00f3n podr\u00eda vivir una segunda etapa con el Club Am\u00e9rica, luego de que en los \u00faltimos d\u00edas surgieran versiones que lo colocan nuevamente en el radar de las \u00c1guilas rumbo al torneo Clausura 2026 de la Liga MX. El lateral izquierdo, actualmente con futuro por definirse, se ha convertido en uno de los [&hellip;]<\/p>\n","protected":false},"author":23,"featured_media":50064,"comment_status":"open","ping_status":"open","sticky":false,"template":"","format":"standard","meta":{"_monsterinsights_skip_tracking":false,"_monsterinsights_sitenote_active":false,"_monsterinsights_sitenote_note":"","_monsterinsights_sitenote_category":0,"_jetpack_memberships_contains_paid_content":false,"footnotes":""},"categories":[10],"tags":[123,2695,684],"class_list":["post-50063","post","type-post","status-publish","format-standard","has-post-thumbnail","hentry","category-liga-bbva-mx","tag-america","tag-chicote-calderon","tag-liga-mx"],"aioseo_notices":[],"jetpack_featured_media_url":"https:\/\/redeportivamx.com\/wp-content\/uploads\/2025\/12\/chicote-calderon-revela-como-se-dio-su-salida-de-america-me-quise-quedar.avif","jetpack_sharing_enabled":true,"_links":{"self":[{"href":"https:\/\/redeportivamx.com\/index.php\/wp-json\/wp\/v2\/posts\/50063","targetHints":{"allow":["GET"]}}],"collection":[{"href":"https:\/\/redeportivamx.com\/index.php\/wp-json\/wp\/v2\/posts"}],"about":[{"href":"https:\/\/redeportivamx.com\/index.php\/wp-json\/wp\/v2\/types\/post"}],"author":[{"embeddable":true,"href":"https:\/\/redeportivamx.com\/index.php\/wp-json\/wp\/v2\/users\/23"}],"replies":[{"embeddable":true,"href":"https:\/\/redeportivamx.com\/index.php\/wp-json\/wp\/v2\/comments?post=50063"}],"version-history":[{"count":1,"href":"https:\/\/redeportivamx.com\/index.php\/wp-json\/wp\/v2\/posts\/50063\/revisions"}],"predecessor-version":[{"id":50066,"href":"https:\/\/redeportivamx.com\/index.php\/wp-json\/wp\/v2\/posts\/50063\/revisions\/50066"}],"wp:featuredmedia":[{"embeddable":true,"href":"https:\/\/redeportivamx.com\/index.php\/wp-json\/wp\/v2\/media\/50064"}],"wp:attachment":[{"href":"https:\/\/redeportivamx.com\/index.php\/wp-json\/wp\/v2\/media?parent=50063"}],"wp:term":[{"taxonomy":"category","embeddable":true,"href":"https:\/\/redeportivamx.com\/index.php\/wp-json\/wp\/v2\/categories?post=50063"},{"taxonomy":"post_tag","embeddable":true,"href":"https:\/\/redeportivamx.com\/index.php\/wp-json\/wp\/v2\/tags?post=50063"}],"curies":[{"name":"wp","href":"https:\/\/api.w.org\/{rel}","templated":true}]}}