{"id":50002,"date":"2025-12-19T03:35:11","date_gmt":"2025-12-19T03:35:11","guid":{"rendered":"https:\/\/redeportivamx.com\/?p=50002"},"modified":"2025-12-19T03:35:13","modified_gmt":"2025-12-19T03:35:13","slug":"finalissima-2026-messi-vs-lamine-yamal-fecha-y-sede-confirmadas","status":"publish","type":"post","link":"https:\/\/redeportivamx.com\/index.php\/2025\/12\/19\/finalissima-2026-messi-vs-lamine-yamal-fecha-y-sede-confirmadas\/","title":{"rendered":"Finalissima 2026: Messi vs Lamine Yamal, fecha y sede confirmadas"},"content":{"rendered":"\n<p>La noticia que los aficionados al f\u00fatbol esperaban con ansias finalmente se ha hecho oficial: Argentina y Espa\u00f1a se enfrentar\u00e1n en la Finalissima, el torneo que re\u00fane a los campeones de la Copa Am\u00e9rica y la Eurocopa. El partido se celebrar\u00e1 el 27 de marzo de 2026 en el Estadio Lusail de Doha, Catar, el mismo recinto que fue escenario de la final del Mundial 2022, donde Lionel Messi levant\u00f3 el trofeo m\u00e1s importante de su carrera.<\/p>\n\n\n\n<p>Este encuentro no solo representa un choque entre dos selecciones hist\u00f3ricas, sino tambi\u00e9n un duelo generacional que ha capturado la atenci\u00f3n mundial: Lionel Messi, el astro argentino y vigente campe\u00f3n del mundo, frente a Lamine Yamal, la joven promesa espa\u00f1ola que con apenas 18 a\u00f1os ya es considerado uno de los talentos m\u00e1s brillantes del f\u00fatbol europeo.<\/p>\n\n\n\n<figure class=\"wp-block-embed is-type-rich is-provider-twitter wp-block-embed-twitter\"><div class=\"wp-block-embed__wrapper\">\n<div class=\"embed-twitter\"><blockquote class=\"twitter-tweet\" data-width=\"550\" data-dnt=\"true\"><p lang=\"en\" dir=\"ltr\">\ud83d\udea8\ud83c\udfc6 OFFICIAL: La Finalissima with Spain vs Argentina will take place in Doha, Qatar on March 27th, 2026. <a href=\"https:\/\/t.co\/j4RU5vRShM\">pic.twitter.com\/j4RU5vRShM<\/a><\/p>&mdash; Fabrizio Romano (@FabrizioRomano) <a href=\"https:\/\/twitter.com\/FabrizioRomano\/status\/2001644978095952015?ref_src=twsrc%5Etfw\">December 18, 2025<\/a><\/blockquote><script async src=\"https:\/\/platform.twitter.com\/widgets.js\" charset=\"utf-8\"><\/script><\/div>\n<\/div><\/figure>\n\n\n\n<p>La Finalissima es fruto de la colaboraci\u00f3n entre la UEFA y la CONMEBOL, que desde 2022 acordaron organizar este torneo para estrechar lazos entre las dos confederaciones y ofrecer un espect\u00e1culo \u00fanico. En aquella primera edici\u00f3n bajo este formato, Argentina venci\u00f3 a Italia en Wembley con un contundente 3-0, consolidando su prestigio internacional.<\/p>\n\n\n\n<p>El Estadio Lusail, con capacidad para m\u00e1s de 80 mil espectadores, ser\u00e1 el escenario perfecto para este choque. Para Argentina, jugar all\u00ed tiene un significado especial: fue en ese mismo c\u00e9sped donde Messi levant\u00f3 la Copa del Mundo en diciembre de 2022, un recuerdo imborrable para la afici\u00f3n albiceleste.<\/p>\n\n\n\n<p>El duelo Messi-Yamal ser\u00e1 el foco medi\u00e1tico, ya que mucho se menciona que el joven espa\u00f1ol es uno de los llamados a heredar el trono de Messi, con la coincidencia de que juega en el Barcelona, y promete ser la m\u00e1xima figura del cuadro cul\u00e9 en el futuro.<\/p>\n\n\n\n<p><\/p>\n","protected":false},"excerpt":{"rendered":"<p>La noticia que los aficionados al f\u00fatbol esperaban con ansias finalmente se ha hecho oficial: Argentina y Espa\u00f1a se enfrentar\u00e1n en la Finalissima, el torneo que re\u00fane a los campeones de la Copa Am\u00e9rica y la Eurocopa. El partido se celebrar\u00e1 el 27 de marzo de 2026 en el Estadio Lusail de Doha, Catar, el [&hellip;]<\/p>\n","protected":false},"author":1,"featured_media":50003,"comment_status":"open","ping_status":"open","sticky":false,"template":"","format":"standard","meta":{"_monsterinsights_skip_tracking":false,"_monsterinsights_sitenote_active":false,"_monsterinsights_sitenote_note":"","_monsterinsights_sitenote_category":0,"_jetpack_memberships_contains_paid_content":false,"footnotes":""},"categories":[12],"tags":[566],"class_list":["post-50002","post","type-post","status-publish","format-standard","has-post-thumbnail","hentry","category-futbol-internacional","tag-futbol-internacional"],"aioseo_notices":[],"jetpack_featured_media_url":"https:\/\/redeportivamx.com\/wp-content\/uploads\/2025\/12\/image-22.png","jetpack_sharing_enabled":true,"_links":{"self":[{"href":"https:\/\/redeportivamx.com\/index.php\/wp-json\/wp\/v2\/posts\/50002","targetHints":{"allow":["GET"]}}],"collection":[{"href":"https:\/\/redeportivamx.com\/index.php\/wp-json\/wp\/v2\/posts"}],"about":[{"href":"https:\/\/redeportivamx.com\/index.php\/wp-json\/wp\/v2\/types\/post"}],"author":[{"embeddable":true,"href":"https:\/\/redeportivamx.com\/index.php\/wp-json\/wp\/v2\/users\/1"}],"replies":[{"embeddable":true,"href":"https:\/\/redeportivamx.com\/index.php\/wp-json\/wp\/v2\/comments?post=50002"}],"version-history":[{"count":1,"href":"https:\/\/redeportivamx.com\/index.php\/wp-json\/wp\/v2\/posts\/50002\/revisions"}],"predecessor-version":[{"id":50004,"href":"https:\/\/redeportivamx.com\/index.php\/wp-json\/wp\/v2\/posts\/50002\/revisions\/50004"}],"wp:featuredmedia":[{"embeddable":true,"href":"https:\/\/redeportivamx.com\/index.php\/wp-json\/wp\/v2\/media\/50003"}],"wp:attachment":[{"href":"https:\/\/redeportivamx.com\/index.php\/wp-json\/wp\/v2\/media?parent=50002"}],"wp:term":[{"taxonomy":"category","embeddable":true,"href":"https:\/\/redeportivamx.com\/index.php\/wp-json\/wp\/v2\/categories?post=50002"},{"taxonomy":"post_tag","embeddable":true,"href":"https:\/\/redeportivamx.com\/index.php\/wp-json\/wp\/v2\/tags?post=50002"}],"curies":[{"name":"wp","href":"https:\/\/api.w.org\/{rel}","templated":true}]}}