{"id":49917,"date":"2025-12-12T08:23:40","date_gmt":"2025-12-12T08:23:40","guid":{"rendered":"https:\/\/redeportivamx.com\/?p=49917"},"modified":"2025-12-12T08:23:41","modified_gmt":"2025-12-12T08:23:41","slug":"sergio-ramos-con-destino-a-manchester","status":"publish","type":"post","link":"https:\/\/redeportivamx.com\/index.php\/2025\/12\/12\/sergio-ramos-con-destino-a-manchester\/","title":{"rendered":"\u00bfSergio Ramos con destino a Manchester?"},"content":{"rendered":"\n<p>La historia de Sergio Ramos con los Rayados de Monterrey ha llegado a su fin. As\u00ed lo hizo saber el defensa espa\u00f1ol quien mediante sus redes sociales anunci\u00f3 su salida del club, misma que se deber\u00e1 a que el ex Real Madrid no renovar\u00e1 con el equipo regio, aunque varios equipos ya lo tienen en la mira.<\/p>\n\n\n\n<p>Uno de sus principales pretendientes ser\u00eda el Manchester United de la Premier League en Inglaterra, pues los rumores indican que incluso ya habr\u00edan presentado una oferta para el campe\u00f3n del mundo quien a partir de enero ser\u00e1 agente libre y podr\u00e1 firmar con el club que \u00e9l desee.<\/p>\n\n\n\n<p>Estamos tristes, pero con la conciencia tranquila de haberlo dejado todo dentro de la cancha. Toca aprender, levantarse y saber que esto tambi\u00e9n forma parte del f\u00fatbol. La pena m\u00e1s grande, no haberle dado una nueva final a la afici\u00f3n, que es quien m\u00e1s lo merece. Gracias siempre por vuestro apoyo. \u00a1Arriba el Monterrey!, public\u00f3 el sevillano de 39 a\u00f1os.<\/p>\n\n\n\n<p>Ramos se despide tras la eliminaci\u00f3n en semifinales a manos del Toluca, y su destino apunta al viejo continente, pues en rumores m\u00e1s infundados, Sergio suena como una alternativa ante la crisis defensiva (entre lesiones y expulsiones) que sufre el Real Madrid de Xabi Alonso, por lo que ser\u00e1 cuesti\u00f3n de d\u00edas para conocer a su nuevo equipo.<\/p>\n\n\n\n<figure class=\"wp-block-image size-large\"><img fetchpriority=\"high\" decoding=\"async\" width=\"1024\" height=\"824\" src=\"https:\/\/redeportivamx.com\/wp-content\/uploads\/2025\/12\/IMG_7822-1024x824.jpeg\" alt=\"\" class=\"wp-image-49918\" srcset=\"https:\/\/redeportivamx.com\/wp-content\/uploads\/2025\/12\/IMG_7822-1024x824.jpeg 1024w, https:\/\/redeportivamx.com\/wp-content\/uploads\/2025\/12\/IMG_7822-300x241.jpeg 300w, https:\/\/redeportivamx.com\/wp-content\/uploads\/2025\/12\/IMG_7822-768x618.jpeg 768w, https:\/\/redeportivamx.com\/wp-content\/uploads\/2025\/12\/IMG_7822-1536x1236.jpeg 1536w, https:\/\/redeportivamx.com\/wp-content\/uploads\/2025\/12\/IMG_7822.jpeg 1637w\" sizes=\"(max-width: 1024px) 100vw, 1024px\" \/><figcaption class=\"wp-element-caption\">\ud83d\udcf8: X @SergioRamos<\/figcaption><\/figure>\n\n\n\n<hr class=\"wp-block-separator has-alpha-channel-opacity\" \/>\n","protected":false},"excerpt":{"rendered":"<p>La historia de Sergio Ramos con los Rayados de Monterrey ha llegado a su fin. As\u00ed lo hizo saber el defensa espa\u00f1ol quien mediante sus redes sociales anunci\u00f3 su salida del club, misma que se deber\u00e1 a que el ex Real Madrid no renovar\u00e1 con el equipo regio, aunque varios equipos ya lo tienen en [&hellip;]<\/p>\n","protected":false},"author":13,"featured_media":49919,"comment_status":"open","ping_status":"open","sticky":false,"template":"","format":"standard","meta":{"_monsterinsights_skip_tracking":false,"_monsterinsights_sitenote_active":false,"_monsterinsights_sitenote_note":"","_monsterinsights_sitenote_category":0,"_jetpack_memberships_contains_paid_content":false,"footnotes":""},"categories":[10],"tags":[20,141,289,133,1610],"class_list":["post-49917","post","type-post","status-publish","format-standard","has-post-thumbnail","hentry","category-liga-bbva-mx","tag-ligamx","tag-manchester-united","tag-premier-league","tag-rayados","tag-sergio-ramos"],"aioseo_notices":[],"jetpack_featured_media_url":"https:\/\/redeportivamx.com\/wp-content\/uploads\/2025\/12\/IMG_7823.jpeg","jetpack_sharing_enabled":true,"_links":{"self":[{"href":"https:\/\/redeportivamx.com\/index.php\/wp-json\/wp\/v2\/posts\/49917","targetHints":{"allow":["GET"]}}],"collection":[{"href":"https:\/\/redeportivamx.com\/index.php\/wp-json\/wp\/v2\/posts"}],"about":[{"href":"https:\/\/redeportivamx.com\/index.php\/wp-json\/wp\/v2\/types\/post"}],"author":[{"embeddable":true,"href":"https:\/\/redeportivamx.com\/index.php\/wp-json\/wp\/v2\/users\/13"}],"replies":[{"embeddable":true,"href":"https:\/\/redeportivamx.com\/index.php\/wp-json\/wp\/v2\/comments?post=49917"}],"version-history":[{"count":1,"href":"https:\/\/redeportivamx.com\/index.php\/wp-json\/wp\/v2\/posts\/49917\/revisions"}],"predecessor-version":[{"id":49920,"href":"https:\/\/redeportivamx.com\/index.php\/wp-json\/wp\/v2\/posts\/49917\/revisions\/49920"}],"wp:featuredmedia":[{"embeddable":true,"href":"https:\/\/redeportivamx.com\/index.php\/wp-json\/wp\/v2\/media\/49919"}],"wp:attachment":[{"href":"https:\/\/redeportivamx.com\/index.php\/wp-json\/wp\/v2\/media?parent=49917"}],"wp:term":[{"taxonomy":"category","embeddable":true,"href":"https:\/\/redeportivamx.com\/index.php\/wp-json\/wp\/v2\/categories?post=49917"},{"taxonomy":"post_tag","embeddable":true,"href":"https:\/\/redeportivamx.com\/index.php\/wp-json\/wp\/v2\/tags?post=49917"}],"curies":[{"name":"wp","href":"https:\/\/api.w.org\/{rel}","templated":true}]}}