{"id":49848,"date":"2025-12-07T06:13:19","date_gmt":"2025-12-07T06:13:19","guid":{"rendered":"https:\/\/redeportivamx.com\/?p=49848"},"modified":"2025-12-07T06:13:21","modified_gmt":"2025-12-07T06:13:21","slug":"las-estrellas-que-vendran-a-mexico-en-el-mundial-2026","status":"publish","type":"post","link":"https:\/\/redeportivamx.com\/index.php\/2025\/12\/07\/las-estrellas-que-vendran-a-mexico-en-el-mundial-2026\/","title":{"rendered":"Las estrellas que vendr\u00e1n a M\u00e9xico en el Mundial 2026"},"content":{"rendered":"\n<p>La FIFA confirm\u00f3 que M\u00e9xico ser\u00e1 anfitri\u00f3n de 10 partidos de fase de grupos del Mundial 2026, distribuidos en tres sedes: Ciudad de M\u00e9xico (Estadio Azteca), Guadalajara (Estadio Akron) y Monterrey (Estadio BBVA). El Tri debutar\u00e1 el 11 de junio en el Azteca contra Sud\u00e1frica, volver\u00e1 al mismo escenario el 24 de junio frente al ganador del repechaje europeo (Dinamarca, Rep\u00fablica Checa, Irlanda o Macedonia del Norte), y cerrar\u00e1 la fase de grupos el 18 de junio en Guadalajara contra Corea del Sur.<\/p>\n\n\n\n<p>Adem\u00e1s de los duelos de M\u00e9xico, estas sedes recibir\u00e1n otros encuentros de fase de grupos, por lo que habr\u00e1 presencia de grandes estrellas y selecciones nacionales en territorio mexicano.<\/p>\n\n\n\n<h2 class=\"wp-block-heading\">Estrellas que podr\u00edan brillar en M\u00e9xico<\/h2>\n\n\n\n<p>Corea del Sur jugar\u00e1 en M\u00e9xico, y la gran estrella ser\u00e1 Son Heung-min, delantero del LAFC y referente asi\u00e1tico, quien podr\u00eda disputar su \u00faltimo Mundial en plenitud. A \u00e9l se suma Lee Kang-in, mediocampista del Paris Saint-Germain, y Kim Min-jae, defensa del Bayern M\u00fanich.<\/p>\n\n\n\n<p>Por otra parte, Colombia jugar\u00e1 en el Estadio Azteca dentro de la fase de grupos. Su estilo din\u00e1mico y la calidad de sus futbolistas garantizan espect\u00e1culo. Entre las figuras que podr\u00edan brillar destacan: Luis D\u00edaz, James Rodr\u00edguez, Jefferson Lema, Richard R\u00edos y David Ospina.<\/p>\n\n\n\n<h2 class=\"wp-block-heading\">Selecciones de \u00e9lite<\/h2>\n\n\n\n<p>M\u00e9xico albergar\u00e1 a dos selecciones hist\u00f3ricas: Uruguay y Espa\u00f1a, las cuales se enfrentar\u00e1n durante la fase de grupos del Mundial 2026 en el Estadio Akron de Guadalajara, programado para el 26 de junio, y promete ser uno de los duelos m\u00e1s atractivos de la primera ronda.<\/p>\n\n\n\n<p>Si bien, M\u00e9xico albergar\u00e1 pocos partidos, la afici\u00f3n azteca tendr\u00e1 la oportunidad ver a jugadores de talla mundial, as\u00ed como a selecciones de primer nivel en suelo mexicano.<\/p>\n","protected":false},"excerpt":{"rendered":"<p>La FIFA confirm\u00f3 que M\u00e9xico ser\u00e1 anfitri\u00f3n de 10 partidos de fase de grupos del Mundial 2026, distribuidos en tres sedes: Ciudad de M\u00e9xico (Estadio Azteca), Guadalajara (Estadio Akron) y Monterrey (Estadio BBVA). El Tri debutar\u00e1 el 11 de junio en el Azteca contra Sud\u00e1frica, volver\u00e1 al mismo escenario el 24 de junio frente al [&hellip;]<\/p>\n","protected":false},"author":1,"featured_media":49849,"comment_status":"open","ping_status":"open","sticky":false,"template":"","format":"standard","meta":{"_monsterinsights_skip_tracking":false,"_monsterinsights_sitenote_active":false,"_monsterinsights_sitenote_note":"","_monsterinsights_sitenote_category":0,"_jetpack_memberships_contains_paid_content":false,"footnotes":""},"categories":[1553],"tags":[2396,417],"class_list":["post-49848","post","type-post","status-publish","format-standard","has-post-thumbnail","hentry","category-copa-del-mundo","tag-copa-del-mundo","tag-mundial-2026"],"aioseo_notices":[],"jetpack_featured_media_url":"https:\/\/redeportivamx.com\/wp-content\/uploads\/2025\/12\/image-9.png","jetpack_sharing_enabled":true,"_links":{"self":[{"href":"https:\/\/redeportivamx.com\/index.php\/wp-json\/wp\/v2\/posts\/49848","targetHints":{"allow":["GET"]}}],"collection":[{"href":"https:\/\/redeportivamx.com\/index.php\/wp-json\/wp\/v2\/posts"}],"about":[{"href":"https:\/\/redeportivamx.com\/index.php\/wp-json\/wp\/v2\/types\/post"}],"author":[{"embeddable":true,"href":"https:\/\/redeportivamx.com\/index.php\/wp-json\/wp\/v2\/users\/1"}],"replies":[{"embeddable":true,"href":"https:\/\/redeportivamx.com\/index.php\/wp-json\/wp\/v2\/comments?post=49848"}],"version-history":[{"count":1,"href":"https:\/\/redeportivamx.com\/index.php\/wp-json\/wp\/v2\/posts\/49848\/revisions"}],"predecessor-version":[{"id":49850,"href":"https:\/\/redeportivamx.com\/index.php\/wp-json\/wp\/v2\/posts\/49848\/revisions\/49850"}],"wp:featuredmedia":[{"embeddable":true,"href":"https:\/\/redeportivamx.com\/index.php\/wp-json\/wp\/v2\/media\/49849"}],"wp:attachment":[{"href":"https:\/\/redeportivamx.com\/index.php\/wp-json\/wp\/v2\/media?parent=49848"}],"wp:term":[{"taxonomy":"category","embeddable":true,"href":"https:\/\/redeportivamx.com\/index.php\/wp-json\/wp\/v2\/categories?post=49848"},{"taxonomy":"post_tag","embeddable":true,"href":"https:\/\/redeportivamx.com\/index.php\/wp-json\/wp\/v2\/tags?post=49848"}],"curies":[{"name":"wp","href":"https:\/\/api.w.org\/{rel}","templated":true}]}}