{"id":49837,"date":"2025-12-07T04:43:18","date_gmt":"2025-12-07T04:43:18","guid":{"rendered":"https:\/\/redeportivamx.com\/?p=49837"},"modified":"2025-12-07T04:43:20","modified_gmt":"2025-12-07T04:43:20","slug":"pumas-sub-21-se-corona-campeon-del-apertura-2025","status":"publish","type":"post","link":"https:\/\/redeportivamx.com\/index.php\/2025\/12\/07\/pumas-sub-21-se-corona-campeon-del-apertura-2025\/","title":{"rendered":"\u00a1Pumas Sub-21 se corona campe\u00f3n del Apertura 2025!"},"content":{"rendered":"\n<p>La escuadra juvenil auriazul se consagr\u00f3 campeona de la <strong>Liga MX Sub-21<\/strong> del <strong>Torneo Apertura 2025<\/strong> tras empatar 1-1 en la final de vuelta ante <strong>Santos Laguna Sub-21<\/strong> en el Estadio Corona (Torre\u00f3n). Con ese resultado, Pumas impuso un global de <strong>4-3<\/strong>.<\/p>\n\n\n\n<figure class=\"wp-block-embed is-type-rich is-provider-twitter wp-block-embed-twitter\"><div class=\"wp-block-embed__wrapper\">\n<div class=\"embed-twitter\"><blockquote class=\"twitter-tweet\" data-width=\"550\" data-dnt=\"true\"><p lang=\"es\" dir=\"ltr\">La cantera auriazul se corona Campe\u00f3n de la <a href=\"https:\/\/twitter.com\/LigaBBVAMX?ref_src=twsrc%5Etfw\">@LigaBBVAMX<\/a> en la categor\u00eda <a href=\"https:\/\/twitter.com\/hashtag\/Sub21?src=hash&amp;ref_src=twsrc%5Etfw\">#Sub21<\/a>.<br>Muchas felicidades a toda la escuadra de <a href=\"https:\/\/twitter.com\/PumasMX?ref_src=twsrc%5Etfw\">@PumasMX<\/a>, Cuerpo T\u00e9cnico, Directiva, familias, y a todas las personas involucradas cuya pasi\u00f3n y dedicaci\u00f3n concretan este t\u00edtulo! <a href=\"https:\/\/t.co\/sbOijefRm2\">pic.twitter.com\/sbOijefRm2<\/a><\/p>&mdash; Mikel Arriola (@MikelArriolaP) <a href=\"https:\/\/twitter.com\/MikelArriolaP\/status\/1997407635398644030?ref_src=twsrc%5Etfw\">December 6, 2025<\/a><\/blockquote><script async src=\"https:\/\/platform.twitter.com\/widgets.js\" charset=\"utf-8\"><\/script><\/div>\n<\/div><\/figure>\n\n\n\n<p>Despu\u00e9s de su gran remontada en Ciudad Universitaria, los capitalinos buscar\u00edan consagrarse como campeones en territorio lagunero; la tarea no ser\u00eda sencilla, pero todo apuntaba a ser una final para el recuerdo.<\/p>\n\n\n\n<p class=\"has-medium-font-size\"><strong>Momentos m\u00e1s relevantes del partido<\/strong> <\/p>\n\n\n\n<p><strong>Santos<\/strong> busc\u00f3 la remontada, pero la defensa universitaria resisti\u00f3. El partido termin\u00f3 1-1 con anotaciones de ambos equipos. El tanto decisivo lo marc\u00f3<strong> Jos\u00e9 Daniel Gonz\u00e1lez<\/strong> al minuto 84, un cabezazo tras rebote que marc\u00f3 el 0-1 para<strong> <a href=\"https:\/\/x.com\/LigaBBVAMX\/status\/1997423331788611721?s=20\">Pumas<\/a><\/strong> y asegur\u00f3 el t\u00edtulo. <\/p>\n\n\n\n<p>En tiempo de descuento, <strong>\u00c1ngel Ibarra <\/strong>consigui\u00f3 el 1-1 para Santos, pero ya no hubo tiempo para m\u00e1s. <\/p>\n\n\n\n<p>Tras el gol de <strong>Gonz\u00e1lez<\/strong>, se desat\u00f3 un conato de bronca que provoc\u00f3 expulsiones \u2014<strong>Andr\u00e9s Araujo<\/strong> (Pumas) y <strong>Tahiel Jim\u00e9nez<\/strong> (Santos) vieron la roja.<\/p>\n\n\n\n<figure class=\"wp-block-embed is-type-rich is-provider-twitter wp-block-embed-twitter\"><div class=\"wp-block-embed__wrapper\">\n<div class=\"embed-twitter\"><blockquote class=\"twitter-tweet\" data-width=\"550\" data-dnt=\"true\"><p lang=\"es\" dir=\"ltr\"><a href=\"https:\/\/twitter.com\/hashtag\/Sub21?src=hash&amp;ref_src=twsrc%5Etfw\">#Sub21<\/a> | \ud83c\udfc6El gol del campeonato \u26bd\ufe0f<a href=\"https:\/\/twitter.com\/hashtag\/UnidosPorLaHistoria?src=hash&amp;ref_src=twsrc%5Etfw\">#UnidosPorLaHistoria<\/a> <a href=\"https:\/\/t.co\/lE3OxUqQ6w\">pic.twitter.com\/lE3OxUqQ6w<\/a><\/p>&mdash; PumasMX Cantera (@PumasMXCantera) <a href=\"https:\/\/twitter.com\/PumasMXCantera\/status\/1997426626569683451?ref_src=twsrc%5Etfw\">December 6, 2025<\/a><\/blockquote><script async src=\"https:\/\/platform.twitter.com\/widgets.js\" charset=\"utf-8\"><\/script><\/div>\n<\/div><\/figure>\n\n\n\n<h3 class=\"wp-block-heading\">Camino al t\u00edtulo: una ruta de car\u00e1cter y coraz\u00f3n<\/h3>\n\n\n\n<p>Para alcanzar la final y alzarse con el t\u00edtulo, <strong>Pumas Sub-21<\/strong> pas\u00f3 por un camino exigente:<\/p>\n\n\n\n<ul class=\"wp-block-list\">\n<li>En <strong>cuartos de final<\/strong> eliminaron a <strong>Pachuca Sub-21<\/strong>. <\/li>\n\n\n\n<li>En <strong>semifinales<\/strong> superaron con autoridad a <strong>Tigres Sub-21<\/strong>.<\/li>\n\n\n\n<li>Finalmente, en la final ante <strong>Santos<\/strong>, mostraron resiliencia: remontaron en la ida y resistieron en la vuelta para convertirse en campeones.<\/li>\n<\/ul>\n\n\n\n<p>Este t\u00edtulo llega en un momento clave para el club, ya que los auriazules viven un tiempo de reestructuraci\u00f3n en sus filas y directivos. Esperemos que esta victoria le d\u00e9 opciones a <a href=\"https:\/\/redeportivamx.com\/index.php\/2025\/12\/03\/reestructuracion-en-pumas-que-esta-pasando-en-el-equipo-universitario\/\">Antonio S\u00e1nchez<\/a> en su planeaci\u00f3n de cara al <strong>Clausura 2026<\/strong>.<\/p>\n\n\n\n<figure class=\"wp-block-image size-full\"><img fetchpriority=\"high\" decoding=\"async\" width=\"900\" height=\"600\" src=\"https:\/\/redeportivamx.com\/wp-content\/uploads\/2025\/12\/image-7.png\" alt=\"\" class=\"wp-image-49839\" srcset=\"https:\/\/redeportivamx.com\/wp-content\/uploads\/2025\/12\/image-7.png 900w, https:\/\/redeportivamx.com\/wp-content\/uploads\/2025\/12\/image-7-300x200.png 300w, https:\/\/redeportivamx.com\/wp-content\/uploads\/2025\/12\/image-7-768x512.png 768w\" sizes=\"(max-width: 900px) 100vw, 900px\" \/><\/figure>\n","protected":false},"excerpt":{"rendered":"<p>La escuadra juvenil auriazul se consagr\u00f3 campeona de la Liga MX Sub-21 del Torneo Apertura 2025 tras empatar 1-1 en la final de vuelta ante Santos Laguna Sub-21 en el Estadio Corona (Torre\u00f3n). Con ese resultado, Pumas impuso un global de 4-3. Despu\u00e9s de su gran remontada en Ciudad Universitaria, los capitalinos buscar\u00edan consagrarse como [&hellip;]<\/p>\n","protected":false},"author":23,"featured_media":49838,"comment_status":"open","ping_status":"open","sticky":false,"template":"","format":"standard","meta":{"_monsterinsights_skip_tracking":false,"_monsterinsights_sitenote_active":false,"_monsterinsights_sitenote_note":"","_monsterinsights_sitenote_category":0,"_jetpack_memberships_contains_paid_content":false,"footnotes":""},"categories":[10],"tags":[684,2659],"class_list":["post-49837","post","type-post","status-publish","format-standard","has-post-thumbnail","hentry","category-liga-bbva-mx","tag-liga-mx","tag-pumas-sub-21"],"aioseo_notices":[],"jetpack_featured_media_url":"https:\/\/redeportivamx.com\/wp-content\/uploads\/2025\/12\/image.webp","jetpack_sharing_enabled":true,"_links":{"self":[{"href":"https:\/\/redeportivamx.com\/index.php\/wp-json\/wp\/v2\/posts\/49837","targetHints":{"allow":["GET"]}}],"collection":[{"href":"https:\/\/redeportivamx.com\/index.php\/wp-json\/wp\/v2\/posts"}],"about":[{"href":"https:\/\/redeportivamx.com\/index.php\/wp-json\/wp\/v2\/types\/post"}],"author":[{"embeddable":true,"href":"https:\/\/redeportivamx.com\/index.php\/wp-json\/wp\/v2\/users\/23"}],"replies":[{"embeddable":true,"href":"https:\/\/redeportivamx.com\/index.php\/wp-json\/wp\/v2\/comments?post=49837"}],"version-history":[{"count":1,"href":"https:\/\/redeportivamx.com\/index.php\/wp-json\/wp\/v2\/posts\/49837\/revisions"}],"predecessor-version":[{"id":49840,"href":"https:\/\/redeportivamx.com\/index.php\/wp-json\/wp\/v2\/posts\/49837\/revisions\/49840"}],"wp:featuredmedia":[{"embeddable":true,"href":"https:\/\/redeportivamx.com\/index.php\/wp-json\/wp\/v2\/media\/49838"}],"wp:attachment":[{"href":"https:\/\/redeportivamx.com\/index.php\/wp-json\/wp\/v2\/media?parent=49837"}],"wp:term":[{"taxonomy":"category","embeddable":true,"href":"https:\/\/redeportivamx.com\/index.php\/wp-json\/wp\/v2\/categories?post=49837"},{"taxonomy":"post_tag","embeddable":true,"href":"https:\/\/redeportivamx.com\/index.php\/wp-json\/wp\/v2\/tags?post=49837"}],"curies":[{"name":"wp","href":"https:\/\/api.w.org\/{rel}","templated":true}]}}