{"id":49833,"date":"2025-12-07T04:28:59","date_gmt":"2025-12-07T04:28:59","guid":{"rendered":"https:\/\/redeportivamx.com\/?p=49833"},"modified":"2025-12-07T04:29:00","modified_gmt":"2025-12-07T04:29:00","slug":"ufc-regresa-a-la-cdmx-el-28-de-febrero","status":"publish","type":"post","link":"https:\/\/redeportivamx.com\/index.php\/2025\/12\/07\/ufc-regresa-a-la-cdmx-el-28-de-febrero\/","title":{"rendered":"UFC regresa a la CDMX el 28 de febrero"},"content":{"rendered":"\n<p>La promotora de artes marciales mixtas <strong>UFC <\/strong>confirm\u00f3 oficialmente su retorno a la Ciudad de M\u00e9xico: su pr\u00f3xima <strong>\u201cFight Night\u201d<\/strong> se llevar\u00e1 a cabo el <strong>s\u00e1bado 28 de febrero de 2026 en la Arena Ciudad de M\u00e9xico<\/strong>.<\/p>\n\n\n\n<figure class=\"wp-block-embed is-type-rich is-provider-twitter wp-block-embed-twitter\"><div class=\"wp-block-embed__wrapper\">\n<div class=\"embed-twitter\"><blockquote class=\"twitter-tweet\" data-width=\"550\" data-dnt=\"true\"><p lang=\"es\" dir=\"ltr\">Volvemos! <a href=\"https:\/\/twitter.com\/hashtag\/UFCMexico?src=hash&amp;ref_src=twsrc%5Etfw\">#UFCMexico<\/a> | Feb. 28 \ud83c\uddf2\ud83c\uddfd<br><br>Link en Bio \ud83c\udf9f\ufe0f <a href=\"https:\/\/t.co\/etcfc7sYHj\">pic.twitter.com\/etcfc7sYHj<\/a><\/p>&mdash; UFC Espa\u00f1ol (@UFCEspanol) <a href=\"https:\/\/twitter.com\/UFCEspanol\/status\/1997110278522314943?ref_src=twsrc%5Etfw\">December 6, 2025<\/a><\/blockquote><script async src=\"https:\/\/platform.twitter.com\/widgets.js\" charset=\"utf-8\"><\/script><\/div>\n<\/div><\/figure>\n\n\n\n<p>Este retorno confirma a la <strong>CDMX<\/strong> como una sede recurrente para la <strong>UFC.<\/strong> Desde su reactivaci\u00f3n en 2024, la capital hab\u00eda vuelto a recibir funciones importantes, tras una pausa de casi cinco a\u00f1os entre 2019 y 2024. <\/p>\n\n\n\n<p>La funci\u00f3n del<strong> 28 de febrero<\/strong> representa una oportunidad para que nuevos talentos \u2014incluidos peleadores mexicanos y latinoamericanos\u2014 brillen ante su p\u00fablico local. <\/p>\n\n\n\n<h3 class=\"wp-block-heading\">Preventa y boletos<\/h3>\n\n\n\n<p>La venta de boletos arrancar\u00e1 pr\u00f3ximamente. La preventa para miembros del <strong>\u201cFight Club\u201d<\/strong> empezar\u00e1 en <strong>enero<\/strong>, con opci\u00f3n de paquetes VIP y beneficios especiales.<\/p>\n\n\n\n<p>Tambi\u00e9n habr\u00e1 venta general, con posibilidad de diferir pagos mediante <a href=\"https:\/\/x.com\/SuperboletosMx\/status\/1997109246438088933?s=20\">meses sin intereses<\/a> con ciertos bancos, tal como se ha informado en medios locales.<\/p>\n\n\n\n<h3 class=\"wp-block-heading\">Lo que falta por confirmar\u2026 y lo que esperar<\/h3>\n\n\n\n<p>Hasta ahora, <strong>no se ha anunciado la pelea estelar<\/strong>, lo que mantiene la expectativa entre aficionados y medios.<\/p>\n\n\n\n<p>Se espera que, conforme se acerque la fecha, la <strong>UFC<\/strong> revele m\u00e1s combates, nombres destacados y posiblemente peleadores mexicanos con alta popularidad. Con el antecedente de funciones exitosas en 2025, este evento luce como uno de los m\u00e1s esperados del a\u00f1o en Am\u00e9rica Latina.<\/p>\n\n\n\n<figure class=\"wp-block-image size-full\"><img fetchpriority=\"high\" decoding=\"async\" width=\"800\" height=\"600\" src=\"https:\/\/redeportivamx.com\/wp-content\/uploads\/2025\/12\/image-6.png\" alt=\"\" class=\"wp-image-49835\" srcset=\"https:\/\/redeportivamx.com\/wp-content\/uploads\/2025\/12\/image-6.png 800w, https:\/\/redeportivamx.com\/wp-content\/uploads\/2025\/12\/image-6-300x225.png 300w, https:\/\/redeportivamx.com\/wp-content\/uploads\/2025\/12\/image-6-768x576.png 768w\" sizes=\"(max-width: 800px) 100vw, 800px\" \/><\/figure>\n\n\n\n<p><a href=\"https:\/\/www.excelsior.com.mx\/adrenalina\/ufc-regresa-ciudad-de-mexico-febrero-2026-fight-night\/1755881?utm_source=chatgpt.com\" target=\"_blank\" rel=\"noreferrer noopener\"><\/a><\/p>\n","protected":false},"excerpt":{"rendered":"<p>La promotora de artes marciales mixtas UFC confirm\u00f3 oficialmente su retorno a la Ciudad de M\u00e9xico: su pr\u00f3xima \u201cFight Night\u201d se llevar\u00e1 a cabo el s\u00e1bado 28 de febrero de 2026 en la Arena Ciudad de M\u00e9xico. Este retorno confirma a la CDMX como una sede recurrente para la UFC. Desde su reactivaci\u00f3n en 2024, [&hellip;]<\/p>\n","protected":false},"author":23,"featured_media":49834,"comment_status":"open","ping_status":"open","sticky":false,"template":"","format":"standard","meta":{"_monsterinsights_skip_tracking":false,"_monsterinsights_sitenote_active":false,"_monsterinsights_sitenote_note":"","_monsterinsights_sitenote_category":0,"_jetpack_memberships_contains_paid_content":false,"footnotes":""},"categories":[2296],"tags":[240,747],"class_list":["post-49833","post","type-post","status-publish","format-standard","has-post-thumbnail","hentry","category-ufc","tag-ufc","tag-ufc-fight-night-mexico"],"aioseo_notices":[],"jetpack_featured_media_url":"https:\/\/redeportivamx.com\/wp-content\/uploads\/2025\/12\/G7coL07WcAEExTp.jpg","jetpack_sharing_enabled":true,"_links":{"self":[{"href":"https:\/\/redeportivamx.com\/index.php\/wp-json\/wp\/v2\/posts\/49833","targetHints":{"allow":["GET"]}}],"collection":[{"href":"https:\/\/redeportivamx.com\/index.php\/wp-json\/wp\/v2\/posts"}],"about":[{"href":"https:\/\/redeportivamx.com\/index.php\/wp-json\/wp\/v2\/types\/post"}],"author":[{"embeddable":true,"href":"https:\/\/redeportivamx.com\/index.php\/wp-json\/wp\/v2\/users\/23"}],"replies":[{"embeddable":true,"href":"https:\/\/redeportivamx.com\/index.php\/wp-json\/wp\/v2\/comments?post=49833"}],"version-history":[{"count":1,"href":"https:\/\/redeportivamx.com\/index.php\/wp-json\/wp\/v2\/posts\/49833\/revisions"}],"predecessor-version":[{"id":49836,"href":"https:\/\/redeportivamx.com\/index.php\/wp-json\/wp\/v2\/posts\/49833\/revisions\/49836"}],"wp:featuredmedia":[{"embeddable":true,"href":"https:\/\/redeportivamx.com\/index.php\/wp-json\/wp\/v2\/media\/49834"}],"wp:attachment":[{"href":"https:\/\/redeportivamx.com\/index.php\/wp-json\/wp\/v2\/media?parent=49833"}],"wp:term":[{"taxonomy":"category","embeddable":true,"href":"https:\/\/redeportivamx.com\/index.php\/wp-json\/wp\/v2\/categories?post=49833"},{"taxonomy":"post_tag","embeddable":true,"href":"https:\/\/redeportivamx.com\/index.php\/wp-json\/wp\/v2\/tags?post=49833"}],"curies":[{"name":"wp","href":"https:\/\/api.w.org\/{rel}","templated":true}]}}