{"id":49829,"date":"2025-12-06T06:24:58","date_gmt":"2025-12-06T06:24:58","guid":{"rendered":"https:\/\/redeportivamx.com\/?p=49829"},"modified":"2025-12-06T06:24:59","modified_gmt":"2025-12-06T06:24:59","slug":"mundial-2026-asi-quedaron-definidos-los-grupos","status":"publish","type":"post","link":"https:\/\/redeportivamx.com\/index.php\/2025\/12\/06\/mundial-2026-asi-quedaron-definidos-los-grupos\/","title":{"rendered":"Mundial 2026: As\u00ed quedaron definidos los grupos"},"content":{"rendered":"\n<p>M\u00e9xico inaugurar\u00e1 la Copa del Mundo contra Sud\u00e1frica, mientras que Kylian Mbapp\u00e9 y Erling Haaland se enfrentar\u00e1n en la primera fase.<\/p>\n\n\n\n<p>Se realiz\u00f3 el sorteo para definir los grupos del Mundial en el que M\u00e9xico, Estados Unidos y Canad\u00e1 ser\u00e1n sede adem\u00e1s de ser cabezas de grupo. Este mismo sorteo dej\u00f3 a Francia y Noruega en el mismo grupo, mientras que Portugal y Argentina podr\u00edan enfrentarse en cuartos de final.<\/p>\n\n\n\n<p><strong>Grupo A<\/strong>: M\u00e9xico, Sud\u00e1frica, Corral del Sur y Ganador Repechaje D (Dinamarca, Rep\u00fablica Checa, Irlanda o Macedonia del Norte)<\/p>\n\n\n\n<p><strong>Grupo B<\/strong>: Canad\u00e1, Ganador Repechaje A (Italia, Gales, Bosnia y Herzegovina o Irlanda del Norte), Qatar y Suiza.<\/p>\n\n\n\n<p><strong>Grupo C<\/strong>: Brasil, Marruecos, Hait\u00ed y Escocia.<\/p>\n\n\n\n<p><strong>Grupo D<\/strong>: Estados Unidos, Paraguay, Australia y Ganador Repechaje C (Turqu\u00eda, Eslovaquia, Kosovo o Rumania)<\/p>\n\n\n\n<p><strong>Grupo E<\/strong>: Alemania, Curazao, Costa de Marfil y Ecuador.<\/p>\n\n\n\n<figure class=\"wp-block-embed is-type-rich is-provider-twitter wp-block-embed-twitter\"><div class=\"wp-block-embed__wrapper\">\n<div class=\"embed-twitter\"><blockquote class=\"twitter-tweet\" data-width=\"550\" data-dnt=\"true\"><p lang=\"qme\" dir=\"ltr\">\ud83c\udfc6<a href=\"https:\/\/twitter.com\/hashtag\/CopaMundialFIFA?src=hash&amp;ref_src=twsrc%5Etfw\">#CopaMundialFIFA<\/a> <a href=\"https:\/\/t.co\/gbr5ZekLjm\">pic.twitter.com\/gbr5ZekLjm<\/a><\/p>&mdash; Copa Mundial FIFA \ud83c\udfc6 (@fifaworldcup_es) <a href=\"https:\/\/twitter.com\/fifaworldcup_es\/status\/1997114265778504075?ref_src=twsrc%5Etfw\">December 6, 2025<\/a><\/blockquote><script async src=\"https:\/\/platform.twitter.com\/widgets.js\" charset=\"utf-8\"><\/script><\/div>\n<\/div><\/figure>\n\n\n\n<p><strong>Grupo F<\/strong>: Pa\u00edses Bajos, Turqu\u00eda, Ganador Repechaje B (Ucrania, Polonia, Albania o Suecia) y T\u00fanez.<\/p>\n\n\n\n<p><strong>Grupo G<\/strong>: B\u00e9lgica, Egipto, Ir\u00e1n y Nueva Zelanda.<\/p>\n\n\n\n<p><strong>Grupo H<\/strong>: Espa\u00f1a, Cabo Verde, Arabia Saudita y Uruguay.<\/p>\n\n\n\n<p><strong>Grupo I<\/strong>: Francia, Senegal, Ganador Repechaje 1 (Irak, Bolivia o Surinam) y Noruega.<\/p>\n\n\n\n<p><strong>Grupo J<\/strong>: Argentina, Argelia, Austria y Jordania.<\/p>\n\n\n\n<p><strong>Grupo K<\/strong>: Portugal, Ganador Repechaje 2 (Congo, Jamaica o Nueva Caledonia), Uzbekist\u00e1n y Colombia.<\/p>\n\n\n\n<p><strong>Grupo L<\/strong>: Inglaterra, Croacia, Ghana y Panam\u00e1.<\/p>\n\n\n\n<p>El partido inaugural ser\u00e1 el 11 de junio en el Estadio Banorte, mientras que la gran final ser\u00e1 el 19 de julio en el Estadio Met Life de Nueva Jersey. Con un total de 48 equipos en la primera fase, no hay alg\u00fan grupo que pueda ser denominado \u201cde la muerte\u201d, a falta de los repechajes que se jugar\u00e1n en marzo.<\/p>\n\n\n\n<figure class=\"wp-block-embed is-type-rich is-provider-twitter wp-block-embed-twitter\"><div class=\"wp-block-embed__wrapper\">\n<div class=\"embed-twitter\"><blockquote class=\"twitter-tweet\" data-width=\"550\" data-dnt=\"true\"><p lang=\"es\" dir=\"ltr\">\u00a1El partido inaugural de la <a href=\"https:\/\/twitter.com\/hashtag\/CopaMundialFIFA?src=hash&amp;ref_src=twsrc%5Etfw\">#CopaMundialFIFA<\/a> 2026! \ud83c\udf0e\ud83c\udfdf\ufe0f<a href=\"https:\/\/twitter.com\/miseleccionmx?ref_src=twsrc%5Etfw\">@miseleccionmx<\/a> |  <a href=\"https:\/\/twitter.com\/BafanaBafana?ref_src=twsrc%5Etfw\">@BafanaBafana<\/a> <a href=\"https:\/\/t.co\/2tpZkTE9fG\">pic.twitter.com\/2tpZkTE9fG<\/a><\/p>&mdash; Copa Mundial FIFA \ud83c\udfc6 (@fifaworldcup_es) <a href=\"https:\/\/twitter.com\/fifaworldcup_es\/status\/1997075545041915941?ref_src=twsrc%5Etfw\">December 5, 2025<\/a><\/blockquote><script async src=\"https:\/\/platform.twitter.com\/widgets.js\" charset=\"utf-8\"><\/script><\/div>\n<\/div><\/figure>\n\n\n\n<p><\/p>\n","protected":false},"excerpt":{"rendered":"<p>M\u00e9xico inaugurar\u00e1 la Copa del Mundo contra Sud\u00e1frica, mientras que Kylian Mbapp\u00e9 y Erling Haaland se enfrentar\u00e1n en la primera fase. Se realiz\u00f3 el sorteo para definir los grupos del Mundial en el que M\u00e9xico, Estados Unidos y Canad\u00e1 ser\u00e1n sede adem\u00e1s de ser cabezas de grupo. Este mismo sorteo dej\u00f3 a Francia y Noruega [&hellip;]<\/p>\n","protected":false},"author":13,"featured_media":49830,"comment_status":"open","ping_status":"open","sticky":false,"template":"","format":"standard","meta":{"_monsterinsights_skip_tracking":false,"_monsterinsights_sitenote_active":false,"_monsterinsights_sitenote_note":"","_monsterinsights_sitenote_category":0,"_jetpack_memberships_contains_paid_content":false,"footnotes":""},"categories":[1553],"tags":[235,194,238,417,117],"class_list":["post-49829","post","type-post","status-publish","format-standard","has-post-thumbnail","hentry","category-copa-del-mundo","tag-fifa","tag-inglaterra","tag-kylian-mbappe","tag-mundial-2026","tag-seleccion-mexicana"],"aioseo_notices":[],"jetpack_featured_media_url":"https:\/\/redeportivamx.com\/wp-content\/uploads\/2025\/12\/IMG_7770.jpeg","jetpack_sharing_enabled":true,"_links":{"self":[{"href":"https:\/\/redeportivamx.com\/index.php\/wp-json\/wp\/v2\/posts\/49829","targetHints":{"allow":["GET"]}}],"collection":[{"href":"https:\/\/redeportivamx.com\/index.php\/wp-json\/wp\/v2\/posts"}],"about":[{"href":"https:\/\/redeportivamx.com\/index.php\/wp-json\/wp\/v2\/types\/post"}],"author":[{"embeddable":true,"href":"https:\/\/redeportivamx.com\/index.php\/wp-json\/wp\/v2\/users\/13"}],"replies":[{"embeddable":true,"href":"https:\/\/redeportivamx.com\/index.php\/wp-json\/wp\/v2\/comments?post=49829"}],"version-history":[{"count":1,"href":"https:\/\/redeportivamx.com\/index.php\/wp-json\/wp\/v2\/posts\/49829\/revisions"}],"predecessor-version":[{"id":49831,"href":"https:\/\/redeportivamx.com\/index.php\/wp-json\/wp\/v2\/posts\/49829\/revisions\/49831"}],"wp:featuredmedia":[{"embeddable":true,"href":"https:\/\/redeportivamx.com\/index.php\/wp-json\/wp\/v2\/media\/49830"}],"wp:attachment":[{"href":"https:\/\/redeportivamx.com\/index.php\/wp-json\/wp\/v2\/media?parent=49829"}],"wp:term":[{"taxonomy":"category","embeddable":true,"href":"https:\/\/redeportivamx.com\/index.php\/wp-json\/wp\/v2\/categories?post=49829"},{"taxonomy":"post_tag","embeddable":true,"href":"https:\/\/redeportivamx.com\/index.php\/wp-json\/wp\/v2\/tags?post=49829"}],"curies":[{"name":"wp","href":"https:\/\/api.w.org\/{rel}","templated":true}]}}