{"id":49786,"date":"2025-12-04T02:58:52","date_gmt":"2025-12-04T02:58:52","guid":{"rendered":"https:\/\/redeportivamx.com\/?p=49786"},"modified":"2025-12-04T02:58:54","modified_gmt":"2025-12-04T02:58:54","slug":"santiago-gimenez-se-queda-en-ac-milan","status":"publish","type":"post","link":"https:\/\/redeportivamx.com\/index.php\/2025\/12\/04\/santiago-gimenez-se-queda-en-ac-milan\/","title":{"rendered":"\u00bfSantiago Gim\u00e9nez se queda en AC Milan?"},"content":{"rendered":"\n<p>La incertidumbre sobre el futuro de <strong>Santiago Gim\u00e9nez<\/strong> en el <strong>AC Milan<\/strong> ha generado m\u00faltiples versiones en las \u00faltimas semanas, pero tanto el club como el entorno del delantero han comenzado a aclarar el panorama. Todo indica que el atacante mexicano <strong>permanecer\u00e1 en San Siro<\/strong>, pese al inter\u00e9s de equipos de la Premier League y los rumores sobre una posible salida en invierno.<\/p>\n\n\n\n<figure class=\"wp-block-embed is-type-rich is-provider-twitter wp-block-embed-twitter\"><div class=\"wp-block-embed__wrapper\">\n<div class=\"embed-twitter\"><blockquote class=\"twitter-tweet\" data-width=\"550\" data-dnt=\"true\"><p lang=\"en\" dir=\"ltr\">\ud83d\udea8\ud83c\uddf2\ud83c\uddfd Santi Gim\u00e9nez agent Rafaela Pimenta: \u201cI\u2019m not surprised to see Premier League links, but there\u2019s no plan at all to leave AC Milan\u201d.<br><br>\u201cThe message I get from the club is also the same: it\u2019s all ok with Gim\u00e9nez\u201d, told ESPN. <a href=\"https:\/\/t.co\/rny4NojAxK\">pic.twitter.com\/rny4NojAxK<\/a><\/p>&mdash; Fabrizio Romano (@FabrizioRomano) <a href=\"https:\/\/twitter.com\/FabrizioRomano\/status\/1996160303818481754?ref_src=twsrc%5Etfw\">December 3, 2025<\/a><\/blockquote><script async src=\"https:\/\/platform.twitter.com\/widgets.js\" charset=\"utf-8\"><\/script><\/div>\n<\/div><\/figure>\n\n\n\n<h2 class=\"wp-block-heading\">El entorno del jugador descarta su salida<\/h2>\n\n\n\n<p><strong>Rafaela Pimenta<\/strong>, <a href=\"https:\/\/redeportivamx.com\/index.php\/2025\/08\/28\/gimenez-se-queda-en-el-milan-asegura-su-representante\/\">agente<\/a> de Gim\u00e9nez, fue contundente al asegurar que <strong>no existe intenci\u00f3n de mover al futbolista del Milan<\/strong>. Aunque reconoci\u00f3 que varios clubes han preguntado por \u00e9l, se\u00f1al\u00f3 que el proyecto rossonero sigue siendo la prioridad tanto para el jugador como para su equipo de trabajo.<\/p>\n\n\n\n<figure class=\"wp-block-embed is-type-rich is-provider-instagram wp-block-embed-instagram\"><div class=\"wp-block-embed__wrapper\">\n<blockquote class=\"instagram-media\" data-instgrm-captioned data-instgrm-permalink=\"https:\/\/www.instagram.com\/reel\/DRxkyOZAGh7\/?utm_source=ig_embed&amp;utm_campaign=loading\" data-instgrm-version=\"14\" style=\" background:#FFF; border:0; border-radius:3px; box-shadow:0 0 1px 0 rgba(0,0,0,0.5),0 1px 10px 0 rgba(0,0,0,0.15); margin: 1px; max-width:640px; min-width:326px; padding:0; width:99.375%; width:-webkit-calc(100% - 2px); width:calc(100% - 2px);\"><div style=\"padding:16px;\"> <a href=\"https:\/\/www.instagram.com\/reel\/DRxkyOZAGh7\/?utm_source=ig_embed&amp;utm_campaign=loading\" style=\" background:#FFFFFF; line-height:0; padding:0 0; text-align:center; text-decoration:none; width:100%;\" target=\"_blank\"> <div style=\" display: flex; flex-direction: row; align-items: center;\"> <div style=\"background-color: #F4F4F4; border-radius: 50%; flex-grow: 0; height: 40px; margin-right: 14px; width: 40px;\"><\/div> <div style=\"display: flex; flex-direction: column; flex-grow: 1; justify-content: center;\"> <div style=\" background-color: #F4F4F4; border-radius: 4px; flex-grow: 0; height: 14px; margin-bottom: 6px; width: 100px;\"><\/div> <div style=\" background-color: #F4F4F4; border-radius: 4px; flex-grow: 0; height: 14px; width: 60px;\"><\/div><\/div><\/div><div style=\"padding: 19% 0;\"><\/div> <div style=\"display:block; height:50px; margin:0 auto 12px; width:50px;\"><svg width=\"50px\" height=\"50px\" viewBox=\"0 0 60 60\" version=\"1.1\" xmlns=\"https:\/\/www.w3.org\/2000\/svg\" xmlns:xlink=\"https:\/\/www.w3.org\/1999\/xlink\"><g stroke=\"none\" stroke-width=\"1\" fill=\"none\" fill-rule=\"evenodd\"><g transform=\"translate(-511.000000, -20.000000)\" fill=\"#000000\"><g><path d=\"M556.869,30.41 C554.814,30.41 553.148,32.076 553.148,34.131 C553.148,36.186 554.814,37.852 556.869,37.852 C558.924,37.852 560.59,36.186 560.59,34.131 C560.59,32.076 558.924,30.41 556.869,30.41 M541,60.657 C535.114,60.657 530.342,55.887 530.342,50 C530.342,44.114 535.114,39.342 541,39.342 C546.887,39.342 551.658,44.114 551.658,50 C551.658,55.887 546.887,60.657 541,60.657 M541,33.886 C532.1,33.886 524.886,41.1 524.886,50 C524.886,58.899 532.1,66.113 541,66.113 C549.9,66.113 557.115,58.899 557.115,50 C557.115,41.1 549.9,33.886 541,33.886 M565.378,62.101 C565.244,65.022 564.756,66.606 564.346,67.663 C563.803,69.06 563.154,70.057 562.106,71.106 C561.058,72.155 560.06,72.803 558.662,73.347 C557.607,73.757 556.021,74.244 553.102,74.378 C549.944,74.521 548.997,74.552 541,74.552 C533.003,74.552 532.056,74.521 528.898,74.378 C525.979,74.244 524.393,73.757 523.338,73.347 C521.94,72.803 520.942,72.155 519.894,71.106 C518.846,70.057 518.197,69.06 517.654,67.663 C517.244,66.606 516.755,65.022 516.623,62.101 C516.479,58.943 516.448,57.996 516.448,50 C516.448,42.003 516.479,41.056 516.623,37.899 C516.755,34.978 517.244,33.391 517.654,32.338 C518.197,30.938 518.846,29.942 519.894,28.894 C520.942,27.846 521.94,27.196 523.338,26.654 C524.393,26.244 525.979,25.756 528.898,25.623 C532.057,25.479 533.004,25.448 541,25.448 C548.997,25.448 549.943,25.479 553.102,25.623 C556.021,25.756 557.607,26.244 558.662,26.654 C560.06,27.196 561.058,27.846 562.106,28.894 C563.154,29.942 563.803,30.938 564.346,32.338 C564.756,33.391 565.244,34.978 565.378,37.899 C565.522,41.056 565.552,42.003 565.552,50 C565.552,57.996 565.522,58.943 565.378,62.101 M570.82,37.631 C570.674,34.438 570.167,32.258 569.425,30.349 C568.659,28.377 567.633,26.702 565.965,25.035 C564.297,23.368 562.623,22.342 560.652,21.575 C558.743,20.834 556.562,20.326 553.369,20.18 C550.169,20.033 549.148,20 541,20 C532.853,20 531.831,20.033 528.631,20.18 C525.438,20.326 523.257,20.834 521.349,21.575 C519.376,22.342 517.703,23.368 516.035,25.035 C514.368,26.702 513.342,28.377 512.574,30.349 C511.834,32.258 511.326,34.438 511.181,37.631 C511.035,40.831 511,41.851 511,50 C511,58.147 511.035,59.17 511.181,62.369 C511.326,65.562 511.834,67.743 512.574,69.651 C513.342,71.625 514.368,73.296 516.035,74.965 C517.703,76.634 519.376,77.658 521.349,78.425 C523.257,79.167 525.438,79.673 528.631,79.82 C531.831,79.965 532.853,80.001 541,80.001 C549.148,80.001 550.169,79.965 553.369,79.82 C556.562,79.673 558.743,79.167 560.652,78.425 C562.623,77.658 564.297,76.634 565.965,74.965 C567.633,73.296 568.659,71.625 569.425,69.651 C570.167,67.743 570.674,65.562 570.82,62.369 C570.966,59.17 571,58.147 571,50 C571,41.851 570.966,40.831 570.82,37.631\"><\/path><\/g><\/g><\/g><\/svg><\/div><div style=\"padding-top: 8px;\"> <div style=\" color:#3897f0; font-family:Arial,sans-serif; font-size:14px; font-style:normal; font-weight:550; line-height:18px;\">View this post on Instagram<\/div><\/div><div style=\"padding: 12.5% 0;\"><\/div> <div style=\"display: flex; flex-direction: row; margin-bottom: 14px; align-items: center;\"><div> <div style=\"background-color: #F4F4F4; border-radius: 50%; height: 12.5px; width: 12.5px; transform: translateX(0px) translateY(7px);\"><\/div> <div style=\"background-color: #F4F4F4; height: 12.5px; transform: rotate(-45deg) translateX(3px) translateY(1px); width: 12.5px; flex-grow: 0; margin-right: 14px; margin-left: 2px;\"><\/div> <div style=\"background-color: #F4F4F4; border-radius: 50%; height: 12.5px; width: 12.5px; transform: translateX(9px) translateY(-18px);\"><\/div><\/div><div style=\"margin-left: 8px;\"> <div style=\" background-color: #F4F4F4; border-radius: 50%; flex-grow: 0; height: 20px; width: 20px;\"><\/div> <div style=\" width: 0; height: 0; border-top: 2px solid transparent; border-left: 6px solid #f4f4f4; border-bottom: 2px solid transparent; transform: translateX(16px) translateY(-4px) rotate(30deg)\"><\/div><\/div><div style=\"margin-left: auto;\"> <div style=\" width: 0px; border-top: 8px solid #F4F4F4; border-right: 8px solid transparent; transform: translateY(16px);\"><\/div> <div style=\" background-color: #F4F4F4; flex-grow: 0; height: 12px; width: 16px; transform: translateY(-4px);\"><\/div> <div style=\" width: 0; height: 0; border-top: 8px solid #F4F4F4; border-left: 8px solid transparent; transform: translateY(-4px) translateX(8px);\"><\/div><\/div><\/div> <div style=\"display: flex; flex-direction: column; flex-grow: 1; justify-content: center; margin-bottom: 24px;\"> <div style=\" background-color: #F4F4F4; border-radius: 4px; flex-grow: 0; height: 14px; margin-bottom: 6px; width: 224px;\"><\/div> <div style=\" background-color: #F4F4F4; border-radius: 4px; flex-grow: 0; height: 14px; width: 144px;\"><\/div><\/div><\/a><\/div><\/blockquote><script async src=\"\/\/platform.instagram.com\/en_US\/embeds.js\"><\/script>\n<\/div><\/figure>\n\n\n\n<p>Por su parte, Gim\u00e9nez tambi\u00e9n ha expresado su deseo de continuar en Italia, afirmando que se siente c\u00f3modo en el club y enfocado en consolidarse dentro de la <a href=\"https:\/\/x.com\/tntsportsmex\/status\/1996300907798200814?s=20\">Serie A<\/a>.<\/p>\n\n\n\n<h2 class=\"wp-block-heading\">Un fichaje a largo plazo<\/h2>\n\n\n\n<p>Gim\u00e9nez lleg\u00f3 al <a href=\"https:\/\/redeportivamx.com\/index.php\/2025\/08\/30\/esperamos-mucho-de-el-massimiliano-allegri-sobre-santiago-gimenez\/\">Milan<\/a> en febrero de 2025 con un contrato hasta 2029, por lo que su salida nunca estuvo realmente en el plan inmediato de la instituci\u00f3n. Tras su explosi\u00f3n goleadora en el <a href=\"https:\/\/redeportivamx.com\/index.php\/2025\/07\/30\/feyenoord-le-planea-despedida-a-gimenez\/\">Feyenoord<\/a>, el Milan lo fich\u00f3 como apuesta de presente y futuro, con la intenci\u00f3n de convertirlo en uno de los referentes ofensivos del equipo.<\/p>\n\n\n\n<h2 class=\"wp-block-heading\">Presi\u00f3n y dudas, pero confianza interna<\/h2>\n\n\n\n<p>A pesar de la expectativa, la adaptaci\u00f3n de Gim\u00e9nez no ha sido tan sencilla y algunos sectores de la prensa italiana han se\u00f1alado que el delantero vive un periodo de presi\u00f3n por falta de regularidad. Sin embargo, fuentes cercanas al club aseguran que <strong>la directiva mantiene la confianza<\/strong> en \u00e9l y que su continuidad no est\u00e1 en discusi\u00f3n.<\/p>\n\n\n\n<p>El Milan incluso trabaja en reforzar el ataque para acompa\u00f1arlo, no para reemplazarlo, lo que demuestra que sigue siendo parte central del plan deportivo.<\/p>\n\n\n\n<figure class=\"wp-block-image size-full\"><img fetchpriority=\"high\" decoding=\"async\" width=\"900\" height=\"600\" src=\"https:\/\/redeportivamx.com\/wp-content\/uploads\/2025\/12\/image-2.png\" alt=\"\" class=\"wp-image-49787\" srcset=\"https:\/\/redeportivamx.com\/wp-content\/uploads\/2025\/12\/image-2.png 900w, https:\/\/redeportivamx.com\/wp-content\/uploads\/2025\/12\/image-2-300x200.png 300w, https:\/\/redeportivamx.com\/wp-content\/uploads\/2025\/12\/image-2-768x512.png 768w\" sizes=\"(max-width: 900px) 100vw, 900px\" \/><\/figure>\n\n\n\n<h2 class=\"wp-block-heading\">\u00bfPor qu\u00e9 es importante que Santi se quede?<\/h2>\n\n\n\n<ul class=\"wp-block-list\">\n<li><strong>Continuidad en Serie A:<\/strong> Le permitir\u00e1 adaptarse mejor al ritmo t\u00e1ctico y presentar un nivel alt\u00edsimo en una de las ligas m\u00e1s competitivas.<\/li>\n\n\n\n<li><strong>Proyecci\u00f3n a 2026:<\/strong> Mantener un rol importante en Europa puede potenciar su rendimiento con la Selecci\u00f3n Mexicana de cara al Mundial.<\/li>\n\n\n\n<li><strong>Construcci\u00f3n de proyecto:<\/strong> El Milan quiere estabilidad en su ataque y ve en Gim\u00e9nez un elemento a desarrollar, no una pieza descartable.<\/li>\n<\/ul>\n","protected":false},"excerpt":{"rendered":"<p>La incertidumbre sobre el futuro de Santiago Gim\u00e9nez en el AC Milan ha generado m\u00faltiples versiones en las \u00faltimas semanas, pero tanto el club como el entorno del delantero han comenzado a aclarar el panorama. Todo indica que el atacante mexicano permanecer\u00e1 en San Siro, pese al inter\u00e9s de equipos de la Premier League y [&hellip;]<\/p>\n","protected":false},"author":23,"featured_media":49788,"comment_status":"open","ping_status":"open","sticky":false,"template":"","format":"standard","meta":{"_monsterinsights_skip_tracking":false,"_monsterinsights_sitenote_active":false,"_monsterinsights_sitenote_note":"","_monsterinsights_sitenote_category":0,"_jetpack_memberships_contains_paid_content":false,"footnotes":""},"categories":[12],"tags":[437,313,218],"class_list":["post-49786","post","type-post","status-publish","format-standard","has-post-thumbnail","hentry","category-futbol-internacional","tag-milan","tag-santiago-gimenez","tag-serie-a"],"aioseo_notices":[],"jetpack_featured_media_url":"https:\/\/redeportivamx.com\/wp-content\/uploads\/2025\/12\/ac-milan-v-us-lecce-coppa-italia-1-a7d6a073-focus-min0.08-0.66-498-423.webp","jetpack_sharing_enabled":true,"_links":{"self":[{"href":"https:\/\/redeportivamx.com\/index.php\/wp-json\/wp\/v2\/posts\/49786","targetHints":{"allow":["GET"]}}],"collection":[{"href":"https:\/\/redeportivamx.com\/index.php\/wp-json\/wp\/v2\/posts"}],"about":[{"href":"https:\/\/redeportivamx.com\/index.php\/wp-json\/wp\/v2\/types\/post"}],"author":[{"embeddable":true,"href":"https:\/\/redeportivamx.com\/index.php\/wp-json\/wp\/v2\/users\/23"}],"replies":[{"embeddable":true,"href":"https:\/\/redeportivamx.com\/index.php\/wp-json\/wp\/v2\/comments?post=49786"}],"version-history":[{"count":1,"href":"https:\/\/redeportivamx.com\/index.php\/wp-json\/wp\/v2\/posts\/49786\/revisions"}],"predecessor-version":[{"id":49789,"href":"https:\/\/redeportivamx.com\/index.php\/wp-json\/wp\/v2\/posts\/49786\/revisions\/49789"}],"wp:featuredmedia":[{"embeddable":true,"href":"https:\/\/redeportivamx.com\/index.php\/wp-json\/wp\/v2\/media\/49788"}],"wp:attachment":[{"href":"https:\/\/redeportivamx.com\/index.php\/wp-json\/wp\/v2\/media?parent=49786"}],"wp:term":[{"taxonomy":"category","embeddable":true,"href":"https:\/\/redeportivamx.com\/index.php\/wp-json\/wp\/v2\/categories?post=49786"},{"taxonomy":"post_tag","embeddable":true,"href":"https:\/\/redeportivamx.com\/index.php\/wp-json\/wp\/v2\/tags?post=49786"}],"curies":[{"name":"wp","href":"https:\/\/api.w.org\/{rel}","templated":true}]}}