{"id":49600,"date":"2025-11-14T04:42:06","date_gmt":"2025-11-14T04:42:06","guid":{"rendered":"https:\/\/redeportivamx.com\/?p=49600"},"modified":"2025-11-14T04:42:07","modified_gmt":"2025-11-14T04:42:07","slug":"formula-1-checo-perez-regresa-a-la-pista-en-imola-con-cadillac","status":"publish","type":"post","link":"https:\/\/redeportivamx.com\/index.php\/2025\/11\/14\/formula-1-checo-perez-regresa-a-la-pista-en-imola-con-cadillac\/","title":{"rendered":"Formula 1: &#8216;Checo&#8217; P\u00e9rez regresa a la pista en Imola con Cadillac"},"content":{"rendered":"\n<p>Sergio \u201cCheco\u201d P\u00e9rez regres\u00f3 a la pista este jueves en Imola, iniciando oficialmente su etapa con Cadillac como piloto de <a href=\"https:\/\/redeportivamx.com\/index.php\/category\/formula-1\/\" target=\"_blank\" rel=\"noopener\" title=\"\">F\u00f3rmula 1<\/a>, a bordo de un Ferrari SF-23 completamente negro. Esto correspondi\u00f3 a las pruebas iniciales con Cadillac, escuder\u00eda que debutar\u00e1 en la temporada 2026 como el und\u00e9cimo equipo en la parrilla.<\/p>\n\n\n\n<p>Aunque la escuder\u00eda estadounidense a\u00fan no cuenta con un auto propio, la sesi\u00f3n se llev\u00f3 a cabo con un Ferrari SF-23, modelo utilizado en la temporada 2023, que cumple con las normas de Pruebas con Coches Anteriores (TPC). El monoplaza luci\u00f3 completamente negro, sin logotipos ni referencias visibles a Ferrari o Cadillac, y P\u00e9rez tambi\u00e9n port\u00f3 un casco y mono del mismo color.<\/p>\n\n\n\n<figure class=\"wp-block-embed is-type-rich is-provider-twitter wp-block-embed-twitter\"><div class=\"wp-block-embed__wrapper\">\n<div class=\"embed-twitter\"><blockquote class=\"twitter-tweet\" data-width=\"550\" data-dnt=\"true\"><p lang=\"es\" dir=\"ltr\">CHECO IS BACK!<br><br>Checo hoy manejando el Ferrari FS-23 en el circuito de Imola.<br><br>IG: sportcrash71 <a href=\"https:\/\/t.co\/eGH4fXhLtd\">pic.twitter.com\/eGH4fXhLtd<\/a><\/p>&mdash; Marie\ud83c\udf38 (@ma_fe79) <a href=\"https:\/\/twitter.com\/ma_fe79\/status\/1988959997397725246?ref_src=twsrc%5Etfw\">November 13, 2025<\/a><\/blockquote><script async src=\"https:\/\/platform.twitter.com\/widgets.js\" charset=\"utf-8\"><\/script><\/div>\n<\/div><\/figure>\n\n\n\n<p>La elecci\u00f3n del SF-23 responde a la colaboraci\u00f3n entre Cadillac y Ferrari, ya que la escuder\u00eda estadounidense utilizar\u00e1 motores de Maranello en su debut oficial. Esta alianza t\u00e9cnica permiti\u00f3 que el piloto tapat\u00edo pudiera manejar nuevamente un F1.<\/p>\n\n\n\n<p>Las pruebas se realizaron en el circuito Enzo y Dino Ferrari de Imola, y se extender\u00e1n por dos d\u00edas. El objetivo principal no fue evaluar rendimiento, sino establecer din\u00e1micas de comunicaci\u00f3n y adaptaci\u00f3n del piloto y de todo el equipo.<\/p>\n\n\n\n<figure class=\"wp-block-embed is-type-rich is-provider-twitter wp-block-embed-twitter\"><div class=\"wp-block-embed__wrapper\">\n<div class=\"embed-twitter\"><blockquote class=\"twitter-tweet\" data-width=\"550\" data-dnt=\"true\"><p lang=\"es\" dir=\"ltr\">Ha iniciado el regreso a pista de Checo P\u00e9rez en el Ferrari SF-23 en Imola. Un test que para el equipo Cadillac ser\u00e1 m\u00e1s importante que para el piloto, pues se estrena el equipo de pista con ingenieros, mec\u00e1nicos y dem\u00e1s personal. <br><br>\ud83d\udcf8 Federico Basile Ph @ FB-PhotoImages <a href=\"https:\/\/t.co\/AzJZlSrNYR\">pic.twitter.com\/AzJZlSrNYR<\/a><\/p>&mdash; Diego Mejia (@diegofmejia) <a href=\"https:\/\/twitter.com\/diegofmejia\/status\/1988914183908266122?ref_src=twsrc%5Etfw\">November 13, 2025<\/a><\/blockquote><script async src=\"https:\/\/platform.twitter.com\/widgets.js\" charset=\"utf-8\"><\/script><\/div>\n<\/div><\/figure>\n\n\n\n<p>Este regreso marca un nuevo cap\u00edtulo en la carrera del mexicano, quien tras su salida de Red Bull se mantuvo en silencio respecto a su futuro. La apuesta por Cadillac representa un reto ambicioso: liderar un proyecto desde cero, con la responsabilidad de aportar conocimiento t\u00e9cnico y consolidar una escuder\u00eda competitiva en un entorno altamente exigente.<\/p>\n","protected":false},"excerpt":{"rendered":"<p>Sergio \u201cCheco\u201d P\u00e9rez regres\u00f3 a la pista este jueves en Imola, iniciando oficialmente su etapa con Cadillac como piloto de F\u00f3rmula 1, a bordo de un Ferrari SF-23 completamente negro. Esto correspondi\u00f3 a las pruebas iniciales con Cadillac, escuder\u00eda que debutar\u00e1 en la temporada 2026 como el und\u00e9cimo equipo en la parrilla. Aunque la escuder\u00eda [&hellip;]<\/p>\n","protected":false},"author":1,"featured_media":49601,"comment_status":"open","ping_status":"open","sticky":false,"template":"","format":"standard","meta":{"_monsterinsights_skip_tracking":false,"_monsterinsights_sitenote_active":false,"_monsterinsights_sitenote_note":"","_monsterinsights_sitenote_category":0,"_jetpack_memberships_contains_paid_content":false,"footnotes":""},"categories":[7],"tags":[45],"class_list":["post-49600","post","type-post","status-publish","format-standard","has-post-thumbnail","hentry","category-formula-1","tag-formula-1"],"aioseo_notices":[],"jetpack_featured_media_url":"https:\/\/redeportivamx.com\/wp-content\/uploads\/2025\/11\/image-13.png","jetpack_sharing_enabled":true,"_links":{"self":[{"href":"https:\/\/redeportivamx.com\/index.php\/wp-json\/wp\/v2\/posts\/49600","targetHints":{"allow":["GET"]}}],"collection":[{"href":"https:\/\/redeportivamx.com\/index.php\/wp-json\/wp\/v2\/posts"}],"about":[{"href":"https:\/\/redeportivamx.com\/index.php\/wp-json\/wp\/v2\/types\/post"}],"author":[{"embeddable":true,"href":"https:\/\/redeportivamx.com\/index.php\/wp-json\/wp\/v2\/users\/1"}],"replies":[{"embeddable":true,"href":"https:\/\/redeportivamx.com\/index.php\/wp-json\/wp\/v2\/comments?post=49600"}],"version-history":[{"count":1,"href":"https:\/\/redeportivamx.com\/index.php\/wp-json\/wp\/v2\/posts\/49600\/revisions"}],"predecessor-version":[{"id":49602,"href":"https:\/\/redeportivamx.com\/index.php\/wp-json\/wp\/v2\/posts\/49600\/revisions\/49602"}],"wp:featuredmedia":[{"embeddable":true,"href":"https:\/\/redeportivamx.com\/index.php\/wp-json\/wp\/v2\/media\/49601"}],"wp:attachment":[{"href":"https:\/\/redeportivamx.com\/index.php\/wp-json\/wp\/v2\/media?parent=49600"}],"wp:term":[{"taxonomy":"category","embeddable":true,"href":"https:\/\/redeportivamx.com\/index.php\/wp-json\/wp\/v2\/categories?post=49600"},{"taxonomy":"post_tag","embeddable":true,"href":"https:\/\/redeportivamx.com\/index.php\/wp-json\/wp\/v2\/tags?post=49600"}],"curies":[{"name":"wp","href":"https:\/\/api.w.org\/{rel}","templated":true}]}}