{"id":49583,"date":"2025-11-13T21:29:27","date_gmt":"2025-11-13T21:29:27","guid":{"rendered":"https:\/\/redeportivamx.com\/?p=49583"},"modified":"2025-11-13T21:29:29","modified_gmt":"2025-11-13T21:29:29","slug":"rene-higuita-sale-en-defensa-de-efrain-juarez-tras-la-polemica-tengan-un-poco-de-paciencia","status":"publish","type":"post","link":"https:\/\/redeportivamx.com\/index.php\/2025\/11\/13\/rene-higuita-sale-en-defensa-de-efrain-juarez-tras-la-polemica-tengan-un-poco-de-paciencia\/","title":{"rendered":"Ren\u00e9 Higuita sale en defensa de Efra\u00edn Ju\u00e1rez tras la pol\u00e9mica: \u201cTengan un poco de paciencia\u201d"},"content":{"rendered":"\n<p class=\"wp-block-paragraph\">El legendario exportero <strong>Ren\u00e9 Higuita <\/strong>sali\u00f3 en defensa del exfutbolista y actual entrenador de los <strong><a href=\"https:\/\/redeportivamx.com\/index.php\/2025\/11\/11\/pumas-confirma-grave-lesion-de-jj-macias-estara-fuera-9-meses-y-se-pierde-el-apertura-2025-y-clausura-2026\/\">Pumas<\/a><\/strong>, <strong>Efra\u00edn Ju\u00e1rez<\/strong>, quien recientemente fue objeto de cr\u00edticas en redes sociales. A trav\u00e9s de sus declaraciones, <strong>Higuita<\/strong> destac\u00f3 la trayectoria y profesionalismo del mexicano, pidiendo respeto hacia su carrera.<\/p>\n\n\n\n<figure class=\"wp-block-embed is-type-rich is-provider-twitter wp-block-embed-twitter\"><div class=\"wp-block-embed__wrapper\">\n<div class=\"embed-twitter\"><blockquote class=\"twitter-tweet\" data-width=\"550\" data-dnt=\"true\"><p lang=\"es\" dir=\"ltr\">\ud83d\udc3e \u00a1Visita de lujo hoy en Cantera, Ren\u00e9 Higuita, el mejor portero en la historia de Colombia y leyenda del futbol mundial! \ud83c\udde8\ud83c\uddf4\ud83e\udd82<a href=\"https:\/\/twitter.com\/hashtag\/UnidosPorLaHistoria?src=hash&amp;ref_src=twsrc%5Etfw\">#UnidosPorLaHistoria<\/a> <a href=\"https:\/\/t.co\/rgcd8ngsJ4\">pic.twitter.com\/rgcd8ngsJ4<\/a><\/p>&mdash; PUMAS (@PumasMX) <a href=\"https:\/\/twitter.com\/PumasMX\/status\/1988752716940681283?ref_src=twsrc%5Etfw\">November 12, 2025<\/a><\/blockquote><script async src=\"https:\/\/platform.twitter.com\/widgets.js\" charset=\"utf-8\"><\/script><\/div>\n<\/div><\/figure>\n\n\n\n<p class=\"wp-block-paragraph\">Despu\u00e9s de un torneo de altas y bajas, el todav\u00eda entrenador de los auriazules, <strong>Efra\u00edn Ju\u00e1rez<\/strong>, ha sido duramente criticado tanto en redes, como por gran parte de la afici\u00f3n universitaria; por ese motivo, <strong>Ren\u00e9 Higuita<\/strong> sali\u00f3 a su defensa de su antiguo compa\u00f1ero en <strong><a href=\"https:\/\/x.com\/asmexico\/status\/1988834208626692521?s=46\">Atl\u00e9tico Nacional<\/a><\/strong>.<\/p>\n\n\n\n<p class=\"has-medium-font-size wp-block-paragraph\"><strong>&#8220;Tienen un gran t\u00e9cnico&#8221;<\/strong><\/p>\n\n\n\n<p class=\"wp-block-paragraph\">Ante la oleada de cr\u00edticas hac\u00eda <strong>Efra\u00edn<\/strong>, su ex compa\u00f1ero con quien consigui\u00f3 el doblete (copa y liga) con <strong>Atl\u00e9tico Nacional<\/strong>, sali\u00f3 en su defensa con unas contundentes declaraciones.  <\/p>\n\n\n\n<blockquote class=\"wp-block-quote is-layout-flow wp-block-quote-is-layout-flow\">\n<p class=\"wp-block-paragraph\">Tengo grande recuerdos, muy buenos recuerdos (del equipo) de mi \u00e9poca, de Jorge Campos\u2026 Las cosas se van logrando paso a paso, tengan un poco de paciencia porque tienen un gran t\u00e9cnico.<\/p>\n<\/blockquote>\n\n\n\n<p class=\"wp-block-paragraph\">Las palabras del \u00edcono colombiano r\u00e1pidamente se viralizaron, generando reacciones mixtas entre los seguidores. Algunos elogiaron la solidaridad del hist\u00f3rico arquero, mientras que otros mantuvieron sus cr\u00edticas hacia Ju\u00e1rez.<\/p>\n\n\n\n<figure class=\"wp-block-image size-full\"><img fetchpriority=\"high\" decoding=\"async\" width=\"275\" height=\"183\" src=\"https:\/\/redeportivamx.com\/wp-content\/uploads\/2025\/11\/imagen-9.png\" alt=\"\" class=\"wp-image-49585\"\/><\/figure>\n\n\n\n<p class=\"has-medium-font-size wp-block-paragraph\"><strong>\u00bfCuanto tiempo durar\u00e1 la paciencia? <\/strong><\/p>\n\n\n\n<p class=\"wp-block-paragraph\"><strong>Efra\u00edn Ju\u00e1rez,<\/strong> es recordado por su paso por clubes como <strong>Pumas UNAM<\/strong>, <strong>Monterrey<\/strong>, donde fue \u00eddolo del club capitalino. Su llegada al club de sus amores ha dejado mucho que desear, con resultados m\u00e1s que cuestionables y con un desempe\u00f1o de sus jugadores m\u00e1s que inconsciente. <\/p>\n\n\n\n<p class=\"wp-block-paragraph\">Con el <strong><a href=\"https:\/\/redeportivamx.com\/index.php\/2025\/11\/09\/pumas-derrota-a-cruz-azul-y-asegura-su-pase-a-play-in\/\">Play-In<\/a> <\/strong>a la vuelta de la esquina, con el n\u00famero de bajas a considerar ante su duelo ante Pachuca, la gente empieza a plantearse el escenario si es que <strong>Ju\u00e1rez<\/strong> no lograse clasificar a la Liguilla. <strong>\u00bfSer\u00e1 que la confianza seguir\u00e1 o buscar\u00e1n un nuevo proceso? <\/strong><\/p>\n","protected":false},"excerpt":{"rendered":"<p>El legendario exportero Ren\u00e9 Higuita sali\u00f3 en defensa del exfutbolista y actual entrenador de los Pumas, Efra\u00edn Ju\u00e1rez, quien recientemente fue objeto de cr\u00edticas en redes sociales. A trav\u00e9s de sus declaraciones, Higuita destac\u00f3 la trayectoria y profesionalismo del mexicano, pidiendo respeto hacia su carrera. Despu\u00e9s de un torneo de altas y bajas, el todav\u00eda [&hellip;]<\/p>\n","protected":false},"author":23,"featured_media":49584,"comment_status":"open","ping_status":"open","sticky":false,"template":"","format":"standard","meta":{"_monsterinsights_skip_tracking":false,"_jetpack_newsletter_access":"","_jetpack_dont_email_post_to_subs":false,"_jetpack_newsletter_tier_id":0,"_jetpack_memberships_contains_paywalled_content":false,"_jetpack_feature_clip_id":0,"_jetpack_memberships_contains_paid_content":false,"footnotes":"","jetpack_post_was_ever_published":false},"categories":[10],"tags":[2132,19],"class_list":["post-49583","post","type-post","status-publish","format-standard","has-post-thumbnail","hentry","category-liga-bbva-mx","tag-efrain-juarez","tag-pumas"],"aioseo_notices":[],"aioseo_head":"\n\t\t<!-- All in One SEO 5.0.1.1 - aioseo.com -->\n\t<meta name=\"description\" content=\"El legendario exportero Ren\u00e9 Higuita sali\u00f3 en defensa del exfutbolista y actual entrenador de los Pumas, Efra\u00edn Ju\u00e1rez, quien recientemente fue objeto de cr\u00edticas en redes sociales. A trav\u00e9s de sus declaraciones, Higuita destac\u00f3 la trayectoria y profesionalismo del mexicano, pidiendo respeto hacia su carrera. Despu\u00e9s de un torneo de altas y bajas, el todav\u00eda\" \/>\n\t<meta name=\"robots\" content=\"max-image-preview:large\" \/>\n\t<meta name=\"author\" content=\"Emiliano Cardenas Ramirez\"\/>\n\t<link rel=\"canonical\" href=\"https:\/\/redeportivamx.com\/index.php\/2025\/11\/13\/rene-higuita-sale-en-defensa-de-efrain-juarez-tras-la-polemica-tengan-un-poco-de-paciencia\/\" \/>\n\t<meta name=\"generator\" content=\"All in One SEO (AIOSEO) 5.0.1.1\" \/>\n\t\t<meta property=\"og:locale\" content=\"es_MX\" \/>\n\t\t<meta property=\"og:site_name\" content=\"Redeportiva MX - \u00a1Conectando tu pasi\u00f3n!\" \/>\n\t\t<meta property=\"og:type\" content=\"sport\" \/>\n\t\t<meta property=\"og:title\" content=\"Ren\u00e9 Higuita sale en defensa de Efra\u00edn Ju\u00e1rez tras la pol\u00e9mica: \u201cTengan un poco de paciencia\u201d - Redeportiva MX\" \/>\n\t\t<meta property=\"og:description\" content=\"El legendario exportero Ren\u00e9 Higuita sali\u00f3 en defensa del exfutbolista y actual entrenador de los Pumas, Efra\u00edn Ju\u00e1rez, quien recientemente fue objeto de cr\u00edticas en redes sociales. A trav\u00e9s de sus declaraciones, Higuita destac\u00f3 la trayectoria y profesionalismo del mexicano, pidiendo respeto hacia su carrera. Despu\u00e9s de un torneo de altas y bajas, el todav\u00eda\" \/>\n\t\t<meta property=\"og:url\" content=\"https:\/\/redeportivamx.com\/index.php\/2025\/11\/13\/rene-higuita-sale-en-defensa-de-efrain-juarez-tras-la-polemica-tengan-un-poco-de-paciencia\/\" \/>\n\t\t<meta property=\"og:image\" content=\"https:\/\/redeportivamx.com\/wp-content\/uploads\/2025\/11\/Sin-titulo.jpg\" \/>\n\t\t<meta property=\"og:image:secure_url\" content=\"https:\/\/redeportivamx.com\/wp-content\/uploads\/2025\/11\/Sin-titulo.jpg\" \/>\n\t\t<meta property=\"og:image:width\" content=\"1600\" \/>\n\t\t<meta property=\"og:image:height\" content=\"1066\" \/>\n\t\t<meta name=\"twitter:card\" content=\"summary_large_image\" \/>\n\t\t<meta name=\"twitter:site\" content=\"@Redeportivamx\" \/>\n\t\t<meta name=\"twitter:title\" content=\"Ren\u00e9 Higuita sale en defensa de Efra\u00edn Ju\u00e1rez tras la pol\u00e9mica: \u201cTengan un poco de paciencia\u201d - Redeportiva MX\" \/>\n\t\t<meta name=\"twitter:description\" content=\"El legendario exportero Ren\u00e9 Higuita sali\u00f3 en defensa del exfutbolista y actual entrenador de los Pumas, Efra\u00edn Ju\u00e1rez, quien recientemente fue objeto de cr\u00edticas en redes sociales. A trav\u00e9s de sus declaraciones, Higuita destac\u00f3 la trayectoria y profesionalismo del mexicano, pidiendo respeto hacia su carrera. Despu\u00e9s de un torneo de altas y bajas, el todav\u00eda\" \/>\n\t\t<meta name=\"twitter:creator\" content=\"@Redeportivamx\" \/>\n\t\t<meta name=\"twitter:image\" content=\"https:\/\/redeportivamx.com\/wp-content\/uploads\/2025\/11\/Sin-titulo.jpg\" \/>\n\t\t<script type=\"application\/ld+json\" class=\"aioseo-schema\">\n\t\t\t{\"@context\":\"https:\\\/\\\/schema.org\",\"@graph\":[{\"@type\":\"BlogPosting\",\"@id\":\"https:\\\/\\\/redeportivamx.com\\\/index.php\\\/2025\\\/11\\\/13\\\/rene-higuita-sale-en-defensa-de-efrain-juarez-tras-la-polemica-tengan-un-poco-de-paciencia\\\/#blogposting\",\"name\":\"Ren\\u00e9 Higuita sale en defensa de Efra\\u00edn Ju\\u00e1rez tras la pol\\u00e9mica: \\u201cTengan un poco de paciencia\\u201d - Redeportiva MX\",\"headline\":\"Ren\\u00e9 Higuita sale en defensa de Efra\\u00edn Ju\\u00e1rez tras la pol\\u00e9mica: \\u201cTengan un poco de paciencia\\u201d\",\"author\":{\"@id\":\"https:\\\/\\\/redeportivamx.com\\\/index.php\\\/author\\\/emiliano-cardenas-ramirez\\\/#author\"},\"publisher\":{\"@id\":\"https:\\\/\\\/redeportivamx.com\\\/#organization\"},\"image\":{\"@type\":\"ImageObject\",\"url\":\"https:\\\/\\\/redeportivamx.com\\\/wp-content\\\/uploads\\\/2025\\\/11\\\/Sin-titulo.jpg\",\"width\":1600,\"height\":1066},\"datePublished\":\"2025-11-13T21:29:27-06:00\",\"dateModified\":\"2025-11-13T21:29:29-06:00\",\"inLanguage\":\"es-MX\",\"mainEntityOfPage\":{\"@id\":\"https:\\\/\\\/redeportivamx.com\\\/index.php\\\/2025\\\/11\\\/13\\\/rene-higuita-sale-en-defensa-de-efrain-juarez-tras-la-polemica-tengan-un-poco-de-paciencia\\\/#webpage\"},\"isPartOf\":{\"@id\":\"https:\\\/\\\/redeportivamx.com\\\/index.php\\\/2025\\\/11\\\/13\\\/rene-higuita-sale-en-defensa-de-efrain-juarez-tras-la-polemica-tengan-un-poco-de-paciencia\\\/#webpage\"},\"articleSection\":\"Liga BBVA MX, Efra\\u00edn Ju\\u00e1rez, Pumas\"},{\"@type\":\"BreadcrumbList\",\"@id\":\"https:\\\/\\\/redeportivamx.com\\\/index.php\\\/2025\\\/11\\\/13\\\/rene-higuita-sale-en-defensa-de-efrain-juarez-tras-la-polemica-tengan-un-poco-de-paciencia\\\/#breadcrumblist\",\"itemListElement\":[{\"@type\":\"ListItem\",\"@id\":\"https:\\\/\\\/redeportivamx.com#listItem\",\"position\":1,\"name\":\"Home\",\"item\":\"https:\\\/\\\/redeportivamx.com\",\"nextItem\":{\"@type\":\"ListItem\",\"@id\":\"https:\\\/\\\/redeportivamx.com\\\/index.php\\\/category\\\/liga-bbva-mx\\\/#listItem\",\"name\":\"Liga BBVA MX\"}},{\"@type\":\"ListItem\",\"@id\":\"https:\\\/\\\/redeportivamx.com\\\/index.php\\\/category\\\/liga-bbva-mx\\\/#listItem\",\"position\":2,\"name\":\"Liga BBVA MX\",\"item\":\"https:\\\/\\\/redeportivamx.com\\\/index.php\\\/category\\\/liga-bbva-mx\\\/\",\"nextItem\":{\"@type\":\"ListItem\",\"@id\":\"https:\\\/\\\/redeportivamx.com\\\/index.php\\\/2025\\\/11\\\/13\\\/rene-higuita-sale-en-defensa-de-efrain-juarez-tras-la-polemica-tengan-un-poco-de-paciencia\\\/#listItem\",\"name\":\"Ren\\u00e9 Higuita sale en defensa de Efra\\u00edn Ju\\u00e1rez tras la pol\\u00e9mica: \\u201cTengan un poco de paciencia\\u201d\"},\"previousItem\":{\"@type\":\"ListItem\",\"@id\":\"https:\\\/\\\/redeportivamx.com#listItem\",\"name\":\"Home\"}},{\"@type\":\"ListItem\",\"@id\":\"https:\\\/\\\/redeportivamx.com\\\/index.php\\\/2025\\\/11\\\/13\\\/rene-higuita-sale-en-defensa-de-efrain-juarez-tras-la-polemica-tengan-un-poco-de-paciencia\\\/#listItem\",\"position\":3,\"name\":\"Ren\\u00e9 Higuita sale en defensa de Efra\\u00edn Ju\\u00e1rez tras la pol\\u00e9mica: \\u201cTengan un poco de paciencia\\u201d\",\"previousItem\":{\"@type\":\"ListItem\",\"@id\":\"https:\\\/\\\/redeportivamx.com\\\/index.php\\\/category\\\/liga-bbva-mx\\\/#listItem\",\"name\":\"Liga BBVA MX\"}}]},{\"@type\":\"Organization\",\"@id\":\"https:\\\/\\\/redeportivamx.com\\\/#organization\",\"name\":\"redeportivamx.com\",\"description\":\"\\u00a1Conectando tu pasi\\u00f3n!\",\"url\":\"https:\\\/\\\/redeportivamx.com\\\/\",\"sameAs\":[\"https:\\\/\\\/www.facebook.com\\\/profile.php?id=61565592572733\",\"https:\\\/\\\/x.com\\\/Redeportivamx?s=20\",\"https:\\\/\\\/www.instagram.com\\\/redeportivamx\\\/\",\"https:\\\/\\\/www.tiktok.com\\\/@redeportiva.mx\",\"https:\\\/\\\/www.youtube.com\\\/@Redeportiva-MX\"]},{\"@type\":\"Person\",\"@id\":\"https:\\\/\\\/redeportivamx.com\\\/index.php\\\/author\\\/emiliano-cardenas-ramirez\\\/#author\",\"url\":\"https:\\\/\\\/redeportivamx.com\\\/index.php\\\/author\\\/emiliano-cardenas-ramirez\\\/\",\"name\":\"Emiliano Cardenas Ramirez\",\"image\":{\"@type\":\"ImageObject\",\"@id\":\"https:\\\/\\\/redeportivamx.com\\\/index.php\\\/2025\\\/11\\\/13\\\/rene-higuita-sale-en-defensa-de-efrain-juarez-tras-la-polemica-tengan-un-poco-de-paciencia\\\/#authorImage\",\"url\":\"https:\\\/\\\/secure.gravatar.com\\\/avatar\\\/f94d2ac03de3eda95d8fb1f15c3c76a3f89f62bbb04544cbd6f6c28b14e9e9b3?s=96&d=mm&r=g\",\"width\":96,\"height\":96,\"caption\":\"Emiliano Cardenas Ramirez\"}},{\"@type\":\"WebPage\",\"@id\":\"https:\\\/\\\/redeportivamx.com\\\/index.php\\\/2025\\\/11\\\/13\\\/rene-higuita-sale-en-defensa-de-efrain-juarez-tras-la-polemica-tengan-un-poco-de-paciencia\\\/#webpage\",\"url\":\"https:\\\/\\\/redeportivamx.com\\\/index.php\\\/2025\\\/11\\\/13\\\/rene-higuita-sale-en-defensa-de-efrain-juarez-tras-la-polemica-tengan-un-poco-de-paciencia\\\/\",\"name\":\"Ren\\u00e9 Higuita sale en defensa de Efra\\u00edn Ju\\u00e1rez tras la pol\\u00e9mica: \\u201cTengan un poco de paciencia\\u201d - Redeportiva MX\",\"description\":\"El legendario exportero Ren\\u00e9 Higuita sali\\u00f3 en defensa del exfutbolista y actual entrenador de los Pumas, Efra\\u00edn Ju\\u00e1rez, quien recientemente fue objeto de cr\\u00edticas en redes sociales. A trav\\u00e9s de sus declaraciones, Higuita destac\\u00f3 la trayectoria y profesionalismo del mexicano, pidiendo respeto hacia su carrera. Despu\\u00e9s de un torneo de altas y bajas, el todav\\u00eda\",\"inLanguage\":\"es-MX\",\"isPartOf\":{\"@id\":\"https:\\\/\\\/redeportivamx.com\\\/#website\"},\"breadcrumb\":{\"@id\":\"https:\\\/\\\/redeportivamx.com\\\/index.php\\\/2025\\\/11\\\/13\\\/rene-higuita-sale-en-defensa-de-efrain-juarez-tras-la-polemica-tengan-un-poco-de-paciencia\\\/#breadcrumblist\"},\"author\":{\"@id\":\"https:\\\/\\\/redeportivamx.com\\\/index.php\\\/author\\\/emiliano-cardenas-ramirez\\\/#author\"},\"creator\":{\"@id\":\"https:\\\/\\\/redeportivamx.com\\\/index.php\\\/author\\\/emiliano-cardenas-ramirez\\\/#author\"},\"image\":{\"@type\":\"ImageObject\",\"url\":\"https:\\\/\\\/redeportivamx.com\\\/wp-content\\\/uploads\\\/2025\\\/11\\\/Sin-titulo.jpg\",\"@id\":\"https:\\\/\\\/redeportivamx.com\\\/index.php\\\/2025\\\/11\\\/13\\\/rene-higuita-sale-en-defensa-de-efrain-juarez-tras-la-polemica-tengan-un-poco-de-paciencia\\\/#mainImage\",\"width\":1600,\"height\":1066},\"primaryImageOfPage\":{\"@id\":\"https:\\\/\\\/redeportivamx.com\\\/index.php\\\/2025\\\/11\\\/13\\\/rene-higuita-sale-en-defensa-de-efrain-juarez-tras-la-polemica-tengan-un-poco-de-paciencia\\\/#mainImage\"},\"datePublished\":\"2025-11-13T21:29:27-06:00\",\"dateModified\":\"2025-11-13T21:29:29-06:00\"},{\"@type\":\"WebSite\",\"@id\":\"https:\\\/\\\/redeportivamx.com\\\/#website\",\"url\":\"https:\\\/\\\/redeportivamx.com\\\/\",\"name\":\"redeportivamx.com\",\"description\":\"\\u00a1Conectando tu pasi\\u00f3n!\",\"inLanguage\":\"es-MX\",\"publisher\":{\"@id\":\"https:\\\/\\\/redeportivamx.com\\\/#organization\"}}]}\n\t\t<\/script>\n\t\t<!-- All in One SEO -->\n\n","aioseo_head_json":{"title":"Ren\u00e9 Higuita sale en defensa de Efra\u00edn Ju\u00e1rez tras la pol\u00e9mica: \u201cTengan un poco de paciencia\u201d - Redeportiva MX","description":"El legendario exportero Ren\u00e9 Higuita sali\u00f3 en defensa del exfutbolista y actual entrenador de los Pumas, Efra\u00edn Ju\u00e1rez, quien recientemente fue objeto de cr\u00edticas en redes sociales. A trav\u00e9s de sus declaraciones, Higuita destac\u00f3 la trayectoria y profesionalismo del mexicano, pidiendo respeto hacia su carrera. Despu\u00e9s de un torneo de altas y bajas, el todav\u00eda","canonical_url":"https:\/\/redeportivamx.com\/index.php\/2025\/11\/13\/rene-higuita-sale-en-defensa-de-efrain-juarez-tras-la-polemica-tengan-un-poco-de-paciencia\/","robots":"max-image-preview:large","keywords":"","webmasterTools":{"miscellaneous":""},"schema":{"@context":"https:\/\/schema.org","@graph":[{"@type":"BlogPosting","@id":"https:\/\/redeportivamx.com\/index.php\/2025\/11\/13\/rene-higuita-sale-en-defensa-de-efrain-juarez-tras-la-polemica-tengan-un-poco-de-paciencia\/#blogposting","name":"Ren\u00e9 Higuita sale en defensa de Efra\u00edn Ju\u00e1rez tras la pol\u00e9mica: \u201cTengan un poco de paciencia\u201d - Redeportiva MX","headline":"Ren\u00e9 Higuita sale en defensa de Efra\u00edn Ju\u00e1rez tras la pol\u00e9mica: \u201cTengan un poco de paciencia\u201d","author":{"@id":"https:\/\/redeportivamx.com\/index.php\/author\/emiliano-cardenas-ramirez\/#author"},"publisher":{"@id":"https:\/\/redeportivamx.com\/#organization"},"image":{"@type":"ImageObject","url":"https:\/\/redeportivamx.com\/wp-content\/uploads\/2025\/11\/Sin-titulo.jpg","width":1600,"height":1066},"datePublished":"2025-11-13T21:29:27-06:00","dateModified":"2025-11-13T21:29:29-06:00","inLanguage":"es-MX","mainEntityOfPage":{"@id":"https:\/\/redeportivamx.com\/index.php\/2025\/11\/13\/rene-higuita-sale-en-defensa-de-efrain-juarez-tras-la-polemica-tengan-un-poco-de-paciencia\/#webpage"},"isPartOf":{"@id":"https:\/\/redeportivamx.com\/index.php\/2025\/11\/13\/rene-higuita-sale-en-defensa-de-efrain-juarez-tras-la-polemica-tengan-un-poco-de-paciencia\/#webpage"},"articleSection":"Liga BBVA MX, Efra\u00edn Ju\u00e1rez, Pumas"},{"@type":"BreadcrumbList","@id":"https:\/\/redeportivamx.com\/index.php\/2025\/11\/13\/rene-higuita-sale-en-defensa-de-efrain-juarez-tras-la-polemica-tengan-un-poco-de-paciencia\/#breadcrumblist","itemListElement":[{"@type":"ListItem","@id":"https:\/\/redeportivamx.com#listItem","position":1,"name":"Home","item":"https:\/\/redeportivamx.com","nextItem":{"@type":"ListItem","@id":"https:\/\/redeportivamx.com\/index.php\/category\/liga-bbva-mx\/#listItem","name":"Liga BBVA MX"}},{"@type":"ListItem","@id":"https:\/\/redeportivamx.com\/index.php\/category\/liga-bbva-mx\/#listItem","position":2,"name":"Liga BBVA MX","item":"https:\/\/redeportivamx.com\/index.php\/category\/liga-bbva-mx\/","nextItem":{"@type":"ListItem","@id":"https:\/\/redeportivamx.com\/index.php\/2025\/11\/13\/rene-higuita-sale-en-defensa-de-efrain-juarez-tras-la-polemica-tengan-un-poco-de-paciencia\/#listItem","name":"Ren\u00e9 Higuita sale en defensa de Efra\u00edn Ju\u00e1rez tras la pol\u00e9mica: \u201cTengan un poco de paciencia\u201d"},"previousItem":{"@type":"ListItem","@id":"https:\/\/redeportivamx.com#listItem","name":"Home"}},{"@type":"ListItem","@id":"https:\/\/redeportivamx.com\/index.php\/2025\/11\/13\/rene-higuita-sale-en-defensa-de-efrain-juarez-tras-la-polemica-tengan-un-poco-de-paciencia\/#listItem","position":3,"name":"Ren\u00e9 Higuita sale en defensa de Efra\u00edn Ju\u00e1rez tras la pol\u00e9mica: \u201cTengan un poco de paciencia\u201d","previousItem":{"@type":"ListItem","@id":"https:\/\/redeportivamx.com\/index.php\/category\/liga-bbva-mx\/#listItem","name":"Liga BBVA MX"}}]},{"@type":"Organization","@id":"https:\/\/redeportivamx.com\/#organization","name":"redeportivamx.com","description":"\u00a1Conectando tu pasi\u00f3n!","url":"https:\/\/redeportivamx.com\/","sameAs":["https:\/\/www.facebook.com\/profile.php?id=61565592572733","https:\/\/x.com\/Redeportivamx?s=20","https:\/\/www.instagram.com\/redeportivamx\/","https:\/\/www.tiktok.com\/@redeportiva.mx","https:\/\/www.youtube.com\/@Redeportiva-MX"]},{"@type":"Person","@id":"https:\/\/redeportivamx.com\/index.php\/author\/emiliano-cardenas-ramirez\/#author","url":"https:\/\/redeportivamx.com\/index.php\/author\/emiliano-cardenas-ramirez\/","name":"Emiliano Cardenas Ramirez","image":{"@type":"ImageObject","@id":"https:\/\/redeportivamx.com\/index.php\/2025\/11\/13\/rene-higuita-sale-en-defensa-de-efrain-juarez-tras-la-polemica-tengan-un-poco-de-paciencia\/#authorImage","url":"https:\/\/secure.gravatar.com\/avatar\/f94d2ac03de3eda95d8fb1f15c3c76a3f89f62bbb04544cbd6f6c28b14e9e9b3?s=96&d=mm&r=g","width":96,"height":96,"caption":"Emiliano Cardenas Ramirez"}},{"@type":"WebPage","@id":"https:\/\/redeportivamx.com\/index.php\/2025\/11\/13\/rene-higuita-sale-en-defensa-de-efrain-juarez-tras-la-polemica-tengan-un-poco-de-paciencia\/#webpage","url":"https:\/\/redeportivamx.com\/index.php\/2025\/11\/13\/rene-higuita-sale-en-defensa-de-efrain-juarez-tras-la-polemica-tengan-un-poco-de-paciencia\/","name":"Ren\u00e9 Higuita sale en defensa de Efra\u00edn Ju\u00e1rez tras la pol\u00e9mica: \u201cTengan un poco de paciencia\u201d - Redeportiva MX","description":"El legendario exportero Ren\u00e9 Higuita sali\u00f3 en defensa del exfutbolista y actual entrenador de los Pumas, Efra\u00edn Ju\u00e1rez, quien recientemente fue objeto de cr\u00edticas en redes sociales. A trav\u00e9s de sus declaraciones, Higuita destac\u00f3 la trayectoria y profesionalismo del mexicano, pidiendo respeto hacia su carrera. Despu\u00e9s de un torneo de altas y bajas, el todav\u00eda","inLanguage":"es-MX","isPartOf":{"@id":"https:\/\/redeportivamx.com\/#website"},"breadcrumb":{"@id":"https:\/\/redeportivamx.com\/index.php\/2025\/11\/13\/rene-higuita-sale-en-defensa-de-efrain-juarez-tras-la-polemica-tengan-un-poco-de-paciencia\/#breadcrumblist"},"author":{"@id":"https:\/\/redeportivamx.com\/index.php\/author\/emiliano-cardenas-ramirez\/#author"},"creator":{"@id":"https:\/\/redeportivamx.com\/index.php\/author\/emiliano-cardenas-ramirez\/#author"},"image":{"@type":"ImageObject","url":"https:\/\/redeportivamx.com\/wp-content\/uploads\/2025\/11\/Sin-titulo.jpg","@id":"https:\/\/redeportivamx.com\/index.php\/2025\/11\/13\/rene-higuita-sale-en-defensa-de-efrain-juarez-tras-la-polemica-tengan-un-poco-de-paciencia\/#mainImage","width":1600,"height":1066},"primaryImageOfPage":{"@id":"https:\/\/redeportivamx.com\/index.php\/2025\/11\/13\/rene-higuita-sale-en-defensa-de-efrain-juarez-tras-la-polemica-tengan-un-poco-de-paciencia\/#mainImage"},"datePublished":"2025-11-13T21:29:27-06:00","dateModified":"2025-11-13T21:29:29-06:00"},{"@type":"WebSite","@id":"https:\/\/redeportivamx.com\/#website","url":"https:\/\/redeportivamx.com\/","name":"redeportivamx.com","description":"\u00a1Conectando tu pasi\u00f3n!","inLanguage":"es-MX","publisher":{"@id":"https:\/\/redeportivamx.com\/#organization"}}]},"og:locale":"es_MX","og:site_name":"Redeportiva MX - \u00a1Conectando tu pasi\u00f3n!","og:type":"sport","og:title":"Ren\u00e9 Higuita sale en defensa de Efra\u00edn Ju\u00e1rez tras la pol\u00e9mica: \u201cTengan un poco de paciencia\u201d - Redeportiva MX","og:description":"El legendario exportero Ren\u00e9 Higuita sali\u00f3 en defensa del exfutbolista y actual entrenador de los Pumas, Efra\u00edn Ju\u00e1rez, quien recientemente fue objeto de cr\u00edticas en redes sociales. A trav\u00e9s de sus declaraciones, Higuita destac\u00f3 la trayectoria y profesionalismo del mexicano, pidiendo respeto hacia su carrera. Despu\u00e9s de un torneo de altas y bajas, el todav\u00eda","og:url":"https:\/\/redeportivamx.com\/index.php\/2025\/11\/13\/rene-higuita-sale-en-defensa-de-efrain-juarez-tras-la-polemica-tengan-un-poco-de-paciencia\/","og:image":"https:\/\/redeportivamx.com\/wp-content\/uploads\/2025\/11\/Sin-titulo.jpg","og:image:secure_url":"https:\/\/redeportivamx.com\/wp-content\/uploads\/2025\/11\/Sin-titulo.jpg","og:image:width":1600,"og:image:height":1066,"twitter:card":"summary_large_image","twitter:site":"@Redeportivamx","twitter:title":"Ren\u00e9 Higuita sale en defensa de Efra\u00edn Ju\u00e1rez tras la pol\u00e9mica: \u201cTengan un poco de paciencia\u201d - Redeportiva MX","twitter:description":"El legendario exportero Ren\u00e9 Higuita sali\u00f3 en defensa del exfutbolista y actual entrenador de los Pumas, Efra\u00edn Ju\u00e1rez, quien recientemente fue objeto de cr\u00edticas en redes sociales. A trav\u00e9s de sus declaraciones, Higuita destac\u00f3 la trayectoria y profesionalismo del mexicano, pidiendo respeto hacia su carrera. Despu\u00e9s de un torneo de altas y bajas, el todav\u00eda","twitter:creator":"@Redeportivamx","twitter:image":"https:\/\/redeportivamx.com\/wp-content\/uploads\/2025\/11\/Sin-titulo.jpg"},"aioseo_meta_data":{"post_id":"49583","title":null,"description":null,"keywords":null,"keyphrases":{"focus":{"keyphrase":"","score":0,"analysis":{"keyphraseInTitle":{"score":0,"maxScore":9,"error":1}}},"additional":[]},"primary_term":null,"canonical_url":null,"og_title":null,"og_description":null,"og_object_type":"default","og_image_type":"default","og_image_url":null,"og_image_width":null,"og_image_height":null,"og_image_custom_url":null,"og_image_custom_fields":null,"og_video":"","og_custom_url":null,"og_article_section":null,"og_article_tags":null,"twitter_use_og":false,"twitter_card":"default","twitter_image_type":"default","twitter_image_url":null,"twitter_image_custom_url":null,"twitter_image_custom_fields":null,"twitter_title":null,"twitter_description":null,"schema":{"blockGraphs":[],"customGraphs":[],"default":{"data":{"Article":[],"Course":[],"Dataset":[],"FAQPage":[],"Movie":[],"Person":[],"Product":[],"ProductReview":[],"Car":[],"Recipe":[],"Service":[],"SoftwareApplication":[],"WebPage":[]},"graphName":"BlogPosting","isEnabled":true},"graphs":[]},"schema_type":"default","schema_type_options":null,"pillar_content":false,"robots_default":true,"robots_noindex":false,"robots_noarchive":false,"robots_nosnippet":false,"robots_nofollow":false,"robots_noimageindex":false,"robots_noodp":false,"robots_notranslate":false,"robots_max_snippet":"-1","robots_max_videopreview":"-1","robots_max_imagepreview":"large","priority":null,"frequency":"default","local_seo":null,"breadcrumb_settings":null,"limit_modified_date":false,"ai":{"faqs":[],"keyPoints":[],"titles":[],"descriptions":[],"socialPosts":{"email":[],"linkedin":[],"twitter":[],"facebook":[],"instagram":[]}},"created":"2025-11-13 21:29:29","updated":"2025-11-13 21:40:01","seo_analyzer_scan_date":null,"focus_keyword":null,"additional_keywords":null,"truseo_locale":null},"aioseo_breadcrumb":"<div class=\"aioseo-breadcrumbs\"><span class=\"aioseo-breadcrumb\">\n\t\t\t<a href=\"https:\/\/redeportivamx.com\" title=\"Home\">Home<\/a>\n\t\t<\/span><span class=\"aioseo-breadcrumb-separator\">&raquo;<\/span><span class=\"aioseo-breadcrumb\">\n\t\t\t<a href=\"https:\/\/redeportivamx.com\/index.php\/category\/liga-bbva-mx\/\" title=\"Liga BBVA MX\">Liga BBVA MX<\/a>\n\t\t<\/span><span class=\"aioseo-breadcrumb-separator\">&raquo;<\/span><span class=\"aioseo-breadcrumb\">\n\t\t\tRen\u00e9 Higuita sale en defensa de Efra\u00edn Ju\u00e1rez tras la pol\u00e9mica: \u201cTengan un poco de paciencia\u201d\n\t\t<\/span><\/div>","aioseo_breadcrumb_json":[{"label":"Home","link":"https:\/\/redeportivamx.com"},{"label":"Liga BBVA MX","link":"https:\/\/redeportivamx.com\/index.php\/category\/liga-bbva-mx\/"},{"label":"Ren\u00e9 Higuita sale en defensa de Efra\u00edn Ju\u00e1rez tras la pol\u00e9mica: \u201cTengan un poco de paciencia\u201d","link":"https:\/\/redeportivamx.com\/index.php\/2025\/11\/13\/rene-higuita-sale-en-defensa-de-efrain-juarez-tras-la-polemica-tengan-un-poco-de-paciencia\/"}],"jetpack_sharing_enabled":true,"jetpack_featured_media_url":"https:\/\/redeportivamx.com\/wp-content\/uploads\/2025\/11\/Sin-titulo.jpg","_links":{"self":[{"href":"https:\/\/redeportivamx.com\/index.php\/wp-json\/wp\/v2\/posts\/49583","targetHints":{"allow":["GET"]}}],"collection":[{"href":"https:\/\/redeportivamx.com\/index.php\/wp-json\/wp\/v2\/posts"}],"about":[{"href":"https:\/\/redeportivamx.com\/index.php\/wp-json\/wp\/v2\/types\/post"}],"author":[{"embeddable":true,"href":"https:\/\/redeportivamx.com\/index.php\/wp-json\/wp\/v2\/users\/23"}],"replies":[{"embeddable":true,"href":"https:\/\/redeportivamx.com\/index.php\/wp-json\/wp\/v2\/comments?post=49583"}],"version-history":[{"count":1,"href":"https:\/\/redeportivamx.com\/index.php\/wp-json\/wp\/v2\/posts\/49583\/revisions"}],"predecessor-version":[{"id":49586,"href":"https:\/\/redeportivamx.com\/index.php\/wp-json\/wp\/v2\/posts\/49583\/revisions\/49586"}],"wp:featuredmedia":[{"embeddable":true,"href":"https:\/\/redeportivamx.com\/index.php\/wp-json\/wp\/v2\/media\/49584"}],"wp:attachment":[{"href":"https:\/\/redeportivamx.com\/index.php\/wp-json\/wp\/v2\/media?parent=49583"}],"wp:term":[{"taxonomy":"category","embeddable":true,"href":"https:\/\/redeportivamx.com\/index.php\/wp-json\/wp\/v2\/categories?post=49583"},{"taxonomy":"post_tag","embeddable":true,"href":"https:\/\/redeportivamx.com\/index.php\/wp-json\/wp\/v2\/tags?post=49583"}],"curies":[{"name":"wp","href":"https:\/\/api.w.org\/{rel}","templated":true}]}}