{"id":49467,"date":"2025-11-06T21:46:00","date_gmt":"2025-11-06T21:46:00","guid":{"rendered":"https:\/\/redeportivamx.com\/?p=49467"},"modified":"2025-11-06T21:46:02","modified_gmt":"2025-11-06T21:46:02","slug":"arbitra-mexicana-nominada-al-premio-al-mejor-arbitraje-del-mundo-orgullo-para-el-futbol-nacional","status":"publish","type":"post","link":"https:\/\/redeportivamx.com\/index.php\/2025\/11\/06\/arbitra-mexicana-nominada-al-premio-al-mejor-arbitraje-del-mundo-orgullo-para-el-futbol-nacional\/","title":{"rendered":"\u00c1rbitra mexicana nominada al premio al mejor arbitraje del mundo: orgullo para el f\u00fatbol nacional"},"content":{"rendered":"\n<p>La \u00e1rbitra mexicana <strong><a href=\"https:\/\/www.instagram.com\/p\/DQuWX8GDusl\/?igsh=MWN3ZWFjc3NzOTMxZQ==\">Katia Itzel Garc\u00eda<\/a><\/strong> ha dado un nuevo paso hist\u00f3rico en su carrera al ser incluida en la lista de 20 candidatas al <strong>Premio a la Mejor \u00c1rbitra del Mundo 2025<\/strong>, otorgado por la Federaci\u00f3n Internacional de Historia y Estad\u00edsticas del F\u00fatbol (IFFHS).<\/p>\n\n\n\n<figure class=\"wp-block-embed is-type-rich is-provider-twitter wp-block-embed-twitter\"><div class=\"wp-block-embed__wrapper\">\n<div class=\"embed-twitter\"><blockquote class=\"twitter-tweet\" data-width=\"550\" data-dnt=\"true\"><p lang=\"es\" dir=\"ltr\">\u00a1MERECIDA NOMINACI\u00d3N! \ud83d\udcaa\ud83c\uddf2\ud83c\uddfd\ud83e\udee1<br><br>Katia Itzel Garc\u00eda sigue poniendo el arbitraje mexicano en lo m\u00e1s alto con su gran trabajo y trayectoria que la llevaron a ser considerada para el premio de la IFFHS a la mejor \u00e1rbitra del mundo \ud83c\udf0f <a href=\"https:\/\/t.co\/OpVGI7mcuY\">pic.twitter.com\/OpVGI7mcuY<\/a><\/p>&mdash; Claro Sports (@ClaroSports) <a href=\"https:\/\/twitter.com\/ClaroSports\/status\/1986260162827764060?ref_src=twsrc%5Etfw\">November 6, 2025<\/a><\/blockquote><script async src=\"https:\/\/platform.twitter.com\/widgets.js\" charset=\"utf-8\"><\/script><\/div>\n<\/div><\/figure>\n\n\n\n<p>Su nominaci\u00f3n representa un fuerte s\u00edmbolo de representaci\u00f3n para el arbitraje femenino nacional y confirma el avance internacional del arbitraje mexicano.<\/p>\n\n\n\n<h3 class=\"wp-block-heading\">Trayectoria que trasciende fronteras<\/h3>\n\n\n\n<p>Garc\u00eda obtuvo el gafete <strong>FIFA<\/strong> en 2019, lo que le permiti\u00f3 tomar parte en torneos internacionales de primer nivel. Entre sus logros destacan:<\/p>\n\n\n\n<ul class=\"wp-block-list\">\n<li>Participaci\u00f3n en la <strong>Copa Mundial Femenina<\/strong> de la <strong>FIFA<\/strong> 2023 (Australia \u2013 Nueva Zelanda). <\/li>\n\n\n\n<li>Direcci\u00f3n de encuentros en los <strong>Juegos Ol\u00edmpicos<\/strong> de Par\u00eds 2024. <\/li>\n\n\n\n<li>Nominaci\u00f3n al <strong>\u201ctop 10\u201d mundial<\/strong>: en 2024 fue valorada como la sexta mejor \u00e1rbitra del mundo seg\u00fan <a href=\"https:\/\/x.com\/365scoresmx\/status\/1986264022434365665?s=46\">IFFHS<\/a>.<\/li>\n\n\n\n<li>Ha impartido justicia en la <strong>Liga MX<\/strong> tanto en la rama femenil como varonil, un terreno tradicionalmente dominado por hombres. <\/li>\n<\/ul>\n\n\n\n<figure class=\"wp-block-image size-large\"><img fetchpriority=\"high\" decoding=\"async\" width=\"1024\" height=\"683\" src=\"https:\/\/redeportivamx.com\/wp-content\/uploads\/2025\/11\/imagen-1024x683.png\" alt=\"\" class=\"wp-image-49468\" srcset=\"https:\/\/redeportivamx.com\/wp-content\/uploads\/2025\/11\/imagen-1024x683.png 1024w, https:\/\/redeportivamx.com\/wp-content\/uploads\/2025\/11\/imagen-300x200.png 300w, https:\/\/redeportivamx.com\/wp-content\/uploads\/2025\/11\/imagen-768x512.png 768w, https:\/\/redeportivamx.com\/wp-content\/uploads\/2025\/11\/imagen-1536x1024.png 1536w, https:\/\/redeportivamx.com\/wp-content\/uploads\/2025\/11\/imagen-2048x1366.png 2048w\" sizes=\"(max-width: 1024px) 100vw, 1024px\" \/><\/figure>\n\n\n\n<h3 class=\"wp-block-heading\">Nominaci\u00f3n al Premio IFFHS 2025<\/h3>\n\n\n\n<p>El comunicado oficial de la <strong>IFFHS<\/strong> anunci\u00f3 a Garc\u00eda entre las 20 finalistas al galard\u00f3n que reconocer\u00e1 a la mejor \u00e1rbitra del mundo. <br>La votaci\u00f3n internacional involucra a expertos, periodistas y analistas de m\u00e1s de 120 pa\u00edses, y los resultados se dar\u00e1n a conocer tras el 10 de diciembre de 2025.<\/p>\n\n\n\n<h3 class=\"wp-block-heading\">Significado para el arbitraje mexicano<\/h3>\n\n\n\n<p>La presencia de <strong>Katia Itzel Garc\u00eda<\/strong> en esta lista refuerza la visibilidad del arbitraje femenino en M\u00e9xico y su profesionalizaci\u00f3n. En un deporte donde la mayor\u00eda de los roles de toma de decisiones han sido ocupados por hombres, su nominaci\u00f3n abre puertas e inspira a nuevas generaciones.<br>Adem\u00e1s, representa un elemento de orgullo para el f\u00fatbol nacional: una mexicana compite por el reconocimiento al mejor arbitraje del mundo.<\/p>\n","protected":false},"excerpt":{"rendered":"<p>La \u00e1rbitra mexicana Katia Itzel Garc\u00eda ha dado un nuevo paso hist\u00f3rico en su carrera al ser incluida en la lista de 20 candidatas al Premio a la Mejor \u00c1rbitra del Mundo 2025, otorgado por la Federaci\u00f3n Internacional de Historia y Estad\u00edsticas del F\u00fatbol (IFFHS). Su nominaci\u00f3n representa un fuerte s\u00edmbolo de representaci\u00f3n para el [&hellip;]<\/p>\n","protected":false},"author":23,"featured_media":49469,"comment_status":"open","ping_status":"open","sticky":false,"template":"","format":"standard","meta":{"_monsterinsights_skip_tracking":false,"_monsterinsights_sitenote_active":false,"_monsterinsights_sitenote_note":"","_monsterinsights_sitenote_category":0,"_jetpack_memberships_contains_paid_content":false,"footnotes":""},"categories":[14],"tags":[1130,2612],"class_list":["post-49467","post","type-post","status-publish","format-standard","has-post-thumbnail","hentry","category-liga-mx-femenil","tag-arbitraje","tag-katia-itzel-garcia"],"aioseo_notices":[],"jetpack_featured_media_url":"https:\/\/redeportivamx.com\/wp-content\/uploads\/2025\/11\/Katia-Itzel-Garcia-nominada-al-premio-de-Mejor-Arbitra-del-Mundo-2025.webp","jetpack_sharing_enabled":true,"_links":{"self":[{"href":"https:\/\/redeportivamx.com\/index.php\/wp-json\/wp\/v2\/posts\/49467","targetHints":{"allow":["GET"]}}],"collection":[{"href":"https:\/\/redeportivamx.com\/index.php\/wp-json\/wp\/v2\/posts"}],"about":[{"href":"https:\/\/redeportivamx.com\/index.php\/wp-json\/wp\/v2\/types\/post"}],"author":[{"embeddable":true,"href":"https:\/\/redeportivamx.com\/index.php\/wp-json\/wp\/v2\/users\/23"}],"replies":[{"embeddable":true,"href":"https:\/\/redeportivamx.com\/index.php\/wp-json\/wp\/v2\/comments?post=49467"}],"version-history":[{"count":1,"href":"https:\/\/redeportivamx.com\/index.php\/wp-json\/wp\/v2\/posts\/49467\/revisions"}],"predecessor-version":[{"id":49470,"href":"https:\/\/redeportivamx.com\/index.php\/wp-json\/wp\/v2\/posts\/49467\/revisions\/49470"}],"wp:featuredmedia":[{"embeddable":true,"href":"https:\/\/redeportivamx.com\/index.php\/wp-json\/wp\/v2\/media\/49469"}],"wp:attachment":[{"href":"https:\/\/redeportivamx.com\/index.php\/wp-json\/wp\/v2\/media?parent=49467"}],"wp:term":[{"taxonomy":"category","embeddable":true,"href":"https:\/\/redeportivamx.com\/index.php\/wp-json\/wp\/v2\/categories?post=49467"},{"taxonomy":"post_tag","embeddable":true,"href":"https:\/\/redeportivamx.com\/index.php\/wp-json\/wp\/v2\/tags?post=49467"}],"curies":[{"name":"wp","href":"https:\/\/api.w.org\/{rel}","templated":true}]}}