{"id":49248,"date":"2025-10-18T07:51:54","date_gmt":"2025-10-18T07:51:54","guid":{"rendered":"https:\/\/redeportivamx.com\/?p=49248"},"modified":"2025-10-18T07:51:55","modified_gmt":"2025-10-18T07:51:55","slug":"para-victor-davila-la-rivalidad-con-cruz-azul-es-mas-que-con-chivas-y-pumas","status":"publish","type":"post","link":"https:\/\/redeportivamx.com\/index.php\/2025\/10\/18\/para-victor-davila-la-rivalidad-con-cruz-azul-es-mas-que-con-chivas-y-pumas\/","title":{"rendered":"Para V\u00edctor D\u00e1vila la rivalidad con Cruz Azul es m\u00e1s que con Chivas y Pumas"},"content":{"rendered":"\n<p>Las \u00c1guilas del Am\u00e9rica y La M\u00e1quina del Cruz Azul escribir\u00e1n un nuevo cap\u00edtulo en la historia del Cl\u00e1sico Joven. Previo al encuentro, el delantero americanista V\u00edctor D\u00e1vila reconoci\u00f3 cu\u00e1nto ha crecido la rivalidad y asegur\u00f3 que, por su presente, azulcremas y celestes son superiores al resto de los cuatro grandes:<\/p>\n\n\n\n<p>\u201cEl respeto que se han ganado estos dos clubes, sobre todo Am\u00e9rica al lograr cosas hist\u00f3ricas y Cruz Azul por su trabajo en los \u00faltimos torneos lo pone ah\u00ed. Siempre es un punto a favor estar arriba, esperamos conseguir los puntos, sabemos que se juega prestigio, nivel y racha\u201d, asegur\u00f3 el chileno.<\/p>\n\n\n\n<p>\u201dLa rivalidad que se ha hecho con Cruz Azul es intensa por la forma en la que han terminado los \u00faltimos partidos. Son de mucha tensi\u00f3n, de mucha guerra y esperamos salir favorecidos con la victoria. Tenemos una expectativa muy alta, es uno de los partidos clave sobre todo porque peleamos los primeros lugares\u201d, agreg\u00f3 D\u00e1vila.<\/p>\n\n\n\n<p>Am\u00e9rica llega segundo de la tabla y Cruz Azul en quinto, pero que las posiciones no enga\u00f1en pues los dirigidos por Andr\u00e9 Jardine tienen 27 puntos mientras que los pupilos de Nicol\u00e1s Larcam\u00f3n suman 25; dos puntos que marcan una diferencia de tres posiciones. El partido se jugar\u00e1 a las 09:05 p.m hora de la Ciudad de M\u00e9xico.<\/p>\n\n\n\n<figure class=\"wp-block-embed is-type-rich is-provider-twitter wp-block-embed-twitter\"><div class=\"wp-block-embed__wrapper\">\n<div class=\"embed-twitter\"><blockquote class=\"twitter-tweet\" data-width=\"550\" data-dnt=\"true\"><p lang=\"es\" dir=\"ltr\">Actitud de viernes y de Cl\u00e1sico Joven \ud83d\udcaa\ud83d\ude01<br><br>\u00a1Ma\u00f1ana es con todo, \u00c1guilas! \ud83e\udd85 <a href=\"https:\/\/t.co\/Y5J1s4Nxh0\">pic.twitter.com\/Y5J1s4Nxh0<\/a><\/p>&mdash; Club Am\u00e9rica (@ClubAmerica) <a href=\"https:\/\/twitter.com\/ClubAmerica\/status\/1979330551824945564?ref_src=twsrc%5Etfw\">October 17, 2025<\/a><\/blockquote><script async src=\"https:\/\/platform.twitter.com\/widgets.js\" charset=\"utf-8\"><\/script><\/div>\n<\/div><\/figure>\n","protected":false},"excerpt":{"rendered":"<p>Las \u00c1guilas del Am\u00e9rica y La M\u00e1quina del Cruz Azul escribir\u00e1n un nuevo cap\u00edtulo en la historia del Cl\u00e1sico Joven. Previo al encuentro, el delantero americanista V\u00edctor D\u00e1vila reconoci\u00f3 cu\u00e1nto ha crecido la rivalidad y asegur\u00f3 que, por su presente, azulcremas y celestes son superiores al resto de los cuatro grandes: \u201cEl respeto que se [&hellip;]<\/p>\n","protected":false},"author":13,"featured_media":49249,"comment_status":"open","ping_status":"open","sticky":false,"template":"","format":"standard","meta":{"_monsterinsights_skip_tracking":false,"_monsterinsights_sitenote_active":false,"_monsterinsights_sitenote_note":"","_monsterinsights_sitenote_category":0,"_jetpack_memberships_contains_paid_content":false,"footnotes":""},"categories":[10],"tags":[123,665,132,20,2232],"class_list":["post-49248","post","type-post","status-publish","format-standard","has-post-thumbnail","hentry","category-liga-bbva-mx","tag-america","tag-andre-jardine","tag-cruz-azul","tag-ligamx","tag-victor-davila"],"aioseo_notices":[],"jetpack_featured_media_url":"https:\/\/redeportivamx.com\/wp-content\/uploads\/2025\/10\/IMG_6384.jpeg","jetpack_sharing_enabled":true,"_links":{"self":[{"href":"https:\/\/redeportivamx.com\/index.php\/wp-json\/wp\/v2\/posts\/49248","targetHints":{"allow":["GET"]}}],"collection":[{"href":"https:\/\/redeportivamx.com\/index.php\/wp-json\/wp\/v2\/posts"}],"about":[{"href":"https:\/\/redeportivamx.com\/index.php\/wp-json\/wp\/v2\/types\/post"}],"author":[{"embeddable":true,"href":"https:\/\/redeportivamx.com\/index.php\/wp-json\/wp\/v2\/users\/13"}],"replies":[{"embeddable":true,"href":"https:\/\/redeportivamx.com\/index.php\/wp-json\/wp\/v2\/comments?post=49248"}],"version-history":[{"count":1,"href":"https:\/\/redeportivamx.com\/index.php\/wp-json\/wp\/v2\/posts\/49248\/revisions"}],"predecessor-version":[{"id":49250,"href":"https:\/\/redeportivamx.com\/index.php\/wp-json\/wp\/v2\/posts\/49248\/revisions\/49250"}],"wp:featuredmedia":[{"embeddable":true,"href":"https:\/\/redeportivamx.com\/index.php\/wp-json\/wp\/v2\/media\/49249"}],"wp:attachment":[{"href":"https:\/\/redeportivamx.com\/index.php\/wp-json\/wp\/v2\/media?parent=49248"}],"wp:term":[{"taxonomy":"category","embeddable":true,"href":"https:\/\/redeportivamx.com\/index.php\/wp-json\/wp\/v2\/categories?post=49248"},{"taxonomy":"post_tag","embeddable":true,"href":"https:\/\/redeportivamx.com\/index.php\/wp-json\/wp\/v2\/tags?post=49248"}],"curies":[{"name":"wp","href":"https:\/\/api.w.org\/{rel}","templated":true}]}}