{"id":49154,"date":"2025-10-16T03:18:26","date_gmt":"2025-10-16T03:18:26","guid":{"rendered":"https:\/\/redeportivamx.com\/?p=49154"},"modified":"2025-10-16T03:18:28","modified_gmt":"2025-10-16T03:18:28","slug":"isaac-del-toro-gana-el-giro-de-veneto-2025-alcanza-su-decimosexta-victoria-del-ano","status":"publish","type":"post","link":"https:\/\/redeportivamx.com\/index.php\/2025\/10\/16\/isaac-del-toro-gana-el-giro-de-veneto-2025-alcanza-su-decimosexta-victoria-del-ano\/","title":{"rendered":"Isaac del Toro gana el Giro de Veneto 2025; alcanza su decimosexta victoria del a\u00f1o"},"content":{"rendered":"\n<p><strong>Isaac del Toro<\/strong> volvi\u00f3 a hacer historia: logr\u00f3 adjudicarse el <strong>Giro de Veneto 2025<\/strong>, alcanzando su <strong>decimosexta victoria de la <a href=\"https:\/\/redeportivamx.com\/index.php\/2025\/10\/05\/isaac-del-toro-hace-historia-primer-mexicano-en-ganar-el-giro-dellemilia\/\">temporada<\/a><\/strong> y fortaleciendo su ascendencia en el ciclismo internacional.<\/p>\n\n\n\n<figure class=\"wp-block-embed is-type-rich is-provider-twitter wp-block-embed-twitter\"><div class=\"wp-block-embed__wrapper\">\n<div class=\"embed-twitter\"><blockquote class=\"twitter-tweet\" data-width=\"550\" data-dnt=\"true\"><p lang=\"es\" dir=\"ltr\">\ud83c\uddf2\ud83c\uddfdLleg\u00f3 la victoria 16 de Isaac del Toro en esta m\u00e1gica temporada.<br>Ahora se ha coronado en el Giro del Veneto.<br>El mexicano ha agotado todos los adjetivos. Haza\u00f1a tras haza\u00f1a. Tremendo. <a href=\"https:\/\/t.co\/thzT3bDgHG\">pic.twitter.com\/thzT3bDgHG<\/a><\/p>&mdash; Alberto Lati (@albertolati) <a href=\"https:\/\/twitter.com\/albertolati\/status\/1978496407179817352?ref_src=twsrc%5Etfw\">October 15, 2025<\/a><\/blockquote><script async src=\"https:\/\/platform.twitter.com\/widgets.js\" charset=\"utf-8\"><\/script><\/div>\n<\/div><\/figure>\n\n\n\n<p>La prueba, disputada sobre un trazado exigente en la regi\u00f3n del <a href=\"https:\/\/x.com\/ClaroSports\/status\/1978535365867721035\">V\u00e9neto<\/a> (Italia), fue escenario de una demostraci\u00f3n de fuerza, estrategia y determinaci\u00f3n por parte del ciclista mexicano, quien redonde\u00f3 su ya espectacular campa\u00f1a 2025.<\/p>\n\n\n\n<h3 class=\"wp-block-heading\"><strong>Carrera tensa, definici\u00f3n de elite<\/strong><\/h3>\n\n\n\n<p>Desde los primeros kil\u00f3metros, el <strong>Giro de Veneto<\/strong> se mostr\u00f3 como una competencia dura, con constantes ataques, cambios de ritmo y corredores dispuestos a romper la carrera. <strong>Del Toro<\/strong>, sabiamente ubicado dentro del pelot\u00f3n, cape\u00f3 los embates iniciales y fue escalando posiciones conforme se acercaba la parte decisiva.<\/p>\n\n\n\n<p>En la subida final, ante pendientes complicadas y curvas exigentes, el mexicano rompi\u00f3 la carrera. Con un movimiento calculado, tom\u00f3 ventaja junto con un reducido grupo de favoritos. En los metros finales, puso toda su potencia para cruzar la meta en primer lugar, dejando atr\u00e1s a rivales de la talla de corredores europeos acostumbrados a estas cl\u00e1sicas.<\/p>\n\n\n\n<p>Aunque los tiempos oficiales var\u00edan seg\u00fan las fuentes, se habla de que <strong>Del Toro<\/strong> complet\u00f3 el recorrido con un promedio competitivo, en una jornada que fue tan t\u00e1ctica como f\u00edsica.<\/p>\n\n\n\n<figure class=\"wp-block-embed is-type-rich is-provider-twitter wp-block-embed-twitter\"><div class=\"wp-block-embed__wrapper\">\n<div class=\"embed-twitter\"><blockquote class=\"twitter-tweet\" data-width=\"550\" data-dnt=\"true\"><p lang=\"es\" dir=\"ltr\">\ud83d\udc83\ud83c\udffb\ud83c\uddf2\ud83c\uddfd Isaac del Toro, despedida \u00a1\ud835\udc32 \ud835\udc28\ud835\udc25\ud835\udc1e\u0301!<br><br>La megaestrella mexicana logra su 16\u00aa -y \u00faltima- victoria de 2025 en el <a href=\"https:\/\/twitter.com\/hashtag\/GirodelVeneto?src=hash&amp;ref_src=twsrc%5Etfw\">#GirodelVeneto<\/a> y mantiene vivo el sue\u00f1o de UAE de alcanzar las \ud83d\udcaf<br><br>\ud83d\udcfa Lo viviste en <a href=\"https:\/\/twitter.com\/StreamMaxES?ref_src=twsrc%5Etfw\">@StreamMaxES<\/a> <a href=\"https:\/\/twitter.com\/hashtag\/LaCasaDelCiclismo?src=hash&amp;ref_src=twsrc%5Etfw\">#LaCasaDelCiclismo<\/a> <a href=\"https:\/\/t.co\/j9IdFL7NBF\">pic.twitter.com\/j9IdFL7NBF<\/a><\/p>&mdash; Eurosport.es (@Eurosport_ES) <a href=\"https:\/\/twitter.com\/Eurosport_ES\/status\/1978477976808247442?ref_src=twsrc%5Etfw\">October 15, 2025<\/a><\/blockquote><script async src=\"https:\/\/platform.twitter.com\/widgets.js\" charset=\"utf-8\"><\/script><\/div>\n<\/div><\/figure>\n\n\n\n<h3 class=\"wp-block-heading\"><strong>Una campa\u00f1a imparable<\/strong><\/h3>\n\n\n\n<p>Con este triunfo, <strong>Isaac del Toro<\/strong> reafirma lo que ha sido una temporada de ensue\u00f1o. Sus <strong>16 victorias en 2025<\/strong> lo ubican como uno de los ciclistas m\u00e1s dominantes del a\u00f1o. No solo eso: su capacidad para brillar en carreras cl\u00e1sicas italianas refuerza su perfil como corredor vers\u00e1til, capaz de rendir tanto en vueltas por etapas como en pruebas de un d\u00eda.<\/p>\n\n\n\n<p>Es importante recordar que<strong> Del Toro<\/strong> ya hab\u00eda marcado hitos para el ciclismo mexicano en Italia; por ejemplo, se convirti\u00f3 en el primer mexicano en ganar el <strong>Giro dell\u2019Emilia<\/strong>.<\/p>\n\n\n\n<p>Este nuevo \u00e9xito sirve como aval para que equipos y aficionados sigan de cerca su evoluci\u00f3n de cara a competencias mayores, incluida la <strong>temporada 2026<\/strong>.<\/p>\n\n\n\n<figure class=\"wp-block-image size-large\"><img fetchpriority=\"high\" decoding=\"async\" width=\"1024\" height=\"575\" src=\"https:\/\/redeportivamx.com\/wp-content\/uploads\/2025\/10\/image-50-1024x575.png\" alt=\"\" class=\"wp-image-49155\" srcset=\"https:\/\/redeportivamx.com\/wp-content\/uploads\/2025\/10\/image-50-1024x575.png 1024w, https:\/\/redeportivamx.com\/wp-content\/uploads\/2025\/10\/image-50-300x168.png 300w, https:\/\/redeportivamx.com\/wp-content\/uploads\/2025\/10\/image-50-768x431.png 768w, https:\/\/redeportivamx.com\/wp-content\/uploads\/2025\/10\/image-50.png 1300w\" sizes=\"(max-width: 1024px) 100vw, 1024px\" \/><\/figure>\n","protected":false},"excerpt":{"rendered":"<p>Isaac del Toro volvi\u00f3 a hacer historia: logr\u00f3 adjudicarse el Giro de Veneto 2025, alcanzando su decimosexta victoria de la temporada y fortaleciendo su ascendencia en el ciclismo internacional. La prueba, disputada sobre un trazado exigente en la regi\u00f3n del V\u00e9neto (Italia), fue escenario de una demostraci\u00f3n de fuerza, estrategia y determinaci\u00f3n por parte del [&hellip;]<\/p>\n","protected":false},"author":23,"featured_media":49156,"comment_status":"open","ping_status":"open","sticky":false,"template":"","format":"standard","meta":{"_monsterinsights_skip_tracking":false,"_monsterinsights_sitenote_active":false,"_monsterinsights_sitenote_note":"","_monsterinsights_sitenote_category":0,"_jetpack_memberships_contains_paid_content":false,"footnotes":""},"categories":[2424],"tags":[2568,2425],"class_list":["post-49154","post","type-post","status-publish","format-standard","has-post-thumbnail","hentry","category-ciclismo","tag-giro-de-veneto","tag-isaac-del-toro"],"aioseo_notices":[],"jetpack_featured_media_url":"https:\/\/redeportivamx.com\/wp-content\/uploads\/2025\/10\/isaac-del-toro-giro-del-veneto.png","jetpack_sharing_enabled":true,"_links":{"self":[{"href":"https:\/\/redeportivamx.com\/index.php\/wp-json\/wp\/v2\/posts\/49154","targetHints":{"allow":["GET"]}}],"collection":[{"href":"https:\/\/redeportivamx.com\/index.php\/wp-json\/wp\/v2\/posts"}],"about":[{"href":"https:\/\/redeportivamx.com\/index.php\/wp-json\/wp\/v2\/types\/post"}],"author":[{"embeddable":true,"href":"https:\/\/redeportivamx.com\/index.php\/wp-json\/wp\/v2\/users\/23"}],"replies":[{"embeddable":true,"href":"https:\/\/redeportivamx.com\/index.php\/wp-json\/wp\/v2\/comments?post=49154"}],"version-history":[{"count":1,"href":"https:\/\/redeportivamx.com\/index.php\/wp-json\/wp\/v2\/posts\/49154\/revisions"}],"predecessor-version":[{"id":49157,"href":"https:\/\/redeportivamx.com\/index.php\/wp-json\/wp\/v2\/posts\/49154\/revisions\/49157"}],"wp:featuredmedia":[{"embeddable":true,"href":"https:\/\/redeportivamx.com\/index.php\/wp-json\/wp\/v2\/media\/49156"}],"wp:attachment":[{"href":"https:\/\/redeportivamx.com\/index.php\/wp-json\/wp\/v2\/media?parent=49154"}],"wp:term":[{"taxonomy":"category","embeddable":true,"href":"https:\/\/redeportivamx.com\/index.php\/wp-json\/wp\/v2\/categories?post=49154"},{"taxonomy":"post_tag","embeddable":true,"href":"https:\/\/redeportivamx.com\/index.php\/wp-json\/wp\/v2\/tags?post=49154"}],"curies":[{"name":"wp","href":"https:\/\/api.w.org\/{rel}","templated":true}]}}