{"id":49134,"date":"2025-10-14T17:56:19","date_gmt":"2025-10-14T17:56:19","guid":{"rendered":"https:\/\/redeportivamx.com\/?p=49134"},"modified":"2025-10-14T17:56:21","modified_gmt":"2025-10-14T17:56:21","slug":"javier-aguirre-seguira-como-director-tecnico-de-la-seleccion-mexicana-hasta-el-mundial-2026","status":"publish","type":"post","link":"https:\/\/redeportivamx.com\/index.php\/2025\/10\/14\/javier-aguirre-seguira-como-director-tecnico-de-la-seleccion-mexicana-hasta-el-mundial-2026\/","title":{"rendered":"Javier Aguirre seguir\u00e1 como director t\u00e9cnico de la Selecci\u00f3n Mexicana hasta el Mundial 2026"},"content":{"rendered":"\n<p><strong>Javier Aguirre<\/strong> continuar\u00e1 al mando de la <strong>Selecci\u00f3n Mexicana<\/strong> de Futbol hasta el <strong>Mundial de 2026<\/strong>, confirmaron fuentes cercanas a la Federaci\u00f3n Mexicana de Futbol (FMF). A pesar de rumores recientes sobre posibles cambios en el banquillo, la FMF considera \u201cimposible\u201d reemplazar al t\u00e9cnico en esta etapa del proceso mundialista.<\/p>\n\n\n\n<figure class=\"wp-block-embed is-type-rich is-provider-twitter wp-block-embed-twitter\"><div class=\"wp-block-embed__wrapper\">\n<div class=\"embed-twitter\"><blockquote class=\"twitter-tweet\" data-width=\"550\" data-dnt=\"true\"><p lang=\"es\" dir=\"ltr\">SI LES AFECTA LO QUE DICEN DE ELLOS, NO TIENEN CABIDA EN M\u00c9XICO\ud83d\ude28<br><br>\u201cEl que no aguante vara como se dice, no tiene fortaleza para estar en EL Mundial. El Mundial de M\u00e9xico es el mejor evento en el que estoy involucrado\u201d<br><br>\u2757\ufe0fJavier Aguirre, Director T\u00e9cnico de la Selecci\u00f3n Mexicana <a href=\"https:\/\/t.co\/J4yVgJFYwj\">pic.twitter.com\/J4yVgJFYwj<\/a><\/p>&mdash; Claro Sports (@ClaroSports) <a href=\"https:\/\/twitter.com\/ClaroSports\/status\/1977887313398026578?ref_src=twsrc%5Etfw\">October 14, 2025<\/a><\/blockquote><script async src=\"https:\/\/platform.twitter.com\/widgets.js\" charset=\"utf-8\"><\/script><\/div>\n<\/div><\/figure>\n\n\n\n<p>El <strong><a href=\"https:\/\/redeportivamx.com\/index.php\/2025\/10\/11\/javier-aguirre-revela-quien-compite-en-la-porteria-de-la-seleccion-mexicana-rumbo-al-mundial-2026\/\">\u201cVasco\u201d Aguirre<\/a><\/strong>, quien asumi\u00f3 la direcci\u00f3n t\u00e9cnica del Tricolor tras la<strong> Copa Am\u00e9rica 2024<\/strong>, ha logrado estabilizar al equipo y consolidar un proyecto enfocado en el rendimiento y la renovaci\u00f3n generacional. Bajo su liderazgo, <strong>M\u00e9xico<\/strong> ha mostrado una baja mejor\u00eda respecto a sus \u00faltimos entrenadores. <\/p>\n\n\n\n<p>En los \u00faltimos partidos de preparaci\u00f3n rumbo a la <strong>Copa del Mundo<\/strong>,  el &#8220;Tri&#8221; ha dejado m\u00e1s <a href=\"https:\/\/redeportivamx.com\/index.php\/2025\/10\/13\/mexico-sufre-goleada-0-4-ante-colombia-en-partido-amistoso-de-preparacion-al-mundial-2026\/\">dudas<\/a> que certezas de poder competir realmente en el torneo de futbol m\u00e1s importante del mundo.<\/p>\n\n\n\n<p>De acuerdo con reportes internos, la FMF valora la experiencia de <a href=\"https:\/\/x.com\/davidfaitelson_\/status\/1978087493653127331?s=46\">Aguirre<\/a> en torneos internacionales y su conocimiento del entorno mexicano, factores clave para mantener la continuidad del proyecto hasta 2026.<\/p>\n\n\n\n<blockquote class=\"wp-block-quote is-layout-flow wp-block-quote-is-layout-flow\">\n<p>\u201cJavier Aguirre tiene todo el respaldo del Comit\u00e9 de Selecciones Nacionales. No se contempla ning\u00fan cambio en la direcci\u00f3n t\u00e9cnica antes del Mundial\u201d, declar\u00f3 una fuente consultada.<\/p>\n<\/blockquote>\n\n\n\n<h3 class=\"wp-block-heading\"><strong>\u00bfConfianza total o resignaci\u00f3n?<\/strong><\/h3>\n\n\n\n<p>El <strong>Mundial de 2026<\/strong>, que se disputar\u00e1 en M\u00e9xico, Estados Unidos y Canad\u00e1, representa una oportunidad hist\u00f3rica para el futbol mexicano. Por ello, la dirigencia ha apostado por la estabilidad en el cuerpo t\u00e9cnico y la consolidaci\u00f3n del grupo de jugadores j\u00f3venes que Aguirre ha impulsado en los \u00faltimos meses.<\/p>\n\n\n\n<p>Con esta decisi\u00f3n, el \u201cVasco\u201d se convertir\u00e1 en uno de los pocos entrenadores mexicanos en dirigir al Tricolor en tres procesos mundialistas, tras sus etapas en 2002 y 2010.<\/p>\n\n\n\n<figure class=\"wp-block-image size-large\"><img fetchpriority=\"high\" decoding=\"async\" width=\"1024\" height=\"768\" src=\"https:\/\/redeportivamx.com\/wp-content\/uploads\/2025\/10\/imagen-16-1024x768.png\" alt=\"\" class=\"wp-image-49135\" srcset=\"https:\/\/redeportivamx.com\/wp-content\/uploads\/2025\/10\/imagen-16-1024x768.png 1024w, https:\/\/redeportivamx.com\/wp-content\/uploads\/2025\/10\/imagen-16-300x225.png 300w, https:\/\/redeportivamx.com\/wp-content\/uploads\/2025\/10\/imagen-16-768x576.png 768w, https:\/\/redeportivamx.com\/wp-content\/uploads\/2025\/10\/imagen-16.png 1472w\" sizes=\"(max-width: 1024px) 100vw, 1024px\" \/><\/figure>\n","protected":false},"excerpt":{"rendered":"<p>Javier Aguirre continuar\u00e1 al mando de la Selecci\u00f3n Mexicana de Futbol hasta el Mundial de 2026, confirmaron fuentes cercanas a la Federaci\u00f3n Mexicana de Futbol (FMF). A pesar de rumores recientes sobre posibles cambios en el banquillo, la FMF considera \u201cimposible\u201d reemplazar al t\u00e9cnico en esta etapa del proceso mundialista. El \u201cVasco\u201d Aguirre, quien asumi\u00f3 [&hellip;]<\/p>\n","protected":false},"author":23,"featured_media":49136,"comment_status":"open","ping_status":"open","sticky":false,"template":"","format":"standard","meta":{"_monsterinsights_skip_tracking":false,"_monsterinsights_sitenote_active":false,"_monsterinsights_sitenote_note":"","_monsterinsights_sitenote_category":0,"_jetpack_memberships_contains_paid_content":false,"footnotes":""},"categories":[40],"tags":[622,117],"class_list":["post-49134","post","type-post","status-publish","format-standard","has-post-thumbnail","hentry","category-seleccion-mexicana","tag-javier-aguirre","tag-seleccion-mexicana"],"aioseo_notices":[],"jetpack_featured_media_url":"https:\/\/redeportivamx.com\/wp-content\/uploads\/2025\/10\/javier-aguirre-pidio-fmf-rivales-de-talla-mundial-para-la-preparacion-del-tri-de-cara-al-mundial.avif","jetpack_sharing_enabled":true,"_links":{"self":[{"href":"https:\/\/redeportivamx.com\/index.php\/wp-json\/wp\/v2\/posts\/49134","targetHints":{"allow":["GET"]}}],"collection":[{"href":"https:\/\/redeportivamx.com\/index.php\/wp-json\/wp\/v2\/posts"}],"about":[{"href":"https:\/\/redeportivamx.com\/index.php\/wp-json\/wp\/v2\/types\/post"}],"author":[{"embeddable":true,"href":"https:\/\/redeportivamx.com\/index.php\/wp-json\/wp\/v2\/users\/23"}],"replies":[{"embeddable":true,"href":"https:\/\/redeportivamx.com\/index.php\/wp-json\/wp\/v2\/comments?post=49134"}],"version-history":[{"count":1,"href":"https:\/\/redeportivamx.com\/index.php\/wp-json\/wp\/v2\/posts\/49134\/revisions"}],"predecessor-version":[{"id":49137,"href":"https:\/\/redeportivamx.com\/index.php\/wp-json\/wp\/v2\/posts\/49134\/revisions\/49137"}],"wp:featuredmedia":[{"embeddable":true,"href":"https:\/\/redeportivamx.com\/index.php\/wp-json\/wp\/v2\/media\/49136"}],"wp:attachment":[{"href":"https:\/\/redeportivamx.com\/index.php\/wp-json\/wp\/v2\/media?parent=49134"}],"wp:term":[{"taxonomy":"category","embeddable":true,"href":"https:\/\/redeportivamx.com\/index.php\/wp-json\/wp\/v2\/categories?post=49134"},{"taxonomy":"post_tag","embeddable":true,"href":"https:\/\/redeportivamx.com\/index.php\/wp-json\/wp\/v2\/tags?post=49134"}],"curies":[{"name":"wp","href":"https:\/\/api.w.org\/{rel}","templated":true}]}}