{"id":48492,"date":"2025-09-12T02:40:13","date_gmt":"2025-09-12T02:40:13","guid":{"rendered":"https:\/\/redeportivamx.com\/?p=48492"},"modified":"2025-09-12T02:40:15","modified_gmt":"2025-09-12T02:40:15","slug":"la-madre-de-mbappe-evito-que-fichara-con-el-real-madrid-en-2022","status":"publish","type":"post","link":"https:\/\/redeportivamx.com\/index.php\/2025\/09\/12\/la-madre-de-mbappe-evito-que-fichara-con-el-real-madrid-en-2022\/","title":{"rendered":"La madre de Mbapp\u00e9 evit\u00f3 que fichara con el Real Madrid en 2022"},"content":{"rendered":"\n<p>El fichaje de <strong>Kylian Mbapp\u00e9<\/strong> por el <strong>Real Madrid<\/strong> parec\u00eda un hecho en 2022, pero finalmente el delantero franc\u00e9s decidi\u00f3 renovar con el <strong>Paris Saint-Germain (PSG)<\/strong>. Ahora, ha salido a la luz un detalle clave: fue <strong>Fayza Lamari<\/strong>, madre y representante del jugador, quien tuvo un papel decisivo para frenar su llegada al club merengue.<\/p>\n\n\n\n<figure class=\"wp-block-embed is-type-rich is-provider-twitter wp-block-embed-twitter\"><div class=\"wp-block-embed__wrapper\">\n<div class=\"embed-twitter\"><blockquote class=\"twitter-tweet\" data-width=\"550\" data-dnt=\"true\"><p lang=\"es\" dir=\"ltr\">Pedrerol desvel\u00f3 anoche que Mbapp\u00e9 estaba arrepentido de haber renovado por el PSG a los dos meses, y que en las charlas de su madre con Florentino usaba su famoso &quot;tranquilo&quot; para dejarle claro que ir\u00eda al Real Madrid:<a href=\"https:\/\/t.co\/SNrTaLyBJc\">pic.twitter.com\/SNrTaLyBJc<\/a><\/p>&mdash; Madrid Sports (@MadridSports_) <a href=\"https:\/\/twitter.com\/MadridSports_\/status\/1813575633743802412?ref_src=twsrc%5Etfw\">July 17, 2024<\/a><\/blockquote><script async src=\"https:\/\/platform.twitter.com\/widgets.js\" charset=\"utf-8\"><\/script><\/div>\n<\/div><\/figure>\n\n\n\n<p>De acuerdo con diversas versiones, el acuerdo entre <strong>Mbapp\u00e9<\/strong> y el <strong>Real Madrid<\/strong> estaba pr\u00e1cticamente cerrado, pero la madre del futbolista intervino directamente en las negociaciones. Su influencia, sumada a la millonaria oferta presentada por el PSG, habr\u00eda sido determinante para que el atacante optara por permanecer en Par\u00eds.<\/p>\n\n\n\n<h3 class=\"wp-block-heading\">La presi\u00f3n del PSG y la decisi\u00f3n final<\/h3>\n\n\n\n<p>En aquel momento, el <strong>PSG<\/strong> puso sobre la mesa una oferta sin precedentes, tanto a nivel deportivo como econ\u00f3mico, lo que termin\u00f3 convenciendo al entorno del jugador. Adem\u00e1s, el presidente franc\u00e9s <strong>Emmanuel Macron<\/strong> tambi\u00e9n intervino p\u00fablicamente para pedirle que se quedara en el pa\u00eds, lo que gener\u00f3 a\u00fan m\u00e1s presi\u00f3n sobre la decisi\u00f3n.<\/p>\n\n\n\n<p>Finalmente, Mbapp\u00e9 renov\u00f3 con el <strong>PSG<\/strong> hasta 2025, frustrando el sue\u00f1o del <strong>Real Madrid<\/strong> y de su afici\u00f3n, que daban por hecho el <a href=\"https:\/\/x.com\/JesusMad13\/status\/1758879187429933183\">fichaje<\/a>.<\/p>\n\n\n\n<figure class=\"wp-block-image size-large\"><img fetchpriority=\"high\" decoding=\"async\" width=\"1024\" height=\"576\" src=\"https:\/\/redeportivamx.com\/wp-content\/uploads\/2025\/09\/r1505376_1296x729_16-9-1024x576.jpg\" alt=\"\" class=\"wp-image-48494\" srcset=\"https:\/\/redeportivamx.com\/wp-content\/uploads\/2025\/09\/r1505376_1296x729_16-9-1024x576.jpg 1024w, https:\/\/redeportivamx.com\/wp-content\/uploads\/2025\/09\/r1505376_1296x729_16-9-300x169.jpg 300w, https:\/\/redeportivamx.com\/wp-content\/uploads\/2025\/09\/r1505376_1296x729_16-9-768x432.jpg 768w, https:\/\/redeportivamx.com\/wp-content\/uploads\/2025\/09\/r1505376_1296x729_16-9.jpg 1296w\" sizes=\"(max-width: 1024px) 100vw, 1024px\" \/><\/figure>\n\n\n\n<h3 class=\"wp-block-heading\">Un giro en la historia<\/h3>\n\n\n\n<p>Con el paso del tiempo, la decisi\u00f3n de <strong>Mbapp\u00e9<\/strong> de no fichar por el <strong>Real Madrid<\/strong> en 2022 ha sido objeto de m\u00faltiples an\u00e1lisis. Muchos apuntan a que la figura de su madre, <strong>Fayza Lamari<\/strong>, result\u00f3 clave para mantenerlo en Francia, retrasando as\u00ed el tan esperado desembarco del delantero en el Santiago Bernab\u00e9u.<\/p>\n\n\n\n<p>Hoy, el tema vuelve a cobrar relevancia en el mundo del f\u00fatbol, recordando c\u00f3mo una sola decisi\u00f3n pudo cambiar el rumbo de la carrera de uno de los mejores jugadores del planeta.<\/p>\n","protected":false},"excerpt":{"rendered":"<p>El fichaje de Kylian Mbapp\u00e9 por el Real Madrid parec\u00eda un hecho en 2022, pero finalmente el delantero franc\u00e9s decidi\u00f3 renovar con el Paris Saint-Germain (PSG). Ahora, ha salido a la luz un detalle clave: fue Fayza Lamari, madre y representante del jugador, quien tuvo un papel decisivo para frenar su llegada al club merengue. [&hellip;]<\/p>\n","protected":false},"author":23,"featured_media":48493,"comment_status":"open","ping_status":"open","sticky":false,"template":"","format":"standard","meta":{"_monsterinsights_skip_tracking":false,"_monsterinsights_sitenote_active":false,"_monsterinsights_sitenote_note":"","_monsterinsights_sitenote_category":0,"_jetpack_memberships_contains_paid_content":false,"footnotes":""},"categories":[12],"tags":[507,140],"class_list":["post-48492","post","type-post","status-publish","format-standard","has-post-thumbnail","hentry","category-futbol-internacional","tag-mbappe","tag-real-madrid"],"aioseo_notices":[],"jetpack_featured_media_url":"https:\/\/redeportivamx.com\/wp-content\/uploads\/2025\/09\/r1543878_1296x518_5-2.jpg","jetpack_sharing_enabled":true,"_links":{"self":[{"href":"https:\/\/redeportivamx.com\/index.php\/wp-json\/wp\/v2\/posts\/48492","targetHints":{"allow":["GET"]}}],"collection":[{"href":"https:\/\/redeportivamx.com\/index.php\/wp-json\/wp\/v2\/posts"}],"about":[{"href":"https:\/\/redeportivamx.com\/index.php\/wp-json\/wp\/v2\/types\/post"}],"author":[{"embeddable":true,"href":"https:\/\/redeportivamx.com\/index.php\/wp-json\/wp\/v2\/users\/23"}],"replies":[{"embeddable":true,"href":"https:\/\/redeportivamx.com\/index.php\/wp-json\/wp\/v2\/comments?post=48492"}],"version-history":[{"count":1,"href":"https:\/\/redeportivamx.com\/index.php\/wp-json\/wp\/v2\/posts\/48492\/revisions"}],"predecessor-version":[{"id":48495,"href":"https:\/\/redeportivamx.com\/index.php\/wp-json\/wp\/v2\/posts\/48492\/revisions\/48495"}],"wp:featuredmedia":[{"embeddable":true,"href":"https:\/\/redeportivamx.com\/index.php\/wp-json\/wp\/v2\/media\/48493"}],"wp:attachment":[{"href":"https:\/\/redeportivamx.com\/index.php\/wp-json\/wp\/v2\/media?parent=48492"}],"wp:term":[{"taxonomy":"category","embeddable":true,"href":"https:\/\/redeportivamx.com\/index.php\/wp-json\/wp\/v2\/categories?post=48492"},{"taxonomy":"post_tag","embeddable":true,"href":"https:\/\/redeportivamx.com\/index.php\/wp-json\/wp\/v2\/tags?post=48492"}],"curies":[{"name":"wp","href":"https:\/\/api.w.org\/{rel}","templated":true}]}}