{"id":48246,"date":"2025-08-29T03:44:33","date_gmt":"2025-08-29T03:44:33","guid":{"rendered":"https:\/\/redeportivamx.com\/?p=48246"},"modified":"2025-08-29T03:44:35","modified_gmt":"2025-08-29T03:44:35","slug":"cuando-podria-debutar-jj-macias-con-pumas","status":"publish","type":"post","link":"https:\/\/redeportivamx.com\/index.php\/2025\/08\/29\/cuando-podria-debutar-jj-macias-con-pumas\/","title":{"rendered":"\u00bfCu\u00e1ndo podr\u00eda debutar JJ Mac\u00edas con Pumas?"},"content":{"rendered":"\n<p>La llegada de Jos\u00e9 Juan Mac\u00edas a Pumas dividi\u00f3 opiniones entre la afici\u00f3n universitaria. El delantero, que llevaba meses sin actividad oficial, fue presentado como refuerzo para el torneo <a href=\"https:\/\/redeportivamx.com\/index.php\/category\/liga-bbva-mx\/\" target=\"_blank\" rel=\"noopener\" title=\"\">Apertura 2025<\/a>. Sin embargo, su debut no ser\u00e1 inmediato, y el cuerpo t\u00e9cnico encabezado por Efra\u00edn Ju\u00e1rez ha optado por una estrategia de adaptaci\u00f3n que ha postergado su aparici\u00f3n en el terreno de juego.<\/p>\n\n\n\n<figure class=\"wp-block-embed is-type-rich is-provider-twitter wp-block-embed-twitter\"><div class=\"wp-block-embed__wrapper\">\n<div class=\"embed-twitter\"><blockquote class=\"twitter-tweet\" data-width=\"550\" data-dnt=\"true\"><p lang=\"es\" dir=\"ltr\">\ud83d\udc3e \u00a1Bienvenido, JJ Mac\u00edas! <br>Un delantero t\u00e9cnico y de gran calidad, que llega para rugir con la garra y la pasi\u00f3n del azul y oro.<br><br>\u00a1CU ser\u00e1 tu casa! \u26bd\ufe0f\ud83d\udc3e<a href=\"https:\/\/twitter.com\/hashtag\/UnidosPorLaHistoria?src=hash&amp;ref_src=twsrc%5Etfw\">#UnidosPorLaHistoria<\/a> <a href=\"https:\/\/t.co\/WzfN3GPFNR\">pic.twitter.com\/WzfN3GPFNR<\/a><\/p>&mdash; PUMAS (@PumasMX) <a href=\"https:\/\/twitter.com\/PumasMX\/status\/1958308521709084733?ref_src=twsrc%5Etfw\">August 20, 2025<\/a><\/blockquote><script async src=\"https:\/\/platform.twitter.com\/widgets.js\" charset=\"utf-8\"><\/script><\/div>\n<\/div><\/figure>\n\n\n\n<p>Pumas ha iniciado el torneo con una preocupante sequ\u00eda goleadora. En las primeras jornadas, el equipo ha evidenciado falta de contundencia, especialmente en el empate sin goles ante Puebla en la Jornada 2. Guillermo \u201cMemote\u201d Mart\u00ednez, actual titular en la delantera, no ha logrado consolidarse como soluci\u00f3n.<\/p>\n\n\n\n<p>La directiva apost\u00f3 por Mac\u00edas para generar competencia interna y revitalizar el ataque. Sin embargo, el delantero no ha jugado un partido oficial desde enero, tras su fallido intento por consolidarse en el Real Valladolid. Aunque el jugador asegur\u00f3 estar en \u00f3ptimas condiciones f\u00edsicas, el cuerpo t\u00e9cnico ha sido cauteloso.<\/p>\n\n\n\n<p>En conferencia de prensa, Ju\u00e1rez explic\u00f3 que Mac\u00edas est\u00e1 en proceso de adaptaci\u00f3n a la intensidad de los entrenamientos universitarios. \u201cEntren\u00f3 muy bien esta semana, pero no lo queremos forzar. Est\u00e1 empezando la adaptaci\u00f3n que \u00e9l mismo lo ha dicho. Prefiero esperar y no arriesgarlo para que su llegada sea positiva\u201d, declar\u00f3 el estratega.<\/p>\n\n\n\n<h2 class=\"wp-block-heading\">Fecha tentativa: Jornada 8 ante Mazatl\u00e1n<\/h2>\n\n\n\n<p>Seg\u00fan reportes de Rodrigo Celorio, el debut de JJ Mac\u00edas est\u00e1 previsto para la Jornada 8, cuando Pumas visite a Mazatl\u00e1n el pr\u00f3ximo 12 de septiembre. Esta fecha coincide con el regreso de la Liga MX tras el par\u00f3n de fecha FIFA, lo que da margen para que el delantero se ponga a punto.<\/p>\n\n\n\n<figure class=\"wp-block-embed is-type-rich is-provider-twitter wp-block-embed-twitter\"><div class=\"wp-block-embed__wrapper\">\n<div class=\"embed-twitter\"><blockquote class=\"twitter-tweet\" data-width=\"550\" data-dnt=\"true\"><p lang=\"es\" dir=\"ltr\">\u00bfCU\u00c1NDO DEBUTA? \ud83e\uddd0<br><br>Pumas sigue con el problema de no tener gol, en ese sentido buscan reforzarse.<br><br>\ud83e\udd28 Lleg\u00f3 J. J. Mac\u00edas para tratar de ayudar en ese sentido, sin embargo, el mexicano debutar\u00eda hasta despu\u00e9s de la fecha FIFA, reporta Rodrigo Celorio.<br><br>\ud83d\udca5 Tambi\u00e9n se reporta que\u2026 <a href=\"https:\/\/t.co\/OXN5Yqyrjv\">pic.twitter.com\/OXN5Yqyrjv<\/a><\/p>&mdash; Futbol Total (@futboltotal) <a href=\"https:\/\/twitter.com\/futboltotal\/status\/1960116730757542253?ref_src=twsrc%5Etfw\">August 25, 2025<\/a><\/blockquote><script async src=\"https:\/\/platform.twitter.com\/widgets.js\" charset=\"utf-8\"><\/script><\/div>\n<\/div><\/figure>\n\n\n\n<p>Antes de ese encuentro, Pumas enfrentar\u00e1 a Atlas en la Jornada 7, pero es poco probable que Mac\u00edas sea convocado. Aunque existe una posibilidad remota de que tenga minutos si muestra avances significativos en su preparaci\u00f3n, el cuerpo t\u00e9cnico parece decidido a esperar hasta despu\u00e9s del par\u00f3n internacional.<\/p>\n\n\n\n<p><\/p>\n","protected":false},"excerpt":{"rendered":"<p>La llegada de Jos\u00e9 Juan Mac\u00edas a Pumas dividi\u00f3 opiniones entre la afici\u00f3n universitaria. El delantero, que llevaba meses sin actividad oficial, fue presentado como refuerzo para el torneo Apertura 2025. Sin embargo, su debut no ser\u00e1 inmediato, y el cuerpo t\u00e9cnico encabezado por Efra\u00edn Ju\u00e1rez ha optado por una estrategia de adaptaci\u00f3n que ha [&hellip;]<\/p>\n","protected":false},"author":1,"featured_media":48247,"comment_status":"open","ping_status":"open","sticky":false,"template":"","format":"standard","meta":{"_monsterinsights_skip_tracking":false,"_monsterinsights_sitenote_active":false,"_monsterinsights_sitenote_note":"","_monsterinsights_sitenote_category":0,"_jetpack_memberships_contains_paid_content":false,"footnotes":""},"categories":[10,2373],"tags":[20,19],"class_list":["post-48246","post","type-post","status-publish","format-standard","has-post-thumbnail","hentry","category-liga-bbva-mx","category-pumas","tag-ligamx","tag-pumas"],"aioseo_notices":[],"jetpack_featured_media_url":"https:\/\/redeportivamx.com\/wp-content\/uploads\/2025\/08\/image-16.png","jetpack_sharing_enabled":true,"_links":{"self":[{"href":"https:\/\/redeportivamx.com\/index.php\/wp-json\/wp\/v2\/posts\/48246","targetHints":{"allow":["GET"]}}],"collection":[{"href":"https:\/\/redeportivamx.com\/index.php\/wp-json\/wp\/v2\/posts"}],"about":[{"href":"https:\/\/redeportivamx.com\/index.php\/wp-json\/wp\/v2\/types\/post"}],"author":[{"embeddable":true,"href":"https:\/\/redeportivamx.com\/index.php\/wp-json\/wp\/v2\/users\/1"}],"replies":[{"embeddable":true,"href":"https:\/\/redeportivamx.com\/index.php\/wp-json\/wp\/v2\/comments?post=48246"}],"version-history":[{"count":1,"href":"https:\/\/redeportivamx.com\/index.php\/wp-json\/wp\/v2\/posts\/48246\/revisions"}],"predecessor-version":[{"id":48248,"href":"https:\/\/redeportivamx.com\/index.php\/wp-json\/wp\/v2\/posts\/48246\/revisions\/48248"}],"wp:featuredmedia":[{"embeddable":true,"href":"https:\/\/redeportivamx.com\/index.php\/wp-json\/wp\/v2\/media\/48247"}],"wp:attachment":[{"href":"https:\/\/redeportivamx.com\/index.php\/wp-json\/wp\/v2\/media?parent=48246"}],"wp:term":[{"taxonomy":"category","embeddable":true,"href":"https:\/\/redeportivamx.com\/index.php\/wp-json\/wp\/v2\/categories?post=48246"},{"taxonomy":"post_tag","embeddable":true,"href":"https:\/\/redeportivamx.com\/index.php\/wp-json\/wp\/v2\/tags?post=48246"}],"curies":[{"name":"wp","href":"https:\/\/api.w.org\/{rel}","templated":true}]}}