{"id":48205,"date":"2025-08-27T14:22:53","date_gmt":"2025-08-27T14:22:53","guid":{"rendered":"https:\/\/redeportivamx.com\/?p=48205"},"modified":"2025-08-27T14:22:55","modified_gmt":"2025-08-27T14:22:55","slug":"violante-asegura-que-america-es-visor-para-seleccion","status":"publish","type":"post","link":"https:\/\/redeportivamx.com\/index.php\/2025\/08\/27\/violante-asegura-que-america-es-visor-para-seleccion\/","title":{"rendered":"Violante asegura que Am\u00e9rica es visor para Selecci\u00f3n"},"content":{"rendered":"\n<p>El Club Am\u00e9rica es uno de los llamados Cuatro Grandes del futbol mexicano, y no s\u00f3lo por su palmar\u00e9s, sino tambi\u00e9n por la visibilidad que da el vestir de azulcrema. Isa\u00edas Violante, quien recientemente se coron\u00f3 con Toluca, lo sabe y por esa misma raz\u00f3n decidi\u00f3 regresar al nido:<\/p>\n\n\n\n<p>\u201cCuando me dijeron que si quer\u00eda venir al Am\u00e9rica, s\u00e9 que no tan solo para ir a Europa sino para ir a Selecci\u00f3n es un buen visor. Creo que si trabajo de la mejor manera, me consolido aqu\u00ed, logro hacer unas buenas participaciones s\u00e9 que tan solo ir a Europa es un sue\u00f1o para mi tambi\u00e9n\u201d, comenz\u00f3 Violante en entrevista para ESPN.<\/p>\n\n\n\n<p>\u201cAhorita estoy en el Am\u00e9rica y s\u00e9 que es un impulso para llegar y tambi\u00e9n a la Selecci\u00f3n que es el sue\u00f1o de todo ni\u00f1o. He estado en selecciones inferiores, pero obviamente me gustar\u00eda representar a M\u00e9xico ya en la selecci\u00f3n mayor y s\u00e9 que estando aqu\u00ed de la mejor manera lo voy a poder lograr\u201d, asegur\u00f3.<\/p>\n\n\n\n<p>En el actual Apertura 2025, Isa\u00edas Violante ha disputado minutos en los seis partidos que llevamos del torneo, adem\u00e1s de haber aportado con dos asistencias y recibido una tarjeta amarilla. El delantero sabe lo que es ser campe\u00f3n por lo que no deber\u00e1 tener problema en adaptarse a las \u00c1guilas.<\/p>\n\n\n\n<figure class=\"wp-block-embed is-type-rich is-provider-twitter wp-block-embed-twitter\"><div class=\"wp-block-embed__wrapper\">\n<div class=\"embed-twitter\"><blockquote class=\"twitter-tweet\" data-width=\"550\" data-dnt=\"true\"><p lang=\"es\" dir=\"ltr\">\u00a1Bienvenido seas al Club Am\u00e9rica, Isa\u00edas Violante! \ud83d\udc99\ud83e\udd85\ud83d\udc9b <a href=\"https:\/\/t.co\/oMJrUlAgmS\">pic.twitter.com\/oMJrUlAgmS<\/a><\/p>&mdash; Club Am\u00e9rica (@ClubAmerica) <a href=\"https:\/\/twitter.com\/ClubAmerica\/status\/1941290205698458094?ref_src=twsrc%5Etfw\">July 5, 2025<\/a><\/blockquote><script async src=\"https:\/\/platform.twitter.com\/widgets.js\" charset=\"utf-8\"><\/script><\/div>\n<\/div><\/figure>\n","protected":false},"excerpt":{"rendered":"<p>El Club Am\u00e9rica es uno de los llamados Cuatro Grandes del futbol mexicano, y no s\u00f3lo por su palmar\u00e9s, sino tambi\u00e9n por la visibilidad que da el vestir de azulcrema. Isa\u00edas Violante, quien recientemente se coron\u00f3 con Toluca, lo sabe y por esa misma raz\u00f3n decidi\u00f3 regresar al nido: \u201cCuando me dijeron que si quer\u00eda [&hellip;]<\/p>\n","protected":false},"author":13,"featured_media":48206,"comment_status":"open","ping_status":"open","sticky":false,"template":"","format":"standard","meta":{"_monsterinsights_skip_tracking":false,"_monsterinsights_sitenote_active":false,"_monsterinsights_sitenote_note":"","_monsterinsights_sitenote_category":0,"_jetpack_memberships_contains_paid_content":false,"footnotes":""},"categories":[10],"tags":[123,2244,2461,20,90],"class_list":["post-48205","post","type-post","status-publish","format-standard","has-post-thumbnail","hentry","category-liga-bbva-mx","tag-america","tag-apertura-2025","tag-isaias-violante","tag-ligamx","tag-toluca"],"aioseo_notices":[],"jetpack_featured_media_url":"https:\/\/redeportivamx.com\/wp-content\/uploads\/2025\/08\/IMG_5367.jpeg","jetpack_sharing_enabled":true,"_links":{"self":[{"href":"https:\/\/redeportivamx.com\/index.php\/wp-json\/wp\/v2\/posts\/48205","targetHints":{"allow":["GET"]}}],"collection":[{"href":"https:\/\/redeportivamx.com\/index.php\/wp-json\/wp\/v2\/posts"}],"about":[{"href":"https:\/\/redeportivamx.com\/index.php\/wp-json\/wp\/v2\/types\/post"}],"author":[{"embeddable":true,"href":"https:\/\/redeportivamx.com\/index.php\/wp-json\/wp\/v2\/users\/13"}],"replies":[{"embeddable":true,"href":"https:\/\/redeportivamx.com\/index.php\/wp-json\/wp\/v2\/comments?post=48205"}],"version-history":[{"count":1,"href":"https:\/\/redeportivamx.com\/index.php\/wp-json\/wp\/v2\/posts\/48205\/revisions"}],"predecessor-version":[{"id":48207,"href":"https:\/\/redeportivamx.com\/index.php\/wp-json\/wp\/v2\/posts\/48205\/revisions\/48207"}],"wp:featuredmedia":[{"embeddable":true,"href":"https:\/\/redeportivamx.com\/index.php\/wp-json\/wp\/v2\/media\/48206"}],"wp:attachment":[{"href":"https:\/\/redeportivamx.com\/index.php\/wp-json\/wp\/v2\/media?parent=48205"}],"wp:term":[{"taxonomy":"category","embeddable":true,"href":"https:\/\/redeportivamx.com\/index.php\/wp-json\/wp\/v2\/categories?post=48205"},{"taxonomy":"post_tag","embeddable":true,"href":"https:\/\/redeportivamx.com\/index.php\/wp-json\/wp\/v2\/tags?post=48205"}],"curies":[{"name":"wp","href":"https:\/\/api.w.org\/{rel}","templated":true}]}}