{"id":48010,"date":"2025-08-16T15:26:17","date_gmt":"2025-08-16T15:26:17","guid":{"rendered":"https:\/\/redeportivamx.com\/?p=48010"},"modified":"2025-08-16T15:26:19","modified_gmt":"2025-08-16T15:26:19","slug":"nfl-matthew-stafford-volveria-a-los-entrenamientos-este-fin-de-semana","status":"publish","type":"post","link":"https:\/\/redeportivamx.com\/index.php\/2025\/08\/16\/nfl-matthew-stafford-volveria-a-los-entrenamientos-este-fin-de-semana\/","title":{"rendered":"NFL: Matthew Stafford volver\u00eda a los entrenamientos este fin de semana"},"content":{"rendered":"\n<h2 class=\"wp-block-heading\">Matthew Stafford participar\u00e1 en su primera pr\u00e1ctica del campamento mientras el equipo maneja con cautela su lesi\u00f3n de espalda.<\/h2>\n\n\n\n<p>El Quarterback de <strong><a href=\"https:\/\/www.therams.com\/\" target=\"_blank\" rel=\"noopener\" title=\"\">Los Angeles Rams<\/a><\/strong>, <strong>Matthew Stafford, dar\u00e1 un paso importante en su recuperaci\u00f3n este s\u00e1bado, cuando participe en su primer entrenamiento del campamento de verano, seg\u00fan confirm\u00f3 el entrenador Sean McVay<\/strong>. El veterano jugador ha estado ausente de todas las pr\u00e1cticas del equipo debido a una hernia discal en la espalda, una situaci\u00f3n que ha generado una creciente preocupaci\u00f3n en la organizaci\u00f3n. El regreso de Stafford a los entrenamientos de la <strong><a href=\"https:\/\/redeportivamx.com\/index.php\/category\/nfl\/\" target=\"_blank\" rel=\"noopener\" title=\"\">NFL<\/a><\/strong>, aunque sea de forma controlada, es la primera se\u00f1al positiva tras varios d\u00edas de inactividad.<\/p>\n\n\n\n<figure class=\"wp-block-embed is-type-rich is-provider-twitter wp-block-embed-twitter\"><div class=\"wp-block-embed__wrapper\">\n<div class=\"embed-twitter\"><blockquote class=\"twitter-tweet\" data-width=\"550\" data-dnt=\"true\"><p lang=\"en\" dir=\"ltr\">Sean McVay is hoping Matthew Stafford will be back soon.<a href=\"https:\/\/t.co\/h4fauCsoFE\">https:\/\/t.co\/h4fauCsoFE<\/a><\/p>&mdash; LA Rams Nation (@RamsNationCP) <a href=\"https:\/\/twitter.com\/RamsNationCP\/status\/1956347104559026605?ref_src=twsrc%5Etfw\">August 15, 2025<\/a><\/blockquote><script async src=\"https:\/\/platform.twitter.com\/widgets.js\" charset=\"utf-8\"><\/script><\/div>\n<\/div><\/figure>\n\n\n\n<p>Este avance llega despu\u00e9s de un reciente contratiempo en su rehabilitaci\u00f3n. El s\u00e1bado pasado, Stafford realiz\u00f3 una sesi\u00f3n de lanzamientos en solitario donde complet\u00f3 68 pases sin aparentes limitaciones, lo que gener\u00f3 optimismo. Sin embargo, el plan de que se reincorporara a los ejercicios individuales el lunes siguiente fue cancelado, ya que, seg\u00fan McVay, el jugador &#8220;no se sent\u00eda lo suficientemente bien&#8221; al despertar. Este episodio subraya la naturaleza delicada de la lesi\u00f3n y la incertidumbre que rodea su d\u00eda a d\u00eda.<\/p>\n\n\n\n<p>El entrenador Sean McVay ha manejado la situaci\u00f3n con extrema cautela, admitiendo que la lesi\u00f3n de Stafford es compleja. Al ser cuestionado sobre si el problema era funcional o de manejo del dolor, McVay respondi\u00f3 que probablemente era &#8220;un poco de ambos&#8221;. El estratega a\u00f1adi\u00f3 que el equipo m\u00e9dico est\u00e1 &#8220;probando algunas cosas diferentes&#8221; con la esperanza de encontrar una soluci\u00f3n que permita a su Quarterback volver al campo de manera consistente y sin molestias.<\/p>\n\n\n\n<p>Una de las mayores preocupaciones que rodea la lesi\u00f3n es la posibilidad de una cirug\u00eda, un escenario que podr\u00eda poner en riesgo su temporada. Cuando se le pregunt\u00f3 directamente sobre esta opci\u00f3n, McVay evit\u00f3 descartarla por completo, afirmando que &#8220;esa no ha sido una conversaci\u00f3n que hayamos tenido&#8221; todav\u00eda. Esta respuesta, aunque no confirma nada, deja abierta una puerta que el equipo y los aficionados esperan que no sea necesario cruzar.<\/p>\n\n\n\n<p>Por ahora, el entrenamiento del s\u00e1bado ser\u00e1 observado con m\u00e1xima atenci\u00f3n. Representa un paso crucial para determinar si Matthew Stafford puede soportar la carga de trabajo necesaria para liderar la ofensiva de los Rams. Aunque su regreso a la pr\u00e1ctica es una noticia alentadora, la gesti\u00f3n de su lesi\u00f3n de espalda y su disponibilidad a largo plazo siguen siendo la principal inc\u00f3gnita que definir\u00e1 las aspiraciones del equipo de Los \u00c1ngeles en la inminente temporada.<\/p>\n","protected":false},"excerpt":{"rendered":"<p>Matthew Stafford participar\u00e1 en su primera pr\u00e1ctica del campamento mientras el equipo maneja con cautela su lesi\u00f3n de espalda. El Quarterback de Los Angeles Rams, Matthew Stafford, dar\u00e1 un paso importante en su recuperaci\u00f3n este s\u00e1bado, cuando participe en su primer entrenamiento del campamento de verano, seg\u00fan confirm\u00f3 el entrenador Sean McVay. El veterano jugador [&hellip;]<\/p>\n","protected":false},"author":9,"featured_media":48011,"comment_status":"open","ping_status":"open","sticky":false,"template":"","format":"standard","meta":{"_monsterinsights_skip_tracking":false,"_monsterinsights_sitenote_active":false,"_monsterinsights_sitenote_note":"","_monsterinsights_sitenote_category":0,"_jetpack_memberships_contains_paid_content":false,"footnotes":""},"categories":[28],"tags":[2006,2079,2441,51,2442],"class_list":["post-48010","post","type-post","status-publish","format-standard","has-post-thumbnail","hentry","category-nfl","tag-la-rams","tag-los-angeles-rams","tag-matthew-stafford","tag-nfl","tag-sean-mcvay"],"aioseo_notices":[],"jetpack_featured_media_url":"https:\/\/redeportivamx.com\/wp-content\/uploads\/2025\/08\/Matthew-Stafford.jpg","jetpack_sharing_enabled":true,"_links":{"self":[{"href":"https:\/\/redeportivamx.com\/index.php\/wp-json\/wp\/v2\/posts\/48010","targetHints":{"allow":["GET"]}}],"collection":[{"href":"https:\/\/redeportivamx.com\/index.php\/wp-json\/wp\/v2\/posts"}],"about":[{"href":"https:\/\/redeportivamx.com\/index.php\/wp-json\/wp\/v2\/types\/post"}],"author":[{"embeddable":true,"href":"https:\/\/redeportivamx.com\/index.php\/wp-json\/wp\/v2\/users\/9"}],"replies":[{"embeddable":true,"href":"https:\/\/redeportivamx.com\/index.php\/wp-json\/wp\/v2\/comments?post=48010"}],"version-history":[{"count":1,"href":"https:\/\/redeportivamx.com\/index.php\/wp-json\/wp\/v2\/posts\/48010\/revisions"}],"predecessor-version":[{"id":48012,"href":"https:\/\/redeportivamx.com\/index.php\/wp-json\/wp\/v2\/posts\/48010\/revisions\/48012"}],"wp:featuredmedia":[{"embeddable":true,"href":"https:\/\/redeportivamx.com\/index.php\/wp-json\/wp\/v2\/media\/48011"}],"wp:attachment":[{"href":"https:\/\/redeportivamx.com\/index.php\/wp-json\/wp\/v2\/media?parent=48010"}],"wp:term":[{"taxonomy":"category","embeddable":true,"href":"https:\/\/redeportivamx.com\/index.php\/wp-json\/wp\/v2\/categories?post=48010"},{"taxonomy":"post_tag","embeddable":true,"href":"https:\/\/redeportivamx.com\/index.php\/wp-json\/wp\/v2\/tags?post=48010"}],"curies":[{"name":"wp","href":"https:\/\/api.w.org\/{rel}","templated":true}]}}