{"id":47953,"date":"2025-08-14T07:15:47","date_gmt":"2025-08-14T07:15:47","guid":{"rendered":"https:\/\/redeportivamx.com\/?p=47953"},"modified":"2025-08-14T07:15:48","modified_gmt":"2025-08-14T07:15:48","slug":"nfl-shedeur-sanders-sufre-una-lesion-en-el-oblicuo-y-frena-su-buen-momento","status":"publish","type":"post","link":"https:\/\/redeportivamx.com\/index.php\/2025\/08\/14\/nfl-shedeur-sanders-sufre-una-lesion-en-el-oblicuo-y-frena-su-buen-momento\/","title":{"rendered":"NFL: Shedeur Sanders sufre una lesi\u00f3n en el oblicuo y frena su buen momento"},"content":{"rendered":"\n<h2 class=\"wp-block-heading\">Shedeur Sanders est\u00e1 en duda para el pr\u00f3ximo juego de pretemporada tras lesionarse en una pr\u00e1ctica conjunta con los Eagles<\/h2>\n\n\n\n<p>El Quarterback de los <strong><a href=\"https:\/\/www.clevelandbrowns.com\/\" target=\"_blank\" rel=\"noopener\" title=\"\">Cleveland Browns<\/a><\/strong>, <strong>Shedeur Sanders, sufri\u00f3 una lesi\u00f3n en el oblicuo este mi\u00e9rcoles durante la primera pr\u00e1ctica conjunta contra los Philadelphia Eagles<\/strong>, generando preocupaci\u00f3n en un equipo ya afectado por las lesiones. El incidente ocurri\u00f3 temprano en la sesi\u00f3n mientras el Quarterback realizaba lanzamientos. Tras ser evaluado, el equipo confirm\u00f3 una distensi\u00f3n y, aunque su estado es considerado &#8220;d\u00eda a d\u00eda&#8221;, se ha descartado su participaci\u00f3n en la segunda pr\u00e1ctica de este jueves y <strong>es muy poco probable que juegue en el partido de pretemporada de la <a href=\"https:\/\/redeportivamx.com\/index.php\/category\/nfl\/\" target=\"_blank\" rel=\"noopener\" title=\"\">NFL<\/a> de este s\u00e1bado<\/strong>.<\/p>\n\n\n\n<figure class=\"wp-block-embed is-type-rich is-provider-twitter wp-block-embed-twitter\"><div class=\"wp-block-embed__wrapper\">\n<div class=\"embed-twitter\"><blockquote class=\"twitter-tweet\" data-width=\"550\" data-dnt=\"true\"><p lang=\"en\" dir=\"ltr\">Shedeur Sanders is unlikely to play Sunday after being diagnosed with an oblique strain.<br><br>He is considered day-to-day. <a href=\"https:\/\/t.co\/azcBEM8bFJ\">pic.twitter.com\/azcBEM8bFJ<\/a><\/p>&mdash; Bleacher Report (@BleacherReport) <a href=\"https:\/\/twitter.com\/BleacherReport\/status\/1955725290845446272?ref_src=twsrc%5Etfw\">August 13, 2025<\/a><\/blockquote><script async src=\"https:\/\/platform.twitter.com\/widgets.js\" charset=\"utf-8\"><\/script><\/div>\n<\/div><\/figure>\n\n\n\n<p>Este contratiempo llega en un momento inoportuno para Sanders, quien ven\u00eda de una actuaci\u00f3n muy s\u00f3lida en su primer partido como titular en la pretemporada. En el encuentro de la semana pasada contra los Carolina Panthers, el joven Quarterback complet\u00f3 14 de 23 pases para 138 yardas y dos touchdowns, dejando una excelente impresi\u00f3n y construyendo un impulso positivo de cara a la temporada regular. Ahora, esta lesi\u00f3n en el oblicuo frena en seco su progresi\u00f3n y su oportunidad de seguir ganando experiencia en el campo.<\/p>\n\n\n\n<p>La lesi\u00f3n de Shedeur Sanders agrava una situaci\u00f3n ya de por s\u00ed delicada en la sala de Quarterbacks de los Browns. El equipo ha lidiado con problemas f\u00edsicos en la posici\u00f3n durante todo el campamento de entrenamiento. El Quarterback Kenny Pickett todav\u00eda se recupera de una lesi\u00f3n en el isquiotibial sufrida a finales de julio y a\u00fan no participa en los ejercicios de equipo completo, mientras que Dillon Gabriel reci\u00e9n est\u00e1 regresando de una molestia similar, aunque ya ha comenzado a tomar repeticiones con el primer equipo.<\/p>\n\n\n\n<p>El incidente ocurri\u00f3 al inicio de los ejercicios individuales, y aunque Sanders no pudo continuar participando activamente, demostr\u00f3 su compromiso al permanecer en el campo durante el resto de la pr\u00e1ctica. El jugador estuvo observando atentamente a sus compa\u00f1eros mientras el equipo realizaba los ejercicios de 7 contra 7 y 11 contra 11 frente a la defensiva de los Eagles, manteni\u00e9ndose involucrado mentalmente a pesar de la dolencia f\u00edsica.<\/p>\n\n\n\n<p>Con su participaci\u00f3n casi descartada para el pr\u00f3ximo juego, los Browns enfrentan ahora el desaf\u00edo de gestionar a sus Quarterbacks con miras al cierre de la pretemporada. La lesi\u00f3n de Sanders no solo es un rev\u00e9s personal para un jugador que estaba comenzando a destacar, sino que tambi\u00e9n representa una prueba significativa para la profundidad del equipo en la posici\u00f3n m\u00e1s importante del campo, obligando al cuerpo de entrenadores a recalcular sus planes de evaluaci\u00f3n.<\/p>\n","protected":false},"excerpt":{"rendered":"<p>Shedeur Sanders est\u00e1 en duda para el pr\u00f3ximo juego de pretemporada tras lesionarse en una pr\u00e1ctica conjunta con los Eagles El Quarterback de los Cleveland Browns, Shedeur Sanders, sufri\u00f3 una lesi\u00f3n en el oblicuo este mi\u00e9rcoles durante la primera pr\u00e1ctica conjunta contra los Philadelphia Eagles, generando preocupaci\u00f3n en un equipo ya afectado por las lesiones. [&hellip;]<\/p>\n","protected":false},"author":9,"featured_media":47954,"comment_status":"open","ping_status":"open","sticky":false,"template":"","format":"standard","meta":{"_monsterinsights_skip_tracking":false,"_monsterinsights_sitenote_active":false,"_monsterinsights_sitenote_note":"","_monsterinsights_sitenote_category":0,"_jetpack_memberships_contains_paid_content":false,"footnotes":""},"categories":[28],"tags":[1893,2107,2436],"class_list":["post-47953","post","type-post","status-publish","format-standard","has-post-thumbnail","hentry","category-nfl","tag-browns-2","tag-cleveland-browns","tag-shedeur-sanders"],"aioseo_notices":[],"jetpack_featured_media_url":"https:\/\/redeportivamx.com\/wp-content\/uploads\/2025\/08\/Shedeur-Sanders.jpg","jetpack_sharing_enabled":true,"_links":{"self":[{"href":"https:\/\/redeportivamx.com\/index.php\/wp-json\/wp\/v2\/posts\/47953","targetHints":{"allow":["GET"]}}],"collection":[{"href":"https:\/\/redeportivamx.com\/index.php\/wp-json\/wp\/v2\/posts"}],"about":[{"href":"https:\/\/redeportivamx.com\/index.php\/wp-json\/wp\/v2\/types\/post"}],"author":[{"embeddable":true,"href":"https:\/\/redeportivamx.com\/index.php\/wp-json\/wp\/v2\/users\/9"}],"replies":[{"embeddable":true,"href":"https:\/\/redeportivamx.com\/index.php\/wp-json\/wp\/v2\/comments?post=47953"}],"version-history":[{"count":1,"href":"https:\/\/redeportivamx.com\/index.php\/wp-json\/wp\/v2\/posts\/47953\/revisions"}],"predecessor-version":[{"id":47955,"href":"https:\/\/redeportivamx.com\/index.php\/wp-json\/wp\/v2\/posts\/47953\/revisions\/47955"}],"wp:featuredmedia":[{"embeddable":true,"href":"https:\/\/redeportivamx.com\/index.php\/wp-json\/wp\/v2\/media\/47954"}],"wp:attachment":[{"href":"https:\/\/redeportivamx.com\/index.php\/wp-json\/wp\/v2\/media?parent=47953"}],"wp:term":[{"taxonomy":"category","embeddable":true,"href":"https:\/\/redeportivamx.com\/index.php\/wp-json\/wp\/v2\/categories?post=47953"},{"taxonomy":"post_tag","embeddable":true,"href":"https:\/\/redeportivamx.com\/index.php\/wp-json\/wp\/v2\/tags?post=47953"}],"curies":[{"name":"wp","href":"https:\/\/api.w.org\/{rel}","templated":true}]}}