{"id":47931,"date":"2025-08-12T04:24:30","date_gmt":"2025-08-12T04:24:30","guid":{"rendered":"https:\/\/redeportivamx.com\/?p=47931"},"modified":"2025-08-12T04:24:32","modified_gmt":"2025-08-12T04:24:32","slug":"nfl-rashawn-slater-sufre-grave-lesion-y-se-perdera-toda-la-temporada-2025","status":"publish","type":"post","link":"https:\/\/redeportivamx.com\/index.php\/2025\/08\/12\/nfl-rashawn-slater-sufre-grave-lesion-y-se-perdera-toda-la-temporada-2025\/","title":{"rendered":"NFL: Rashawn Slater sufre grave lesi\u00f3n y se perder\u00e1 toda la temporada 2025"},"content":{"rendered":"\n<h2 class=\"wp-block-heading\">Rashawn Slater queda fuera de acci\u00f3n apenas 11 d\u00edas despu\u00e9s de firmar una extensi\u00f3n de contrato hist\u00f3rica<\/h2>\n\n\n\n<p><strong><a href=\"https:\/\/www.chargers.com\/\" target=\"_blank\" rel=\"noopener\" title=\"\">Los Angeles Chargers<\/a><\/strong> recibieron este lunes la peor noticia posible de cara a la temporada 2025 de la <strong><a href=\"https:\/\/redeportivamx.com\/index.php\/category\/nfl\/\" target=\"_blank\" rel=\"noopener\" title=\"\">NFL<\/a><\/strong>. Su tackle izquierdo Pro Bowl, <strong>Rashawn Slater, se perder\u00e1 todo el a\u00f1o tras sufrir una ruptura del tend\u00f3n rotuliano durante una pr\u00e1ctica la semana pasada<\/strong>. La lesi\u00f3n, que requerir\u00e1 cirug\u00eda, representa un golpe devastador para la franquicia, ocurrido ir\u00f3nicamente apenas 11 d\u00edas despu\u00e9s de que el jugador firmara una extensi\u00f3n de contrato por cuatro a\u00f1os y 113 millones de d\u00f3lares, convirti\u00e9ndose en el liniero ofensivo mejor pagado en la historia de la liga.<\/p>\n\n\n\n<figure class=\"wp-block-embed is-type-rich is-provider-twitter wp-block-embed-twitter\"><div class=\"wp-block-embed__wrapper\">\n<div class=\"embed-twitter\"><blockquote class=\"twitter-tweet\" data-width=\"550\" data-dnt=\"true\"><p lang=\"en\" dir=\"ltr\">Chargers OT Rashawn Slater, who signed a four-year, $113 million extension last month and then was carted off the practice field today, suffered a season-ending ruptured patella tendon, pending further testing, per sources. <a href=\"https:\/\/t.co\/ALAOks9b8e\">pic.twitter.com\/ALAOks9b8e<\/a><\/p>&mdash; Adam Schefter (@AdamSchefter) <a href=\"https:\/\/twitter.com\/AdamSchefter\/status\/1953576740384911395?ref_src=twsrc%5Etfw\">August 7, 2025<\/a><\/blockquote><script async src=\"https:\/\/platform.twitter.com\/widgets.js\" charset=\"utf-8\"><\/script><\/div>\n<\/div><\/figure>\n\n\n\n<p>La escena durante la pr\u00e1ctica del jueves fue dram\u00e1tica y reflej\u00f3 la gravedad de la situaci\u00f3n. Slater colaps\u00f3 durante un ejercicio de equipo mientras bloqueaba a Tuli Tuipulotu, agarr\u00e1ndose inmediatamente la pierna izquierda. La preocupaci\u00f3n fue instant\u00e1nea, con compa\u00f1eros como Derwin James Jr. y Denzel Perryman rezando a su lado. Visiblemente frustrado y sin poder apoyar la pierna, Slater fue retirado del campo en un carrito m\u00e9dico, golpe\u00e1ndolo con el pu\u00f1o y arrojando su casco en un gesto de desolaci\u00f3n.<\/p>\n\n\n\n<p>El impacto estrat\u00e9gico de esta baja es incalculable para los planes del equipo. La filosof\u00eda del entrenador Jim Harbaugh y el coordinador ofensivo Greg Roman se basa en un ataque terrestre dominante, donde la l\u00ednea ofensiva es la pieza m\u00e1s importante. Los Chargers se enorgullec\u00edan de tener la que consideraban la mejor pareja de tackles de la NFL con Slater y el novato Joe Alt. Ese d\u00fao de ensue\u00f1o, pilar fundamental del proyecto, se ha roto antes de poder demostrar su potencial en la temporada regular.<\/p>\n\n\n\n<p>Ahora, el equipo se ve forzado a una reestructuraci\u00f3n de emergencia en su l\u00ednea ofensiva, una unidad que ya lidiaba con la lesi\u00f3n del guardia Mekhi Becton. El plan inmediato probablemente implicar\u00e1 mover al novato Joe Alt, seleccionado con la quinta selecci\u00f3n global, de la posici\u00f3n de tackle derecho a la izquierda para cubrir el hueco de Slater. Esto, a su vez, obligar\u00eda a Trey Pipkins a ocupar el puesto de tackle derecho, alterando por completo la configuraci\u00f3n y la qu\u00edmica del grupo.<\/p>\n\n\n\n<p>La lesi\u00f3n de Slater ensombreci\u00f3 por completo lo que deb\u00eda ser un d\u00eda de celebraci\u00f3n en las instalaciones del equipo, ya que coincidi\u00f3 con el regreso del ic\u00f3nico receptor Keenan Allen. En lugar de optimismo, la noticia deja un manto de incertidumbre sobre la temporada de los Chargers. La franquicia ahora enfrenta el enorme desaf\u00edo de proteger a su mariscal de campo, Justin Herbert, y ejecutar su plan de juego sin su liniero ofensivo m\u00e1s dominante, una ausencia que pone a prueba la profundidad y la resiliencia del equipo desde el primer d\u00eda.<\/p>\n","protected":false},"excerpt":{"rendered":"<p>Rashawn Slater queda fuera de acci\u00f3n apenas 11 d\u00edas despu\u00e9s de firmar una extensi\u00f3n de contrato hist\u00f3rica Los Angeles Chargers recibieron este lunes la peor noticia posible de cara a la temporada 2025 de la NFL. Su tackle izquierdo Pro Bowl, Rashawn Slater, se perder\u00e1 todo el a\u00f1o tras sufrir una ruptura del tend\u00f3n rotuliano [&hellip;]<\/p>\n","protected":false},"author":9,"featured_media":47932,"comment_status":"open","ping_status":"open","sticky":false,"template":"","format":"standard","meta":{"_monsterinsights_skip_tracking":false,"_monsterinsights_sitenote_active":false,"_monsterinsights_sitenote_note":"","_monsterinsights_sitenote_category":0,"_jetpack_memberships_contains_paid_content":false,"footnotes":""},"categories":[28],"tags":[2044,2018,51,2430],"class_list":["post-47931","post","type-post","status-publish","format-standard","has-post-thumbnail","hentry","category-nfl","tag-chargers","tag-la-chargers","tag-nfl","tag-rashawn-slater"],"aioseo_notices":[],"jetpack_featured_media_url":"https:\/\/redeportivamx.com\/wp-content\/uploads\/2025\/08\/Rashawn-Slater.jpg","jetpack_sharing_enabled":true,"_links":{"self":[{"href":"https:\/\/redeportivamx.com\/index.php\/wp-json\/wp\/v2\/posts\/47931","targetHints":{"allow":["GET"]}}],"collection":[{"href":"https:\/\/redeportivamx.com\/index.php\/wp-json\/wp\/v2\/posts"}],"about":[{"href":"https:\/\/redeportivamx.com\/index.php\/wp-json\/wp\/v2\/types\/post"}],"author":[{"embeddable":true,"href":"https:\/\/redeportivamx.com\/index.php\/wp-json\/wp\/v2\/users\/9"}],"replies":[{"embeddable":true,"href":"https:\/\/redeportivamx.com\/index.php\/wp-json\/wp\/v2\/comments?post=47931"}],"version-history":[{"count":1,"href":"https:\/\/redeportivamx.com\/index.php\/wp-json\/wp\/v2\/posts\/47931\/revisions"}],"predecessor-version":[{"id":47933,"href":"https:\/\/redeportivamx.com\/index.php\/wp-json\/wp\/v2\/posts\/47931\/revisions\/47933"}],"wp:featuredmedia":[{"embeddable":true,"href":"https:\/\/redeportivamx.com\/index.php\/wp-json\/wp\/v2\/media\/47932"}],"wp:attachment":[{"href":"https:\/\/redeportivamx.com\/index.php\/wp-json\/wp\/v2\/media?parent=47931"}],"wp:term":[{"taxonomy":"category","embeddable":true,"href":"https:\/\/redeportivamx.com\/index.php\/wp-json\/wp\/v2\/categories?post=47931"},{"taxonomy":"post_tag","embeddable":true,"href":"https:\/\/redeportivamx.com\/index.php\/wp-json\/wp\/v2\/tags?post=47931"}],"curies":[{"name":"wp","href":"https:\/\/api.w.org\/{rel}","templated":true}]}}