{"id":47499,"date":"2025-07-26T00:41:15","date_gmt":"2025-07-26T00:41:15","guid":{"rendered":"https:\/\/redeportivamx.com\/?p=47499"},"modified":"2025-07-26T00:41:16","modified_gmt":"2025-07-26T00:41:16","slug":"luka-jovic-interesa-a-varios-equipos-y-esto-lo-puede-alejar-de-cruz-azul","status":"publish","type":"post","link":"https:\/\/redeportivamx.com\/index.php\/2025\/07\/26\/luka-jovic-interesa-a-varios-equipos-y-esto-lo-puede-alejar-de-cruz-azul\/","title":{"rendered":"Luka Jovic interesa a varios equipos y esto lo puede alejar de Cruz Azul"},"content":{"rendered":"\n<p>La novela entre Cruz Azul y el serbio Luka Jovic no tiene alguna fecha para definir que pasar\u00e1 con el traspaso del jugador que qued\u00f3 libre tras no renovar su contrato con el AC Mil\u00e1n de Italia, lo que parec\u00eda una llegada f\u00e1cil a la Noria se convirti\u00f3 en una gran disputa del cuadro cementero tanto con el tiempo como con alguno equipos que ha mostrado su inter\u00e9s por el ex Real Madrid.<\/p>\n\n\n\n<p>El primer equipo que mostr\u00f3 un inter\u00e9s por el jugador de 27 a\u00f1os fue el Getafe junto con el West Ham pero no lanzaron una oferta formal por el jugador, sin embargo la M\u00e1quina de Cruz Azul se contact\u00f3 con los representantes de Jovic para negociar todo lo necesario para la llegada del serbio, lo unico que tenia Cruz Azul que hacer era liberar una plaza de extranjero.<\/p>\n\n\n\n<p>Aunque parec\u00eda que la llegada de Jovic era inminente, el problema de no poder liberar la plaza de extranjero hizo que las negociaciones se trabar\u00e1n por lo que los agentes del serbio empezaron a escuchar nuevas ofertas, la primera importante fue del Real Oviedo, equipo que consigui\u00f3 el ascenso a la primera divisi\u00f3n de Espa\u00f1a y que con Veljko Paunovi\u0107 esperan convencer a Luka.<\/p>\n\n\n\n<p>Otro destino que suena para Jovic en caso de que el asunto de Cruz Azul no se concrete ser\u00eda en Emiratos \u00c1rabes Unidos  donde el Sharjah FC a presentado una oferta para que el mundialista en 2022 con la selecci\u00f3n de Serbia se una al cuadro de medio oriente, de momento ning\u00fan equipo lleva la ventaja para poder hacerse con el.<\/p>\n","protected":false},"excerpt":{"rendered":"<p>La novela entre Cruz Azul y el serbio Luka Jovic no tiene alguna fecha para definir que pasar\u00e1 con el traspaso del jugador que qued\u00f3 libre tras no renovar su contrato con el AC Mil\u00e1n de Italia, lo que parec\u00eda una llegada f\u00e1cil a la Noria se convirti\u00f3 en una gran disputa del cuadro cementero [&hellip;]<\/p>\n","protected":false},"author":21,"featured_media":47500,"comment_status":"open","ping_status":"open","sticky":false,"template":"","format":"standard","meta":{"_monsterinsights_skip_tracking":false,"_monsterinsights_sitenote_active":false,"_monsterinsights_sitenote_note":"","_monsterinsights_sitenote_category":0,"_jetpack_memberships_contains_paid_content":false,"footnotes":""},"categories":[12],"tags":[132,20,2357,2304],"class_list":["post-47499","post","type-post","status-publish","format-standard","has-post-thumbnail","hentry","category-futbol-internacional","tag-cruz-azul","tag-ligamx","tag-luka-jovic","tag-real-oviedo"],"aioseo_notices":[],"jetpack_featured_media_url":"https:\/\/redeportivamx.com\/wp-content\/uploads\/2025\/07\/ljj.jpg","jetpack_sharing_enabled":true,"_links":{"self":[{"href":"https:\/\/redeportivamx.com\/index.php\/wp-json\/wp\/v2\/posts\/47499","targetHints":{"allow":["GET"]}}],"collection":[{"href":"https:\/\/redeportivamx.com\/index.php\/wp-json\/wp\/v2\/posts"}],"about":[{"href":"https:\/\/redeportivamx.com\/index.php\/wp-json\/wp\/v2\/types\/post"}],"author":[{"embeddable":true,"href":"https:\/\/redeportivamx.com\/index.php\/wp-json\/wp\/v2\/users\/21"}],"replies":[{"embeddable":true,"href":"https:\/\/redeportivamx.com\/index.php\/wp-json\/wp\/v2\/comments?post=47499"}],"version-history":[{"count":1,"href":"https:\/\/redeportivamx.com\/index.php\/wp-json\/wp\/v2\/posts\/47499\/revisions"}],"predecessor-version":[{"id":47501,"href":"https:\/\/redeportivamx.com\/index.php\/wp-json\/wp\/v2\/posts\/47499\/revisions\/47501"}],"wp:featuredmedia":[{"embeddable":true,"href":"https:\/\/redeportivamx.com\/index.php\/wp-json\/wp\/v2\/media\/47500"}],"wp:attachment":[{"href":"https:\/\/redeportivamx.com\/index.php\/wp-json\/wp\/v2\/media?parent=47499"}],"wp:term":[{"taxonomy":"category","embeddable":true,"href":"https:\/\/redeportivamx.com\/index.php\/wp-json\/wp\/v2\/categories?post=47499"},{"taxonomy":"post_tag","embeddable":true,"href":"https:\/\/redeportivamx.com\/index.php\/wp-json\/wp\/v2\/tags?post=47499"}],"curies":[{"name":"wp","href":"https:\/\/api.w.org\/{rel}","templated":true}]}}