{"id":47470,"date":"2025-07-25T01:40:16","date_gmt":"2025-07-25T01:40:16","guid":{"rendered":"https:\/\/redeportivamx.com\/?p=47470"},"modified":"2025-07-25T01:40:18","modified_gmt":"2025-07-25T01:40:18","slug":"memo-ochoa-jugaria-en-la-segunda-division-de-portugal","status":"publish","type":"post","link":"https:\/\/redeportivamx.com\/index.php\/2025\/07\/25\/memo-ochoa-jugaria-en-la-segunda-division-de-portugal\/","title":{"rendered":"Memo Ochoa jugar\u00eda en la segunda divisi\u00f3n de Portugal"},"content":{"rendered":"\n<p>El mercado de fichaje del verano 2025 ha dejado varios movimientos en cuanto al futuro y destino de muchos futbolistas que se encontraban tanto con alg\u00fan club como aquellos que no ten\u00edan ya equipo donde jugar, uno de esos jugadores es Guillermo Ochoa quien desde el mes de mayo hab\u00eda tenido su \u00faltimo partido con el AVS de Portugal y desde entonces no vest\u00eda ninguna camiseta.<\/p>\n\n\n\n<p>Aunque se rumore\u00f3 que el portero mundialista con la Selecci\u00f3n Mexicana podr\u00eda llegar tanto a la Liga MX como a la MLS, su llegada a Norteam\u00e9rica no se concret\u00f3 por lo que continu\u00f3 con la busqueda de algun club que se hiciera de sus servicios y parecer\u00eda que no tendr\u00eda que salir de Portugal para poder seguir jugando con alg\u00fan equipo.<\/p>\n\n\n\n<p>De cara a la Copa Mundial de la FIFA 2026, Ochoa podr\u00eda estar vistiendo la playera del Portimonense Sporting Clube de la Segunda Divisi\u00f3n de Portugal y con ello buscar\u00eda quedar dentro de la lista final de los jugadores seleccionados por Javier Aguirre para as\u00ed lograr su sexto mundial con la playera de M\u00e9xico.<\/p>\n\n\n\n<p>El Portimonense buscar\u00e1 volver a ascender a la Primera Divisi\u00f3n de Portugal tras haber perdido la categor\u00eda en la temporada 2023-2024 tras caer 4-2 en la serie de play off de promoci\u00f3n ante justamente el AVS que lograr\u00eda el ascenso y posteriormente contratar\u00eda a Guillermo Ochoa para la temporada 2024-2025.<\/p>\n","protected":false},"excerpt":{"rendered":"<p>El mercado de fichaje del verano 2025 ha dejado varios movimientos en cuanto al futuro y destino de muchos futbolistas que se encontraban tanto con alg\u00fan club como aquellos que no ten\u00edan ya equipo donde jugar, uno de esos jugadores es Guillermo Ochoa quien desde el mes de mayo hab\u00eda tenido su \u00faltimo partido con [&hellip;]<\/p>\n","protected":false},"author":21,"featured_media":47471,"comment_status":"open","ping_status":"open","sticky":false,"template":"","format":"standard","meta":{"_monsterinsights_skip_tracking":false,"_monsterinsights_sitenote_active":false,"_monsterinsights_sitenote_note":"","_monsterinsights_sitenote_category":0,"_jetpack_memberships_contains_paid_content":false,"footnotes":""},"categories":[12],"tags":[565,144,117],"class_list":["post-47470","post","type-post","status-publish","format-standard","has-post-thumbnail","hentry","category-futbol-internacional","tag-guillermo-ochoa","tag-portugal","tag-seleccion-mexicana"],"aioseo_notices":[],"jetpack_featured_media_url":"https:\/\/redeportivamx.com\/wp-content\/uploads\/2025\/07\/oca.jpg","jetpack_sharing_enabled":true,"_links":{"self":[{"href":"https:\/\/redeportivamx.com\/index.php\/wp-json\/wp\/v2\/posts\/47470","targetHints":{"allow":["GET"]}}],"collection":[{"href":"https:\/\/redeportivamx.com\/index.php\/wp-json\/wp\/v2\/posts"}],"about":[{"href":"https:\/\/redeportivamx.com\/index.php\/wp-json\/wp\/v2\/types\/post"}],"author":[{"embeddable":true,"href":"https:\/\/redeportivamx.com\/index.php\/wp-json\/wp\/v2\/users\/21"}],"replies":[{"embeddable":true,"href":"https:\/\/redeportivamx.com\/index.php\/wp-json\/wp\/v2\/comments?post=47470"}],"version-history":[{"count":1,"href":"https:\/\/redeportivamx.com\/index.php\/wp-json\/wp\/v2\/posts\/47470\/revisions"}],"predecessor-version":[{"id":47472,"href":"https:\/\/redeportivamx.com\/index.php\/wp-json\/wp\/v2\/posts\/47470\/revisions\/47472"}],"wp:featuredmedia":[{"embeddable":true,"href":"https:\/\/redeportivamx.com\/index.php\/wp-json\/wp\/v2\/media\/47471"}],"wp:attachment":[{"href":"https:\/\/redeportivamx.com\/index.php\/wp-json\/wp\/v2\/media?parent=47470"}],"wp:term":[{"taxonomy":"category","embeddable":true,"href":"https:\/\/redeportivamx.com\/index.php\/wp-json\/wp\/v2\/categories?post=47470"},{"taxonomy":"post_tag","embeddable":true,"href":"https:\/\/redeportivamx.com\/index.php\/wp-json\/wp\/v2\/tags?post=47470"}],"curies":[{"name":"wp","href":"https:\/\/api.w.org\/{rel}","templated":true}]}}