{"id":47458,"date":"2025-07-24T21:22:48","date_gmt":"2025-07-24T21:22:48","guid":{"rendered":"https:\/\/redeportivamx.com\/?p=47458"},"modified":"2025-07-24T21:22:50","modified_gmt":"2025-07-24T21:22:50","slug":"todo-lo-que-debes-saber-del-queretaro-vs-pumas-debutara-keylor-navas-en-la-corregidora","status":"publish","type":"post","link":"https:\/\/redeportivamx.com\/index.php\/2025\/07\/24\/todo-lo-que-debes-saber-del-queretaro-vs-pumas-debutara-keylor-navas-en-la-corregidora\/","title":{"rendered":"Todo lo que debes saber del Quer\u00e9taro vs Pumas: \u00bfDebutar\u00e1 Keylor Navas en La Corregidora?"},"content":{"rendered":"\n<p>El <strong>Estadio Corregidora<\/strong> se prepara para una noche hist\u00f3rica: el <strong>debut de Keylor Navas en la Liga MX<\/strong> con los Pumas de la UNAM. Este viernes, en el duelo correspondiente a la <strong>Jornada 3 del Apertura 2025<\/strong>, el legendario arquero costarricense podr\u00eda defender por primera vez el arco universitario, generando gran expectativa entre los fan\u00e1ticos del f\u00fatbol mexicano.<\/p>\n\n\n\n<figure class=\"wp-block-image size-large\"><img fetchpriority=\"high\" decoding=\"async\" width=\"1024\" height=\"560\" src=\"https:\/\/redeportivamx.com\/wp-content\/uploads\/2025\/07\/GwphFICWkAA_vmJ-1024x560.jpeg\" alt=\"\" class=\"wp-image-47460\" srcset=\"https:\/\/redeportivamx.com\/wp-content\/uploads\/2025\/07\/GwphFICWkAA_vmJ-1024x560.jpeg 1024w, https:\/\/redeportivamx.com\/wp-content\/uploads\/2025\/07\/GwphFICWkAA_vmJ-300x164.jpeg 300w, https:\/\/redeportivamx.com\/wp-content\/uploads\/2025\/07\/GwphFICWkAA_vmJ-768x420.jpeg 768w, https:\/\/redeportivamx.com\/wp-content\/uploads\/2025\/07\/GwphFICWkAA_vmJ.jpeg 1290w\" sizes=\"(max-width: 1024px) 100vw, 1024px\" \/><\/figure>\n\n\n\n<p><\/p>\n\n\n\n<h2 class=\"wp-block-heading\">Un debut que paraliza a Quer\u00e9taro<\/h2>\n\n\n\n<p>Con <strong>12 t\u00edtulos con el Real Madrid<\/strong>, incluidos tres Champions League, y 10 m\u00e1s con el PSG, adem\u00e1s de 120 partidos con la selecci\u00f3n de Costa Rica, <strong>Keylor Navas es uno de los arqueros m\u00e1s exitosos de la \u00faltima d\u00e9cada<\/strong>. Su llegada a la Liga MX busca consolidar la defensa universitaria y devolverle protagonismo a Pumas, que viene de un arranque complicado.<\/p>\n\n\n\n<figure class=\"wp-block-image size-large\"><img decoding=\"async\" width=\"1024\" height=\"732\" src=\"https:\/\/redeportivamx.com\/wp-content\/uploads\/2025\/07\/X2J3JDCHXRC3VGVTU7SOAUEN2U-1024x732.jpg\" alt=\"\" class=\"wp-image-47461\" srcset=\"https:\/\/redeportivamx.com\/wp-content\/uploads\/2025\/07\/X2J3JDCHXRC3VGVTU7SOAUEN2U-1024x732.jpg 1024w, https:\/\/redeportivamx.com\/wp-content\/uploads\/2025\/07\/X2J3JDCHXRC3VGVTU7SOAUEN2U-300x214.jpg 300w, https:\/\/redeportivamx.com\/wp-content\/uploads\/2025\/07\/X2J3JDCHXRC3VGVTU7SOAUEN2U-768x549.jpg 768w, https:\/\/redeportivamx.com\/wp-content\/uploads\/2025\/07\/X2J3JDCHXRC3VGVTU7SOAUEN2U-1536x1098.jpg 1536w, https:\/\/redeportivamx.com\/wp-content\/uploads\/2025\/07\/X2J3JDCHXRC3VGVTU7SOAUEN2U-2048x1464.jpg 2048w\" sizes=\"(max-width: 1024px) 100vw, 1024px\" \/><figcaption class=\"wp-element-caption\">Real Madrid&#8217;s Costa Rican goalkeeper Keylor Navas lifts the trophy after Real Madrid won the UEFA Champions League final football match between Juventus and Real Madrid at The Principality Stadium in Cardiff, south Wales, on June 3, 2017. \/ AFP PHOTO \/ Filippo MONTEFORTE<\/figcaption><\/figure>\n\n\n\n<h2 class=\"wp-block-heading\">Boletos m\u00e1s caros y lleno total<\/h2>\n\n\n\n<p>La expectativa por el debut de Navas dispar\u00f3 el inter\u00e9s de la afici\u00f3n, y con ello, los <strong>precios de los boletos subieron entre 24% y 57%<\/strong> comparado con el \u00faltimo partido de local de Gallos. Se espera un lleno total en La Corregidora, donde la <strong>zona azul subi\u00f3 24%, las cabeceras sur un 57% y la zona visitante m\u00e1s de 50%<\/strong>.<\/p>\n\n\n\n<figure class=\"wp-block-image size-large\"><img decoding=\"async\" width=\"1024\" height=\"683\" src=\"https:\/\/redeportivamx.com\/wp-content\/uploads\/2025\/07\/GmDL5i8aAAA4aHQ-1024x683.jpeg\" alt=\"\" class=\"wp-image-47462\" srcset=\"https:\/\/redeportivamx.com\/wp-content\/uploads\/2025\/07\/GmDL5i8aAAA4aHQ-1024x683.jpeg 1024w, https:\/\/redeportivamx.com\/wp-content\/uploads\/2025\/07\/GmDL5i8aAAA4aHQ-300x200.jpeg 300w, https:\/\/redeportivamx.com\/wp-content\/uploads\/2025\/07\/GmDL5i8aAAA4aHQ-768x512.jpeg 768w, https:\/\/redeportivamx.com\/wp-content\/uploads\/2025\/07\/GmDL5i8aAAA4aHQ-1536x1025.jpeg 1536w, https:\/\/redeportivamx.com\/wp-content\/uploads\/2025\/07\/GmDL5i8aAAA4aHQ.jpeg 2048w\" sizes=\"(max-width: 1024px) 100vw, 1024px\" \/><\/figure>\n\n\n\n<h2 class=\"wp-block-heading\">Seguridad reforzada y venta de alcohol limitada<\/h2>\n\n\n\n<p>Autoridades estatales confirmaron <strong>un operativo especial de seguridad<\/strong> para este partido, garantizando un ambiente familiar y seguro para todos los asistentes. Adem\u00e1s, <strong>la venta de bebidas alcoh\u00f3licas ser\u00e1 \u00fanicamente durante el primer tiempo<\/strong> como parte de una campa\u00f1a de prevenci\u00f3n acordada con la directiva de Gallos.<\/p>\n\n\n\n<h2 class=\"wp-block-heading\">\u00bfC\u00f3mo llegan Gallos y Pumas?<\/h2>\n\n\n\n<p>Ambos equipos atraviesan momentos dif\u00edciles. <strong>Quer\u00e9taro suma dos derrotas consecutivas<\/strong> (Tijuana y Necaxa) y est\u00e1 urgido de puntos. Pumas tampoco ha mostrado su mejor versi\u00f3n en este inicio de torneo, por lo que el duelo podr\u00eda ser <strong>cerrado y con ambos priorizando no perder<\/strong>.<\/p>\n\n\n\n<h2 class=\"wp-block-heading\">Local\u00eda de Gallos, un factor clave<\/h2>\n\n\n\n<p>A pesar del mal inicio, Gallos encuentra impulso en casa y <strong>ha ganado sus dos \u00faltimos partidos como local frente a Pumas<\/strong>. Si la defensa universitaria no logra ajustarse, Quer\u00e9taro podr\u00eda aprovechar para marcar goles y romper la mala racha.<\/p>\n\n\n\n<h2 class=\"wp-block-heading\">Rutas y accesos<\/h2>\n\n\n\n<p>Dado el lleno esperado, se recomienda a la afici\u00f3n llegar con anticipaci\u00f3n, utilizar transporte p\u00fablico, ubicar con tiempo rutas alternas y seguir las indicaciones de Protecci\u00f3n Civil para <strong>garantizar un acceso \u00e1gil y seguro<\/strong> al estadio.<\/p>\n\n\n\n<h3 class=\"wp-block-heading\"><\/h3>\n\n\n\n<p>Con todo listo, <strong>La Corregidora se convertir\u00e1 en el epicentro del f\u00fatbol mexicano este viernes<\/strong>. \u00bfLograr\u00e1 Keylor Navas debutar con victoria en la Liga MX? \u00bfO Gallos aprovechar\u00e1 la local\u00eda para romper su mala racha y amargar el estreno del legendario portero?<\/p>\n\n\n\n<figure class=\"wp-block-image size-large\"><img loading=\"lazy\" decoding=\"async\" width=\"1024\" height=\"576\" src=\"https:\/\/redeportivamx.com\/wp-content\/uploads\/2025\/07\/pumascae_19_2_34_106-1024x576.jpg\" alt=\"\" class=\"wp-image-47465\" srcset=\"https:\/\/redeportivamx.com\/wp-content\/uploads\/2025\/07\/pumascae_19_2_34_106-1024x576.jpg 1024w, https:\/\/redeportivamx.com\/wp-content\/uploads\/2025\/07\/pumascae_19_2_34_106-300x169.jpg 300w, https:\/\/redeportivamx.com\/wp-content\/uploads\/2025\/07\/pumascae_19_2_34_106-768x432.jpg 768w, https:\/\/redeportivamx.com\/wp-content\/uploads\/2025\/07\/pumascae_19_2_34_106.jpg 1280w\" sizes=\"(max-width: 1024px) 100vw, 1024px\" \/><\/figure>\n\n\n\n<p><\/p>\n","protected":false},"excerpt":{"rendered":"<p>El Estadio Corregidora se prepara para una noche hist\u00f3rica: el debut de Keylor Navas en la Liga MX con los Pumas de la UNAM. Este viernes, en el duelo correspondiente a la Jornada 3 del Apertura 2025, el legendario arquero costarricense podr\u00eda defender por primera vez el arco universitario, generando gran expectativa entre los fan\u00e1ticos [&hellip;]<\/p>\n","protected":false},"author":22,"featured_media":47464,"comment_status":"open","ping_status":"open","sticky":false,"template":"","format":"standard","meta":{"_monsterinsights_skip_tracking":false,"_monsterinsights_sitenote_active":false,"_monsterinsights_sitenote_note":"","_monsterinsights_sitenote_category":0,"_jetpack_memberships_contains_paid_content":false,"footnotes":""},"categories":[10],"tags":[1434,2178,2379,2339,20,2380,19,80],"class_list":["post-47458","post","type-post","status-publish","format-standard","has-post-thumbnail","hentry","category-liga-bbva-mx","tag-gallos","tag-gallos-blancos","tag-keylor","tag-keylor-navas","tag-ligamx","tag-navas","tag-pumas","tag-queretaro"],"aioseo_notices":[],"jetpack_featured_media_url":"https:\/\/redeportivamx.com\/wp-content\/uploads\/2025\/07\/Purple-Modern-Football-Match-Day-You-Tube-Thumbnail.png","jetpack_sharing_enabled":true,"_links":{"self":[{"href":"https:\/\/redeportivamx.com\/index.php\/wp-json\/wp\/v2\/posts\/47458","targetHints":{"allow":["GET"]}}],"collection":[{"href":"https:\/\/redeportivamx.com\/index.php\/wp-json\/wp\/v2\/posts"}],"about":[{"href":"https:\/\/redeportivamx.com\/index.php\/wp-json\/wp\/v2\/types\/post"}],"author":[{"embeddable":true,"href":"https:\/\/redeportivamx.com\/index.php\/wp-json\/wp\/v2\/users\/22"}],"replies":[{"embeddable":true,"href":"https:\/\/redeportivamx.com\/index.php\/wp-json\/wp\/v2\/comments?post=47458"}],"version-history":[{"count":1,"href":"https:\/\/redeportivamx.com\/index.php\/wp-json\/wp\/v2\/posts\/47458\/revisions"}],"predecessor-version":[{"id":47466,"href":"https:\/\/redeportivamx.com\/index.php\/wp-json\/wp\/v2\/posts\/47458\/revisions\/47466"}],"wp:featuredmedia":[{"embeddable":true,"href":"https:\/\/redeportivamx.com\/index.php\/wp-json\/wp\/v2\/media\/47464"}],"wp:attachment":[{"href":"https:\/\/redeportivamx.com\/index.php\/wp-json\/wp\/v2\/media?parent=47458"}],"wp:term":[{"taxonomy":"category","embeddable":true,"href":"https:\/\/redeportivamx.com\/index.php\/wp-json\/wp\/v2\/categories?post=47458"},{"taxonomy":"post_tag","embeddable":true,"href":"https:\/\/redeportivamx.com\/index.php\/wp-json\/wp\/v2\/tags?post=47458"}],"curies":[{"name":"wp","href":"https:\/\/api.w.org\/{rel}","templated":true}]}}