{"id":46700,"date":"2025-06-11T05:45:53","date_gmt":"2025-06-11T05:45:53","guid":{"rendered":"https:\/\/redeportivamx.com\/?p=46700"},"modified":"2025-06-11T05:45:55","modified_gmt":"2025-06-11T05:45:55","slug":"javier-aguirre-contundente-con-raul-jimenez-y-santiago-gimenez-son-bien-gueyes","status":"publish","type":"post","link":"https:\/\/redeportivamx.com\/index.php\/2025\/06\/11\/javier-aguirre-contundente-con-raul-jimenez-y-santiago-gimenez-son-bien-gueyes\/","title":{"rendered":"Javier Aguirre contundente con Ra\u00fal Jim\u00e9nez y Santiago Gim\u00e9nez: &#8220;Son bien g\u00fceyes&#8221;"},"content":{"rendered":"\n<p>Despu\u00e9s de la victoria de la <a href=\"https:\/\/redeportivamx.com\/index.php\/category\/seleccion-mexicana\/\" target=\"_blank\" rel=\"noopener\" title=\"\">Selecci\u00f3n Mexicana<\/a> ante Turqu\u00eda por 1-0 en Carolina del Norte, Javier Aguirre dej\u00f3 declaraciones contundentes sobre el presente del equipo. El t\u00e9cnico mexicano destac\u00f3 que sac\u00f3 conclusiones importantes despu\u00e9s de los dos partidos amistosos recientes previo a la Copa Oro.<\/p>\n\n\n\n<blockquote class=\"wp-block-quote is-layout-flow wp-block-quote-is-layout-flow\">\n<p>&#8220;Entrenamos en el campo y pusimos \u00e9nfasis en que no pod\u00edamos defender de esa manera. En el aspecto ofensivo estuvo serio y cambiamos a tres de los cuatro atr\u00e1s, tuvimos niveles parecidos. Lo entrenamos en el campo y lo practicaron bien\u201d.<\/p>\n<cite><mark class=\"has-inline-color has-vivid-red-color\">Javier Aguirre<\/mark><\/cite><\/blockquote>\n\n\n\n<p>Por otra parte, Aguirre no se vio contento con Ra\u00fal Jim\u00e9nez y Santiago Gim\u00e9nez, ya que los dos deben mostrar m\u00e1s ego\u00edsmo para concretar las oportunidades de gol.<\/p>\n\n\n\n<blockquote class=\"wp-block-quote is-layout-flow wp-block-quote-is-layout-flow\">\n<p>\u201cGenerosos no, son bien g\u00fceyes. Tienes para &#8216;matar&#8217; y se la da al otro bien inc\u00f3modo. Hay mucha camarader\u00eda&#8230; Lo hablaremos con ellos\u201d.<\/p>\n<cite><mark class=\"has-inline-color has-vivid-red-color\">Javier Aguirre<\/mark><\/cite><\/blockquote>\n\n\n\n<figure class=\"wp-block-embed is-type-rich is-provider-twitter wp-block-embed-twitter\"><div class=\"wp-block-embed__wrapper\">\n<div class=\"embed-twitter\"><blockquote class=\"twitter-tweet\" data-width=\"550\" data-dnt=\"true\"><p lang=\"es\" dir=\"ltr\">\u201cSon bien weyes, tienes para meter y terminas d\u00e1ndosela al otro\u2026\u201d \ud83d\udde3\ufe0f<br><br>Javier Aguirre fue cr\u00edtico con los delanteros de la Selecci\u00f3n Mexicana tras no ser efectivos en el partido contra Turqu\u00eda \ud83d\ude05<a href=\"https:\/\/twitter.com\/hashtag\/LaRadioDelMundial?src=hash&amp;ref_src=twsrc%5Etfw\">#LaRadioDelMundial<\/a> <a href=\"https:\/\/t.co\/M2ToV9R7ud\">pic.twitter.com\/M2ToV9R7ud<\/a><\/p>&mdash; La Octava Sports (@laoctavasports) <a href=\"https:\/\/twitter.com\/laoctavasports\/status\/1932651875758743872?ref_src=twsrc%5Etfw\">June 11, 2025<\/a><\/blockquote><script async src=\"https:\/\/platform.twitter.com\/widgets.js\" charset=\"utf-8\"><\/script><\/div>\n<\/div><\/figure>\n\n\n\n<p>Adem\u00e1s, Aguirre destac\u00f3 que en M\u00e9xico los jugadores tienen comodidad: buenos salarios, cercan\u00eda con sus familias y un entorno favorable. Sin embargo, se\u00f1al\u00f3 que la verdadera evoluci\u00f3n ocurre cuando los futbolistas se enfrentan a desaf\u00edos en ligas extranjeras, donde deben adaptarse a nuevos idiomas, culturas y exigencias deportivas.<\/p>\n\n\n\n<blockquote class=\"wp-block-quote is-layout-flow wp-block-quote-is-layout-flow\">\n<p>&#8220;Ayuda mucho, por supuesto, los invito para que hagan todo lo posible para salir de M\u00e9xico. Aqu\u00ed ganan bien, pagan bien, est\u00e1s en tu idioma, tu comida, pero all\u00e1 te quiero ver en Holanda, en B\u00e9lgica, en Portugal, yo qu\u00e9 s\u00e9, donde no entiendes desde que llegas, donde te ven con lupa, donde tu familia tiene que r\u00e1pidamente adaptarse, la comida, los tiempos, los horarios, los climas, y es ah\u00ed donde despiertas tus cinco sentidos y te obliga de manera natural a ser mejor\u201d.<\/p>\n<cite><mark class=\"has-inline-color has-vivid-red-color\">Javier Aguirre<\/mark><\/cite><\/blockquote>\n\n\n\n<figure class=\"wp-block-embed is-type-rich is-provider-twitter wp-block-embed-twitter\"><div class=\"wp-block-embed__wrapper\">\n<div class=\"embed-twitter\"><blockquote class=\"twitter-tweet\" data-width=\"550\" data-dnt=\"true\"><p lang=\"es\" dir=\"ltr\">Javier Aguirre, t\u00e9cnico de la Selecci\u00f3n Mexicana, asegur\u00f3 que jugar en otras ligas \u201cte despierta los 5 sentidos y te obliga a ser mejor\u201d<br><br>\ud83d\udcf9 Enrique Mart\u00ednez (<a href=\"https:\/\/twitter.com\/enrique_mtzv?ref_src=twsrc%5Etfw\">@enrique_mtzv<\/a>) <a href=\"https:\/\/t.co\/5f1O9meFnP\">pic.twitter.com\/5f1O9meFnP<\/a><\/p>&mdash; MedioTiempo (@mediotiempo) <a href=\"https:\/\/twitter.com\/mediotiempo\/status\/1932657039638941807?ref_src=twsrc%5Etfw\">June 11, 2025<\/a><\/blockquote><script async src=\"https:\/\/platform.twitter.com\/widgets.js\" charset=\"utf-8\"><\/script><\/div>\n<\/div><\/figure>\n\n\n\n<p><\/p>\n","protected":false},"excerpt":{"rendered":"<p>Despu\u00e9s de la victoria de la Selecci\u00f3n Mexicana ante Turqu\u00eda por 1-0 en Carolina del Norte, Javier Aguirre dej\u00f3 declaraciones contundentes sobre el presente del equipo. El t\u00e9cnico mexicano destac\u00f3 que sac\u00f3 conclusiones importantes despu\u00e9s de los dos partidos amistosos recientes previo a la Copa Oro. &#8220;Entrenamos en el campo y pusimos \u00e9nfasis en que [&hellip;]<\/p>\n","protected":false},"author":1,"featured_media":46702,"comment_status":"open","ping_status":"open","sticky":false,"template":"","format":"standard","meta":{"_monsterinsights_skip_tracking":false,"_monsterinsights_sitenote_active":false,"_monsterinsights_sitenote_note":"","_monsterinsights_sitenote_category":0,"_jetpack_memberships_contains_paid_content":false,"footnotes":""},"categories":[40],"tags":[117],"class_list":["post-46700","post","type-post","status-publish","format-standard","has-post-thumbnail","hentry","category-seleccion-mexicana","tag-seleccion-mexicana"],"aioseo_notices":[],"jetpack_featured_media_url":"https:\/\/redeportivamx.com\/wp-content\/uploads\/2025\/06\/image-10.png","jetpack_sharing_enabled":true,"_links":{"self":[{"href":"https:\/\/redeportivamx.com\/index.php\/wp-json\/wp\/v2\/posts\/46700","targetHints":{"allow":["GET"]}}],"collection":[{"href":"https:\/\/redeportivamx.com\/index.php\/wp-json\/wp\/v2\/posts"}],"about":[{"href":"https:\/\/redeportivamx.com\/index.php\/wp-json\/wp\/v2\/types\/post"}],"author":[{"embeddable":true,"href":"https:\/\/redeportivamx.com\/index.php\/wp-json\/wp\/v2\/users\/1"}],"replies":[{"embeddable":true,"href":"https:\/\/redeportivamx.com\/index.php\/wp-json\/wp\/v2\/comments?post=46700"}],"version-history":[{"count":1,"href":"https:\/\/redeportivamx.com\/index.php\/wp-json\/wp\/v2\/posts\/46700\/revisions"}],"predecessor-version":[{"id":46703,"href":"https:\/\/redeportivamx.com\/index.php\/wp-json\/wp\/v2\/posts\/46700\/revisions\/46703"}],"wp:featuredmedia":[{"embeddable":true,"href":"https:\/\/redeportivamx.com\/index.php\/wp-json\/wp\/v2\/media\/46702"}],"wp:attachment":[{"href":"https:\/\/redeportivamx.com\/index.php\/wp-json\/wp\/v2\/media?parent=46700"}],"wp:term":[{"taxonomy":"category","embeddable":true,"href":"https:\/\/redeportivamx.com\/index.php\/wp-json\/wp\/v2\/categories?post=46700"},{"taxonomy":"post_tag","embeddable":true,"href":"https:\/\/redeportivamx.com\/index.php\/wp-json\/wp\/v2\/tags?post=46700"}],"curies":[{"name":"wp","href":"https:\/\/api.w.org\/{rel}","templated":true}]}}