{"id":46080,"date":"2025-04-24T08:47:06","date_gmt":"2025-04-24T08:47:06","guid":{"rendered":"https:\/\/redeportivamx.com\/?p=46080"},"modified":"2025-04-24T08:47:08","modified_gmt":"2025-04-24T08:47:08","slug":"cuidado-con-la-bomba-henry-martin-regresa-a-entrenar","status":"publish","type":"post","link":"https:\/\/redeportivamx.com\/index.php\/2025\/04\/24\/cuidado-con-la-bomba-henry-martin-regresa-a-entrenar\/","title":{"rendered":"\u00a1Cuidado con &#8216;La Bomba&#8217;! Henry Mart\u00edn regresa a entrenar"},"content":{"rendered":"\n<p class=\"wp-block-paragraph\">El capit\u00e1n de las \u00c1guilas del Am\u00e9rica, Henry &#8216;La Bomba&#8217; Mart\u00edn se reincorpor\u00f3 a los entrenamientos del Club Am\u00e9rica tras m\u00e1s de un mes fuera de acci\u00f3n por una tendinitis, misma que le provoc\u00f3 salir de cambio en el Cl\u00e1sico de M\u00e9xico cuando los azulcremas golearon 4-0 a los rojiblancos en la vuelta de los octavos de final de la CONCACAF Liga de Campeones.<\/p>\n\n\n\n<p class=\"wp-block-paragraph\">Con las altas posibilidades de clasificar a la liguilla y de cara al cierre del torneo, las \u00c1guilas no arriesgaron a su capit\u00e1n e incluso viajo a Guadalajara para ser valorado por un especialista. Ahora que se reincorpor\u00f3 y gracias al calendario de la Liga, las probabilidades de que Henry dispute los cuartos de final de este Clausura 2025 son altas.<\/p>\n\n\n\n<p class=\"wp-block-paragraph\">El Am\u00e9rica clasific\u00f3 en segundo lugar de la tabla y espera rival del Play In, espec\u00edficamente de la llave donde se encuentran Rayados y Pachuca. Gracias a dicho repechaje, Mart\u00edn tendr\u00e1 15 d\u00edas adicionales antes de que comience la fiesta grande del fubtol mexicano para poder retomar el nivel al que nos tiene acostumbrados.<\/p>\n\n\n\n<p class=\"wp-block-paragraph\">Aunque es demasiado pronto para especular sobre alineaciones pues a\u00fan no se conoce al rival, las posibilidades de que Mart\u00edn regres\u00e9 para los cuartos de final son bastante elevadas, adem\u00e1s de que cabe destacar el excelente trabajo que V\u00edctor D\u00e1vila y Rodrigo Aguirre hicieron durante la ausencia del delantero azulcrema.<\/p>\n\n\n\n<figure class=\"wp-block-embed is-type-rich is-provider-twitter wp-block-embed-twitter\"><div class=\"wp-block-embed__wrapper\">\n<div class=\"embed-twitter\"><blockquote class=\"twitter-tweet\" data-width=\"550\" data-dnt=\"true\"><p lang=\"es\" dir=\"ltr\">\u00a1BOMBAAAAA! \ud83d\udd25<br><br>Poco a poco, Henry. \ud83d\udcaa <a href=\"https:\/\/t.co\/WCGqKrEvw5\">pic.twitter.com\/WCGqKrEvw5<\/a><\/p>&mdash; Club Am\u00e9rica (@ClubAmerica) <a href=\"https:\/\/twitter.com\/ClubAmerica\/status\/1914878274691358864?ref_src=twsrc%5Etfw\">April 23, 2025<\/a><\/blockquote><script async src=\"https:\/\/platform.twitter.com\/widgets.js\" charset=\"utf-8\"><\/script><\/div>\n<\/div><\/figure>\n","protected":false},"excerpt":{"rendered":"<p>El capit\u00e1n de las \u00c1guilas del Am\u00e9rica, Henry &#8216;La Bomba&#8217; Mart\u00edn se reincorpor\u00f3 a los entrenamientos del Club Am\u00e9rica tras m\u00e1s de un mes fuera de acci\u00f3n por una tendinitis, misma que le provoc\u00f3 salir de cambio en el Cl\u00e1sico de M\u00e9xico cuando los azulcremas golearon 4-0 a los rojiblancos en la vuelta de los [&hellip;]<\/p>\n","protected":false},"author":13,"featured_media":46081,"comment_status":"open","ping_status":"open","sticky":false,"template":"","format":"standard","meta":{"_monsterinsights_skip_tracking":false,"_jetpack_newsletter_access":"","_jetpack_dont_email_post_to_subs":false,"_jetpack_newsletter_tier_id":0,"_jetpack_memberships_contains_paywalled_content":false,"_jetpack_feature_clip_id":0,"_jetpack_memberships_contains_paid_content":false,"footnotes":"","jetpack_post_was_ever_published":false},"categories":[10],"tags":[123,2209,522,20,434],"class_list":["post-46080","post","type-post","status-publish","format-standard","has-post-thumbnail","hentry","category-liga-bbva-mx","tag-america","tag-clasico-de-mexico","tag-henry-martin","tag-ligamx","tag-liguilla"],"aioseo_notices":[],"aioseo_head":"\n\t\t<!-- All in One SEO 5.0.1.1 - aioseo.com -->\n\t<meta name=\"description\" content=\"El capit\u00e1n de las \u00c1guilas del Am\u00e9rica, Henry &#039;La Bomba&#039; Mart\u00edn se reincorpor\u00f3 a los entrenamientos del Club Am\u00e9rica tras m\u00e1s de un mes fuera de acci\u00f3n por una tendinitis, misma que le provoc\u00f3 salir de cambio en el Cl\u00e1sico de M\u00e9xico cuando los azulcremas golearon 4-0 a los rojiblancos en la vuelta de los\" \/>\n\t<meta name=\"robots\" content=\"max-image-preview:large\" \/>\n\t<meta name=\"author\" content=\"Ivan Emeterio Araujo\"\/>\n\t<link rel=\"canonical\" href=\"https:\/\/redeportivamx.com\/index.php\/2025\/04\/24\/cuidado-con-la-bomba-henry-martin-regresa-a-entrenar\/\" \/>\n\t<meta name=\"generator\" content=\"All in One SEO (AIOSEO) 5.0.1.1\" \/>\n\t\t<meta property=\"og:locale\" content=\"es_MX\" \/>\n\t\t<meta property=\"og:site_name\" content=\"Redeportiva MX - \u00a1Conectando tu pasi\u00f3n!\" \/>\n\t\t<meta property=\"og:type\" content=\"sport\" \/>\n\t\t<meta property=\"og:title\" content=\"\u00a1Cuidado con \u2018La Bomba\u2019! Henry Mart\u00edn regresa a entrenar - Redeportiva MX\" \/>\n\t\t<meta property=\"og:description\" content=\"El capit\u00e1n de las \u00c1guilas del Am\u00e9rica, Henry &#039;La Bomba&#039; Mart\u00edn se reincorpor\u00f3 a los entrenamientos del Club Am\u00e9rica tras m\u00e1s de un mes fuera de acci\u00f3n por una tendinitis, misma que le provoc\u00f3 salir de cambio en el Cl\u00e1sico de M\u00e9xico cuando los azulcremas golearon 4-0 a los rojiblancos en la vuelta de los\" \/>\n\t\t<meta property=\"og:url\" content=\"https:\/\/redeportivamx.com\/index.php\/2025\/04\/24\/cuidado-con-la-bomba-henry-martin-regresa-a-entrenar\/\" \/>\n\t\t<meta property=\"og:image\" content=\"https:\/\/redeportivamx.com\/wp-content\/uploads\/2025\/04\/IMG_2417.jpeg\" \/>\n\t\t<meta property=\"og:image:secure_url\" content=\"https:\/\/redeportivamx.com\/wp-content\/uploads\/2025\/04\/IMG_2417.jpeg\" \/>\n\t\t<meta property=\"og:image:width\" content=\"1536\" \/>\n\t\t<meta property=\"og:image:height\" content=\"1152\" \/>\n\t\t<meta name=\"twitter:card\" content=\"summary_large_image\" \/>\n\t\t<meta name=\"twitter:site\" content=\"@Redeportivamx\" \/>\n\t\t<meta name=\"twitter:title\" content=\"\u00a1Cuidado con \u2018La Bomba\u2019! Henry Mart\u00edn regresa a entrenar - Redeportiva MX\" \/>\n\t\t<meta name=\"twitter:description\" content=\"El capit\u00e1n de las \u00c1guilas del Am\u00e9rica, Henry &#039;La Bomba&#039; Mart\u00edn se reincorpor\u00f3 a los entrenamientos del Club Am\u00e9rica tras m\u00e1s de un mes fuera de acci\u00f3n por una tendinitis, misma que le provoc\u00f3 salir de cambio en el Cl\u00e1sico de M\u00e9xico cuando los azulcremas golearon 4-0 a los rojiblancos en la vuelta de los\" \/>\n\t\t<meta name=\"twitter:creator\" content=\"@Redeportivamx\" \/>\n\t\t<meta name=\"twitter:image\" content=\"https:\/\/redeportivamx.com\/wp-content\/uploads\/2025\/04\/IMG_2417.jpeg\" \/>\n\t\t<script type=\"application\/ld+json\" class=\"aioseo-schema\">\n\t\t\t{\"@context\":\"https:\\\/\\\/schema.org\",\"@graph\":[{\"@type\":\"BlogPosting\",\"@id\":\"https:\\\/\\\/redeportivamx.com\\\/index.php\\\/2025\\\/04\\\/24\\\/cuidado-con-la-bomba-henry-martin-regresa-a-entrenar\\\/#blogposting\",\"name\":\"\\u00a1Cuidado con \\u2018La Bomba\\u2019! Henry Mart\\u00edn regresa a entrenar - Redeportiva MX\",\"headline\":\"\\u00a1Cuidado con &#8216;La Bomba&#8217;! Henry Mart\\u00edn regresa a entrenar\",\"author\":{\"@id\":\"https:\\\/\\\/redeportivamx.com\\\/index.php\\\/author\\\/ivan-emeterio-araujo\\\/#author\"},\"publisher\":{\"@id\":\"https:\\\/\\\/redeportivamx.com\\\/#organization\"},\"image\":{\"@type\":\"ImageObject\",\"url\":\"https:\\\/\\\/redeportivamx.com\\\/wp-content\\\/uploads\\\/2025\\\/04\\\/IMG_2417.jpeg\",\"width\":1536,\"height\":1152},\"datePublished\":\"2025-04-24T08:47:06-06:00\",\"dateModified\":\"2025-04-24T08:47:08-06:00\",\"inLanguage\":\"es-MX\",\"mainEntityOfPage\":{\"@id\":\"https:\\\/\\\/redeportivamx.com\\\/index.php\\\/2025\\\/04\\\/24\\\/cuidado-con-la-bomba-henry-martin-regresa-a-entrenar\\\/#webpage\"},\"isPartOf\":{\"@id\":\"https:\\\/\\\/redeportivamx.com\\\/index.php\\\/2025\\\/04\\\/24\\\/cuidado-con-la-bomba-henry-martin-regresa-a-entrenar\\\/#webpage\"},\"articleSection\":\"Liga BBVA MX, Am\\u00e9rica, Cl\\u00e1sico de M\\u00e9xico, Henry Mart\\u00edn, LigaMX, Liguilla\"},{\"@type\":\"BreadcrumbList\",\"@id\":\"https:\\\/\\\/redeportivamx.com\\\/index.php\\\/2025\\\/04\\\/24\\\/cuidado-con-la-bomba-henry-martin-regresa-a-entrenar\\\/#breadcrumblist\",\"itemListElement\":[{\"@type\":\"ListItem\",\"@id\":\"https:\\\/\\\/redeportivamx.com#listItem\",\"position\":1,\"name\":\"Home\",\"item\":\"https:\\\/\\\/redeportivamx.com\",\"nextItem\":{\"@type\":\"ListItem\",\"@id\":\"https:\\\/\\\/redeportivamx.com\\\/index.php\\\/category\\\/liga-bbva-mx\\\/#listItem\",\"name\":\"Liga BBVA MX\"}},{\"@type\":\"ListItem\",\"@id\":\"https:\\\/\\\/redeportivamx.com\\\/index.php\\\/category\\\/liga-bbva-mx\\\/#listItem\",\"position\":2,\"name\":\"Liga BBVA MX\",\"item\":\"https:\\\/\\\/redeportivamx.com\\\/index.php\\\/category\\\/liga-bbva-mx\\\/\",\"nextItem\":{\"@type\":\"ListItem\",\"@id\":\"https:\\\/\\\/redeportivamx.com\\\/index.php\\\/2025\\\/04\\\/24\\\/cuidado-con-la-bomba-henry-martin-regresa-a-entrenar\\\/#listItem\",\"name\":\"\\u00a1Cuidado con &#8216;La Bomba&#8217;! Henry Mart\\u00edn regresa a entrenar\"},\"previousItem\":{\"@type\":\"ListItem\",\"@id\":\"https:\\\/\\\/redeportivamx.com#listItem\",\"name\":\"Home\"}},{\"@type\":\"ListItem\",\"@id\":\"https:\\\/\\\/redeportivamx.com\\\/index.php\\\/2025\\\/04\\\/24\\\/cuidado-con-la-bomba-henry-martin-regresa-a-entrenar\\\/#listItem\",\"position\":3,\"name\":\"\\u00a1Cuidado con &#8216;La Bomba&#8217;! Henry Mart\\u00edn regresa a entrenar\",\"previousItem\":{\"@type\":\"ListItem\",\"@id\":\"https:\\\/\\\/redeportivamx.com\\\/index.php\\\/category\\\/liga-bbva-mx\\\/#listItem\",\"name\":\"Liga BBVA MX\"}}]},{\"@type\":\"Organization\",\"@id\":\"https:\\\/\\\/redeportivamx.com\\\/#organization\",\"name\":\"redeportivamx.com\",\"description\":\"\\u00a1Conectando tu pasi\\u00f3n!\",\"url\":\"https:\\\/\\\/redeportivamx.com\\\/\",\"sameAs\":[\"https:\\\/\\\/www.facebook.com\\\/profile.php?id=61565592572733\",\"https:\\\/\\\/x.com\\\/Redeportivamx?s=20\",\"https:\\\/\\\/www.instagram.com\\\/redeportivamx\\\/\",\"https:\\\/\\\/www.tiktok.com\\\/@redeportiva.mx\",\"https:\\\/\\\/www.youtube.com\\\/@Redeportiva-MX\"]},{\"@type\":\"Person\",\"@id\":\"https:\\\/\\\/redeportivamx.com\\\/index.php\\\/author\\\/ivan-emeterio-araujo\\\/#author\",\"url\":\"https:\\\/\\\/redeportivamx.com\\\/index.php\\\/author\\\/ivan-emeterio-araujo\\\/\",\"name\":\"Ivan Emeterio Araujo\",\"image\":{\"@type\":\"ImageObject\",\"@id\":\"https:\\\/\\\/redeportivamx.com\\\/index.php\\\/2025\\\/04\\\/24\\\/cuidado-con-la-bomba-henry-martin-regresa-a-entrenar\\\/#authorImage\",\"url\":\"https:\\\/\\\/secure.gravatar.com\\\/avatar\\\/fa60642a347d5468bebaa7a8b887fbc0636bcc6af75b03cecafc68c651d71b42?s=96&d=mm&r=g\",\"width\":96,\"height\":96,\"caption\":\"Ivan Emeterio Araujo\"}},{\"@type\":\"WebPage\",\"@id\":\"https:\\\/\\\/redeportivamx.com\\\/index.php\\\/2025\\\/04\\\/24\\\/cuidado-con-la-bomba-henry-martin-regresa-a-entrenar\\\/#webpage\",\"url\":\"https:\\\/\\\/redeportivamx.com\\\/index.php\\\/2025\\\/04\\\/24\\\/cuidado-con-la-bomba-henry-martin-regresa-a-entrenar\\\/\",\"name\":\"\\u00a1Cuidado con \\u2018La Bomba\\u2019! Henry Mart\\u00edn regresa a entrenar - Redeportiva MX\",\"description\":\"El capit\\u00e1n de las \\u00c1guilas del Am\\u00e9rica, Henry 'La Bomba' Mart\\u00edn se reincorpor\\u00f3 a los entrenamientos del Club Am\\u00e9rica tras m\\u00e1s de un mes fuera de acci\\u00f3n por una tendinitis, misma que le provoc\\u00f3 salir de cambio en el Cl\\u00e1sico de M\\u00e9xico cuando los azulcremas golearon 4-0 a los rojiblancos en la vuelta de los\",\"inLanguage\":\"es-MX\",\"isPartOf\":{\"@id\":\"https:\\\/\\\/redeportivamx.com\\\/#website\"},\"breadcrumb\":{\"@id\":\"https:\\\/\\\/redeportivamx.com\\\/index.php\\\/2025\\\/04\\\/24\\\/cuidado-con-la-bomba-henry-martin-regresa-a-entrenar\\\/#breadcrumblist\"},\"author\":{\"@id\":\"https:\\\/\\\/redeportivamx.com\\\/index.php\\\/author\\\/ivan-emeterio-araujo\\\/#author\"},\"creator\":{\"@id\":\"https:\\\/\\\/redeportivamx.com\\\/index.php\\\/author\\\/ivan-emeterio-araujo\\\/#author\"},\"image\":{\"@type\":\"ImageObject\",\"url\":\"https:\\\/\\\/redeportivamx.com\\\/wp-content\\\/uploads\\\/2025\\\/04\\\/IMG_2417.jpeg\",\"@id\":\"https:\\\/\\\/redeportivamx.com\\\/index.php\\\/2025\\\/04\\\/24\\\/cuidado-con-la-bomba-henry-martin-regresa-a-entrenar\\\/#mainImage\",\"width\":1536,\"height\":1152},\"primaryImageOfPage\":{\"@id\":\"https:\\\/\\\/redeportivamx.com\\\/index.php\\\/2025\\\/04\\\/24\\\/cuidado-con-la-bomba-henry-martin-regresa-a-entrenar\\\/#mainImage\"},\"datePublished\":\"2025-04-24T08:47:06-06:00\",\"dateModified\":\"2025-04-24T08:47:08-06:00\"},{\"@type\":\"WebSite\",\"@id\":\"https:\\\/\\\/redeportivamx.com\\\/#website\",\"url\":\"https:\\\/\\\/redeportivamx.com\\\/\",\"name\":\"redeportivamx.com\",\"description\":\"\\u00a1Conectando tu pasi\\u00f3n!\",\"inLanguage\":\"es-MX\",\"publisher\":{\"@id\":\"https:\\\/\\\/redeportivamx.com\\\/#organization\"}}]}\n\t\t<\/script>\n\t\t<!-- All in One SEO -->\n\n","aioseo_head_json":{"title":"\u00a1Cuidado con \u2018La Bomba\u2019! Henry Mart\u00edn regresa a entrenar - Redeportiva MX","description":"El capit\u00e1n de las \u00c1guilas del Am\u00e9rica, Henry 'La Bomba' Mart\u00edn se reincorpor\u00f3 a los entrenamientos del Club Am\u00e9rica tras m\u00e1s de un mes fuera de acci\u00f3n por una tendinitis, misma que le provoc\u00f3 salir de cambio en el Cl\u00e1sico de M\u00e9xico cuando los azulcremas golearon 4-0 a los rojiblancos en la vuelta de los","canonical_url":"https:\/\/redeportivamx.com\/index.php\/2025\/04\/24\/cuidado-con-la-bomba-henry-martin-regresa-a-entrenar\/","robots":"max-image-preview:large","keywords":"","webmasterTools":{"miscellaneous":""},"schema":{"@context":"https:\/\/schema.org","@graph":[{"@type":"BlogPosting","@id":"https:\/\/redeportivamx.com\/index.php\/2025\/04\/24\/cuidado-con-la-bomba-henry-martin-regresa-a-entrenar\/#blogposting","name":"\u00a1Cuidado con \u2018La Bomba\u2019! Henry Mart\u00edn regresa a entrenar - Redeportiva MX","headline":"\u00a1Cuidado con &#8216;La Bomba&#8217;! Henry Mart\u00edn regresa a entrenar","author":{"@id":"https:\/\/redeportivamx.com\/index.php\/author\/ivan-emeterio-araujo\/#author"},"publisher":{"@id":"https:\/\/redeportivamx.com\/#organization"},"image":{"@type":"ImageObject","url":"https:\/\/redeportivamx.com\/wp-content\/uploads\/2025\/04\/IMG_2417.jpeg","width":1536,"height":1152},"datePublished":"2025-04-24T08:47:06-06:00","dateModified":"2025-04-24T08:47:08-06:00","inLanguage":"es-MX","mainEntityOfPage":{"@id":"https:\/\/redeportivamx.com\/index.php\/2025\/04\/24\/cuidado-con-la-bomba-henry-martin-regresa-a-entrenar\/#webpage"},"isPartOf":{"@id":"https:\/\/redeportivamx.com\/index.php\/2025\/04\/24\/cuidado-con-la-bomba-henry-martin-regresa-a-entrenar\/#webpage"},"articleSection":"Liga BBVA MX, Am\u00e9rica, Cl\u00e1sico de M\u00e9xico, Henry Mart\u00edn, LigaMX, Liguilla"},{"@type":"BreadcrumbList","@id":"https:\/\/redeportivamx.com\/index.php\/2025\/04\/24\/cuidado-con-la-bomba-henry-martin-regresa-a-entrenar\/#breadcrumblist","itemListElement":[{"@type":"ListItem","@id":"https:\/\/redeportivamx.com#listItem","position":1,"name":"Home","item":"https:\/\/redeportivamx.com","nextItem":{"@type":"ListItem","@id":"https:\/\/redeportivamx.com\/index.php\/category\/liga-bbva-mx\/#listItem","name":"Liga BBVA MX"}},{"@type":"ListItem","@id":"https:\/\/redeportivamx.com\/index.php\/category\/liga-bbva-mx\/#listItem","position":2,"name":"Liga BBVA MX","item":"https:\/\/redeportivamx.com\/index.php\/category\/liga-bbva-mx\/","nextItem":{"@type":"ListItem","@id":"https:\/\/redeportivamx.com\/index.php\/2025\/04\/24\/cuidado-con-la-bomba-henry-martin-regresa-a-entrenar\/#listItem","name":"\u00a1Cuidado con &#8216;La Bomba&#8217;! Henry Mart\u00edn regresa a entrenar"},"previousItem":{"@type":"ListItem","@id":"https:\/\/redeportivamx.com#listItem","name":"Home"}},{"@type":"ListItem","@id":"https:\/\/redeportivamx.com\/index.php\/2025\/04\/24\/cuidado-con-la-bomba-henry-martin-regresa-a-entrenar\/#listItem","position":3,"name":"\u00a1Cuidado con &#8216;La Bomba&#8217;! Henry Mart\u00edn regresa a entrenar","previousItem":{"@type":"ListItem","@id":"https:\/\/redeportivamx.com\/index.php\/category\/liga-bbva-mx\/#listItem","name":"Liga BBVA MX"}}]},{"@type":"Organization","@id":"https:\/\/redeportivamx.com\/#organization","name":"redeportivamx.com","description":"\u00a1Conectando tu pasi\u00f3n!","url":"https:\/\/redeportivamx.com\/","sameAs":["https:\/\/www.facebook.com\/profile.php?id=61565592572733","https:\/\/x.com\/Redeportivamx?s=20","https:\/\/www.instagram.com\/redeportivamx\/","https:\/\/www.tiktok.com\/@redeportiva.mx","https:\/\/www.youtube.com\/@Redeportiva-MX"]},{"@type":"Person","@id":"https:\/\/redeportivamx.com\/index.php\/author\/ivan-emeterio-araujo\/#author","url":"https:\/\/redeportivamx.com\/index.php\/author\/ivan-emeterio-araujo\/","name":"Ivan Emeterio Araujo","image":{"@type":"ImageObject","@id":"https:\/\/redeportivamx.com\/index.php\/2025\/04\/24\/cuidado-con-la-bomba-henry-martin-regresa-a-entrenar\/#authorImage","url":"https:\/\/secure.gravatar.com\/avatar\/fa60642a347d5468bebaa7a8b887fbc0636bcc6af75b03cecafc68c651d71b42?s=96&d=mm&r=g","width":96,"height":96,"caption":"Ivan Emeterio Araujo"}},{"@type":"WebPage","@id":"https:\/\/redeportivamx.com\/index.php\/2025\/04\/24\/cuidado-con-la-bomba-henry-martin-regresa-a-entrenar\/#webpage","url":"https:\/\/redeportivamx.com\/index.php\/2025\/04\/24\/cuidado-con-la-bomba-henry-martin-regresa-a-entrenar\/","name":"\u00a1Cuidado con \u2018La Bomba\u2019! Henry Mart\u00edn regresa a entrenar - Redeportiva MX","description":"El capit\u00e1n de las \u00c1guilas del Am\u00e9rica, Henry 'La Bomba' Mart\u00edn se reincorpor\u00f3 a los entrenamientos del Club Am\u00e9rica tras m\u00e1s de un mes fuera de acci\u00f3n por una tendinitis, misma que le provoc\u00f3 salir de cambio en el Cl\u00e1sico de M\u00e9xico cuando los azulcremas golearon 4-0 a los rojiblancos en la vuelta de los","inLanguage":"es-MX","isPartOf":{"@id":"https:\/\/redeportivamx.com\/#website"},"breadcrumb":{"@id":"https:\/\/redeportivamx.com\/index.php\/2025\/04\/24\/cuidado-con-la-bomba-henry-martin-regresa-a-entrenar\/#breadcrumblist"},"author":{"@id":"https:\/\/redeportivamx.com\/index.php\/author\/ivan-emeterio-araujo\/#author"},"creator":{"@id":"https:\/\/redeportivamx.com\/index.php\/author\/ivan-emeterio-araujo\/#author"},"image":{"@type":"ImageObject","url":"https:\/\/redeportivamx.com\/wp-content\/uploads\/2025\/04\/IMG_2417.jpeg","@id":"https:\/\/redeportivamx.com\/index.php\/2025\/04\/24\/cuidado-con-la-bomba-henry-martin-regresa-a-entrenar\/#mainImage","width":1536,"height":1152},"primaryImageOfPage":{"@id":"https:\/\/redeportivamx.com\/index.php\/2025\/04\/24\/cuidado-con-la-bomba-henry-martin-regresa-a-entrenar\/#mainImage"},"datePublished":"2025-04-24T08:47:06-06:00","dateModified":"2025-04-24T08:47:08-06:00"},{"@type":"WebSite","@id":"https:\/\/redeportivamx.com\/#website","url":"https:\/\/redeportivamx.com\/","name":"redeportivamx.com","description":"\u00a1Conectando tu pasi\u00f3n!","inLanguage":"es-MX","publisher":{"@id":"https:\/\/redeportivamx.com\/#organization"}}]},"og:locale":"es_MX","og:site_name":"Redeportiva MX - \u00a1Conectando tu pasi\u00f3n!","og:type":"sport","og:title":"\u00a1Cuidado con \u2018La Bomba\u2019! Henry Mart\u00edn regresa a entrenar - Redeportiva MX","og:description":"El capit\u00e1n de las \u00c1guilas del Am\u00e9rica, Henry 'La Bomba' Mart\u00edn se reincorpor\u00f3 a los entrenamientos del Club Am\u00e9rica tras m\u00e1s de un mes fuera de acci\u00f3n por una tendinitis, misma que le provoc\u00f3 salir de cambio en el Cl\u00e1sico de M\u00e9xico cuando los azulcremas golearon 4-0 a los rojiblancos en la vuelta de los","og:url":"https:\/\/redeportivamx.com\/index.php\/2025\/04\/24\/cuidado-con-la-bomba-henry-martin-regresa-a-entrenar\/","og:image":"https:\/\/redeportivamx.com\/wp-content\/uploads\/2025\/04\/IMG_2417.jpeg","og:image:secure_url":"https:\/\/redeportivamx.com\/wp-content\/uploads\/2025\/04\/IMG_2417.jpeg","og:image:width":1536,"og:image:height":1152,"twitter:card":"summary_large_image","twitter:site":"@Redeportivamx","twitter:title":"\u00a1Cuidado con \u2018La Bomba\u2019! Henry Mart\u00edn regresa a entrenar - Redeportiva MX","twitter:description":"El capit\u00e1n de las \u00c1guilas del Am\u00e9rica, Henry 'La Bomba' Mart\u00edn se reincorpor\u00f3 a los entrenamientos del Club Am\u00e9rica tras m\u00e1s de un mes fuera de acci\u00f3n por una tendinitis, misma que le provoc\u00f3 salir de cambio en el Cl\u00e1sico de M\u00e9xico cuando los azulcremas golearon 4-0 a los rojiblancos en la vuelta de los","twitter:creator":"@Redeportivamx","twitter:image":"https:\/\/redeportivamx.com\/wp-content\/uploads\/2025\/04\/IMG_2417.jpeg"},"aioseo_meta_data":{"post_id":"46080","title":null,"description":null,"keywords":null,"keyphrases":{"focus":{"keyphrase":"","score":0,"analysis":{"keyphraseInTitle":{"score":0,"maxScore":9,"error":1}}},"additional":[]},"primary_term":null,"canonical_url":null,"og_title":null,"og_description":null,"og_object_type":"default","og_image_type":"default","og_image_url":null,"og_image_width":null,"og_image_height":null,"og_image_custom_url":null,"og_image_custom_fields":null,"og_video":"","og_custom_url":null,"og_article_section":null,"og_article_tags":null,"twitter_use_og":false,"twitter_card":"default","twitter_image_type":"default","twitter_image_url":null,"twitter_image_custom_url":null,"twitter_image_custom_fields":null,"twitter_title":null,"twitter_description":null,"schema":{"blockGraphs":[],"customGraphs":[],"default":{"data":{"Article":[],"Course":[],"Dataset":[],"FAQPage":[],"Movie":[],"Person":[],"Product":[],"ProductReview":[],"Car":[],"Recipe":[],"Service":[],"SoftwareApplication":[],"WebPage":[]},"graphName":"BlogPosting","isEnabled":true},"graphs":[]},"schema_type":"default","schema_type_options":null,"pillar_content":false,"robots_default":true,"robots_noindex":false,"robots_noarchive":false,"robots_nosnippet":false,"robots_nofollow":false,"robots_noimageindex":false,"robots_noodp":false,"robots_notranslate":false,"robots_max_snippet":"-1","robots_max_videopreview":"-1","robots_max_imagepreview":"large","priority":null,"frequency":"default","local_seo":null,"breadcrumb_settings":null,"limit_modified_date":false,"ai":null,"created":"2025-04-24 08:47:08","updated":"2025-06-04 20:48:34","seo_analyzer_scan_date":null,"focus_keyword":null,"additional_keywords":null,"truseo_locale":null},"aioseo_breadcrumb":"<div class=\"aioseo-breadcrumbs\"><span class=\"aioseo-breadcrumb\">\n\t\t\t<a href=\"https:\/\/redeportivamx.com\" title=\"Home\">Home<\/a>\n\t\t<\/span><span class=\"aioseo-breadcrumb-separator\">&raquo;<\/span><span class=\"aioseo-breadcrumb\">\n\t\t\t<a href=\"https:\/\/redeportivamx.com\/index.php\/category\/liga-bbva-mx\/\" title=\"Liga BBVA MX\">Liga BBVA MX<\/a>\n\t\t<\/span><span class=\"aioseo-breadcrumb-separator\">&raquo;<\/span><span class=\"aioseo-breadcrumb\">\n\t\t\t\u00a1Cuidado con \u2018La Bomba\u2019! Henry Mart\u00edn regresa a entrenar\n\t\t<\/span><\/div>","aioseo_breadcrumb_json":[{"label":"Home","link":"https:\/\/redeportivamx.com"},{"label":"Liga BBVA MX","link":"https:\/\/redeportivamx.com\/index.php\/category\/liga-bbva-mx\/"},{"label":"\u00a1Cuidado con &#8216;La Bomba&#8217;! Henry Mart\u00edn regresa a entrenar","link":"https:\/\/redeportivamx.com\/index.php\/2025\/04\/24\/cuidado-con-la-bomba-henry-martin-regresa-a-entrenar\/"}],"jetpack_sharing_enabled":true,"jetpack_featured_media_url":"https:\/\/redeportivamx.com\/wp-content\/uploads\/2025\/04\/IMG_2417.jpeg","_links":{"self":[{"href":"https:\/\/redeportivamx.com\/index.php\/wp-json\/wp\/v2\/posts\/46080","targetHints":{"allow":["GET"]}}],"collection":[{"href":"https:\/\/redeportivamx.com\/index.php\/wp-json\/wp\/v2\/posts"}],"about":[{"href":"https:\/\/redeportivamx.com\/index.php\/wp-json\/wp\/v2\/types\/post"}],"author":[{"embeddable":true,"href":"https:\/\/redeportivamx.com\/index.php\/wp-json\/wp\/v2\/users\/13"}],"replies":[{"embeddable":true,"href":"https:\/\/redeportivamx.com\/index.php\/wp-json\/wp\/v2\/comments?post=46080"}],"version-history":[{"count":2,"href":"https:\/\/redeportivamx.com\/index.php\/wp-json\/wp\/v2\/posts\/46080\/revisions"}],"predecessor-version":[{"id":46083,"href":"https:\/\/redeportivamx.com\/index.php\/wp-json\/wp\/v2\/posts\/46080\/revisions\/46083"}],"wp:featuredmedia":[{"embeddable":true,"href":"https:\/\/redeportivamx.com\/index.php\/wp-json\/wp\/v2\/media\/46081"}],"wp:attachment":[{"href":"https:\/\/redeportivamx.com\/index.php\/wp-json\/wp\/v2\/media?parent=46080"}],"wp:term":[{"taxonomy":"category","embeddable":true,"href":"https:\/\/redeportivamx.com\/index.php\/wp-json\/wp\/v2\/categories?post=46080"},{"taxonomy":"post_tag","embeddable":true,"href":"https:\/\/redeportivamx.com\/index.php\/wp-json\/wp\/v2\/tags?post=46080"}],"curies":[{"name":"wp","href":"https:\/\/api.w.org\/{rel}","templated":true}]}}