{"id":45701,"date":"2025-03-22T02:17:56","date_gmt":"2025-03-22T02:17:56","guid":{"rendered":"https:\/\/redeportivamx.com\/?p=45701"},"modified":"2025-03-22T02:17:58","modified_gmt":"2025-03-22T02:17:58","slug":"televisa-te-paga-por-aparte-para-que-le-tires-a-chivas-jj-macias-a-alvaro-morales","status":"publish","type":"post","link":"https:\/\/redeportivamx.com\/index.php\/2025\/03\/22\/televisa-te-paga-por-aparte-para-que-le-tires-a-chivas-jj-macias-a-alvaro-morales\/","title":{"rendered":"&#8220;Televisa te paga por aparte para que le tires a Chivas&#8221;: JJ Mac\u00edas a \u00c1lvaro Morales"},"content":{"rendered":"\n<p>Jos\u00e9 Juan Mac\u00edas, exjugador de las <a href=\"https:\/\/redeportivamx.com\/index.php\/category\/liga-bbva-mx\/\" target=\"_blank\" rel=\"noopener\" title=\"\">Chivas de Guadalajara<\/a>, dio mucho de qu\u00e9 hablar tras una reciente <a href=\"https:\/\/x.com\/Gaspar_Sparco\/status\/1902795343651082320\" target=\"_blank\" rel=\"noopener\" title=\"\">entrevista con \u00c1lvaro Morales en ESPN. <\/a>En esta conversaci\u00f3n, que r\u00e1pidamente se volvi\u00f3 viral, Mac\u00edas hizo comentarios directos sobre las cr\u00edticas presuntamente orquestadas hacia los jugadores del Club Guadalajara, en las que se\u00f1al\u00f3 a Televisa como un actor clave detr\u00e1s de estos ataques.<\/p>\n\n\n\n<blockquote class=\"wp-block-quote is-layout-flow wp-block-quote-is-layout-flow\">\n<p>\u201cLo dijo el \u2018Pollo\u2019 (Brise\u00f1o) hace unos d\u00edas. Tiene que ver la televisora (Televisa), hay un complot para los jugadores de Chivas y reventarlos, eso se sabe. Yo creo que Televisa te paga por aparte para que les tires\u201d.<\/p>\n<cite><strong><mark class=\"has-inline-color has-vivid-red-color\">Jos\u00e9 Juan Mac\u00edas<\/mark><\/strong><\/cite><\/blockquote>\n\n\n\n<figure class=\"wp-block-embed is-type-rich is-provider-twitter wp-block-embed-twitter\"><div class=\"wp-block-embed__wrapper\">\nhttps:\/\/twitter.com\/Gaspar_Sparco\/status\/1902795343651082320\n<\/div><\/figure>\n\n\n\n<p>Mac\u00edas sugiri\u00f3 que existe un complot medi\u00e1tico financiado por Televisa para desacreditar al equipo de las Chivas y a sus jugadores. Sin embargo, Morales reafirm\u00f3 que Chivas ha sufrido varios problemas de indisciplina, tales como los de Alan Pulido, \u2018Chofis\u2019 L\u00f3pez y Alexis Vega.<\/p>\n\n\n\n<p>No obstante, Mac\u00edas defendi\u00f3 en\u00e9rgicamente a la instituci\u00f3n y excompa\u00f1eros, afirmando que los jugadores del Guadalajara trabajan arduamente para mantener su compromiso. calidad y profesionalidad dentro de la liga.<\/p>\n","protected":false},"excerpt":{"rendered":"<p>Jos\u00e9 Juan Mac\u00edas, exjugador de las Chivas de Guadalajara, dio mucho de qu\u00e9 hablar tras una reciente entrevista con \u00c1lvaro Morales en ESPN. En esta conversaci\u00f3n, que r\u00e1pidamente se volvi\u00f3 viral, Mac\u00edas hizo comentarios directos sobre las cr\u00edticas presuntamente orquestadas hacia los jugadores del Club Guadalajara, en las que se\u00f1al\u00f3 a Televisa como un actor [&hellip;]<\/p>\n","protected":false},"author":1,"featured_media":45702,"comment_status":"open","ping_status":"open","sticky":false,"template":"","format":"standard","meta":{"_monsterinsights_skip_tracking":false,"_monsterinsights_sitenote_active":false,"_monsterinsights_sitenote_note":"","_monsterinsights_sitenote_category":0,"_jetpack_memberships_contains_paid_content":false,"footnotes":""},"categories":[10],"tags":[125,20],"class_list":["post-45701","post","type-post","status-publish","format-standard","has-post-thumbnail","hentry","category-liga-bbva-mx","tag-chivas","tag-ligamx"],"aioseo_notices":[],"jetpack_featured_media_url":"https:\/\/redeportivamx.com\/wp-content\/uploads\/2025\/03\/image-17.png","jetpack_sharing_enabled":true,"_links":{"self":[{"href":"https:\/\/redeportivamx.com\/index.php\/wp-json\/wp\/v2\/posts\/45701","targetHints":{"allow":["GET"]}}],"collection":[{"href":"https:\/\/redeportivamx.com\/index.php\/wp-json\/wp\/v2\/posts"}],"about":[{"href":"https:\/\/redeportivamx.com\/index.php\/wp-json\/wp\/v2\/types\/post"}],"author":[{"embeddable":true,"href":"https:\/\/redeportivamx.com\/index.php\/wp-json\/wp\/v2\/users\/1"}],"replies":[{"embeddable":true,"href":"https:\/\/redeportivamx.com\/index.php\/wp-json\/wp\/v2\/comments?post=45701"}],"version-history":[{"count":1,"href":"https:\/\/redeportivamx.com\/index.php\/wp-json\/wp\/v2\/posts\/45701\/revisions"}],"predecessor-version":[{"id":45703,"href":"https:\/\/redeportivamx.com\/index.php\/wp-json\/wp\/v2\/posts\/45701\/revisions\/45703"}],"wp:featuredmedia":[{"embeddable":true,"href":"https:\/\/redeportivamx.com\/index.php\/wp-json\/wp\/v2\/media\/45702"}],"wp:attachment":[{"href":"https:\/\/redeportivamx.com\/index.php\/wp-json\/wp\/v2\/media?parent=45701"}],"wp:term":[{"taxonomy":"category","embeddable":true,"href":"https:\/\/redeportivamx.com\/index.php\/wp-json\/wp\/v2\/categories?post=45701"},{"taxonomy":"post_tag","embeddable":true,"href":"https:\/\/redeportivamx.com\/index.php\/wp-json\/wp\/v2\/tags?post=45701"}],"curies":[{"name":"wp","href":"https:\/\/api.w.org\/{rel}","templated":true}]}}