{"id":44889,"date":"2025-02-04T23:44:03","date_gmt":"2025-02-04T23:44:03","guid":{"rendered":"https:\/\/redeportivamx.com\/?p=44889"},"modified":"2025-02-04T23:44:40","modified_gmt":"2025-02-04T23:44:40","slug":"chaco-gimenez-revelo-problema-en-el-traspaso-de-santi-gimenez-al-milan","status":"publish","type":"post","link":"https:\/\/redeportivamx.com\/index.php\/2025\/02\/04\/chaco-gimenez-revelo-problema-en-el-traspaso-de-santi-gimenez-al-milan\/","title":{"rendered":"Chaco Gim\u00e9nez revel\u00f3 problema en el traspaso de Santi Gim\u00e9nez al Milan"},"content":{"rendered":"\n<p>La noticia del traspaso de Santiago Gim\u00e9nez ha retumbado demasiado en estos primeros d\u00edas de febrero donde su llegada al Milan de la Serie A se ha convertido en el tema de pl\u00e1tica para todos los medios deportivos que anteriormente siguieron su camino en Feyenoord en los \u00faltimos tres a\u00f1os que el canterano de Cruz Azul estuvo en los Pa\u00edses Bajos.<\/p>\n\n\n\n<p>Sin embargo la llegada de Santi al cuadro &#8220;Rossonero&#8221; no fue nada f\u00e1cil en palabras de sus padre, el exfutbolista Christian &#8220;Chaco&#8221; Gim\u00e9nez, en pl\u00e1tica con David Faitelson para el programa Faitelson Sin Censura de la cadena TUDN, habl\u00f3 sobre c\u00f3mo fue el traspaso de su hijo en los \u00faltimos d\u00edas del mercado de invierno en Europa.<\/p>\n\n\n\n<blockquote class=\"wp-block-quote is-layout-flow wp-block-quote-is-layout-flow\">\n<p>&#8220;Nosotros ya ven\u00edamos hablando, ya llev\u00e1bamos un tiempito, en el mercado anterior apareci\u00f3 Mil\u00e1n en el \u00faltimo d\u00eda y no se pudo dar, ya ven\u00edamos en pl\u00e1ticas con Milan, ya ven\u00eda con un seguimiento a Santiago. Yo le iba comentando, no le comentaba mucho, dejaba que pasaran los d\u00edas para no preocuparlo, ten\u00eda un partido de Champions tambi\u00e9n, \u00e9l est\u00e1 inmerso y no quer\u00eda que su cabeza se diera vueltas&#8221;.<\/p>\n<\/blockquote>\n\n\n\n<p>El &#8220;Chaco&#8221; tambi\u00e9n coment\u00f3 la peque\u00f1a dificultad que se vivi\u00f3 en la concretaci\u00f3n del fichaje de Santi por parte del cuadro italiano, recalcando que sus \u00faltimos d\u00edas en Rotterdam se ver\u00edan complicados incluso por el sorteo de la UEFA Champions League que justamente emparejo a ambos clubes en la ronda de Playoffs.<\/p>\n\n\n\n<blockquote class=\"wp-block-quote is-layout-flow wp-block-quote-is-layout-flow\">\n<p>&#8220;El viernes fue dif\u00edcil porque tambi\u00e9n entiendo a Feyenoord de que, a mitad de temporada, justo jugando la Champions y encima en el sorteo sale el Milan, entonces no era f\u00e1cil.<\/p>\n\n\n\n<p>Pens\u00e9 que en alg\u00fan momento pod\u00eda pasar algo diferente, pero Santi quer\u00eda dar el siguiente paso, el club se comport\u00f3 de una manera extraordinaria, agradeciendo todo lo que les ha dado Santiago, m\u00e1s all\u00e1 de que el que lo llev\u00f3 a Europa fue Feyenoord, tambi\u00e9n agradecen el comportamiento de Santiago, c\u00f3mo creci\u00f3, lo que le ha dado a la instituci\u00f3n y todo eso me llena de orgullo porque al final eso es lo que queda\u201d.<\/p>\n<\/blockquote>\n","protected":false},"excerpt":{"rendered":"<p>La noticia del traspaso de Santiago Gim\u00e9nez ha retumbado demasiado en estos primeros d\u00edas de febrero donde su llegada al Milan de la Serie A se ha convertido en el tema de pl\u00e1tica para todos los medios deportivos que anteriormente siguieron su camino en Feyenoord en los \u00faltimos tres a\u00f1os que el canterano de Cruz [&hellip;]<\/p>\n","protected":false},"author":21,"featured_media":44890,"comment_status":"open","ping_status":"open","sticky":false,"template":"","format":"standard","meta":{"_monsterinsights_skip_tracking":false,"_monsterinsights_sitenote_active":false,"_monsterinsights_sitenote_note":"","_monsterinsights_sitenote_category":0,"_jetpack_memberships_contains_paid_content":false,"footnotes":""},"categories":[12],"tags":[477,132,296,298],"class_list":["post-44889","post","type-post","status-publish","format-standard","has-post-thumbnail","hentry","category-futbol-internacional","tag-ac-milan","tag-cruz-azul","tag-feyenoord","tag-santi-gimenez"],"aioseo_notices":[],"jetpack_featured_media_url":"https:\/\/redeportivamx.com\/wp-content\/uploads\/2025\/02\/chaco.jpg","jetpack_sharing_enabled":true,"_links":{"self":[{"href":"https:\/\/redeportivamx.com\/index.php\/wp-json\/wp\/v2\/posts\/44889","targetHints":{"allow":["GET"]}}],"collection":[{"href":"https:\/\/redeportivamx.com\/index.php\/wp-json\/wp\/v2\/posts"}],"about":[{"href":"https:\/\/redeportivamx.com\/index.php\/wp-json\/wp\/v2\/types\/post"}],"author":[{"embeddable":true,"href":"https:\/\/redeportivamx.com\/index.php\/wp-json\/wp\/v2\/users\/21"}],"replies":[{"embeddable":true,"href":"https:\/\/redeportivamx.com\/index.php\/wp-json\/wp\/v2\/comments?post=44889"}],"version-history":[{"count":2,"href":"https:\/\/redeportivamx.com\/index.php\/wp-json\/wp\/v2\/posts\/44889\/revisions"}],"predecessor-version":[{"id":44892,"href":"https:\/\/redeportivamx.com\/index.php\/wp-json\/wp\/v2\/posts\/44889\/revisions\/44892"}],"wp:featuredmedia":[{"embeddable":true,"href":"https:\/\/redeportivamx.com\/index.php\/wp-json\/wp\/v2\/media\/44890"}],"wp:attachment":[{"href":"https:\/\/redeportivamx.com\/index.php\/wp-json\/wp\/v2\/media?parent=44889"}],"wp:term":[{"taxonomy":"category","embeddable":true,"href":"https:\/\/redeportivamx.com\/index.php\/wp-json\/wp\/v2\/categories?post=44889"},{"taxonomy":"post_tag","embeddable":true,"href":"https:\/\/redeportivamx.com\/index.php\/wp-json\/wp\/v2\/tags?post=44889"}],"curies":[{"name":"wp","href":"https:\/\/api.w.org\/{rel}","templated":true}]}}